{"id":6144,"date":"2020-11-18T17:06:03","date_gmt":"2020-11-18T16:06:03","guid":{"rendered":"https:\/\/news.save.ch\/?p=6144"},"modified":"2023-03-14T09:02:15","modified_gmt":"2023-03-14T08:02:15","slug":"antibiotikaresistenzen-was-sagt-der-neue-bericht","status":null,"type":"post","link":"https:\/\/news.save.ch\/en\/antibiotikaresistenzen-was-sagt-der-neue-bericht\/","title":{"rendered":"Antibiotic resistance: What's in the new report?"},"content":{"rendered":"<figure id=\"attachment_6145\" aria-describedby=\"caption-attachment-6145\" style=\"width: 680px\" class=\"wp-caption aligncenter\"><img loading=\"lazy\" decoding=\"async\" class=\"size-medium wp-image-6145\" src=\"http:\/\/develop.safety-plus.ch\/wp-content\/uploads\/2020\/11\/Depositphotos_153524912_s-2019.jpg\" alt=\"\" width=\"680\" height=\"454\" srcset=\"https:\/\/news.save.ch\/wp-content\/uploads\/2020\/11\/Depositphotos_153524912_s-2019.jpg 1000w, https:\/\/news.save.ch\/wp-content\/uploads\/2020\/11\/Depositphotos_153524912_s-2019-680x454.jpg 680w, https:\/\/news.save.ch\/wp-content\/uploads\/2020\/11\/Depositphotos_153524912_s-2019-768x512.jpg 768w, https:\/\/news.save.ch\/wp-content\/uploads\/2020\/11\/Depositphotos_153524912_s-2019-18x12.jpg 18w, https:\/\/news.save.ch\/wp-content\/uploads\/2020\/11\/Depositphotos_153524912_s-2019-375x250.jpg 375w, https:\/\/news.save.ch\/wp-content\/uploads\/2020\/11\/Depositphotos_153524912_s-2019-525x350.jpg 525w\" sizes=\"auto, (max-width: 680px) 100vw, 680px\" \/><figcaption id=\"caption-attachment-6145\" class=\"wp-caption-text\">\u00a9 depositphotos, katerynakon<\/figcaption><\/figure>\n<p>&nbsp;<\/p>\n<p style=\"background: white; margin: 0cm 0cm 16.3pt 0cm;\"><span style=\"font-size: 11.5pt; font-family: 'Helvetica',sans-serif; color: #454545;\">Antibiotics must be used selectively and as little as possible. The excessive or inappropriate use of antibiotics can contribute to the development of resistance in bacteria. The number of infections with resistant bacteria is increasing worldwide - also in Switzerland. Such infections can be treated with antibiotics only with difficulty or sometimes not at all.<\/span><\/p>\n<p style=\"background: white; box-sizing: border-box; margin: 0cm 0cm 16.3pt 0cm;\"><b style=\"box-sizing: border-box;\"><span style=\"font-size: 11.5pt; font-family: 'Helvetica',sans-serif; color: #454545;\">New report on antibiotic consumption and antibiotic resistance in Switzerland<\/span><\/b><\/p>\n<p style=\"background: white; box-sizing: border-box; margin: 0cm 0cm 16.3pt 0cm;\"><span style=\"font-size: 11.5pt; font-family: 'Helvetica',sans-serif; color: #454545;\">In order to assess the impact of measures taken, it is necessary to monitor antibiotic consumption and antibiotic resistance in humans and animals. Every two years, the Federal Office of Public Health (FOPH) and the Federal Food Safety and Veterinary Office (FSVO) publish a comprehensive report on this subject. <a href=\"https:\/\/www.newsd.admin.ch\/newsd\/message\/attachments\/63834.pdf\">\"Swiss Antibiotic Resistance Report\"<\/a>, out.<\/span><\/p>\n<p style=\"background: white; box-sizing: border-box; margin: 0cm 0cm 16.3pt 0cm;\"><span style=\"font-size: 11.5pt; font-family: 'Helvetica',sans-serif; color: #454545;\">The current report shows: Antibiotic use in human medicine remains about the same as in previous years. Almost 90 percent of antibiotics were used in the outpatient setting. In veterinary medicine, antibiotic consumption continues to decline.<\/span><\/p>\n<p style=\"background: white; box-sizing: border-box; margin: 0cm 0cm 16.3pt 0cm;\"><span style=\"font-size: 11.5pt; font-family: 'Helvetica',sans-serif; color: #454545;\">Resistance data collected in humans since 2004 and in animals since 2006 show different trends: Antibiotic resistance has increased significantly in some bacteria, while it has remained stable or decreased in others.<\/span><\/p>\n<p style=\"background: white; box-sizing: border-box; margin: 0cm 0cm 16.3pt 0cm;\"><b style=\"box-sizing: border-box;\"><span style=\"font-size: 11.5pt; font-family: 'Helvetica',sans-serif; color: #454545;\">Swiss population surveyed about antibiotic resistance<\/span><\/b><\/p>\n<p style=\"background: white; box-sizing: border-box; margin: 0cm 0cm 16.3pt 0cm;\"><span style=\"font-size: 11.5pt; font-family: 'Helvetica',sans-serif; color: #454545;\">Like a <a href=\"https:\/\/www.newsd.admin.ch\/newsd\/message\/attachments\/63835.pdf\">current study<\/a> by Demoscope on behalf of the Federal Office of Public Health shows that around one third of the population believes that antibiotics destroy viruses. However, antibiotics have no effect against viruses, they can only fight bacteria. Educational work is therefore still important in the fight against antibiotic resistance. Compared with the 2016 survey, the level of knowledge has increased slightly. This shows that women and people aged 40 and over are better informed about antibiotics than men and the younger respondents. A clear majority of all respondents know that taking antibiotics unnecessarily reduces their effectiveness (86 percent).<\/span><\/p>\n<p style=\"background: white; box-sizing: border-box; margin: 0cm 0cm 16.3pt 0cm;\"><b style=\"box-sizing: border-box;\"><span style=\"font-size: 11.5pt; font-family: 'Helvetica',sans-serif; color: #454545;\">Measures against the spread of resistance<\/span><\/b><\/p>\n<p style=\"background: white; box-sizing: border-box; margin: 0cm 0cm 16.3pt 0cm;\"><span style=\"font-size: 11.5pt; font-family: 'Helvetica',sans-serif; color: #454545;\">Resistant bacteria can be introduced and spread in many places. Various tools have been developed to reduce this risk:<\/span><\/p>\n<ul>\n<li style=\"background: white; box-sizing: border-box;\"><span style=\"font-size: 11.5pt; font-family: 'Helvetica',sans-serif; color: #454545;\">Biosecurity measures reduce the risk of introducing and spreading diseases. On the platform www.gesunde-nutztiere.ch, farmers can further educate themselves and check the biosecurity of their farm via an online questionnaire. With targeted biosecurity measures, they can prevent diseases and reduce antibiotic consumption. The platform was developed by the Vetsuisse Faculty Zurich together with the Cattle and Pig Health Service (SGD, RGD) on behalf of the BLV.<\/span><\/li>\n<li style=\"background: white; box-sizing: border-box;\"><span style=\"font-size: 11.5pt; font-family: 'Helvetica',sans-serif; color: #454545;\">Resistant bacteria can also be transmitted in healthcare facilities such as veterinary practices. To reduce this risk, the Vetsuisse Faculty Zurich, together with other experts, has published a hygiene manual. It contains many practical recommendations and sound background knowledge for veterinarians to prevent infections of humans and animals in veterinary practices.\u00a0<\/span><\/li>\n<li style=\"background: white; box-sizing: border-box;\"><span style=\"font-size: 11.5pt; font-family: 'Helvetica',sans-serif; color: #454545;\">In the agricultural sector, the project \"Healthy hooves - the foundation for the future\" was launched. Hoof diseases are usually painful, and lame animals have difficulty getting up and lying down. The risk of teat injuries and udder infections increases. Staff of the Vetsuisse Faculty Bern and the Cattle Health Service (RGD) advise affected farms on therapy and prevention on request. One of the aims is to reduce the use of antibiotics in the long term.<\/span><\/li>\n<\/ul>\n<p style=\"background: white; margin: 0cm 0cm 16.3pt 0cm;\"><em><span style=\"font-size: 11.5pt; font-family: 'Helvetica',sans-serif; color: #454545;\">Source: Confederation<\/span><\/em><\/p>","protected":false},"excerpt":{"rendered":"<p>&nbsp; Antibiotika m\u00fcssen gezielt und so wenig wie m\u00f6glich eingesetzt werden. Der \u00fcberm\u00e4ssige oder unsachgem\u00e4sse Einsatz von Antibiotika kann bei Bakterien zur Entstehung von Resistenzen beitragen. Die Zahl von Infektionen mit resistenten Bakterien nimmt weltweit zu \u2013 auch in der Schweiz. Solche Infektionen k\u00f6nnen mit Antibiotika nur noch schwer oder manchmal gar nicht mehr behandelt [&hellip;]<\/p>\n","protected":false},"author":1,"featured_media":6145,"comment_status":"closed","ping_status":"closed","sticky":false,"template":"","format":"standard","meta":{"_acf_changed":false,"pgc_sgb_lightbox_settings":"","footnotes":""},"categories":[3314],"tags":[1640,700],"class_list":["post-6144","post","type-post","status-publish","format-standard","has-post-thumbnail","hentry","category-health-safety","tag-antibiotikaresistenzen","tag-bag"],"acf":[],"hkrextid":null,"publication":null,"issue":null,"workflow":null,"startPage":null,"spitzmarke":null,"_posts_by_tag_page_fields":{"widget_title":"","widget_tags":""},"_at_widget":"1","_yoast_wpseo_primary_category":"4","_yoast_wpseo_focuskw_text_input":"Antibiotikaresistenzen","_yoast_wpseo_opengraph-image":null,"_yoast_wpseo_opengraph-description":null,"_yoast_wpseo_opengraph-title":null,"enclosure":null,"_yoast_wpseo_twitter-title":null,"_yoast_wpseo_twitter-description":null,"_yoast_wpseo_twitter-image":null,"_wp_old_slug":null,"_yoast_wpseo_title":null,"_yoast_wpseo_canonical":null,"yoast_head":"<!-- This site is optimized with the Yoast SEO plugin v27.5 - https:\/\/yoast.com\/product\/yoast-seo-wordpress\/ -->\n<title>Antibiotikaresistenzen: Was steht im neuen Bericht? - Save<\/title>\n<meta name=\"description\" content=\"Der neue Bericht zu Antibiotikaresistenzen zeigt Zahlen zu Verbrauch und Resistenzen von Antibiotika bei Mensch und Tier in der Schweiz.\" \/>\n<meta name=\"robots\" content=\"index, follow, max-snippet:-1, max-image-preview:large, max-video-preview:-1\" \/>\n<link rel=\"canonical\" href=\"https:\/\/news.save.ch\/en\/antibiotikaresistenzen-was-sagt-der-neue-bericht\/\" \/>\n<meta property=\"og:locale\" content=\"en_US\" \/>\n<meta property=\"og:type\" content=\"article\" \/>\n<meta property=\"og:title\" content=\"Antibiotikaresistenzen: Was steht im neuen Bericht? - Save\" \/>\n<meta property=\"og:description\" content=\"Der neue Bericht zu Antibiotikaresistenzen zeigt Zahlen zu Verbrauch und Resistenzen von Antibiotika bei Mensch und Tier in der Schweiz.\" \/>\n<meta property=\"og:url\" content=\"https:\/\/news.save.ch\/en\/antibiotikaresistenzen-was-sagt-der-neue-bericht\/\" \/>\n<meta property=\"og:site_name\" content=\"Save\" \/>\n<meta property=\"article:published_time\" content=\"2020-11-18T16:06:03+00:00\" \/>\n<meta property=\"article:modified_time\" content=\"2023-03-14T08:02:15+00:00\" \/>\n<meta property=\"og:image\" content=\"https:\/\/news.save.ch\/wp-content\/uploads\/2020\/11\/Depositphotos_153524912_s-2019.jpg\" \/>\n\t<meta property=\"og:image:width\" content=\"1000\" \/>\n\t<meta property=\"og:image:height\" content=\"667\" \/>\n\t<meta property=\"og:image:type\" content=\"image\/jpeg\" \/>\n<meta name=\"author\" content=\"admin\" \/>\n<meta name=\"twitter:card\" content=\"summary_large_image\" \/>\n<meta name=\"twitter:label1\" content=\"Written by\" \/>\n\t<meta name=\"twitter:data1\" content=\"admin\" \/>\n\t<meta name=\"twitter:label2\" content=\"Est. reading time\" \/>\n\t<meta name=\"twitter:data2\" content=\"3 minutes\" \/>\n<script type=\"application\/ld+json\" class=\"yoast-schema-graph\">{\"@context\":\"https:\\\/\\\/schema.org\",\"@graph\":[{\"@type\":\"Article\",\"@id\":\"https:\\\/\\\/news.save.ch\\\/antibiotikaresistenzen-was-sagt-der-neue-bericht\\\/#article\",\"isPartOf\":{\"@id\":\"https:\\\/\\\/news.save.ch\\\/antibiotikaresistenzen-was-sagt-der-neue-bericht\\\/\"},\"author\":{\"name\":\"admin\",\"@id\":\"https:\\\/\\\/news.save.ch\\\/de\\\/#\\\/schema\\\/person\\\/d49e199490bad7c70d64b9ab51142f2b\"},\"headline\":\"Antibiotikaresistenzen: Was steht im neuen Bericht?\",\"datePublished\":\"2020-11-18T16:06:03+00:00\",\"dateModified\":\"2023-03-14T08:02:15+00:00\",\"mainEntityOfPage\":{\"@id\":\"https:\\\/\\\/news.save.ch\\\/antibiotikaresistenzen-was-sagt-der-neue-bericht\\\/\"},\"wordCount\":528,\"publisher\":{\"@id\":\"https:\\\/\\\/news.save.ch\\\/de\\\/#organization\"},\"image\":{\"@id\":\"https:\\\/\\\/news.save.ch\\\/antibiotikaresistenzen-was-sagt-der-neue-bericht\\\/#primaryimage\"},\"thumbnailUrl\":\"https:\\\/\\\/news.save.ch\\\/wp-content\\\/uploads\\\/2020\\\/11\\\/Depositphotos_153524912_s-2019.jpg\",\"keywords\":[\"Antibiotikaresistenzen\",\"BAG\"],\"articleSection\":[\"HEALTH &amp; SAFETY\"],\"inLanguage\":\"en-US\"},{\"@type\":\"WebPage\",\"@id\":\"https:\\\/\\\/news.save.ch\\\/antibiotikaresistenzen-was-sagt-der-neue-bericht\\\/\",\"url\":\"https:\\\/\\\/news.save.ch\\\/antibiotikaresistenzen-was-sagt-der-neue-bericht\\\/\",\"name\":\"Antibiotikaresistenzen: Was steht im neuen Bericht? - Save\",\"isPartOf\":{\"@id\":\"https:\\\/\\\/news.save.ch\\\/de\\\/#website\"},\"primaryImageOfPage\":{\"@id\":\"https:\\\/\\\/news.save.ch\\\/antibiotikaresistenzen-was-sagt-der-neue-bericht\\\/#primaryimage\"},\"image\":{\"@id\":\"https:\\\/\\\/news.save.ch\\\/antibiotikaresistenzen-was-sagt-der-neue-bericht\\\/#primaryimage\"},\"thumbnailUrl\":\"https:\\\/\\\/news.save.ch\\\/wp-content\\\/uploads\\\/2020\\\/11\\\/Depositphotos_153524912_s-2019.jpg\",\"datePublished\":\"2020-11-18T16:06:03+00:00\",\"dateModified\":\"2023-03-14T08:02:15+00:00\",\"description\":\"Der neue Bericht zu Antibiotikaresistenzen zeigt Zahlen zu Verbrauch und Resistenzen von Antibiotika bei Mensch und Tier in der Schweiz.\",\"breadcrumb\":{\"@id\":\"https:\\\/\\\/news.save.ch\\\/antibiotikaresistenzen-was-sagt-der-neue-bericht\\\/#breadcrumb\"},\"inLanguage\":\"en-US\",\"potentialAction\":[{\"@type\":\"ReadAction\",\"target\":[\"https:\\\/\\\/news.save.ch\\\/antibiotikaresistenzen-was-sagt-der-neue-bericht\\\/\"]}]},{\"@type\":\"ImageObject\",\"inLanguage\":\"en-US\",\"@id\":\"https:\\\/\\\/news.save.ch\\\/antibiotikaresistenzen-was-sagt-der-neue-bericht\\\/#primaryimage\",\"url\":\"https:\\\/\\\/news.save.ch\\\/wp-content\\\/uploads\\\/2020\\\/11\\\/Depositphotos_153524912_s-2019.jpg\",\"contentUrl\":\"https:\\\/\\\/news.save.ch\\\/wp-content\\\/uploads\\\/2020\\\/11\\\/Depositphotos_153524912_s-2019.jpg\",\"width\":1000,\"height\":667,\"caption\":\"\u00a9 depositphotos, katerynakon\"},{\"@type\":\"BreadcrumbList\",\"@id\":\"https:\\\/\\\/news.save.ch\\\/antibiotikaresistenzen-was-sagt-der-neue-bericht\\\/#breadcrumb\",\"itemListElement\":[{\"@type\":\"ListItem\",\"position\":1,\"name\":\"Home\",\"item\":\"https:\\\/\\\/news.save.ch\\\/de\\\/\"},{\"@type\":\"ListItem\",\"position\":2,\"name\":\"Antibiotikaresistenzen: Was steht im neuen Bericht?\"}]},{\"@type\":\"WebSite\",\"@id\":\"https:\\\/\\\/news.save.ch\\\/de\\\/#website\",\"url\":\"https:\\\/\\\/news.save.ch\\\/de\\\/\",\"name\":\"Save\",\"description\":\"Schweizer Fachzeitschrift f\u00fcr Sicherheit\",\"publisher\":{\"@id\":\"https:\\\/\\\/news.save.ch\\\/de\\\/#organization\"},\"potentialAction\":[{\"@type\":\"SearchAction\",\"target\":{\"@type\":\"EntryPoint\",\"urlTemplate\":\"https:\\\/\\\/news.save.ch\\\/de\\\/?s={search_term_string}\"},\"query-input\":{\"@type\":\"PropertyValueSpecification\",\"valueRequired\":true,\"valueName\":\"search_term_string\"}}],\"inLanguage\":\"en-US\"},{\"@type\":\"Organization\",\"@id\":\"https:\\\/\\\/news.save.ch\\\/de\\\/#organization\",\"name\":\"Sicherheitsforum\",\"url\":\"https:\\\/\\\/news.save.ch\\\/de\\\/\",\"logo\":{\"@type\":\"ImageObject\",\"inLanguage\":\"en-US\",\"@id\":\"https:\\\/\\\/news.save.ch\\\/de\\\/#\\\/schema\\\/logo\\\/image\\\/\",\"url\":\"https:\\\/\\\/news.save.ch\\\/wp-content\\\/uploads\\\/2022\\\/06\\\/Logo_SF_2012.png\",\"contentUrl\":\"https:\\\/\\\/news.save.ch\\\/wp-content\\\/uploads\\\/2022\\\/06\\\/Logo_SF_2012.png\",\"width\":1100,\"height\":91,\"caption\":\"Sicherheitsforum\"},\"image\":{\"@id\":\"https:\\\/\\\/news.save.ch\\\/de\\\/#\\\/schema\\\/logo\\\/image\\\/\"}},{\"@type\":\"Person\",\"@id\":\"https:\\\/\\\/news.save.ch\\\/de\\\/#\\\/schema\\\/person\\\/d49e199490bad7c70d64b9ab51142f2b\",\"name\":\"admin\",\"image\":{\"@type\":\"ImageObject\",\"inLanguage\":\"en-US\",\"@id\":\"https:\\\/\\\/secure.gravatar.com\\\/avatar\\\/ae2f4d718e6c49043e314ce431e7e645d646302a24a5ef5a8bc8e3f5a032e319?s=96&d=mm&r=g\",\"url\":\"https:\\\/\\\/secure.gravatar.com\\\/avatar\\\/ae2f4d718e6c49043e314ce431e7e645d646302a24a5ef5a8bc8e3f5a032e319?s=96&d=mm&r=g\",\"contentUrl\":\"https:\\\/\\\/secure.gravatar.com\\\/avatar\\\/ae2f4d718e6c49043e314ce431e7e645d646302a24a5ef5a8bc8e3f5a032e319?s=96&d=mm&r=g\",\"caption\":\"admin\"},\"sameAs\":[\"https:\\\/\\\/develop.organisator.galledia.ch\"],\"url\":\"https:\\\/\\\/news.save.ch\\\/en\\\/author\\\/admin\\\/\"}]}<\/script>\n<!-- \/ Yoast SEO plugin. -->","yoast_head_json":{"title":"Antibiotic resistance: What's in the new report? - Save","description":"The new report on antibiotic resistance shows figures on consumption and resistance of antibiotics in humans and animals in Switzerland.","robots":{"index":"index","follow":"follow","max-snippet":"max-snippet:-1","max-image-preview":"max-image-preview:large","max-video-preview":"max-video-preview:-1"},"canonical":"https:\/\/news.save.ch\/en\/antibiotikaresistenzen-was-sagt-der-neue-bericht\/","og_locale":"en_US","og_type":"article","og_title":"Antibiotikaresistenzen: Was steht im neuen Bericht? - Save","og_description":"Der neue Bericht zu Antibiotikaresistenzen zeigt Zahlen zu Verbrauch und Resistenzen von Antibiotika bei Mensch und Tier in der Schweiz.","og_url":"https:\/\/news.save.ch\/en\/antibiotikaresistenzen-was-sagt-der-neue-bericht\/","og_site_name":"Save","article_published_time":"2020-11-18T16:06:03+00:00","article_modified_time":"2023-03-14T08:02:15+00:00","og_image":[{"width":1000,"height":667,"url":"https:\/\/news.save.ch\/wp-content\/uploads\/2020\/11\/Depositphotos_153524912_s-2019.jpg","type":"image\/jpeg"}],"author":"admin","twitter_card":"summary_large_image","twitter_misc":{"Written by":"admin","Est. reading time":"3 minutes"},"schema":{"@context":"https:\/\/schema.org","@graph":[{"@type":"Article","@id":"https:\/\/news.save.ch\/antibiotikaresistenzen-was-sagt-der-neue-bericht\/#article","isPartOf":{"@id":"https:\/\/news.save.ch\/antibiotikaresistenzen-was-sagt-der-neue-bericht\/"},"author":{"name":"admin","@id":"https:\/\/news.save.ch\/de\/#\/schema\/person\/d49e199490bad7c70d64b9ab51142f2b"},"headline":"Antibiotikaresistenzen: Was steht im neuen Bericht?","datePublished":"2020-11-18T16:06:03+00:00","dateModified":"2023-03-14T08:02:15+00:00","mainEntityOfPage":{"@id":"https:\/\/news.save.ch\/antibiotikaresistenzen-was-sagt-der-neue-bericht\/"},"wordCount":528,"publisher":{"@id":"https:\/\/news.save.ch\/de\/#organization"},"image":{"@id":"https:\/\/news.save.ch\/antibiotikaresistenzen-was-sagt-der-neue-bericht\/#primaryimage"},"thumbnailUrl":"https:\/\/news.save.ch\/wp-content\/uploads\/2020\/11\/Depositphotos_153524912_s-2019.jpg","keywords":["Antibiotikaresistenzen","BAG"],"articleSection":["HEALTH &amp; SAFETY"],"inLanguage":"en-US"},{"@type":"WebPage","@id":"https:\/\/news.save.ch\/antibiotikaresistenzen-was-sagt-der-neue-bericht\/","url":"https:\/\/news.save.ch\/antibiotikaresistenzen-was-sagt-der-neue-bericht\/","name":"Antibiotic resistance: What's in the new report? - Save","isPartOf":{"@id":"https:\/\/news.save.ch\/de\/#website"},"primaryImageOfPage":{"@id":"https:\/\/news.save.ch\/antibiotikaresistenzen-was-sagt-der-neue-bericht\/#primaryimage"},"image":{"@id":"https:\/\/news.save.ch\/antibiotikaresistenzen-was-sagt-der-neue-bericht\/#primaryimage"},"thumbnailUrl":"https:\/\/news.save.ch\/wp-content\/uploads\/2020\/11\/Depositphotos_153524912_s-2019.jpg","datePublished":"2020-11-18T16:06:03+00:00","dateModified":"2023-03-14T08:02:15+00:00","description":"The new report on antibiotic resistance shows figures on consumption and resistance of antibiotics in humans and animals in Switzerland.","breadcrumb":{"@id":"https:\/\/news.save.ch\/antibiotikaresistenzen-was-sagt-der-neue-bericht\/#breadcrumb"},"inLanguage":"en-US","potentialAction":[{"@type":"ReadAction","target":["https:\/\/news.save.ch\/antibiotikaresistenzen-was-sagt-der-neue-bericht\/"]}]},{"@type":"ImageObject","inLanguage":"en-US","@id":"https:\/\/news.save.ch\/antibiotikaresistenzen-was-sagt-der-neue-bericht\/#primaryimage","url":"https:\/\/news.save.ch\/wp-content\/uploads\/2020\/11\/Depositphotos_153524912_s-2019.jpg","contentUrl":"https:\/\/news.save.ch\/wp-content\/uploads\/2020\/11\/Depositphotos_153524912_s-2019.jpg","width":1000,"height":667,"caption":"\u00a9 depositphotos, katerynakon"},{"@type":"BreadcrumbList","@id":"https:\/\/news.save.ch\/antibiotikaresistenzen-was-sagt-der-neue-bericht\/#breadcrumb","itemListElement":[{"@type":"ListItem","position":1,"name":"Home","item":"https:\/\/news.save.ch\/de\/"},{"@type":"ListItem","position":2,"name":"Antibiotikaresistenzen: Was steht im neuen Bericht?"}]},{"@type":"WebSite","@id":"https:\/\/news.save.ch\/de\/#website","url":"https:\/\/news.save.ch\/de\/","name":"Save","description":"Swiss trade journal for safety","publisher":{"@id":"https:\/\/news.save.ch\/de\/#organization"},"potentialAction":[{"@type":"SearchAction","target":{"@type":"EntryPoint","urlTemplate":"https:\/\/news.save.ch\/de\/?s={search_term_string}"},"query-input":{"@type":"PropertyValueSpecification","valueRequired":true,"valueName":"search_term_string"}}],"inLanguage":"en-US"},{"@type":"Organization","@id":"https:\/\/news.save.ch\/de\/#organization","name":"Security Forum","url":"https:\/\/news.save.ch\/de\/","logo":{"@type":"ImageObject","inLanguage":"en-US","@id":"https:\/\/news.save.ch\/de\/#\/schema\/logo\/image\/","url":"https:\/\/news.save.ch\/wp-content\/uploads\/2022\/06\/Logo_SF_2012.png","contentUrl":"https:\/\/news.save.ch\/wp-content\/uploads\/2022\/06\/Logo_SF_2012.png","width":1100,"height":91,"caption":"Sicherheitsforum"},"image":{"@id":"https:\/\/news.save.ch\/de\/#\/schema\/logo\/image\/"}},{"@type":"Person","@id":"https:\/\/news.save.ch\/de\/#\/schema\/person\/d49e199490bad7c70d64b9ab51142f2b","name":"admin","image":{"@type":"ImageObject","inLanguage":"en-US","@id":"https:\/\/secure.gravatar.com\/avatar\/ae2f4d718e6c49043e314ce431e7e645d646302a24a5ef5a8bc8e3f5a032e319?s=96&d=mm&r=g","url":"https:\/\/secure.gravatar.com\/avatar\/ae2f4d718e6c49043e314ce431e7e645d646302a24a5ef5a8bc8e3f5a032e319?s=96&d=mm&r=g","contentUrl":"https:\/\/secure.gravatar.com\/avatar\/ae2f4d718e6c49043e314ce431e7e645d646302a24a5ef5a8bc8e3f5a032e319?s=96&d=mm&r=g","caption":"admin"},"sameAs":["https:\/\/develop.organisator.galledia.ch"],"url":"https:\/\/news.save.ch\/en\/author\/admin\/"}]}},"_links":{"self":[{"href":"https:\/\/news.save.ch\/en\/wp-json\/wp\/v2\/posts\/6144","targetHints":{"allow":["GET"]}}],"collection":[{"href":"https:\/\/news.save.ch\/en\/wp-json\/wp\/v2\/posts"}],"about":[{"href":"https:\/\/news.save.ch\/en\/wp-json\/wp\/v2\/types\/post"}],"author":[{"embeddable":true,"href":"https:\/\/news.save.ch\/en\/wp-json\/wp\/v2\/users\/1"}],"replies":[{"embeddable":true,"href":"https:\/\/news.save.ch\/en\/wp-json\/wp\/v2\/comments?post=6144"}],"version-history":[{"count":1,"href":"https:\/\/news.save.ch\/en\/wp-json\/wp\/v2\/posts\/6144\/revisions"}],"predecessor-version":[{"id":18571,"href":"https:\/\/news.save.ch\/en\/wp-json\/wp\/v2\/posts\/6144\/revisions\/18571"}],"wp:featuredmedia":[{"embeddable":true,"href":"https:\/\/news.save.ch\/en\/wp-json\/wp\/v2\/media\/6145"}],"wp:attachment":[{"href":"https:\/\/news.save.ch\/en\/wp-json\/wp\/v2\/media?parent=6144"}],"wp:term":[{"taxonomy":"category","embeddable":true,"href":"https:\/\/news.save.ch\/en\/wp-json\/wp\/v2\/categories?post=6144"},{"taxonomy":"post_tag","embeddable":true,"href":"https:\/\/news.save.ch\/en\/wp-json\/wp\/v2\/tags?post=6144"}],"curies":[{"name":"wp","href":"https:\/\/api.w.org\/{rel}","templated":true}]}}