{"id":6262,"date":"2020-12-15T09:57:04","date_gmt":"2020-12-15T08:57:04","guid":{"rendered":"https:\/\/news.save.ch\/?p=6262"},"modified":"2023-08-05T03:14:46","modified_gmt":"2023-08-05T01:14:46","slug":"erste-elektronische-patientendossiers-im-kanton-aargau-eroeffnet","status":null,"type":"post","link":"https:\/\/news.save.ch\/en\/erste-elektronische-patientendossiers-im-kanton-aargau-eroeffnet\/","title":{"rendered":"First electronic patient files opened in the canton of Aargau"},"content":{"rendered":"<p><img loading=\"lazy\" decoding=\"async\" class=\"alignnone wp-image-6267 size-medium\" src=\"http:\/\/develop.safety-plus.ch\/wp-content\/uploads\/2020\/12\/EPD_Gallati_teaser.png\" alt=\"Patient dossier\" width=\"680\" height=\"435\" \/><br \/>\n<em>Health Director Jean-Pierre Gallati, Nicolai L\u00fctschg, Adrian Schmitter (from left to right): Source: EPD<\/em><\/p>\n<p>The canton of Aargau is the first canton to introduce e-patient files. Jean-Pierre Gallati, member of the cantonal government of Aargau, has opened Switzerland's first electronic patient dossier (EPD) at the cantonal hospital in Baden. The EPD is expected to be available to the population of Aargau during the month of January 2021, according to a statement from \"Health Aargau.\"<\/p>\n<h2>Aarau Cantonal Hospital as the first EPD site<\/h2>\n<p>\"The opening of Switzerland's first EPD is testimony to the fact that Aargau is one of the leading cantons in Switzerland when it comes to digitalization in healthcare,\" said Jean-Pierre Gallati.<\/p>\n<p><iframe loading=\"lazy\" title=\"Government Councillor Gallati opens Switzerland&#039;s first EPD at Baden Cantonal Hospital\" width=\"768\" height=\"432\" src=\"https:\/\/www.youtube.com\/embed\/SwCMvyfbh9U?feature=oembed\" frameborder=\"0\" allow=\"accelerometer; autoplay; clipboard-write; encrypted-media; gyroscope; picture-in-picture; web-share\" allowfullscreen><\/iframe><\/p>\n<p>By the end of March 2021, the EPD is to be rolled out in all acute hospitals, rehabilitation clinics and psychiatric wards in the canton. Patients themselves will determine who receives access rights to their EPD. The first location to open the EPD will be the post office in Aarau, the canton's capital. The platform behind it comes from Swiss Post.<\/p>\n<h2>New overview portal of EPD providers<\/h2>\n<p>The newly launched overview portal of certified and not yet certified EPD providers on <a href=\"http:\/\/www.patientendossier.ch\/anbieter\" target=\"_blank\" rel=\"noopener\">www.patientendossier.ch\/anbieter<\/a> shows which other offerings in Switzerland are on the way to certification.<\/p>\n<p><em>Source: eHealth Suisse<\/em><\/p>","protected":false},"excerpt":{"rendered":"<p>Gesundheitsdirektor Jean-Pierre Gallati, Nicolai L\u00fctschg, Adrian Schmitter (v.l.n.r.): Quelle: EPD Der Kanton Aargau f\u00fchrt als erster Kanton E-Patientendossiers ein.\u00a0Der Aargauer Regierungsrat Jean-Pierre Gallati hat im Kantonsspital Baden das erste elektronische Patientendossier (EPD) der Schweiz er\u00f6ffnet. F\u00fcr die Bev\u00f6lkerung im Aargau werde das EPD voraussichtlich im Verlaufe des Monats Januar 2021 zur Verf\u00fcgung stehen, wie es [&hellip;]<\/p>\n","protected":false},"author":9,"featured_media":16399,"comment_status":"closed","ping_status":"closed","sticky":false,"template":"","format":"standard","meta":{"_acf_changed":false,"pgc_sgb_lightbox_settings":"","footnotes":""},"categories":[1,3315],"tags":[1585,1921,1948,1964,1982,2118,5969,1079,5970,5971,5968],"class_list":["post-6262","post","type-post","status-publish","format-standard","has-post-thumbnail","hentry","category-allgemein","category-infrastruktur","tag-aargau","tag-digitales-patientendossier","tag-ehealth","tag-elektronisches-patientendossier","tag-epd","tag-gallati","tag-poststelle","tag-schweiz","tag-uebersichtsportal","tag-zertifizierte-epd-anbieter","tag-zugriffsrechte"],"acf":[],"hkrextid":null,"publication":null,"issue":null,"workflow":null,"startPage":null,"spitzmarke":null,"_posts_by_tag_page_fields":{"widget_title":"","widget_tags":""},"_at_widget":"1","_yoast_wpseo_primary_category":"1","_yoast_wpseo_focuskw_text_input":null,"_yoast_wpseo_opengraph-image":null,"_yoast_wpseo_opengraph-description":null,"_yoast_wpseo_opengraph-title":null,"enclosure":null,"_yoast_wpseo_twitter-title":null,"_yoast_wpseo_twitter-description":null,"_yoast_wpseo_twitter-image":null,"_wp_old_slug":null,"_yoast_wpseo_title":null,"_yoast_wpseo_canonical":null,"yoast_head":"<!-- This site is optimized with the Yoast SEO plugin v27.4 - https:\/\/yoast.com\/product\/yoast-seo-wordpress\/ -->\n<title>Erste elektronische Patientendossiers im Kanton Aargau er\u00f6ffnet - Save<\/title>\n<meta name=\"description\" content=\"Die Aargauer Bev\u00f6lkerung hat voraussichtlich ab Anfang 2021 die M\u00f6glichkeit, ein eigenes EPD zu er\u00f6ffnen.\" \/>\n<meta name=\"robots\" content=\"index, follow, max-snippet:-1, max-image-preview:large, max-video-preview:-1\" \/>\n<link rel=\"canonical\" href=\"https:\/\/news.save.ch\/en\/erste-elektronische-patientendossiers-im-kanton-aargau-eroeffnet\/\" \/>\n<meta property=\"og:locale\" content=\"en_US\" \/>\n<meta property=\"og:type\" content=\"article\" \/>\n<meta property=\"og:title\" content=\"Erste elektronische Patientendossiers im Kanton Aargau er\u00f6ffnet - Save\" \/>\n<meta property=\"og:description\" content=\"Die Aargauer Bev\u00f6lkerung hat voraussichtlich ab Anfang 2021 die M\u00f6glichkeit, ein eigenes EPD zu er\u00f6ffnen.\" \/>\n<meta property=\"og:url\" content=\"https:\/\/news.save.ch\/en\/erste-elektronische-patientendossiers-im-kanton-aargau-eroeffnet\/\" \/>\n<meta property=\"og:site_name\" content=\"Save\" \/>\n<meta property=\"article:published_time\" content=\"2020-12-15T08:57:04+00:00\" \/>\n<meta property=\"article:modified_time\" content=\"2023-08-05T01:14:46+00:00\" \/>\n<meta property=\"og:image\" content=\"https:\/\/news.save.ch\/wp-content\/uploads\/2020\/12\/EPD_Gallati_teaser.png\" \/>\n\t<meta property=\"og:image:width\" content=\"1055\" \/>\n\t<meta property=\"og:image:height\" content=\"675\" \/>\n\t<meta property=\"og:image:type\" content=\"image\/png\" \/>\n<meta name=\"author\" content=\"Simon Gr\u00f6flin\" \/>\n<meta name=\"twitter:card\" content=\"summary_large_image\" \/>\n<meta name=\"twitter:label1\" content=\"Written by\" \/>\n\t<meta name=\"twitter:data1\" content=\"Simon Gr\u00f6flin\" \/>\n\t<meta name=\"twitter:label2\" content=\"Est. reading time\" \/>\n\t<meta name=\"twitter:data2\" content=\"2 minutes\" \/>\n<script type=\"application\/ld+json\" class=\"yoast-schema-graph\">{\"@context\":\"https:\\\/\\\/schema.org\",\"@graph\":[{\"@type\":\"Article\",\"@id\":\"https:\\\/\\\/news.save.ch\\\/erste-elektronische-patientendossiers-im-kanton-aargau-eroeffnet\\\/#article\",\"isPartOf\":{\"@id\":\"https:\\\/\\\/news.save.ch\\\/erste-elektronische-patientendossiers-im-kanton-aargau-eroeffnet\\\/\"},\"author\":{\"name\":\"Simon Gr\u00f6flin\",\"@id\":\"https:\\\/\\\/news.save.ch\\\/de\\\/#\\\/schema\\\/person\\\/ad4ef21102fd6125312409ac57d5296d\"},\"headline\":\"Erste elektronische Patientendossiers im Kanton Aargau er\u00f6ffnet\",\"datePublished\":\"2020-12-15T08:57:04+00:00\",\"dateModified\":\"2023-08-05T01:14:46+00:00\",\"mainEntityOfPage\":{\"@id\":\"https:\\\/\\\/news.save.ch\\\/erste-elektronische-patientendossiers-im-kanton-aargau-eroeffnet\\\/\"},\"wordCount\":218,\"publisher\":{\"@id\":\"https:\\\/\\\/news.save.ch\\\/de\\\/#organization\"},\"image\":{\"@id\":\"https:\\\/\\\/news.save.ch\\\/erste-elektronische-patientendossiers-im-kanton-aargau-eroeffnet\\\/#primaryimage\"},\"thumbnailUrl\":\"https:\\\/\\\/news.save.ch\\\/wp-content\\\/uploads\\\/2020\\\/12\\\/EPD_Gallati_teaser.png\",\"keywords\":[\"Aargau\",\"Digitales Patientendossier\",\"eHealth\",\"Elektronisches Patientendossier\",\"EPD\",\"Gallati\",\"Poststelle\",\"Schweiz\",\"\u00dcbersichtsportal\",\"zertifizierte EPD-Anbieter\",\"Zugriffsrechte\"],\"articleSection\":[\"ALLGEMEIN\",\"INFRASTRUKTUREN\"],\"inLanguage\":\"en-US\"},{\"@type\":\"WebPage\",\"@id\":\"https:\\\/\\\/news.save.ch\\\/erste-elektronische-patientendossiers-im-kanton-aargau-eroeffnet\\\/\",\"url\":\"https:\\\/\\\/news.save.ch\\\/erste-elektronische-patientendossiers-im-kanton-aargau-eroeffnet\\\/\",\"name\":\"Erste elektronische Patientendossiers im Kanton Aargau er\u00f6ffnet - Save\",\"isPartOf\":{\"@id\":\"https:\\\/\\\/news.save.ch\\\/de\\\/#website\"},\"primaryImageOfPage\":{\"@id\":\"https:\\\/\\\/news.save.ch\\\/erste-elektronische-patientendossiers-im-kanton-aargau-eroeffnet\\\/#primaryimage\"},\"image\":{\"@id\":\"https:\\\/\\\/news.save.ch\\\/erste-elektronische-patientendossiers-im-kanton-aargau-eroeffnet\\\/#primaryimage\"},\"thumbnailUrl\":\"https:\\\/\\\/news.save.ch\\\/wp-content\\\/uploads\\\/2020\\\/12\\\/EPD_Gallati_teaser.png\",\"datePublished\":\"2020-12-15T08:57:04+00:00\",\"dateModified\":\"2023-08-05T01:14:46+00:00\",\"description\":\"Die Aargauer Bev\u00f6lkerung hat voraussichtlich ab Anfang 2021 die M\u00f6glichkeit, ein eigenes EPD zu er\u00f6ffnen.\",\"breadcrumb\":{\"@id\":\"https:\\\/\\\/news.save.ch\\\/erste-elektronische-patientendossiers-im-kanton-aargau-eroeffnet\\\/#breadcrumb\"},\"inLanguage\":\"en-US\",\"potentialAction\":[{\"@type\":\"ReadAction\",\"target\":[\"https:\\\/\\\/news.save.ch\\\/erste-elektronische-patientendossiers-im-kanton-aargau-eroeffnet\\\/\"]}]},{\"@type\":\"ImageObject\",\"inLanguage\":\"en-US\",\"@id\":\"https:\\\/\\\/news.save.ch\\\/erste-elektronische-patientendossiers-im-kanton-aargau-eroeffnet\\\/#primaryimage\",\"url\":\"https:\\\/\\\/news.save.ch\\\/wp-content\\\/uploads\\\/2020\\\/12\\\/EPD_Gallati_teaser.png\",\"contentUrl\":\"https:\\\/\\\/news.save.ch\\\/wp-content\\\/uploads\\\/2020\\\/12\\\/EPD_Gallati_teaser.png\",\"width\":1055,\"height\":675},{\"@type\":\"BreadcrumbList\",\"@id\":\"https:\\\/\\\/news.save.ch\\\/erste-elektronische-patientendossiers-im-kanton-aargau-eroeffnet\\\/#breadcrumb\",\"itemListElement\":[{\"@type\":\"ListItem\",\"position\":1,\"name\":\"Home\",\"item\":\"https:\\\/\\\/news.save.ch\\\/de\\\/\"},{\"@type\":\"ListItem\",\"position\":2,\"name\":\"Erste elektronische Patientendossiers im Kanton Aargau er\u00f6ffnet\"}]},{\"@type\":\"WebSite\",\"@id\":\"https:\\\/\\\/news.save.ch\\\/de\\\/#website\",\"url\":\"https:\\\/\\\/news.save.ch\\\/de\\\/\",\"name\":\"Save\",\"description\":\"Schweizer Fachzeitschrift f\u00fcr Sicherheit\",\"publisher\":{\"@id\":\"https:\\\/\\\/news.save.ch\\\/de\\\/#organization\"},\"potentialAction\":[{\"@type\":\"SearchAction\",\"target\":{\"@type\":\"EntryPoint\",\"urlTemplate\":\"https:\\\/\\\/news.save.ch\\\/de\\\/?s={search_term_string}\"},\"query-input\":{\"@type\":\"PropertyValueSpecification\",\"valueRequired\":true,\"valueName\":\"search_term_string\"}}],\"inLanguage\":\"en-US\"},{\"@type\":\"Organization\",\"@id\":\"https:\\\/\\\/news.save.ch\\\/de\\\/#organization\",\"name\":\"Sicherheitsforum\",\"url\":\"https:\\\/\\\/news.save.ch\\\/de\\\/\",\"logo\":{\"@type\":\"ImageObject\",\"inLanguage\":\"en-US\",\"@id\":\"https:\\\/\\\/news.save.ch\\\/de\\\/#\\\/schema\\\/logo\\\/image\\\/\",\"url\":\"https:\\\/\\\/news.save.ch\\\/wp-content\\\/uploads\\\/2022\\\/06\\\/Logo_SF_2012.png\",\"contentUrl\":\"https:\\\/\\\/news.save.ch\\\/wp-content\\\/uploads\\\/2022\\\/06\\\/Logo_SF_2012.png\",\"width\":1100,\"height\":91,\"caption\":\"Sicherheitsforum\"},\"image\":{\"@id\":\"https:\\\/\\\/news.save.ch\\\/de\\\/#\\\/schema\\\/logo\\\/image\\\/\"}},{\"@type\":\"Person\",\"@id\":\"https:\\\/\\\/news.save.ch\\\/de\\\/#\\\/schema\\\/person\\\/ad4ef21102fd6125312409ac57d5296d\",\"name\":\"Simon Gr\u00f6flin\",\"image\":{\"@type\":\"ImageObject\",\"inLanguage\":\"en-US\",\"@id\":\"https:\\\/\\\/secure.gravatar.com\\\/avatar\\\/6ddceb80eb734354635539e0ea5140bb7c41e42de7c45c9a2ab9921b5d5c9a83?s=96&d=mm&r=g\",\"url\":\"https:\\\/\\\/secure.gravatar.com\\\/avatar\\\/6ddceb80eb734354635539e0ea5140bb7c41e42de7c45c9a2ab9921b5d5c9a83?s=96&d=mm&r=g\",\"contentUrl\":\"https:\\\/\\\/secure.gravatar.com\\\/avatar\\\/6ddceb80eb734354635539e0ea5140bb7c41e42de7c45c9a2ab9921b5d5c9a83?s=96&d=mm&r=g\",\"caption\":\"Simon Gr\u00f6flin\"},\"url\":\"https:\\\/\\\/news.save.ch\\\/en\\\/author\\\/simon-groeflin\\\/\"}]}<\/script>\n<!-- \/ Yoast SEO plugin. -->","yoast_head_json":{"title":"First electronic patient files opened in the canton of Aargau - Save","description":"The population of Aargau is expected to have the option of opening its own EPD from the beginning of 2021.","robots":{"index":"index","follow":"follow","max-snippet":"max-snippet:-1","max-image-preview":"max-image-preview:large","max-video-preview":"max-video-preview:-1"},"canonical":"https:\/\/news.save.ch\/en\/erste-elektronische-patientendossiers-im-kanton-aargau-eroeffnet\/","og_locale":"en_US","og_type":"article","og_title":"Erste elektronische Patientendossiers im Kanton Aargau er\u00f6ffnet - Save","og_description":"Die Aargauer Bev\u00f6lkerung hat voraussichtlich ab Anfang 2021 die M\u00f6glichkeit, ein eigenes EPD zu er\u00f6ffnen.","og_url":"https:\/\/news.save.ch\/en\/erste-elektronische-patientendossiers-im-kanton-aargau-eroeffnet\/","og_site_name":"Save","article_published_time":"2020-12-15T08:57:04+00:00","article_modified_time":"2023-08-05T01:14:46+00:00","og_image":[{"width":1055,"height":675,"url":"https:\/\/news.save.ch\/wp-content\/uploads\/2020\/12\/EPD_Gallati_teaser.png","type":"image\/png"}],"author":"Simon Gr\u00f6flin","twitter_card":"summary_large_image","twitter_misc":{"Written by":"Simon Gr\u00f6flin","Est. reading time":"2 minutes"},"schema":{"@context":"https:\/\/schema.org","@graph":[{"@type":"Article","@id":"https:\/\/news.save.ch\/erste-elektronische-patientendossiers-im-kanton-aargau-eroeffnet\/#article","isPartOf":{"@id":"https:\/\/news.save.ch\/erste-elektronische-patientendossiers-im-kanton-aargau-eroeffnet\/"},"author":{"name":"Simon Gr\u00f6flin","@id":"https:\/\/news.save.ch\/de\/#\/schema\/person\/ad4ef21102fd6125312409ac57d5296d"},"headline":"Erste elektronische Patientendossiers im Kanton Aargau er\u00f6ffnet","datePublished":"2020-12-15T08:57:04+00:00","dateModified":"2023-08-05T01:14:46+00:00","mainEntityOfPage":{"@id":"https:\/\/news.save.ch\/erste-elektronische-patientendossiers-im-kanton-aargau-eroeffnet\/"},"wordCount":218,"publisher":{"@id":"https:\/\/news.save.ch\/de\/#organization"},"image":{"@id":"https:\/\/news.save.ch\/erste-elektronische-patientendossiers-im-kanton-aargau-eroeffnet\/#primaryimage"},"thumbnailUrl":"https:\/\/news.save.ch\/wp-content\/uploads\/2020\/12\/EPD_Gallati_teaser.png","keywords":["Aargau","Digitales Patientendossier","eHealth","Elektronisches Patientendossier","EPD","Gallati","Poststelle","Schweiz","\u00dcbersichtsportal","zertifizierte EPD-Anbieter","Zugriffsrechte"],"articleSection":["ALLGEMEIN","INFRASTRUKTUREN"],"inLanguage":"en-US"},{"@type":"WebPage","@id":"https:\/\/news.save.ch\/erste-elektronische-patientendossiers-im-kanton-aargau-eroeffnet\/","url":"https:\/\/news.save.ch\/erste-elektronische-patientendossiers-im-kanton-aargau-eroeffnet\/","name":"First electronic patient files opened in the canton of Aargau - Save","isPartOf":{"@id":"https:\/\/news.save.ch\/de\/#website"},"primaryImageOfPage":{"@id":"https:\/\/news.save.ch\/erste-elektronische-patientendossiers-im-kanton-aargau-eroeffnet\/#primaryimage"},"image":{"@id":"https:\/\/news.save.ch\/erste-elektronische-patientendossiers-im-kanton-aargau-eroeffnet\/#primaryimage"},"thumbnailUrl":"https:\/\/news.save.ch\/wp-content\/uploads\/2020\/12\/EPD_Gallati_teaser.png","datePublished":"2020-12-15T08:57:04+00:00","dateModified":"2023-08-05T01:14:46+00:00","description":"The population of Aargau is expected to have the option of opening its own EPD from the beginning of 2021.","breadcrumb":{"@id":"https:\/\/news.save.ch\/erste-elektronische-patientendossiers-im-kanton-aargau-eroeffnet\/#breadcrumb"},"inLanguage":"en-US","potentialAction":[{"@type":"ReadAction","target":["https:\/\/news.save.ch\/erste-elektronische-patientendossiers-im-kanton-aargau-eroeffnet\/"]}]},{"@type":"ImageObject","inLanguage":"en-US","@id":"https:\/\/news.save.ch\/erste-elektronische-patientendossiers-im-kanton-aargau-eroeffnet\/#primaryimage","url":"https:\/\/news.save.ch\/wp-content\/uploads\/2020\/12\/EPD_Gallati_teaser.png","contentUrl":"https:\/\/news.save.ch\/wp-content\/uploads\/2020\/12\/EPD_Gallati_teaser.png","width":1055,"height":675},{"@type":"BreadcrumbList","@id":"https:\/\/news.save.ch\/erste-elektronische-patientendossiers-im-kanton-aargau-eroeffnet\/#breadcrumb","itemListElement":[{"@type":"ListItem","position":1,"name":"Home","item":"https:\/\/news.save.ch\/de\/"},{"@type":"ListItem","position":2,"name":"Erste elektronische Patientendossiers im Kanton Aargau er\u00f6ffnet"}]},{"@type":"WebSite","@id":"https:\/\/news.save.ch\/de\/#website","url":"https:\/\/news.save.ch\/de\/","name":"Save","description":"Swiss trade journal for safety","publisher":{"@id":"https:\/\/news.save.ch\/de\/#organization"},"potentialAction":[{"@type":"SearchAction","target":{"@type":"EntryPoint","urlTemplate":"https:\/\/news.save.ch\/de\/?s={search_term_string}"},"query-input":{"@type":"PropertyValueSpecification","valueRequired":true,"valueName":"search_term_string"}}],"inLanguage":"en-US"},{"@type":"Organization","@id":"https:\/\/news.save.ch\/de\/#organization","name":"Security Forum","url":"https:\/\/news.save.ch\/de\/","logo":{"@type":"ImageObject","inLanguage":"en-US","@id":"https:\/\/news.save.ch\/de\/#\/schema\/logo\/image\/","url":"https:\/\/news.save.ch\/wp-content\/uploads\/2022\/06\/Logo_SF_2012.png","contentUrl":"https:\/\/news.save.ch\/wp-content\/uploads\/2022\/06\/Logo_SF_2012.png","width":1100,"height":91,"caption":"Sicherheitsforum"},"image":{"@id":"https:\/\/news.save.ch\/de\/#\/schema\/logo\/image\/"}},{"@type":"Person","@id":"https:\/\/news.save.ch\/de\/#\/schema\/person\/ad4ef21102fd6125312409ac57d5296d","name":"Simon Gr\u00f6flin","image":{"@type":"ImageObject","inLanguage":"en-US","@id":"https:\/\/secure.gravatar.com\/avatar\/6ddceb80eb734354635539e0ea5140bb7c41e42de7c45c9a2ab9921b5d5c9a83?s=96&d=mm&r=g","url":"https:\/\/secure.gravatar.com\/avatar\/6ddceb80eb734354635539e0ea5140bb7c41e42de7c45c9a2ab9921b5d5c9a83?s=96&d=mm&r=g","contentUrl":"https:\/\/secure.gravatar.com\/avatar\/6ddceb80eb734354635539e0ea5140bb7c41e42de7c45c9a2ab9921b5d5c9a83?s=96&d=mm&r=g","caption":"Simon Gr\u00f6flin"},"url":"https:\/\/news.save.ch\/en\/author\/simon-groeflin\/"}]}},"_links":{"self":[{"href":"https:\/\/news.save.ch\/en\/wp-json\/wp\/v2\/posts\/6262","targetHints":{"allow":["GET"]}}],"collection":[{"href":"https:\/\/news.save.ch\/en\/wp-json\/wp\/v2\/posts"}],"about":[{"href":"https:\/\/news.save.ch\/en\/wp-json\/wp\/v2\/types\/post"}],"author":[{"embeddable":true,"href":"https:\/\/news.save.ch\/en\/wp-json\/wp\/v2\/users\/9"}],"replies":[{"embeddable":true,"href":"https:\/\/news.save.ch\/en\/wp-json\/wp\/v2\/comments?post=6262"}],"version-history":[{"count":3,"href":"https:\/\/news.save.ch\/en\/wp-json\/wp\/v2\/posts\/6262\/revisions"}],"predecessor-version":[{"id":21502,"href":"https:\/\/news.save.ch\/en\/wp-json\/wp\/v2\/posts\/6262\/revisions\/21502"}],"wp:featuredmedia":[{"embeddable":true,"href":"https:\/\/news.save.ch\/en\/wp-json\/wp\/v2\/media\/16399"}],"wp:attachment":[{"href":"https:\/\/news.save.ch\/en\/wp-json\/wp\/v2\/media?parent=6262"}],"wp:term":[{"taxonomy":"category","embeddable":true,"href":"https:\/\/news.save.ch\/en\/wp-json\/wp\/v2\/categories?post=6262"},{"taxonomy":"post_tag","embeddable":true,"href":"https:\/\/news.save.ch\/en\/wp-json\/wp\/v2\/tags?post=6262"}],"curies":[{"name":"wp","href":"https:\/\/api.w.org\/{rel}","templated":true}]}}