{"id":6264,"date":"2018-04-19T06:36:10","date_gmt":"2018-04-19T04:36:10","guid":{"rendered":"https:\/\/news.save.ch\/?p=6264"},"modified":"2023-03-14T08:58:58","modified_gmt":"2023-03-14T07:58:58","slug":"naturgefahren-bund-will-alarmierungskette-vervollstaendigen","status":null,"type":"post","link":"https:\/\/news.save.ch\/en\/naturgefahren-bund-will-alarmierungskette-vervollstaendigen\/","title":{"rendered":"Natural hazards: Federal government to complete alert chain"},"content":{"rendered":"<figure id=\"attachment_6265\" aria-describedby=\"caption-attachment-6265\" style=\"width: 680px\" class=\"wp-caption aligncenter\"><img loading=\"lazy\" decoding=\"async\" class=\"size-medium wp-image-6265\" src=\"https:\/\/news.save.ch\/wp-content\/uploads\/2018\/04\/unwetter-goldach1.jpg\" alt=\"\" width=\"680\" height=\"451\" \/><figcaption id=\"caption-attachment-6265\" class=\"wp-caption-text\">Photo: Kapo SG<\/figcaption><\/figure>\n<p>Within the framework of the project Optimization of Warning and Alerting for Natural Hazards (Owarna), the federal government and the cantons are continuously improving their cooperation as well as forecasts and warnings for natural events. The aim is to prevent victims and damage as far as possible. At the federal level, the Steering Committee Intervention Natural Hazards (Lainat) coordinates the activities of the various federal agencies. At its meeting on April 18, 2018, the Federal Council took note of the Lainat's periodic report on the status of Owarna and allocated funds to implement the measures contained therein, it was announced.<\/p>\n<p><strong>Expand alarming<\/strong><\/p>\n<p>The <a href=\"https:\/\/www.newsd.admin.ch\/newsd\/message\/attachments\/52033.pdf\">second Owarna follow-up report<\/a> shows that Switzerland now has a well-functioning warning and alert chain in the event of imminent natural disasters, thanks to the measures implemented and the commitment of the authorities and specialist agencies. In order to maintain the current level, however, further efforts are necessary: For example, this chain must be completed and adapted to keep pace with the new means and technologies of communication and the increased demands regarding the availability and accuracy of information on natural hazards.<\/p>\n<p><strong>Extreme events: coordinated monitoring<\/strong><\/p>\n<p>It is becoming apparent that events such as storms, floods or mass movements will become more frequent and larger or more intense in the coming years. The federal government intends to counter such extreme events with nationally coordinated monitoring and the expansion of forecasting and warning activities, and to include mass movements in the warning system for the first time. In addition, the meteorological warning system will be further improved in order to issue warnings with greater local precision and to be able to focus on possible effects in the future. The Federal Council has allocated a total of 17.3 million Swiss francs for investment and operating costs for these measures for the period from 2019 to 2023 and has approved 9.5 posts.<\/p>\n<p><strong>Federal natural hazard agencies and their responsibilities<\/strong><\/p>\n<p>The Lainat brings together the following federal natural hazards agencies:<\/p>\n<ul>\n<li><strong>Federal Office for Civil Protection<\/strong> (Babs): The Babs operates the National Alarm Center, is responsible for the Federal Civil Protection Staff and designs, develops and operates technical systems for warning, alerting and disseminating behavioral instructions to the population and the media. <a href=\"https:\/\/www.babs.admin.ch\">www.babs.admin.ch\u00a0<\/a><br \/>\n<strong>The Federal Office for the Environment<\/strong> (Bafu): Protection against natural hazards in the area of hydrological forecasts, warning the population of floods, associated mass movements, and forest fire hazards. <a href=\"https:\/\/www.bafu.admin.ch\">www.bafu.admin.ch<\/a><br \/>\n<strong>Federal Office of Meteorology and Climatology MeteoSwiss<\/strong>: Monitors weather patterns, analyzes weather and climate data, produces weather forecasts, and warns authorities and the public of thunderstorms, wind, rain, heat, frost, snowfall, and slippery roads. <a href=\"https:\/\/www.meteoschweiz.admin.ch\">www.meteoschweiz.admin.ch<\/a><br \/>\n<strong>The Swiss Seismological Service<\/strong> (SED) at ETH Zurich: Monitors earthquake activity in Switzerland and in neighboring countries. Assesses earthquake risk and provides information on the location, magnitude and possible effects of earthquakes. www.seismo.ethz.ch<br \/>\n<strong>WSL Institute for Snow and Avalanche Research<\/strong> SLF: Assesses avalanche danger and issues daily avalanche bulletin in winter. Supports Bafu with information on snow water resources for flood warnings. <a href=\"https:\/\/www.slf.ch\">www.slf.ch<\/a><\/li>\n<\/ul>\n<p><em>Source: Confederation<\/em><\/p>\n<p><em>Compare also article \"<a href=\"https:\/\/news.save.ch\/en\/bericht-zur-vereinheitlichung-der-unwetterwarnungen\/\">No uniform severe weather warnings<\/a>\"<\/em><\/p>","protected":false},"excerpt":{"rendered":"<p>Im Rahmen des Projekts Optimierung von Warnung und Alarmierung bei Naturgefahren (Owarna) verbessern Bund und Kantone laufend ihre Zusammenarbeit sowie Vorhersagen und Warnungen bei Naturereignissen. Das Ziel ist, Opfer und Sch\u00e4den m\u00f6glichst zu verhindern. Auf Stufe Bund koordiniert der Lenkungsausschuss Intervention Naturgefahren (Lainat) die T\u00e4tigkeit der verschiedenen Bundesstellen. An seiner Sitzung vom 18.\u00a0April 2018 hat [&hellip;]<\/p>\n","protected":false},"author":8,"featured_media":6265,"comment_status":"open","ping_status":"open","sticky":false,"template":"","format":"standard","meta":{"_acf_changed":false,"pgc_sgb_lightbox_settings":"","footnotes":""},"categories":[3312],"tags":[151,371,168],"class_list":["post-6264","post","type-post","status-publish","format-standard","has-post-thumbnail","hentry","category-sicherheit","tag-alarmierung","tag-bevoelkerungsschutz","tag-bundesrat"],"acf":[],"hkrextid":null,"publication":null,"issue":null,"workflow":null,"startPage":null,"spitzmarke":null,"_posts_by_tag_page_fields":{"widget_title":"","widget_tags":""},"_at_widget":"1","_yoast_wpseo_primary_category":"5","_yoast_wpseo_focuskw_text_input":"Alarmierungskette","_yoast_wpseo_opengraph-image":null,"_yoast_wpseo_opengraph-description":null,"_yoast_wpseo_opengraph-title":null,"enclosure":null,"_yoast_wpseo_twitter-title":null,"_yoast_wpseo_twitter-description":null,"_yoast_wpseo_twitter-image":null,"_wp_old_slug":null,"_yoast_wpseo_title":null,"_yoast_wpseo_canonical":null,"yoast_head":"<!-- This site is optimized with the Yoast SEO plugin v27.4 - https:\/\/yoast.com\/product\/yoast-seo-wordpress\/ -->\n<title>Naturgefahren: Bund will Alarmierungskette vervollst\u00e4ndigen - Save<\/title>\n<meta name=\"description\" content=\"Der Bund warnt vor Naturgefahren. Angesichts des Klimawandels und neuer Risiken verst\u00e4rkt er diesen Schutz durch zus\u00e4tzliche Massnahmen.\" \/>\n<meta name=\"robots\" content=\"index, follow, max-snippet:-1, max-image-preview:large, max-video-preview:-1\" \/>\n<link rel=\"canonical\" href=\"https:\/\/news.save.ch\/en\/naturgefahren-bund-will-alarmierungskette-vervollstaendigen\/\" \/>\n<meta property=\"og:locale\" content=\"en_US\" \/>\n<meta property=\"og:type\" content=\"article\" \/>\n<meta property=\"og:title\" content=\"Naturgefahren: Bund will Alarmierungskette vervollst\u00e4ndigen - Save\" \/>\n<meta property=\"og:description\" content=\"Der Bund warnt vor Naturgefahren. Angesichts des Klimawandels und neuer Risiken verst\u00e4rkt er diesen Schutz durch zus\u00e4tzliche Massnahmen.\" \/>\n<meta property=\"og:url\" content=\"https:\/\/news.save.ch\/en\/naturgefahren-bund-will-alarmierungskette-vervollstaendigen\/\" \/>\n<meta property=\"og:site_name\" content=\"Save\" \/>\n<meta property=\"article:published_time\" content=\"2018-04-19T04:36:10+00:00\" \/>\n<meta property=\"article:modified_time\" content=\"2023-03-14T07:58:58+00:00\" \/>\n<meta property=\"og:image\" content=\"https:\/\/news.save.ch\/wp-content\/uploads\/2018\/04\/unwetter-goldach1-scaled.jpg\" \/>\n\t<meta property=\"og:image:width\" content=\"1400\" \/>\n\t<meta property=\"og:image:height\" content=\"928\" \/>\n\t<meta property=\"og:image:type\" content=\"image\/jpeg\" \/>\n<meta name=\"author\" content=\"Roger Str\u00e4ssle\" \/>\n<meta name=\"twitter:card\" content=\"summary_large_image\" \/>\n<meta name=\"twitter:label1\" content=\"Written by\" \/>\n\t<meta name=\"twitter:data1\" content=\"Roger Str\u00e4ssle\" \/>\n\t<meta name=\"twitter:label2\" content=\"Est. reading time\" \/>\n\t<meta name=\"twitter:data2\" content=\"2 minutes\" \/>\n<script type=\"application\/ld+json\" class=\"yoast-schema-graph\">{\"@context\":\"https:\\\/\\\/schema.org\",\"@graph\":[{\"@type\":\"Article\",\"@id\":\"https:\\\/\\\/news.save.ch\\\/naturgefahren-bund-will-alarmierungskette-vervollstaendigen\\\/#article\",\"isPartOf\":{\"@id\":\"https:\\\/\\\/news.save.ch\\\/naturgefahren-bund-will-alarmierungskette-vervollstaendigen\\\/\"},\"author\":{\"name\":\"Roger Str\u00e4ssle\",\"@id\":\"https:\\\/\\\/news.save.ch\\\/de\\\/#\\\/schema\\\/person\\\/d5022db048e0e2b9785c50e5b24da5aa\"},\"headline\":\"Naturgefahren: Bund will Alarmierungskette vervollst\u00e4ndigen\",\"datePublished\":\"2018-04-19T04:36:10+00:00\",\"dateModified\":\"2023-03-14T07:58:58+00:00\",\"mainEntityOfPage\":{\"@id\":\"https:\\\/\\\/news.save.ch\\\/naturgefahren-bund-will-alarmierungskette-vervollstaendigen\\\/\"},\"wordCount\":491,\"commentCount\":0,\"publisher\":{\"@id\":\"https:\\\/\\\/news.save.ch\\\/de\\\/#organization\"},\"image\":{\"@id\":\"https:\\\/\\\/news.save.ch\\\/naturgefahren-bund-will-alarmierungskette-vervollstaendigen\\\/#primaryimage\"},\"thumbnailUrl\":\"https:\\\/\\\/news.save.ch\\\/wp-content\\\/uploads\\\/2018\\\/04\\\/unwetter-goldach1-scaled.jpg\",\"keywords\":[\"Alarmierung\",\"Bev\u00f6lkerungsschutz\",\"Bundesrat\"],\"articleSection\":[\"SICHERHEIT\"],\"inLanguage\":\"en-US\"},{\"@type\":\"WebPage\",\"@id\":\"https:\\\/\\\/news.save.ch\\\/naturgefahren-bund-will-alarmierungskette-vervollstaendigen\\\/\",\"url\":\"https:\\\/\\\/news.save.ch\\\/naturgefahren-bund-will-alarmierungskette-vervollstaendigen\\\/\",\"name\":\"Naturgefahren: Bund will Alarmierungskette vervollst\u00e4ndigen - Save\",\"isPartOf\":{\"@id\":\"https:\\\/\\\/news.save.ch\\\/de\\\/#website\"},\"primaryImageOfPage\":{\"@id\":\"https:\\\/\\\/news.save.ch\\\/naturgefahren-bund-will-alarmierungskette-vervollstaendigen\\\/#primaryimage\"},\"image\":{\"@id\":\"https:\\\/\\\/news.save.ch\\\/naturgefahren-bund-will-alarmierungskette-vervollstaendigen\\\/#primaryimage\"},\"thumbnailUrl\":\"https:\\\/\\\/news.save.ch\\\/wp-content\\\/uploads\\\/2018\\\/04\\\/unwetter-goldach1-scaled.jpg\",\"datePublished\":\"2018-04-19T04:36:10+00:00\",\"dateModified\":\"2023-03-14T07:58:58+00:00\",\"description\":\"Der Bund warnt vor Naturgefahren. Angesichts des Klimawandels und neuer Risiken verst\u00e4rkt er diesen Schutz durch zus\u00e4tzliche Massnahmen.\",\"breadcrumb\":{\"@id\":\"https:\\\/\\\/news.save.ch\\\/naturgefahren-bund-will-alarmierungskette-vervollstaendigen\\\/#breadcrumb\"},\"inLanguage\":\"en-US\",\"potentialAction\":[{\"@type\":\"ReadAction\",\"target\":[\"https:\\\/\\\/news.save.ch\\\/naturgefahren-bund-will-alarmierungskette-vervollstaendigen\\\/\"]}]},{\"@type\":\"ImageObject\",\"inLanguage\":\"en-US\",\"@id\":\"https:\\\/\\\/news.save.ch\\\/naturgefahren-bund-will-alarmierungskette-vervollstaendigen\\\/#primaryimage\",\"url\":\"https:\\\/\\\/news.save.ch\\\/wp-content\\\/uploads\\\/2018\\\/04\\\/unwetter-goldach1-scaled.jpg\",\"contentUrl\":\"https:\\\/\\\/news.save.ch\\\/wp-content\\\/uploads\\\/2018\\\/04\\\/unwetter-goldach1-scaled.jpg\",\"width\":1400,\"height\":928,\"caption\":\"Foto: Kapo SG\"},{\"@type\":\"BreadcrumbList\",\"@id\":\"https:\\\/\\\/news.save.ch\\\/naturgefahren-bund-will-alarmierungskette-vervollstaendigen\\\/#breadcrumb\",\"itemListElement\":[{\"@type\":\"ListItem\",\"position\":1,\"name\":\"Home\",\"item\":\"https:\\\/\\\/news.save.ch\\\/de\\\/\"},{\"@type\":\"ListItem\",\"position\":2,\"name\":\"Naturgefahren: Bund will Alarmierungskette vervollst\u00e4ndigen\"}]},{\"@type\":\"WebSite\",\"@id\":\"https:\\\/\\\/news.save.ch\\\/de\\\/#website\",\"url\":\"https:\\\/\\\/news.save.ch\\\/de\\\/\",\"name\":\"Save\",\"description\":\"Schweizer Fachzeitschrift f\u00fcr Sicherheit\",\"publisher\":{\"@id\":\"https:\\\/\\\/news.save.ch\\\/de\\\/#organization\"},\"potentialAction\":[{\"@type\":\"SearchAction\",\"target\":{\"@type\":\"EntryPoint\",\"urlTemplate\":\"https:\\\/\\\/news.save.ch\\\/de\\\/?s={search_term_string}\"},\"query-input\":{\"@type\":\"PropertyValueSpecification\",\"valueRequired\":true,\"valueName\":\"search_term_string\"}}],\"inLanguage\":\"en-US\"},{\"@type\":\"Organization\",\"@id\":\"https:\\\/\\\/news.save.ch\\\/de\\\/#organization\",\"name\":\"Sicherheitsforum\",\"url\":\"https:\\\/\\\/news.save.ch\\\/de\\\/\",\"logo\":{\"@type\":\"ImageObject\",\"inLanguage\":\"en-US\",\"@id\":\"https:\\\/\\\/news.save.ch\\\/de\\\/#\\\/schema\\\/logo\\\/image\\\/\",\"url\":\"https:\\\/\\\/news.save.ch\\\/wp-content\\\/uploads\\\/2022\\\/06\\\/Logo_SF_2012.png\",\"contentUrl\":\"https:\\\/\\\/news.save.ch\\\/wp-content\\\/uploads\\\/2022\\\/06\\\/Logo_SF_2012.png\",\"width\":1100,\"height\":91,\"caption\":\"Sicherheitsforum\"},\"image\":{\"@id\":\"https:\\\/\\\/news.save.ch\\\/de\\\/#\\\/schema\\\/logo\\\/image\\\/\"}},{\"@type\":\"Person\",\"@id\":\"https:\\\/\\\/news.save.ch\\\/de\\\/#\\\/schema\\\/person\\\/d5022db048e0e2b9785c50e5b24da5aa\",\"name\":\"Roger Str\u00e4ssle\",\"image\":{\"@type\":\"ImageObject\",\"inLanguage\":\"en-US\",\"@id\":\"https:\\\/\\\/secure.gravatar.com\\\/avatar\\\/862a5569d087de48e5856e32f45d719a03804c891d6deb8d4f71a660e79e4a47?s=96&d=mm&r=g\",\"url\":\"https:\\\/\\\/secure.gravatar.com\\\/avatar\\\/862a5569d087de48e5856e32f45d719a03804c891d6deb8d4f71a660e79e4a47?s=96&d=mm&r=g\",\"contentUrl\":\"https:\\\/\\\/secure.gravatar.com\\\/avatar\\\/862a5569d087de48e5856e32f45d719a03804c891d6deb8d4f71a660e79e4a47?s=96&d=mm&r=g\",\"caption\":\"Roger Str\u00e4ssle\"},\"url\":\"https:\\\/\\\/news.save.ch\\\/en\\\/author\\\/roger-straessle\\\/\"}]}<\/script>\n<!-- \/ Yoast SEO plugin. -->","yoast_head_json":{"title":"Natural hazards: Confederation wants to complete alert chain - Save","description":"The federal government warns against natural hazards. In view of climate change and new risks, it is strengthening this protection through additional measures.","robots":{"index":"index","follow":"follow","max-snippet":"max-snippet:-1","max-image-preview":"max-image-preview:large","max-video-preview":"max-video-preview:-1"},"canonical":"https:\/\/news.save.ch\/en\/naturgefahren-bund-will-alarmierungskette-vervollstaendigen\/","og_locale":"en_US","og_type":"article","og_title":"Naturgefahren: Bund will Alarmierungskette vervollst\u00e4ndigen - Save","og_description":"Der Bund warnt vor Naturgefahren. Angesichts des Klimawandels und neuer Risiken verst\u00e4rkt er diesen Schutz durch zus\u00e4tzliche Massnahmen.","og_url":"https:\/\/news.save.ch\/en\/naturgefahren-bund-will-alarmierungskette-vervollstaendigen\/","og_site_name":"Save","article_published_time":"2018-04-19T04:36:10+00:00","article_modified_time":"2023-03-14T07:58:58+00:00","og_image":[{"width":1400,"height":928,"url":"https:\/\/news.save.ch\/wp-content\/uploads\/2018\/04\/unwetter-goldach1-scaled.jpg","type":"image\/jpeg"}],"author":"Roger Str\u00e4ssle","twitter_card":"summary_large_image","twitter_misc":{"Written by":"Roger Str\u00e4ssle","Est. reading time":"2 minutes"},"schema":{"@context":"https:\/\/schema.org","@graph":[{"@type":"Article","@id":"https:\/\/news.save.ch\/naturgefahren-bund-will-alarmierungskette-vervollstaendigen\/#article","isPartOf":{"@id":"https:\/\/news.save.ch\/naturgefahren-bund-will-alarmierungskette-vervollstaendigen\/"},"author":{"name":"Roger Str\u00e4ssle","@id":"https:\/\/news.save.ch\/de\/#\/schema\/person\/d5022db048e0e2b9785c50e5b24da5aa"},"headline":"Naturgefahren: Bund will Alarmierungskette vervollst\u00e4ndigen","datePublished":"2018-04-19T04:36:10+00:00","dateModified":"2023-03-14T07:58:58+00:00","mainEntityOfPage":{"@id":"https:\/\/news.save.ch\/naturgefahren-bund-will-alarmierungskette-vervollstaendigen\/"},"wordCount":491,"commentCount":0,"publisher":{"@id":"https:\/\/news.save.ch\/de\/#organization"},"image":{"@id":"https:\/\/news.save.ch\/naturgefahren-bund-will-alarmierungskette-vervollstaendigen\/#primaryimage"},"thumbnailUrl":"https:\/\/news.save.ch\/wp-content\/uploads\/2018\/04\/unwetter-goldach1-scaled.jpg","keywords":["Alarmierung","Bev\u00f6lkerungsschutz","Bundesrat"],"articleSection":["SICHERHEIT"],"inLanguage":"en-US"},{"@type":"WebPage","@id":"https:\/\/news.save.ch\/naturgefahren-bund-will-alarmierungskette-vervollstaendigen\/","url":"https:\/\/news.save.ch\/naturgefahren-bund-will-alarmierungskette-vervollstaendigen\/","name":"Natural hazards: Confederation wants to complete alert chain - Save","isPartOf":{"@id":"https:\/\/news.save.ch\/de\/#website"},"primaryImageOfPage":{"@id":"https:\/\/news.save.ch\/naturgefahren-bund-will-alarmierungskette-vervollstaendigen\/#primaryimage"},"image":{"@id":"https:\/\/news.save.ch\/naturgefahren-bund-will-alarmierungskette-vervollstaendigen\/#primaryimage"},"thumbnailUrl":"https:\/\/news.save.ch\/wp-content\/uploads\/2018\/04\/unwetter-goldach1-scaled.jpg","datePublished":"2018-04-19T04:36:10+00:00","dateModified":"2023-03-14T07:58:58+00:00","description":"The federal government warns against natural hazards. In view of climate change and new risks, it is strengthening this protection through additional measures.","breadcrumb":{"@id":"https:\/\/news.save.ch\/naturgefahren-bund-will-alarmierungskette-vervollstaendigen\/#breadcrumb"},"inLanguage":"en-US","potentialAction":[{"@type":"ReadAction","target":["https:\/\/news.save.ch\/naturgefahren-bund-will-alarmierungskette-vervollstaendigen\/"]}]},{"@type":"ImageObject","inLanguage":"en-US","@id":"https:\/\/news.save.ch\/naturgefahren-bund-will-alarmierungskette-vervollstaendigen\/#primaryimage","url":"https:\/\/news.save.ch\/wp-content\/uploads\/2018\/04\/unwetter-goldach1-scaled.jpg","contentUrl":"https:\/\/news.save.ch\/wp-content\/uploads\/2018\/04\/unwetter-goldach1-scaled.jpg","width":1400,"height":928,"caption":"Foto: Kapo SG"},{"@type":"BreadcrumbList","@id":"https:\/\/news.save.ch\/naturgefahren-bund-will-alarmierungskette-vervollstaendigen\/#breadcrumb","itemListElement":[{"@type":"ListItem","position":1,"name":"Home","item":"https:\/\/news.save.ch\/de\/"},{"@type":"ListItem","position":2,"name":"Naturgefahren: Bund will Alarmierungskette vervollst\u00e4ndigen"}]},{"@type":"WebSite","@id":"https:\/\/news.save.ch\/de\/#website","url":"https:\/\/news.save.ch\/de\/","name":"Save","description":"Swiss trade journal for safety","publisher":{"@id":"https:\/\/news.save.ch\/de\/#organization"},"potentialAction":[{"@type":"SearchAction","target":{"@type":"EntryPoint","urlTemplate":"https:\/\/news.save.ch\/de\/?s={search_term_string}"},"query-input":{"@type":"PropertyValueSpecification","valueRequired":true,"valueName":"search_term_string"}}],"inLanguage":"en-US"},{"@type":"Organization","@id":"https:\/\/news.save.ch\/de\/#organization","name":"Security Forum","url":"https:\/\/news.save.ch\/de\/","logo":{"@type":"ImageObject","inLanguage":"en-US","@id":"https:\/\/news.save.ch\/de\/#\/schema\/logo\/image\/","url":"https:\/\/news.save.ch\/wp-content\/uploads\/2022\/06\/Logo_SF_2012.png","contentUrl":"https:\/\/news.save.ch\/wp-content\/uploads\/2022\/06\/Logo_SF_2012.png","width":1100,"height":91,"caption":"Sicherheitsforum"},"image":{"@id":"https:\/\/news.save.ch\/de\/#\/schema\/logo\/image\/"}},{"@type":"Person","@id":"https:\/\/news.save.ch\/de\/#\/schema\/person\/d5022db048e0e2b9785c50e5b24da5aa","name":"Roger Str\u00e4ssle","image":{"@type":"ImageObject","inLanguage":"en-US","@id":"https:\/\/secure.gravatar.com\/avatar\/862a5569d087de48e5856e32f45d719a03804c891d6deb8d4f71a660e79e4a47?s=96&d=mm&r=g","url":"https:\/\/secure.gravatar.com\/avatar\/862a5569d087de48e5856e32f45d719a03804c891d6deb8d4f71a660e79e4a47?s=96&d=mm&r=g","contentUrl":"https:\/\/secure.gravatar.com\/avatar\/862a5569d087de48e5856e32f45d719a03804c891d6deb8d4f71a660e79e4a47?s=96&d=mm&r=g","caption":"Roger Str\u00e4ssle"},"url":"https:\/\/news.save.ch\/en\/author\/roger-straessle\/"}]}},"_links":{"self":[{"href":"https:\/\/news.save.ch\/en\/wp-json\/wp\/v2\/posts\/6264","targetHints":{"allow":["GET"]}}],"collection":[{"href":"https:\/\/news.save.ch\/en\/wp-json\/wp\/v2\/posts"}],"about":[{"href":"https:\/\/news.save.ch\/en\/wp-json\/wp\/v2\/types\/post"}],"author":[{"embeddable":true,"href":"https:\/\/news.save.ch\/en\/wp-json\/wp\/v2\/users\/8"}],"replies":[{"embeddable":true,"href":"https:\/\/news.save.ch\/en\/wp-json\/wp\/v2\/comments?post=6264"}],"version-history":[{"count":1,"href":"https:\/\/news.save.ch\/en\/wp-json\/wp\/v2\/posts\/6264\/revisions"}],"predecessor-version":[{"id":17865,"href":"https:\/\/news.save.ch\/en\/wp-json\/wp\/v2\/posts\/6264\/revisions\/17865"}],"wp:featuredmedia":[{"embeddable":true,"href":"https:\/\/news.save.ch\/en\/wp-json\/wp\/v2\/media\/6265"}],"wp:attachment":[{"href":"https:\/\/news.save.ch\/en\/wp-json\/wp\/v2\/media?parent=6264"}],"wp:term":[{"taxonomy":"category","embeddable":true,"href":"https:\/\/news.save.ch\/en\/wp-json\/wp\/v2\/categories?post=6264"},{"taxonomy":"post_tag","embeddable":true,"href":"https:\/\/news.save.ch\/en\/wp-json\/wp\/v2\/tags?post=6264"}],"curies":[{"name":"wp","href":"https:\/\/api.w.org\/{rel}","templated":true}]}}