{"id":6267,"date":"2018-04-20T09:38:03","date_gmt":"2018-04-20T07:38:03","guid":{"rendered":"https:\/\/news.save.ch\/?p=6267"},"modified":"2023-03-14T08:56:56","modified_gmt":"2023-03-14T07:56:56","slug":"cyber-risiken-bund-definiert-sieben-ziele","status":null,"type":"post","link":"https:\/\/news.save.ch\/en\/cyber-risiken-bund-definiert-sieben-ziele\/","title":{"rendered":"Cyber Risks: Confederation defines seven targets"},"content":{"rendered":"<p><img loading=\"lazy\" decoding=\"async\" class=\"aligncenter size-medium wp-image-6268\" src=\"https:\/\/news.save.ch\/wp-content\/uploads\/2018\/04\/strategie.jpg\" alt=\"\" width=\"680\" height=\"469\" srcset=\"https:\/\/news.save.ch\/wp-content\/uploads\/2018\/04\/strategie.jpg 872w, https:\/\/news.save.ch\/wp-content\/uploads\/2018\/04\/strategie-375x259.jpg 375w\" sizes=\"auto, (max-width: 680px) 100vw, 680px\" \/><\/p>\n<p>&nbsp;<\/p>\n<p>Cyber risks characterize everyday life today. In recent times, broad-based waves of attacks that caused major damage worldwide have caused a stir, as have targeted and often politically motivated attacks on state infrastructures for the purpose of espionage or sabotage.<\/p>\n<h2>Strategic goals<\/h2>\n<p>With the newly developed Strategy for the Protection of Switzerland against Cyber Risks (NCS), the Federal Council has <a href=\"https:\/\/www.newsd.admin.ch\/newsd\/message\/attachments\/52071.pdf\">for the years 2018-2022<\/a> seven goals defined:<\/p>\n<ul>\n<li>Switzerland has the competencies, knowledge and skills to identify and assess cyber risks at an early stage.<\/li>\n<li>Switzerland develops effective measures to reduce cyber risks and implements them in the context of prevention.<\/li>\n<li>In all situations, Switzerland has the necessary capacities and organizational structures to quickly identify cyber incidents and to deal with them even if they last for a long time and affect different areas at the same time.<\/li>\n<li>Switzerland is resilient to cyber risks. The ability of critical infrastructures to provide important services and goods remains guaranteed even in the event of major cyber incidents.<\/li>\n<li>The protection of Switzerland against cyber risks is perceived as a joint task of society, business and the state, with responsibilities and competencies clearly defined and lived by all parties involved.<\/li>\n<li>Switzerland is committed to international cooperation to enhance cyber security. It promotes dialogue on cyber foreign and security policy, participates actively in international expert bodies and maintains exchanges with other countries and international organizations.<\/li>\n<li>Switzerland learns from cyber incidents at home and abroad. Cyber incidents are carefully analyzed and appropriate measures are taken based on the findings.<\/li>\n<\/ul>\n<p>The strategy now includes a field of action on standardization and regulation, through which the Confederation is mandated to develop minimum standards for cyber security in cooperation with the private sector and to examine the introduction of reporting obligations for cyber incidents.<\/p>\n<h2>Implementation planning in progress<\/h2>\n<p>To ensure that the Confederation can implement the measures specified by the strategy as quickly and effectively as possible, it is currently reviewing its structures in the area of cyber risks, according to the statement. Based on this review, the Confederation will develop the implementation plan for the NCS together with the cantons, the economy and the universities. This plan will specify who is responsible for which measures, which resources will be used and by when which steps should be completed.<\/p>\n<p><em>Covenant source<\/em><\/p>\n<p><a href=\"https:\/\/news.save.ch\/en\/cyber-risiken-bundesrat-gleist-nachfolgestrategie-auf\/\">Click here for the \"old\" strategy 2012-2017\u00a0<\/a><\/p>","protected":false},"excerpt":{"rendered":"<p>&nbsp; Cyber-Risiken pr\u00e4gen den heutigen Alltag. F\u00fcr Aufsehen sorgten in j\u00fcngster Zeit breit angelegte Angriffswellen, die weltweit zu grossen Sch\u00e4den f\u00fchrten, aber auch gezielte und oft politisch motivierte Angriffe auf staatliche Infrastrukturen zum Zweck der Spionage oder Sabotage. Strategiesche Ziele Der Bundesrat hat mit der neu erarbeiteten Strategie zum Schutz der Schweiz vor Cyber-Risiken (NCS) [&hellip;]<\/p>\n","protected":false},"author":8,"featured_media":6268,"comment_status":"open","ping_status":"open","sticky":false,"template":"","format":"standard","meta":{"_acf_changed":false,"pgc_sgb_lightbox_settings":"","footnotes":""},"categories":[3313],"tags":[168,96,62,63],"class_list":["post-6267","post","type-post","status-publish","format-standard","has-post-thumbnail","hentry","category-digitalisierung","tag-bundesrat","tag-cyber-crime","tag-ict-sicherheit","tag-it-security"],"acf":[],"hkrextid":null,"publication":null,"issue":null,"workflow":null,"startPage":null,"spitzmarke":null,"_posts_by_tag_page_fields":{"widget_title":"","widget_tags":""},"_at_widget":"1","_yoast_wpseo_primary_category":"2","_yoast_wpseo_focuskw_text_input":"Cyber-Risiken","_yoast_wpseo_opengraph-image":null,"_yoast_wpseo_opengraph-description":null,"_yoast_wpseo_opengraph-title":null,"enclosure":null,"_yoast_wpseo_twitter-title":null,"_yoast_wpseo_twitter-description":null,"_yoast_wpseo_twitter-image":null,"_wp_old_slug":null,"_yoast_wpseo_title":null,"_yoast_wpseo_canonical":null,"yoast_head":"<!-- This site is optimized with the Yoast SEO plugin v27.5 - https:\/\/yoast.com\/product\/yoast-seo-wordpress\/ -->\n<title>Cyber-Risiken: Bund definiert sieben Ziele - Save<\/title>\n<meta name=\"description\" content=\"Mit der Nationalen Strategie zum Schutz der Schweiz vor Cyber-Risiken 2018-2022 tr\u00e4gt der Bundesrat der gestiegenen Bedeutung von Cyber-Risiken Rechnung.\" \/>\n<meta name=\"robots\" content=\"index, follow, max-snippet:-1, max-image-preview:large, max-video-preview:-1\" \/>\n<link rel=\"canonical\" href=\"https:\/\/news.save.ch\/en\/cyber-risiken-bund-definiert-sieben-ziele\/\" \/>\n<meta property=\"og:locale\" content=\"en_US\" \/>\n<meta property=\"og:type\" content=\"article\" \/>\n<meta property=\"og:title\" content=\"Cyber-Risiken: Bund definiert sieben Ziele - Save\" \/>\n<meta property=\"og:description\" content=\"Mit der Nationalen Strategie zum Schutz der Schweiz vor Cyber-Risiken 2018-2022 tr\u00e4gt der Bundesrat der gestiegenen Bedeutung von Cyber-Risiken Rechnung.\" \/>\n<meta property=\"og:url\" content=\"https:\/\/news.save.ch\/en\/cyber-risiken-bund-definiert-sieben-ziele\/\" \/>\n<meta property=\"og:site_name\" content=\"Save\" \/>\n<meta property=\"article:published_time\" content=\"2018-04-20T07:38:03+00:00\" \/>\n<meta property=\"article:modified_time\" content=\"2023-03-14T07:56:56+00:00\" \/>\n<meta property=\"og:image\" content=\"https:\/\/news.save.ch\/wp-content\/uploads\/2018\/04\/strategie.jpg\" \/>\n\t<meta property=\"og:image:width\" content=\"872\" \/>\n\t<meta property=\"og:image:height\" content=\"602\" \/>\n\t<meta property=\"og:image:type\" content=\"image\/jpeg\" \/>\n<meta name=\"author\" content=\"Roger Str\u00e4ssle\" \/>\n<meta name=\"twitter:card\" content=\"summary_large_image\" \/>\n<meta name=\"twitter:label1\" content=\"Written by\" \/>\n\t<meta name=\"twitter:data1\" content=\"Roger Str\u00e4ssle\" \/>\n\t<meta name=\"twitter:label2\" content=\"Est. reading time\" \/>\n\t<meta name=\"twitter:data2\" content=\"2 minutes\" \/>\n<script type=\"application\/ld+json\" class=\"yoast-schema-graph\">{\"@context\":\"https:\\\/\\\/schema.org\",\"@graph\":[{\"@type\":\"Article\",\"@id\":\"https:\\\/\\\/news.save.ch\\\/cyber-risiken-bund-definiert-sieben-ziele\\\/#article\",\"isPartOf\":{\"@id\":\"https:\\\/\\\/news.save.ch\\\/cyber-risiken-bund-definiert-sieben-ziele\\\/\"},\"author\":{\"name\":\"Roger Str\u00e4ssle\",\"@id\":\"https:\\\/\\\/news.save.ch\\\/de\\\/#\\\/schema\\\/person\\\/d5022db048e0e2b9785c50e5b24da5aa\"},\"headline\":\"Cyber-Risiken: Bund definiert sieben Ziele\",\"datePublished\":\"2018-04-20T07:38:03+00:00\",\"dateModified\":\"2023-03-14T07:56:56+00:00\",\"mainEntityOfPage\":{\"@id\":\"https:\\\/\\\/news.save.ch\\\/cyber-risiken-bund-definiert-sieben-ziele\\\/\"},\"wordCount\":410,\"commentCount\":0,\"publisher\":{\"@id\":\"https:\\\/\\\/news.save.ch\\\/de\\\/#organization\"},\"image\":{\"@id\":\"https:\\\/\\\/news.save.ch\\\/cyber-risiken-bund-definiert-sieben-ziele\\\/#primaryimage\"},\"thumbnailUrl\":\"https:\\\/\\\/news.save.ch\\\/wp-content\\\/uploads\\\/2018\\\/04\\\/strategie.jpg\",\"keywords\":[\"Bundesrat\",\"Cyber-Crime\",\"ICT-Sicherheit\",\"IT-SECURITY\"],\"articleSection\":[\"DIGITALISIERUNG\"],\"inLanguage\":\"en-US\"},{\"@type\":\"WebPage\",\"@id\":\"https:\\\/\\\/news.save.ch\\\/cyber-risiken-bund-definiert-sieben-ziele\\\/\",\"url\":\"https:\\\/\\\/news.save.ch\\\/cyber-risiken-bund-definiert-sieben-ziele\\\/\",\"name\":\"Cyber-Risiken: Bund definiert sieben Ziele - Save\",\"isPartOf\":{\"@id\":\"https:\\\/\\\/news.save.ch\\\/de\\\/#website\"},\"primaryImageOfPage\":{\"@id\":\"https:\\\/\\\/news.save.ch\\\/cyber-risiken-bund-definiert-sieben-ziele\\\/#primaryimage\"},\"image\":{\"@id\":\"https:\\\/\\\/news.save.ch\\\/cyber-risiken-bund-definiert-sieben-ziele\\\/#primaryimage\"},\"thumbnailUrl\":\"https:\\\/\\\/news.save.ch\\\/wp-content\\\/uploads\\\/2018\\\/04\\\/strategie.jpg\",\"datePublished\":\"2018-04-20T07:38:03+00:00\",\"dateModified\":\"2023-03-14T07:56:56+00:00\",\"description\":\"Mit der Nationalen Strategie zum Schutz der Schweiz vor Cyber-Risiken 2018-2022 tr\u00e4gt der Bundesrat der gestiegenen Bedeutung von Cyber-Risiken Rechnung.\",\"breadcrumb\":{\"@id\":\"https:\\\/\\\/news.save.ch\\\/cyber-risiken-bund-definiert-sieben-ziele\\\/#breadcrumb\"},\"inLanguage\":\"en-US\",\"potentialAction\":[{\"@type\":\"ReadAction\",\"target\":[\"https:\\\/\\\/news.save.ch\\\/cyber-risiken-bund-definiert-sieben-ziele\\\/\"]}]},{\"@type\":\"ImageObject\",\"inLanguage\":\"en-US\",\"@id\":\"https:\\\/\\\/news.save.ch\\\/cyber-risiken-bund-definiert-sieben-ziele\\\/#primaryimage\",\"url\":\"https:\\\/\\\/news.save.ch\\\/wp-content\\\/uploads\\\/2018\\\/04\\\/strategie.jpg\",\"contentUrl\":\"https:\\\/\\\/news.save.ch\\\/wp-content\\\/uploads\\\/2018\\\/04\\\/strategie.jpg\",\"width\":872,\"height\":602,\"caption\":\"Quelle: Bund\"},{\"@type\":\"BreadcrumbList\",\"@id\":\"https:\\\/\\\/news.save.ch\\\/cyber-risiken-bund-definiert-sieben-ziele\\\/#breadcrumb\",\"itemListElement\":[{\"@type\":\"ListItem\",\"position\":1,\"name\":\"Home\",\"item\":\"https:\\\/\\\/news.save.ch\\\/de\\\/\"},{\"@type\":\"ListItem\",\"position\":2,\"name\":\"Cyber-Risiken: Bund definiert sieben Ziele\"}]},{\"@type\":\"WebSite\",\"@id\":\"https:\\\/\\\/news.save.ch\\\/de\\\/#website\",\"url\":\"https:\\\/\\\/news.save.ch\\\/de\\\/\",\"name\":\"Save\",\"description\":\"Schweizer Fachzeitschrift f\u00fcr Sicherheit\",\"publisher\":{\"@id\":\"https:\\\/\\\/news.save.ch\\\/de\\\/#organization\"},\"potentialAction\":[{\"@type\":\"SearchAction\",\"target\":{\"@type\":\"EntryPoint\",\"urlTemplate\":\"https:\\\/\\\/news.save.ch\\\/de\\\/?s={search_term_string}\"},\"query-input\":{\"@type\":\"PropertyValueSpecification\",\"valueRequired\":true,\"valueName\":\"search_term_string\"}}],\"inLanguage\":\"en-US\"},{\"@type\":\"Organization\",\"@id\":\"https:\\\/\\\/news.save.ch\\\/de\\\/#organization\",\"name\":\"Sicherheitsforum\",\"url\":\"https:\\\/\\\/news.save.ch\\\/de\\\/\",\"logo\":{\"@type\":\"ImageObject\",\"inLanguage\":\"en-US\",\"@id\":\"https:\\\/\\\/news.save.ch\\\/de\\\/#\\\/schema\\\/logo\\\/image\\\/\",\"url\":\"https:\\\/\\\/news.save.ch\\\/wp-content\\\/uploads\\\/2022\\\/06\\\/Logo_SF_2012.png\",\"contentUrl\":\"https:\\\/\\\/news.save.ch\\\/wp-content\\\/uploads\\\/2022\\\/06\\\/Logo_SF_2012.png\",\"width\":1100,\"height\":91,\"caption\":\"Sicherheitsforum\"},\"image\":{\"@id\":\"https:\\\/\\\/news.save.ch\\\/de\\\/#\\\/schema\\\/logo\\\/image\\\/\"}},{\"@type\":\"Person\",\"@id\":\"https:\\\/\\\/news.save.ch\\\/de\\\/#\\\/schema\\\/person\\\/d5022db048e0e2b9785c50e5b24da5aa\",\"name\":\"Roger Str\u00e4ssle\",\"image\":{\"@type\":\"ImageObject\",\"inLanguage\":\"en-US\",\"@id\":\"https:\\\/\\\/secure.gravatar.com\\\/avatar\\\/862a5569d087de48e5856e32f45d719a03804c891d6deb8d4f71a660e79e4a47?s=96&d=mm&r=g\",\"url\":\"https:\\\/\\\/secure.gravatar.com\\\/avatar\\\/862a5569d087de48e5856e32f45d719a03804c891d6deb8d4f71a660e79e4a47?s=96&d=mm&r=g\",\"contentUrl\":\"https:\\\/\\\/secure.gravatar.com\\\/avatar\\\/862a5569d087de48e5856e32f45d719a03804c891d6deb8d4f71a660e79e4a47?s=96&d=mm&r=g\",\"caption\":\"Roger Str\u00e4ssle\"},\"url\":\"https:\\\/\\\/news.save.ch\\\/en\\\/author\\\/roger-straessle\\\/\"}]}<\/script>\n<!-- \/ Yoast SEO plugin. -->","yoast_head_json":{"title":"Cyber Risks: Confederation defines seven targets - Save","description":"With the National Strategy for the Protection of Switzerland against Cyber Risks 2018-2022, the Federal Council takes into account the increased importance of cyber risks.","robots":{"index":"index","follow":"follow","max-snippet":"max-snippet:-1","max-image-preview":"max-image-preview:large","max-video-preview":"max-video-preview:-1"},"canonical":"https:\/\/news.save.ch\/en\/cyber-risiken-bund-definiert-sieben-ziele\/","og_locale":"en_US","og_type":"article","og_title":"Cyber-Risiken: Bund definiert sieben Ziele - Save","og_description":"Mit der Nationalen Strategie zum Schutz der Schweiz vor Cyber-Risiken 2018-2022 tr\u00e4gt der Bundesrat der gestiegenen Bedeutung von Cyber-Risiken Rechnung.","og_url":"https:\/\/news.save.ch\/en\/cyber-risiken-bund-definiert-sieben-ziele\/","og_site_name":"Save","article_published_time":"2018-04-20T07:38:03+00:00","article_modified_time":"2023-03-14T07:56:56+00:00","og_image":[{"width":872,"height":602,"url":"https:\/\/news.save.ch\/wp-content\/uploads\/2018\/04\/strategie.jpg","type":"image\/jpeg"}],"author":"Roger Str\u00e4ssle","twitter_card":"summary_large_image","twitter_misc":{"Written by":"Roger Str\u00e4ssle","Est. reading time":"2 minutes"},"schema":{"@context":"https:\/\/schema.org","@graph":[{"@type":"Article","@id":"https:\/\/news.save.ch\/cyber-risiken-bund-definiert-sieben-ziele\/#article","isPartOf":{"@id":"https:\/\/news.save.ch\/cyber-risiken-bund-definiert-sieben-ziele\/"},"author":{"name":"Roger Str\u00e4ssle","@id":"https:\/\/news.save.ch\/de\/#\/schema\/person\/d5022db048e0e2b9785c50e5b24da5aa"},"headline":"Cyber-Risiken: Bund definiert sieben Ziele","datePublished":"2018-04-20T07:38:03+00:00","dateModified":"2023-03-14T07:56:56+00:00","mainEntityOfPage":{"@id":"https:\/\/news.save.ch\/cyber-risiken-bund-definiert-sieben-ziele\/"},"wordCount":410,"commentCount":0,"publisher":{"@id":"https:\/\/news.save.ch\/de\/#organization"},"image":{"@id":"https:\/\/news.save.ch\/cyber-risiken-bund-definiert-sieben-ziele\/#primaryimage"},"thumbnailUrl":"https:\/\/news.save.ch\/wp-content\/uploads\/2018\/04\/strategie.jpg","keywords":["Bundesrat","Cyber-Crime","ICT-Sicherheit","IT-SECURITY"],"articleSection":["DIGITALISIERUNG"],"inLanguage":"en-US"},{"@type":"WebPage","@id":"https:\/\/news.save.ch\/cyber-risiken-bund-definiert-sieben-ziele\/","url":"https:\/\/news.save.ch\/cyber-risiken-bund-definiert-sieben-ziele\/","name":"Cyber Risks: Confederation defines seven targets - Save","isPartOf":{"@id":"https:\/\/news.save.ch\/de\/#website"},"primaryImageOfPage":{"@id":"https:\/\/news.save.ch\/cyber-risiken-bund-definiert-sieben-ziele\/#primaryimage"},"image":{"@id":"https:\/\/news.save.ch\/cyber-risiken-bund-definiert-sieben-ziele\/#primaryimage"},"thumbnailUrl":"https:\/\/news.save.ch\/wp-content\/uploads\/2018\/04\/strategie.jpg","datePublished":"2018-04-20T07:38:03+00:00","dateModified":"2023-03-14T07:56:56+00:00","description":"With the National Strategy for the Protection of Switzerland against Cyber Risks 2018-2022, the Federal Council takes into account the increased importance of cyber risks.","breadcrumb":{"@id":"https:\/\/news.save.ch\/cyber-risiken-bund-definiert-sieben-ziele\/#breadcrumb"},"inLanguage":"en-US","potentialAction":[{"@type":"ReadAction","target":["https:\/\/news.save.ch\/cyber-risiken-bund-definiert-sieben-ziele\/"]}]},{"@type":"ImageObject","inLanguage":"en-US","@id":"https:\/\/news.save.ch\/cyber-risiken-bund-definiert-sieben-ziele\/#primaryimage","url":"https:\/\/news.save.ch\/wp-content\/uploads\/2018\/04\/strategie.jpg","contentUrl":"https:\/\/news.save.ch\/wp-content\/uploads\/2018\/04\/strategie.jpg","width":872,"height":602,"caption":"Quelle: Bund"},{"@type":"BreadcrumbList","@id":"https:\/\/news.save.ch\/cyber-risiken-bund-definiert-sieben-ziele\/#breadcrumb","itemListElement":[{"@type":"ListItem","position":1,"name":"Home","item":"https:\/\/news.save.ch\/de\/"},{"@type":"ListItem","position":2,"name":"Cyber-Risiken: Bund definiert sieben Ziele"}]},{"@type":"WebSite","@id":"https:\/\/news.save.ch\/de\/#website","url":"https:\/\/news.save.ch\/de\/","name":"Save","description":"Swiss trade journal for safety","publisher":{"@id":"https:\/\/news.save.ch\/de\/#organization"},"potentialAction":[{"@type":"SearchAction","target":{"@type":"EntryPoint","urlTemplate":"https:\/\/news.save.ch\/de\/?s={search_term_string}"},"query-input":{"@type":"PropertyValueSpecification","valueRequired":true,"valueName":"search_term_string"}}],"inLanguage":"en-US"},{"@type":"Organization","@id":"https:\/\/news.save.ch\/de\/#organization","name":"Security Forum","url":"https:\/\/news.save.ch\/de\/","logo":{"@type":"ImageObject","inLanguage":"en-US","@id":"https:\/\/news.save.ch\/de\/#\/schema\/logo\/image\/","url":"https:\/\/news.save.ch\/wp-content\/uploads\/2022\/06\/Logo_SF_2012.png","contentUrl":"https:\/\/news.save.ch\/wp-content\/uploads\/2022\/06\/Logo_SF_2012.png","width":1100,"height":91,"caption":"Sicherheitsforum"},"image":{"@id":"https:\/\/news.save.ch\/de\/#\/schema\/logo\/image\/"}},{"@type":"Person","@id":"https:\/\/news.save.ch\/de\/#\/schema\/person\/d5022db048e0e2b9785c50e5b24da5aa","name":"Roger Str\u00e4ssle","image":{"@type":"ImageObject","inLanguage":"en-US","@id":"https:\/\/secure.gravatar.com\/avatar\/862a5569d087de48e5856e32f45d719a03804c891d6deb8d4f71a660e79e4a47?s=96&d=mm&r=g","url":"https:\/\/secure.gravatar.com\/avatar\/862a5569d087de48e5856e32f45d719a03804c891d6deb8d4f71a660e79e4a47?s=96&d=mm&r=g","contentUrl":"https:\/\/secure.gravatar.com\/avatar\/862a5569d087de48e5856e32f45d719a03804c891d6deb8d4f71a660e79e4a47?s=96&d=mm&r=g","caption":"Roger Str\u00e4ssle"},"url":"https:\/\/news.save.ch\/en\/author\/roger-straessle\/"}]}},"_links":{"self":[{"href":"https:\/\/news.save.ch\/en\/wp-json\/wp\/v2\/posts\/6267","targetHints":{"allow":["GET"]}}],"collection":[{"href":"https:\/\/news.save.ch\/en\/wp-json\/wp\/v2\/posts"}],"about":[{"href":"https:\/\/news.save.ch\/en\/wp-json\/wp\/v2\/types\/post"}],"author":[{"embeddable":true,"href":"https:\/\/news.save.ch\/en\/wp-json\/wp\/v2\/users\/8"}],"replies":[{"embeddable":true,"href":"https:\/\/news.save.ch\/en\/wp-json\/wp\/v2\/comments?post=6267"}],"version-history":[{"count":1,"href":"https:\/\/news.save.ch\/en\/wp-json\/wp\/v2\/posts\/6267\/revisions"}],"predecessor-version":[{"id":17456,"href":"https:\/\/news.save.ch\/en\/wp-json\/wp\/v2\/posts\/6267\/revisions\/17456"}],"wp:featuredmedia":[{"embeddable":true,"href":"https:\/\/news.save.ch\/en\/wp-json\/wp\/v2\/media\/6268"}],"wp:attachment":[{"href":"https:\/\/news.save.ch\/en\/wp-json\/wp\/v2\/media?parent=6267"}],"wp:term":[{"taxonomy":"category","embeddable":true,"href":"https:\/\/news.save.ch\/en\/wp-json\/wp\/v2\/categories?post=6267"},{"taxonomy":"post_tag","embeddable":true,"href":"https:\/\/news.save.ch\/en\/wp-json\/wp\/v2\/tags?post=6267"}],"curies":[{"name":"wp","href":"https:\/\/api.w.org\/{rel}","templated":true}]}}