{"id":6457,"date":"2018-06-02T06:35:21","date_gmt":"2018-06-02T04:35:21","guid":{"rendered":"https:\/\/news.save.ch\/?p=6457"},"modified":"2023-03-14T09:00:01","modified_gmt":"2023-03-14T08:00:01","slug":"unbemannte-schleusen-kommen-definitiv","status":null,"type":"post","link":"https:\/\/news.save.ch\/en\/unbemannte-schleusen-kommen-definitiv\/","title":{"rendered":"Unmanned passport control is definitely coming"},"content":{"rendered":"<figure id=\"attachment_6460\" aria-describedby=\"caption-attachment-6460\" style=\"width: 680px\" class=\"wp-caption aligncenter\"><img loading=\"lazy\" decoding=\"async\" class=\"size-medium wp-image-6460\" src=\"https:\/\/news.save.ch\/wp-content\/uploads\/2018\/06\/Automatisierte_Passkontrolle_Einreise_Sept2017_1-scaled-1.jpg\" alt=\"\" width=\"680\" height=\"399\" \/><figcaption id=\"caption-attachment-6460\" class=\"wp-caption-text\">\u00a9 Zurich Airport<\/figcaption><\/figure>\n<p>&nbsp;<\/p>\n<p>Since last September, when entering Switzerland, eight <a href=\"https:\/\/news.save.ch\/en\/kontrollsysteme-im-flughafen-zuerich\/\">unmanned border controls<\/a> in operation. The experience of the pilot phase has been positive, writes the operator of Zurich Airport. Therefore, in addition to the entry, the exit in Zurich will now also be equipped with five such airlocks, which will make border control more efficient for passengers.<br \/>\nIn automated passport control, a passenger crosses the Schengen border by scanning the biometric data of his or her passport. Unmanned passport control is voluntary. Anyone who has a biometric passport, is over 18 years old and is a Swiss, EU or EEA citizen is allowed through these barriers. No personal data will be stored, airport officials promise.<\/p>\n<p><strong>Also more operated switches<\/strong><\/p>\n<p>Due to the steadily increasing number of passengers, the passport control hall at Zurich Airport reaches its capacity limits at peak times. For this reason, the airport operator has implemented six additional staffed counters at the local exit, in addition to the unmanned airlocks.<\/p>\n<p>The total costs for the expansion of the passport control hall and the installation of the additional counters and airlocks amount to around eight million Swiss francs. These costs will be borne jointly by the airport operator, the canton of Zurich and the European Internal Security Fund (ISF Fund), according to a final statement. <em>(rs)<\/em><\/p>\n<p>&nbsp;<\/p>\n<p>&nbsp;<\/p>\n<p>&nbsp;<\/p>","protected":false},"excerpt":{"rendered":"<p>&nbsp; Seit letztem September sind bei der Einreise in die Schweiz acht unbemannte Grenzkontrollen in Betrieb. Die Erfahrungen der Pilotphase seien positiv verlaufen, schreibt die Betreiberin des Flughafens Z\u00fcrich. Deshalb wird jetzt nebst der Einreise auch die Ausreise in Z\u00fcrich mit f\u00fcnf solchen Schleusen best\u00fcckt, was die Grenzkontrolle f\u00fcr die Passagiere effizienter gestaltet. Bei der [&hellip;]<\/p>\n","protected":false},"author":8,"featured_media":6460,"comment_status":"open","ping_status":"open","sticky":false,"template":"","format":"standard","meta":{"_acf_changed":false,"pgc_sgb_lightbox_settings":"","footnotes":""},"categories":[3312],"tags":[69,158],"class_list":["post-6457","post","type-post","status-publish","format-standard","has-post-thumbnail","hentry","category-sicherheit","tag-justiz-polizei","tag-zutrittskontrolle"],"acf":[],"hkrextid":null,"publication":null,"issue":null,"workflow":null,"startPage":null,"spitzmarke":null,"_posts_by_tag_page_fields":{"widget_title":"","widget_tags":""},"_at_widget":"1","_yoast_wpseo_primary_category":"3303","_yoast_wpseo_focuskw_text_input":"Grenzkontrolle","_yoast_wpseo_opengraph-image":null,"_yoast_wpseo_opengraph-description":null,"_yoast_wpseo_opengraph-title":null,"enclosure":null,"_yoast_wpseo_twitter-title":null,"_yoast_wpseo_twitter-description":null,"_yoast_wpseo_twitter-image":null,"_wp_old_slug":null,"_yoast_wpseo_title":null,"_yoast_wpseo_canonical":null,"yoast_head":"<!-- This site is optimized with the Yoast SEO plugin v27.4 - https:\/\/yoast.com\/product\/yoast-seo-wordpress\/ -->\n<title>Unbemannte Passkontrolle kommt definitiv - Save<\/title>\n<meta name=\"description\" content=\"Der Flughafen Z\u00fcrich f\u00fchrt die automatisierte Passkontrolle bei der In- und Ausreise definitive ein.\" \/>\n<meta name=\"robots\" content=\"index, follow, max-snippet:-1, max-image-preview:large, max-video-preview:-1\" \/>\n<link rel=\"canonical\" href=\"https:\/\/news.save.ch\/en\/unbemannte-schleusen-kommen-definitiv\/\" \/>\n<meta property=\"og:locale\" content=\"en_US\" \/>\n<meta property=\"og:type\" content=\"article\" \/>\n<meta property=\"og:title\" content=\"Unbemannte Passkontrolle kommt definitiv - Save\" \/>\n<meta property=\"og:description\" content=\"Der Flughafen Z\u00fcrich f\u00fchrt die automatisierte Passkontrolle bei der In- und Ausreise definitive ein.\" \/>\n<meta property=\"og:url\" content=\"https:\/\/news.save.ch\/en\/unbemannte-schleusen-kommen-definitiv\/\" \/>\n<meta property=\"og:site_name\" content=\"Save\" \/>\n<meta property=\"article:published_time\" content=\"2018-06-02T04:35:21+00:00\" \/>\n<meta property=\"article:modified_time\" content=\"2023-03-14T08:00:01+00:00\" \/>\n<meta property=\"og:image\" content=\"https:\/\/news.save.ch\/wp-content\/uploads\/2018\/06\/Automatisierte_Passkontrolle_Einreise_Sept2017_1-scaled-1-scaled.jpg\" \/>\n\t<meta property=\"og:image:width\" content=\"1400\" \/>\n\t<meta property=\"og:image:height\" content=\"820\" \/>\n\t<meta property=\"og:image:type\" content=\"image\/jpeg\" \/>\n<meta name=\"author\" content=\"Roger Str\u00e4ssle\" \/>\n<meta name=\"twitter:card\" content=\"summary_large_image\" \/>\n<meta name=\"twitter:label1\" content=\"Written by\" \/>\n\t<meta name=\"twitter:data1\" content=\"Roger Str\u00e4ssle\" \/>\n\t<meta name=\"twitter:label2\" content=\"Est. reading time\" \/>\n\t<meta name=\"twitter:data2\" content=\"1 minute\" \/>\n<script type=\"application\/ld+json\" class=\"yoast-schema-graph\">{\"@context\":\"https:\\\/\\\/schema.org\",\"@graph\":[{\"@type\":\"Article\",\"@id\":\"https:\\\/\\\/news.save.ch\\\/unbemannte-schleusen-kommen-definitiv\\\/#article\",\"isPartOf\":{\"@id\":\"https:\\\/\\\/news.save.ch\\\/unbemannte-schleusen-kommen-definitiv\\\/\"},\"author\":{\"name\":\"Roger Str\u00e4ssle\",\"@id\":\"https:\\\/\\\/news.save.ch\\\/de\\\/#\\\/schema\\\/person\\\/d5022db048e0e2b9785c50e5b24da5aa\"},\"headline\":\"Unbemannte Passkontrolle kommt definitiv\",\"datePublished\":\"2018-06-02T04:35:21+00:00\",\"dateModified\":\"2023-03-14T08:00:01+00:00\",\"mainEntityOfPage\":{\"@id\":\"https:\\\/\\\/news.save.ch\\\/unbemannte-schleusen-kommen-definitiv\\\/\"},\"wordCount\":218,\"commentCount\":0,\"publisher\":{\"@id\":\"https:\\\/\\\/news.save.ch\\\/de\\\/#organization\"},\"image\":{\"@id\":\"https:\\\/\\\/news.save.ch\\\/unbemannte-schleusen-kommen-definitiv\\\/#primaryimage\"},\"thumbnailUrl\":\"https:\\\/\\\/news.save.ch\\\/wp-content\\\/uploads\\\/2018\\\/06\\\/Automatisierte_Passkontrolle_Einreise_Sept2017_1-scaled-1-scaled.jpg\",\"keywords\":[\"Justiz &amp; Polizei\",\"Zutrittskontrolle\"],\"articleSection\":[\"SICHERHEIT\"],\"inLanguage\":\"en-US\"},{\"@type\":\"WebPage\",\"@id\":\"https:\\\/\\\/news.save.ch\\\/unbemannte-schleusen-kommen-definitiv\\\/\",\"url\":\"https:\\\/\\\/news.save.ch\\\/unbemannte-schleusen-kommen-definitiv\\\/\",\"name\":\"Unbemannte Passkontrolle kommt definitiv - Save\",\"isPartOf\":{\"@id\":\"https:\\\/\\\/news.save.ch\\\/de\\\/#website\"},\"primaryImageOfPage\":{\"@id\":\"https:\\\/\\\/news.save.ch\\\/unbemannte-schleusen-kommen-definitiv\\\/#primaryimage\"},\"image\":{\"@id\":\"https:\\\/\\\/news.save.ch\\\/unbemannte-schleusen-kommen-definitiv\\\/#primaryimage\"},\"thumbnailUrl\":\"https:\\\/\\\/news.save.ch\\\/wp-content\\\/uploads\\\/2018\\\/06\\\/Automatisierte_Passkontrolle_Einreise_Sept2017_1-scaled-1-scaled.jpg\",\"datePublished\":\"2018-06-02T04:35:21+00:00\",\"dateModified\":\"2023-03-14T08:00:01+00:00\",\"description\":\"Der Flughafen Z\u00fcrich f\u00fchrt die automatisierte Passkontrolle bei der In- und Ausreise definitive ein.\",\"breadcrumb\":{\"@id\":\"https:\\\/\\\/news.save.ch\\\/unbemannte-schleusen-kommen-definitiv\\\/#breadcrumb\"},\"inLanguage\":\"en-US\",\"potentialAction\":[{\"@type\":\"ReadAction\",\"target\":[\"https:\\\/\\\/news.save.ch\\\/unbemannte-schleusen-kommen-definitiv\\\/\"]}]},{\"@type\":\"ImageObject\",\"inLanguage\":\"en-US\",\"@id\":\"https:\\\/\\\/news.save.ch\\\/unbemannte-schleusen-kommen-definitiv\\\/#primaryimage\",\"url\":\"https:\\\/\\\/news.save.ch\\\/wp-content\\\/uploads\\\/2018\\\/06\\\/Automatisierte_Passkontrolle_Einreise_Sept2017_1-scaled-1-scaled.jpg\",\"contentUrl\":\"https:\\\/\\\/news.save.ch\\\/wp-content\\\/uploads\\\/2018\\\/06\\\/Automatisierte_Passkontrolle_Einreise_Sept2017_1-scaled-1-scaled.jpg\",\"width\":1400,\"height\":820,\"caption\":\"\u00a9 Flughafen Z\u00fcrich\"},{\"@type\":\"BreadcrumbList\",\"@id\":\"https:\\\/\\\/news.save.ch\\\/unbemannte-schleusen-kommen-definitiv\\\/#breadcrumb\",\"itemListElement\":[{\"@type\":\"ListItem\",\"position\":1,\"name\":\"Home\",\"item\":\"https:\\\/\\\/news.save.ch\\\/de\\\/\"},{\"@type\":\"ListItem\",\"position\":2,\"name\":\"Unbemannte Passkontrolle kommt definitiv\"}]},{\"@type\":\"WebSite\",\"@id\":\"https:\\\/\\\/news.save.ch\\\/de\\\/#website\",\"url\":\"https:\\\/\\\/news.save.ch\\\/de\\\/\",\"name\":\"Save\",\"description\":\"Schweizer Fachzeitschrift f\u00fcr Sicherheit\",\"publisher\":{\"@id\":\"https:\\\/\\\/news.save.ch\\\/de\\\/#organization\"},\"potentialAction\":[{\"@type\":\"SearchAction\",\"target\":{\"@type\":\"EntryPoint\",\"urlTemplate\":\"https:\\\/\\\/news.save.ch\\\/de\\\/?s={search_term_string}\"},\"query-input\":{\"@type\":\"PropertyValueSpecification\",\"valueRequired\":true,\"valueName\":\"search_term_string\"}}],\"inLanguage\":\"en-US\"},{\"@type\":\"Organization\",\"@id\":\"https:\\\/\\\/news.save.ch\\\/de\\\/#organization\",\"name\":\"Sicherheitsforum\",\"url\":\"https:\\\/\\\/news.save.ch\\\/de\\\/\",\"logo\":{\"@type\":\"ImageObject\",\"inLanguage\":\"en-US\",\"@id\":\"https:\\\/\\\/news.save.ch\\\/de\\\/#\\\/schema\\\/logo\\\/image\\\/\",\"url\":\"https:\\\/\\\/news.save.ch\\\/wp-content\\\/uploads\\\/2022\\\/06\\\/Logo_SF_2012.png\",\"contentUrl\":\"https:\\\/\\\/news.save.ch\\\/wp-content\\\/uploads\\\/2022\\\/06\\\/Logo_SF_2012.png\",\"width\":1100,\"height\":91,\"caption\":\"Sicherheitsforum\"},\"image\":{\"@id\":\"https:\\\/\\\/news.save.ch\\\/de\\\/#\\\/schema\\\/logo\\\/image\\\/\"}},{\"@type\":\"Person\",\"@id\":\"https:\\\/\\\/news.save.ch\\\/de\\\/#\\\/schema\\\/person\\\/d5022db048e0e2b9785c50e5b24da5aa\",\"name\":\"Roger Str\u00e4ssle\",\"image\":{\"@type\":\"ImageObject\",\"inLanguage\":\"en-US\",\"@id\":\"https:\\\/\\\/secure.gravatar.com\\\/avatar\\\/862a5569d087de48e5856e32f45d719a03804c891d6deb8d4f71a660e79e4a47?s=96&d=mm&r=g\",\"url\":\"https:\\\/\\\/secure.gravatar.com\\\/avatar\\\/862a5569d087de48e5856e32f45d719a03804c891d6deb8d4f71a660e79e4a47?s=96&d=mm&r=g\",\"contentUrl\":\"https:\\\/\\\/secure.gravatar.com\\\/avatar\\\/862a5569d087de48e5856e32f45d719a03804c891d6deb8d4f71a660e79e4a47?s=96&d=mm&r=g\",\"caption\":\"Roger Str\u00e4ssle\"},\"url\":\"https:\\\/\\\/news.save.ch\\\/en\\\/author\\\/roger-straessle\\\/\"}]}<\/script>\n<!-- \/ Yoast SEO plugin. -->","yoast_head_json":{"title":"Unmanned passport control is definitely coming - Save","description":"Zurich Airport introduces automated passport control for entry and exit definitive.","robots":{"index":"index","follow":"follow","max-snippet":"max-snippet:-1","max-image-preview":"max-image-preview:large","max-video-preview":"max-video-preview:-1"},"canonical":"https:\/\/news.save.ch\/en\/unbemannte-schleusen-kommen-definitiv\/","og_locale":"en_US","og_type":"article","og_title":"Unbemannte Passkontrolle kommt definitiv - Save","og_description":"Der Flughafen Z\u00fcrich f\u00fchrt die automatisierte Passkontrolle bei der In- und Ausreise definitive ein.","og_url":"https:\/\/news.save.ch\/en\/unbemannte-schleusen-kommen-definitiv\/","og_site_name":"Save","article_published_time":"2018-06-02T04:35:21+00:00","article_modified_time":"2023-03-14T08:00:01+00:00","og_image":[{"width":1400,"height":820,"url":"https:\/\/news.save.ch\/wp-content\/uploads\/2018\/06\/Automatisierte_Passkontrolle_Einreise_Sept2017_1-scaled-1-scaled.jpg","type":"image\/jpeg"}],"author":"Roger Str\u00e4ssle","twitter_card":"summary_large_image","twitter_misc":{"Written by":"Roger Str\u00e4ssle","Est. reading time":"1 minute"},"schema":{"@context":"https:\/\/schema.org","@graph":[{"@type":"Article","@id":"https:\/\/news.save.ch\/unbemannte-schleusen-kommen-definitiv\/#article","isPartOf":{"@id":"https:\/\/news.save.ch\/unbemannte-schleusen-kommen-definitiv\/"},"author":{"name":"Roger Str\u00e4ssle","@id":"https:\/\/news.save.ch\/de\/#\/schema\/person\/d5022db048e0e2b9785c50e5b24da5aa"},"headline":"Unbemannte Passkontrolle kommt definitiv","datePublished":"2018-06-02T04:35:21+00:00","dateModified":"2023-03-14T08:00:01+00:00","mainEntityOfPage":{"@id":"https:\/\/news.save.ch\/unbemannte-schleusen-kommen-definitiv\/"},"wordCount":218,"commentCount":0,"publisher":{"@id":"https:\/\/news.save.ch\/de\/#organization"},"image":{"@id":"https:\/\/news.save.ch\/unbemannte-schleusen-kommen-definitiv\/#primaryimage"},"thumbnailUrl":"https:\/\/news.save.ch\/wp-content\/uploads\/2018\/06\/Automatisierte_Passkontrolle_Einreise_Sept2017_1-scaled-1-scaled.jpg","keywords":["Justiz &amp; Polizei","Zutrittskontrolle"],"articleSection":["SICHERHEIT"],"inLanguage":"en-US"},{"@type":"WebPage","@id":"https:\/\/news.save.ch\/unbemannte-schleusen-kommen-definitiv\/","url":"https:\/\/news.save.ch\/unbemannte-schleusen-kommen-definitiv\/","name":"Unmanned passport control is definitely coming - Save","isPartOf":{"@id":"https:\/\/news.save.ch\/de\/#website"},"primaryImageOfPage":{"@id":"https:\/\/news.save.ch\/unbemannte-schleusen-kommen-definitiv\/#primaryimage"},"image":{"@id":"https:\/\/news.save.ch\/unbemannte-schleusen-kommen-definitiv\/#primaryimage"},"thumbnailUrl":"https:\/\/news.save.ch\/wp-content\/uploads\/2018\/06\/Automatisierte_Passkontrolle_Einreise_Sept2017_1-scaled-1-scaled.jpg","datePublished":"2018-06-02T04:35:21+00:00","dateModified":"2023-03-14T08:00:01+00:00","description":"Zurich Airport introduces automated passport control for entry and exit definitive.","breadcrumb":{"@id":"https:\/\/news.save.ch\/unbemannte-schleusen-kommen-definitiv\/#breadcrumb"},"inLanguage":"en-US","potentialAction":[{"@type":"ReadAction","target":["https:\/\/news.save.ch\/unbemannte-schleusen-kommen-definitiv\/"]}]},{"@type":"ImageObject","inLanguage":"en-US","@id":"https:\/\/news.save.ch\/unbemannte-schleusen-kommen-definitiv\/#primaryimage","url":"https:\/\/news.save.ch\/wp-content\/uploads\/2018\/06\/Automatisierte_Passkontrolle_Einreise_Sept2017_1-scaled-1-scaled.jpg","contentUrl":"https:\/\/news.save.ch\/wp-content\/uploads\/2018\/06\/Automatisierte_Passkontrolle_Einreise_Sept2017_1-scaled-1-scaled.jpg","width":1400,"height":820,"caption":"\u00a9 Flughafen Z\u00fcrich"},{"@type":"BreadcrumbList","@id":"https:\/\/news.save.ch\/unbemannte-schleusen-kommen-definitiv\/#breadcrumb","itemListElement":[{"@type":"ListItem","position":1,"name":"Home","item":"https:\/\/news.save.ch\/de\/"},{"@type":"ListItem","position":2,"name":"Unbemannte Passkontrolle kommt definitiv"}]},{"@type":"WebSite","@id":"https:\/\/news.save.ch\/de\/#website","url":"https:\/\/news.save.ch\/de\/","name":"Save","description":"Swiss trade journal for safety","publisher":{"@id":"https:\/\/news.save.ch\/de\/#organization"},"potentialAction":[{"@type":"SearchAction","target":{"@type":"EntryPoint","urlTemplate":"https:\/\/news.save.ch\/de\/?s={search_term_string}"},"query-input":{"@type":"PropertyValueSpecification","valueRequired":true,"valueName":"search_term_string"}}],"inLanguage":"en-US"},{"@type":"Organization","@id":"https:\/\/news.save.ch\/de\/#organization","name":"Security Forum","url":"https:\/\/news.save.ch\/de\/","logo":{"@type":"ImageObject","inLanguage":"en-US","@id":"https:\/\/news.save.ch\/de\/#\/schema\/logo\/image\/","url":"https:\/\/news.save.ch\/wp-content\/uploads\/2022\/06\/Logo_SF_2012.png","contentUrl":"https:\/\/news.save.ch\/wp-content\/uploads\/2022\/06\/Logo_SF_2012.png","width":1100,"height":91,"caption":"Sicherheitsforum"},"image":{"@id":"https:\/\/news.save.ch\/de\/#\/schema\/logo\/image\/"}},{"@type":"Person","@id":"https:\/\/news.save.ch\/de\/#\/schema\/person\/d5022db048e0e2b9785c50e5b24da5aa","name":"Roger Str\u00e4ssle","image":{"@type":"ImageObject","inLanguage":"en-US","@id":"https:\/\/secure.gravatar.com\/avatar\/862a5569d087de48e5856e32f45d719a03804c891d6deb8d4f71a660e79e4a47?s=96&d=mm&r=g","url":"https:\/\/secure.gravatar.com\/avatar\/862a5569d087de48e5856e32f45d719a03804c891d6deb8d4f71a660e79e4a47?s=96&d=mm&r=g","contentUrl":"https:\/\/secure.gravatar.com\/avatar\/862a5569d087de48e5856e32f45d719a03804c891d6deb8d4f71a660e79e4a47?s=96&d=mm&r=g","caption":"Roger Str\u00e4ssle"},"url":"https:\/\/news.save.ch\/en\/author\/roger-straessle\/"}]}},"_links":{"self":[{"href":"https:\/\/news.save.ch\/en\/wp-json\/wp\/v2\/posts\/6457","targetHints":{"allow":["GET"]}}],"collection":[{"href":"https:\/\/news.save.ch\/en\/wp-json\/wp\/v2\/posts"}],"about":[{"href":"https:\/\/news.save.ch\/en\/wp-json\/wp\/v2\/types\/post"}],"author":[{"embeddable":true,"href":"https:\/\/news.save.ch\/en\/wp-json\/wp\/v2\/users\/8"}],"replies":[{"embeddable":true,"href":"https:\/\/news.save.ch\/en\/wp-json\/wp\/v2\/comments?post=6457"}],"version-history":[{"count":1,"href":"https:\/\/news.save.ch\/en\/wp-json\/wp\/v2\/posts\/6457\/revisions"}],"predecessor-version":[{"id":17988,"href":"https:\/\/news.save.ch\/en\/wp-json\/wp\/v2\/posts\/6457\/revisions\/17988"}],"wp:featuredmedia":[{"embeddable":true,"href":"https:\/\/news.save.ch\/en\/wp-json\/wp\/v2\/media\/6460"}],"wp:attachment":[{"href":"https:\/\/news.save.ch\/en\/wp-json\/wp\/v2\/media?parent=6457"}],"wp:term":[{"taxonomy":"category","embeddable":true,"href":"https:\/\/news.save.ch\/en\/wp-json\/wp\/v2\/categories?post=6457"},{"taxonomy":"post_tag","embeddable":true,"href":"https:\/\/news.save.ch\/en\/wp-json\/wp\/v2\/tags?post=6457"}],"curies":[{"name":"wp","href":"https:\/\/api.w.org\/{rel}","templated":true}]}}