{"id":6791,"date":"2021-02-17T08:41:50","date_gmt":"2021-02-17T07:41:50","guid":{"rendered":"https:\/\/news.save.ch\/?p=6791"},"modified":"2023-08-09T02:33:57","modified_gmt":"2023-08-09T00:33:57","slug":"gesundheitsschutz-am-arbeitsplatz","status":null,"type":"post","link":"https:\/\/news.save.ch\/en\/gesundheitsschutz-am-arbeitsplatz\/","title":{"rendered":"Health protection in the workplace"},"content":{"rendered":"<figure id=\"attachment_16035\" aria-describedby=\"caption-attachment-16035\" style=\"width: 680px\" class=\"wp-caption alignnone\"><img loading=\"lazy\" decoding=\"async\" class=\"wp-image-16035 size-medium\" src=\"https:\/\/news.save.ch\/wp-content\/uploads\/2016\/12\/Checkbox-fuer-Ergonomie-und-Sicherheit-im-Buero_safety-plus-680x454.jpeg\" alt=\"Union\" width=\"680\" height=\"454\" srcset=\"https:\/\/news.save.ch\/wp-content\/uploads\/2016\/12\/Checkbox-fuer-Ergonomie-und-Sicherheit-im-Buero_safety-plus-680x454.jpeg 680w, https:\/\/news.save.ch\/wp-content\/uploads\/2016\/12\/Checkbox-fuer-Ergonomie-und-Sicherheit-im-Buero_safety-plus-768x512.jpeg 768w, https:\/\/news.save.ch\/wp-content\/uploads\/2016\/12\/Checkbox-fuer-Ergonomie-und-Sicherheit-im-Buero_safety-plus-18x12.jpeg 18w, https:\/\/news.save.ch\/wp-content\/uploads\/2016\/12\/Checkbox-fuer-Ergonomie-und-Sicherheit-im-Buero_safety-plus-375x250.jpeg 375w, https:\/\/news.save.ch\/wp-content\/uploads\/2016\/12\/Checkbox-fuer-Ergonomie-und-Sicherheit-im-Buero_safety-plus-525x350.jpeg 525w, https:\/\/news.save.ch\/wp-content\/uploads\/2016\/12\/Checkbox-fuer-Ergonomie-und-Sicherheit-im-Buero_safety-plus.jpeg 1000w\" sizes=\"auto, (max-width: 680px) 100vw, 680px\" \/><figcaption id=\"caption-attachment-16035\" class=\"wp-caption-text\">What does a healthy office workplace look like? Certainly not like this.<\/figcaption><\/figure>\n<p>The Unia trade union responds to a letter from Economiesuisse. Under the title <a href=\"https:\/\/www.economiesuisse.ch\/de\/artikel\/corona-lockerungen-wieder-mehr-eigenverantwortung\" target=\"_blank\" rel=\"noopener\">\"Corona Loosenings: More personal responsibility again\"<\/a> the umbrella organization for the economy is calling for a four-phase plan for initial relaxations. According to Economiesuisse, people who are vaccinated earlier should be granted more personal freedom again, with personal responsibility still playing a major role.<\/p>\n<h2>A plan for more personal responsibility<\/h2>\n<p>Economiesuisse is calling, among other things, for initial relaxations to come into force as early as March, with the home office obligation likely to be converted back into a recommendation. In phase two, in which risk groups have already been vaccinated, it would be conceivable, in the view of the business association, to reopen restaurants and fitness centers with appropriate protection concepts, for example.<\/p>\n<p>In phase three, it is believed that events such as ice hockey, football or rock concerts could be held again if every person who wanted to could be vaccinated. Thus, in Phase Four, herd immunity would ultimately emerge, in which further restrictions could be lifted.<\/p>\n<h2>Relaxation of protective measures not appropriate at the moment<\/h2>\n<p>According to Unia, the viruses were hardly impressed by more personal responsibility. The trade union <a href=\"https:\/\/www.unia.ch\/de\/medien\/medienmitteilungen\/mitteilung\/a\/17602\" target=\"_blank\" rel=\"noopener\">counters<\/a>that this could additionally weaken the urgently needed protection of employees who are particularly at risk, since a personal responsibility plan is more likely to relieve companies of the obligation to ensure a protection concept.<\/p>\n<p>According to Unia, hardly any protective measures should be relaxed at present. The obligation to work from home should be maintained and companies should have a protection concept. Furthermore, due to the workload of Suva and the cantons, the union federation demands that control bodies of the social partners should take on more tasks at the moment.<\/p>\n<p><em>Source: Unia\/Economiesuisse<\/em><\/p>","protected":false},"excerpt":{"rendered":"<p>Die Gewerkschaft Unia reagiert auf ein Schreiben der Economiesuisse. Unter dem Titel \u00abCorona-Lockerungen: Wieder mehr Eigenverantwortung\u00bb fordert der Wirtschaftsdachverband einen Vierphasenplan zu ersten Lockerungen. Laut der Economiesuisse sollen Menschen, die fr\u00fcher geimpft sind, wieder mehr pers\u00f6nliche Freiheiten gew\u00e4hrt werden, wobei die Eigenverantwortung nach wie vor eine grosse Rolle spiele. Ein Plan zu mehr Eigenverantwortung Die [&hellip;]<\/p>\n","protected":false},"author":9,"featured_media":16035,"comment_status":"closed","ping_status":"closed","sticky":false,"template":"","format":"standard","meta":{"_acf_changed":false,"pgc_sgb_lightbox_settings":"","footnotes":""},"categories":[3314],"tags":[5752,5751,5753,2178,3145,5754],"class_list":["post-6791","post","type-post","status-publish","format-standard","has-post-thumbnail","hentry","category-health-safety","tag-corona-lockerungen","tag-economiesuisse","tag-eigenverantwortung","tag-gewerkschaft","tag-unia","tag-vierphasenplan"],"acf":[],"hkrextid":null,"publication":null,"issue":null,"workflow":null,"startPage":null,"spitzmarke":null,"_posts_by_tag_page_fields":{"widget_title":"","widget_tags":""},"_at_widget":"1","_yoast_wpseo_primary_category":"3314","_yoast_wpseo_focuskw_text_input":null,"_yoast_wpseo_opengraph-image":null,"_yoast_wpseo_opengraph-description":null,"_yoast_wpseo_opengraph-title":null,"enclosure":null,"_yoast_wpseo_twitter-title":null,"_yoast_wpseo_twitter-description":null,"_yoast_wpseo_twitter-image":null,"_wp_old_slug":null,"_yoast_wpseo_title":null,"_yoast_wpseo_canonical":null,"yoast_head":"<!-- This site is optimized with the Yoast SEO plugin v27.5 - https:\/\/yoast.com\/product\/yoast-seo-wordpress\/ -->\n<title>Gesundheitsschutz am Arbeitsplatz - Save<\/title>\n<meta name=\"description\" content=\"Die Gewerkschaft Unia fordert einer weitergehende St\u00e4rkung der Ressourcen von Sozialpartnern und eine Ausweitung des Schutzkonzepts. Ein Wunschdenken zu einem Paradigmenwechsel sei im Moment nicht angebracht.\" \/>\n<meta name=\"robots\" content=\"index, follow, max-snippet:-1, max-image-preview:large, max-video-preview:-1\" \/>\n<link rel=\"canonical\" href=\"https:\/\/news.save.ch\/en\/gesundheitsschutz-am-arbeitsplatz\/\" \/>\n<meta property=\"og:locale\" content=\"en_US\" \/>\n<meta property=\"og:type\" content=\"article\" \/>\n<meta property=\"og:title\" content=\"Gesundheitsschutz am Arbeitsplatz - Save\" \/>\n<meta property=\"og:description\" content=\"Die Gewerkschaft Unia fordert einer weitergehende St\u00e4rkung der Ressourcen von Sozialpartnern und eine Ausweitung des Schutzkonzepts. Ein Wunschdenken zu einem Paradigmenwechsel sei im Moment nicht angebracht.\" \/>\n<meta property=\"og:url\" content=\"https:\/\/news.save.ch\/en\/gesundheitsschutz-am-arbeitsplatz\/\" \/>\n<meta property=\"og:site_name\" content=\"Save\" \/>\n<meta property=\"article:published_time\" content=\"2021-02-17T07:41:50+00:00\" \/>\n<meta property=\"article:modified_time\" content=\"2023-08-09T00:33:57+00:00\" \/>\n<meta property=\"og:image\" content=\"https:\/\/news.save.ch\/wp-content\/uploads\/2016\/12\/Checkbox-fuer-Ergonomie-und-Sicherheit-im-Buero_safety-plus.jpeg\" \/>\n\t<meta property=\"og:image:width\" content=\"1000\" \/>\n\t<meta property=\"og:image:height\" content=\"667\" \/>\n\t<meta property=\"og:image:type\" content=\"image\/jpeg\" \/>\n<meta name=\"author\" content=\"Simon Gr\u00f6flin\" \/>\n<meta name=\"twitter:card\" content=\"summary_large_image\" \/>\n<meta name=\"twitter:label1\" content=\"Written by\" \/>\n\t<meta name=\"twitter:data1\" content=\"Simon Gr\u00f6flin\" \/>\n\t<meta name=\"twitter:label2\" content=\"Est. reading time\" \/>\n\t<meta name=\"twitter:data2\" content=\"2 minutes\" \/>\n<script type=\"application\/ld+json\" class=\"yoast-schema-graph\">{\"@context\":\"https:\\\/\\\/schema.org\",\"@graph\":[{\"@type\":\"Article\",\"@id\":\"https:\\\/\\\/news.save.ch\\\/gesundheitsschutz-am-arbeitsplatz\\\/#article\",\"isPartOf\":{\"@id\":\"https:\\\/\\\/news.save.ch\\\/gesundheitsschutz-am-arbeitsplatz\\\/\"},\"author\":{\"name\":\"Simon Gr\u00f6flin\",\"@id\":\"https:\\\/\\\/news.save.ch\\\/de\\\/#\\\/schema\\\/person\\\/ad4ef21102fd6125312409ac57d5296d\"},\"headline\":\"Gesundheitsschutz am Arbeitsplatz\",\"datePublished\":\"2021-02-17T07:41:50+00:00\",\"dateModified\":\"2023-08-09T00:33:57+00:00\",\"mainEntityOfPage\":{\"@id\":\"https:\\\/\\\/news.save.ch\\\/gesundheitsschutz-am-arbeitsplatz\\\/\"},\"wordCount\":287,\"publisher\":{\"@id\":\"https:\\\/\\\/news.save.ch\\\/de\\\/#organization\"},\"image\":{\"@id\":\"https:\\\/\\\/news.save.ch\\\/gesundheitsschutz-am-arbeitsplatz\\\/#primaryimage\"},\"thumbnailUrl\":\"https:\\\/\\\/news.save.ch\\\/wp-content\\\/uploads\\\/2016\\\/12\\\/Checkbox-fuer-Ergonomie-und-Sicherheit-im-Buero_safety-plus.jpeg\",\"keywords\":[\"Corona-Lockerungen\",\"Economiesuisse\",\"Eigenverantwortung\",\"Gewerkschaft\",\"Unia\",\"Vierphasenplan\"],\"articleSection\":[\"HEALTH &amp; SAFETY\"],\"inLanguage\":\"en-US\"},{\"@type\":\"WebPage\",\"@id\":\"https:\\\/\\\/news.save.ch\\\/gesundheitsschutz-am-arbeitsplatz\\\/\",\"url\":\"https:\\\/\\\/news.save.ch\\\/gesundheitsschutz-am-arbeitsplatz\\\/\",\"name\":\"Gesundheitsschutz am Arbeitsplatz - Save\",\"isPartOf\":{\"@id\":\"https:\\\/\\\/news.save.ch\\\/de\\\/#website\"},\"primaryImageOfPage\":{\"@id\":\"https:\\\/\\\/news.save.ch\\\/gesundheitsschutz-am-arbeitsplatz\\\/#primaryimage\"},\"image\":{\"@id\":\"https:\\\/\\\/news.save.ch\\\/gesundheitsschutz-am-arbeitsplatz\\\/#primaryimage\"},\"thumbnailUrl\":\"https:\\\/\\\/news.save.ch\\\/wp-content\\\/uploads\\\/2016\\\/12\\\/Checkbox-fuer-Ergonomie-und-Sicherheit-im-Buero_safety-plus.jpeg\",\"datePublished\":\"2021-02-17T07:41:50+00:00\",\"dateModified\":\"2023-08-09T00:33:57+00:00\",\"description\":\"Die Gewerkschaft Unia fordert einer weitergehende St\u00e4rkung der Ressourcen von Sozialpartnern und eine Ausweitung des Schutzkonzepts. Ein Wunschdenken zu einem Paradigmenwechsel sei im Moment nicht angebracht.\",\"breadcrumb\":{\"@id\":\"https:\\\/\\\/news.save.ch\\\/gesundheitsschutz-am-arbeitsplatz\\\/#breadcrumb\"},\"inLanguage\":\"en-US\",\"potentialAction\":[{\"@type\":\"ReadAction\",\"target\":[\"https:\\\/\\\/news.save.ch\\\/gesundheitsschutz-am-arbeitsplatz\\\/\"]}]},{\"@type\":\"ImageObject\",\"inLanguage\":\"en-US\",\"@id\":\"https:\\\/\\\/news.save.ch\\\/gesundheitsschutz-am-arbeitsplatz\\\/#primaryimage\",\"url\":\"https:\\\/\\\/news.save.ch\\\/wp-content\\\/uploads\\\/2016\\\/12\\\/Checkbox-fuer-Ergonomie-und-Sicherheit-im-Buero_safety-plus.jpeg\",\"contentUrl\":\"https:\\\/\\\/news.save.ch\\\/wp-content\\\/uploads\\\/2016\\\/12\\\/Checkbox-fuer-Ergonomie-und-Sicherheit-im-Buero_safety-plus.jpeg\",\"width\":1000,\"height\":667,\"caption\":\"Wie sieht ein gesunder B\u00fcroarbeitsplatz aus? So bestimmt nicht.\"},{\"@type\":\"BreadcrumbList\",\"@id\":\"https:\\\/\\\/news.save.ch\\\/gesundheitsschutz-am-arbeitsplatz\\\/#breadcrumb\",\"itemListElement\":[{\"@type\":\"ListItem\",\"position\":1,\"name\":\"Home\",\"item\":\"https:\\\/\\\/news.save.ch\\\/de\\\/\"},{\"@type\":\"ListItem\",\"position\":2,\"name\":\"Gesundheitsschutz am Arbeitsplatz\"}]},{\"@type\":\"WebSite\",\"@id\":\"https:\\\/\\\/news.save.ch\\\/de\\\/#website\",\"url\":\"https:\\\/\\\/news.save.ch\\\/de\\\/\",\"name\":\"Save\",\"description\":\"Schweizer Fachzeitschrift f\u00fcr Sicherheit\",\"publisher\":{\"@id\":\"https:\\\/\\\/news.save.ch\\\/de\\\/#organization\"},\"potentialAction\":[{\"@type\":\"SearchAction\",\"target\":{\"@type\":\"EntryPoint\",\"urlTemplate\":\"https:\\\/\\\/news.save.ch\\\/de\\\/?s={search_term_string}\"},\"query-input\":{\"@type\":\"PropertyValueSpecification\",\"valueRequired\":true,\"valueName\":\"search_term_string\"}}],\"inLanguage\":\"en-US\"},{\"@type\":\"Organization\",\"@id\":\"https:\\\/\\\/news.save.ch\\\/de\\\/#organization\",\"name\":\"Sicherheitsforum\",\"url\":\"https:\\\/\\\/news.save.ch\\\/de\\\/\",\"logo\":{\"@type\":\"ImageObject\",\"inLanguage\":\"en-US\",\"@id\":\"https:\\\/\\\/news.save.ch\\\/de\\\/#\\\/schema\\\/logo\\\/image\\\/\",\"url\":\"https:\\\/\\\/news.save.ch\\\/wp-content\\\/uploads\\\/2022\\\/06\\\/Logo_SF_2012.png\",\"contentUrl\":\"https:\\\/\\\/news.save.ch\\\/wp-content\\\/uploads\\\/2022\\\/06\\\/Logo_SF_2012.png\",\"width\":1100,\"height\":91,\"caption\":\"Sicherheitsforum\"},\"image\":{\"@id\":\"https:\\\/\\\/news.save.ch\\\/de\\\/#\\\/schema\\\/logo\\\/image\\\/\"}},{\"@type\":\"Person\",\"@id\":\"https:\\\/\\\/news.save.ch\\\/de\\\/#\\\/schema\\\/person\\\/ad4ef21102fd6125312409ac57d5296d\",\"name\":\"Simon Gr\u00f6flin\",\"image\":{\"@type\":\"ImageObject\",\"inLanguage\":\"en-US\",\"@id\":\"https:\\\/\\\/secure.gravatar.com\\\/avatar\\\/6ddceb80eb734354635539e0ea5140bb7c41e42de7c45c9a2ab9921b5d5c9a83?s=96&d=mm&r=g\",\"url\":\"https:\\\/\\\/secure.gravatar.com\\\/avatar\\\/6ddceb80eb734354635539e0ea5140bb7c41e42de7c45c9a2ab9921b5d5c9a83?s=96&d=mm&r=g\",\"contentUrl\":\"https:\\\/\\\/secure.gravatar.com\\\/avatar\\\/6ddceb80eb734354635539e0ea5140bb7c41e42de7c45c9a2ab9921b5d5c9a83?s=96&d=mm&r=g\",\"caption\":\"Simon Gr\u00f6flin\"},\"url\":\"https:\\\/\\\/news.save.ch\\\/en\\\/author\\\/simon-groeflin\\\/\"}]}<\/script>\n<!-- \/ Yoast SEO plugin. -->","yoast_head_json":{"title":"Health protection at the workplace - Save","description":"The Unia trade union is calling for a further strengthening of the resources of social partners and an expansion of the protection concept. Wishful thinking about a paradigm shift is not appropriate at the moment.","robots":{"index":"index","follow":"follow","max-snippet":"max-snippet:-1","max-image-preview":"max-image-preview:large","max-video-preview":"max-video-preview:-1"},"canonical":"https:\/\/news.save.ch\/en\/gesundheitsschutz-am-arbeitsplatz\/","og_locale":"en_US","og_type":"article","og_title":"Gesundheitsschutz am Arbeitsplatz - Save","og_description":"Die Gewerkschaft Unia fordert einer weitergehende St\u00e4rkung der Ressourcen von Sozialpartnern und eine Ausweitung des Schutzkonzepts. Ein Wunschdenken zu einem Paradigmenwechsel sei im Moment nicht angebracht.","og_url":"https:\/\/news.save.ch\/en\/gesundheitsschutz-am-arbeitsplatz\/","og_site_name":"Save","article_published_time":"2021-02-17T07:41:50+00:00","article_modified_time":"2023-08-09T00:33:57+00:00","og_image":[{"width":1000,"height":667,"url":"https:\/\/news.save.ch\/wp-content\/uploads\/2016\/12\/Checkbox-fuer-Ergonomie-und-Sicherheit-im-Buero_safety-plus.jpeg","type":"image\/jpeg"}],"author":"Simon Gr\u00f6flin","twitter_card":"summary_large_image","twitter_misc":{"Written by":"Simon Gr\u00f6flin","Est. reading time":"2 minutes"},"schema":{"@context":"https:\/\/schema.org","@graph":[{"@type":"Article","@id":"https:\/\/news.save.ch\/gesundheitsschutz-am-arbeitsplatz\/#article","isPartOf":{"@id":"https:\/\/news.save.ch\/gesundheitsschutz-am-arbeitsplatz\/"},"author":{"name":"Simon Gr\u00f6flin","@id":"https:\/\/news.save.ch\/de\/#\/schema\/person\/ad4ef21102fd6125312409ac57d5296d"},"headline":"Gesundheitsschutz am Arbeitsplatz","datePublished":"2021-02-17T07:41:50+00:00","dateModified":"2023-08-09T00:33:57+00:00","mainEntityOfPage":{"@id":"https:\/\/news.save.ch\/gesundheitsschutz-am-arbeitsplatz\/"},"wordCount":287,"publisher":{"@id":"https:\/\/news.save.ch\/de\/#organization"},"image":{"@id":"https:\/\/news.save.ch\/gesundheitsschutz-am-arbeitsplatz\/#primaryimage"},"thumbnailUrl":"https:\/\/news.save.ch\/wp-content\/uploads\/2016\/12\/Checkbox-fuer-Ergonomie-und-Sicherheit-im-Buero_safety-plus.jpeg","keywords":["Corona-Lockerungen","Economiesuisse","Eigenverantwortung","Gewerkschaft","Unia","Vierphasenplan"],"articleSection":["HEALTH &amp; SAFETY"],"inLanguage":"en-US"},{"@type":"WebPage","@id":"https:\/\/news.save.ch\/gesundheitsschutz-am-arbeitsplatz\/","url":"https:\/\/news.save.ch\/gesundheitsschutz-am-arbeitsplatz\/","name":"Health protection at the workplace - Save","isPartOf":{"@id":"https:\/\/news.save.ch\/de\/#website"},"primaryImageOfPage":{"@id":"https:\/\/news.save.ch\/gesundheitsschutz-am-arbeitsplatz\/#primaryimage"},"image":{"@id":"https:\/\/news.save.ch\/gesundheitsschutz-am-arbeitsplatz\/#primaryimage"},"thumbnailUrl":"https:\/\/news.save.ch\/wp-content\/uploads\/2016\/12\/Checkbox-fuer-Ergonomie-und-Sicherheit-im-Buero_safety-plus.jpeg","datePublished":"2021-02-17T07:41:50+00:00","dateModified":"2023-08-09T00:33:57+00:00","description":"The Unia trade union is calling for a further strengthening of the resources of social partners and an expansion of the protection concept. Wishful thinking about a paradigm shift is not appropriate at the moment.","breadcrumb":{"@id":"https:\/\/news.save.ch\/gesundheitsschutz-am-arbeitsplatz\/#breadcrumb"},"inLanguage":"en-US","potentialAction":[{"@type":"ReadAction","target":["https:\/\/news.save.ch\/gesundheitsschutz-am-arbeitsplatz\/"]}]},{"@type":"ImageObject","inLanguage":"en-US","@id":"https:\/\/news.save.ch\/gesundheitsschutz-am-arbeitsplatz\/#primaryimage","url":"https:\/\/news.save.ch\/wp-content\/uploads\/2016\/12\/Checkbox-fuer-Ergonomie-und-Sicherheit-im-Buero_safety-plus.jpeg","contentUrl":"https:\/\/news.save.ch\/wp-content\/uploads\/2016\/12\/Checkbox-fuer-Ergonomie-und-Sicherheit-im-Buero_safety-plus.jpeg","width":1000,"height":667,"caption":"Wie sieht ein gesunder B\u00fcroarbeitsplatz aus? So bestimmt nicht."},{"@type":"BreadcrumbList","@id":"https:\/\/news.save.ch\/gesundheitsschutz-am-arbeitsplatz\/#breadcrumb","itemListElement":[{"@type":"ListItem","position":1,"name":"Home","item":"https:\/\/news.save.ch\/de\/"},{"@type":"ListItem","position":2,"name":"Gesundheitsschutz am Arbeitsplatz"}]},{"@type":"WebSite","@id":"https:\/\/news.save.ch\/de\/#website","url":"https:\/\/news.save.ch\/de\/","name":"Save","description":"Swiss trade journal for safety","publisher":{"@id":"https:\/\/news.save.ch\/de\/#organization"},"potentialAction":[{"@type":"SearchAction","target":{"@type":"EntryPoint","urlTemplate":"https:\/\/news.save.ch\/de\/?s={search_term_string}"},"query-input":{"@type":"PropertyValueSpecification","valueRequired":true,"valueName":"search_term_string"}}],"inLanguage":"en-US"},{"@type":"Organization","@id":"https:\/\/news.save.ch\/de\/#organization","name":"Security Forum","url":"https:\/\/news.save.ch\/de\/","logo":{"@type":"ImageObject","inLanguage":"en-US","@id":"https:\/\/news.save.ch\/de\/#\/schema\/logo\/image\/","url":"https:\/\/news.save.ch\/wp-content\/uploads\/2022\/06\/Logo_SF_2012.png","contentUrl":"https:\/\/news.save.ch\/wp-content\/uploads\/2022\/06\/Logo_SF_2012.png","width":1100,"height":91,"caption":"Sicherheitsforum"},"image":{"@id":"https:\/\/news.save.ch\/de\/#\/schema\/logo\/image\/"}},{"@type":"Person","@id":"https:\/\/news.save.ch\/de\/#\/schema\/person\/ad4ef21102fd6125312409ac57d5296d","name":"Simon Gr\u00f6flin","image":{"@type":"ImageObject","inLanguage":"en-US","@id":"https:\/\/secure.gravatar.com\/avatar\/6ddceb80eb734354635539e0ea5140bb7c41e42de7c45c9a2ab9921b5d5c9a83?s=96&d=mm&r=g","url":"https:\/\/secure.gravatar.com\/avatar\/6ddceb80eb734354635539e0ea5140bb7c41e42de7c45c9a2ab9921b5d5c9a83?s=96&d=mm&r=g","contentUrl":"https:\/\/secure.gravatar.com\/avatar\/6ddceb80eb734354635539e0ea5140bb7c41e42de7c45c9a2ab9921b5d5c9a83?s=96&d=mm&r=g","caption":"Simon Gr\u00f6flin"},"url":"https:\/\/news.save.ch\/en\/author\/simon-groeflin\/"}]}},"_links":{"self":[{"href":"https:\/\/news.save.ch\/en\/wp-json\/wp\/v2\/posts\/6791","targetHints":{"allow":["GET"]}}],"collection":[{"href":"https:\/\/news.save.ch\/en\/wp-json\/wp\/v2\/posts"}],"about":[{"href":"https:\/\/news.save.ch\/en\/wp-json\/wp\/v2\/types\/post"}],"author":[{"embeddable":true,"href":"https:\/\/news.save.ch\/en\/wp-json\/wp\/v2\/users\/9"}],"replies":[{"embeddable":true,"href":"https:\/\/news.save.ch\/en\/wp-json\/wp\/v2\/comments?post=6791"}],"version-history":[{"count":3,"href":"https:\/\/news.save.ch\/en\/wp-json\/wp\/v2\/posts\/6791\/revisions"}],"predecessor-version":[{"id":21644,"href":"https:\/\/news.save.ch\/en\/wp-json\/wp\/v2\/posts\/6791\/revisions\/21644"}],"wp:featuredmedia":[{"embeddable":true,"href":"https:\/\/news.save.ch\/en\/wp-json\/wp\/v2\/media\/16035"}],"wp:attachment":[{"href":"https:\/\/news.save.ch\/en\/wp-json\/wp\/v2\/media?parent=6791"}],"wp:term":[{"taxonomy":"category","embeddable":true,"href":"https:\/\/news.save.ch\/en\/wp-json\/wp\/v2\/categories?post=6791"},{"taxonomy":"post_tag","embeddable":true,"href":"https:\/\/news.save.ch\/en\/wp-json\/wp\/v2\/tags?post=6791"}],"curies":[{"name":"wp","href":"https:\/\/api.w.org\/{rel}","templated":true}]}}