{"id":7145,"date":"2018-10-30T11:28:10","date_gmt":"2018-10-30T10:28:10","guid":{"rendered":"https:\/\/news.save.ch\/?p=7145"},"modified":"2018-10-30T11:28:10","modified_gmt":"2018-10-30T10:28:10","slug":"bevoelkerung-fuer-ein-helm-obligatorium-auf-langsamen-e-bikes","status":null,"type":"post","link":"https:\/\/news.save.ch\/en\/bevoelkerung-fuer-ein-helm-obligatorium-auf-langsamen-e-bikes\/","title":{"rendered":"Population in favor of mandatory helmet use on low-speed e-bikes"},"content":{"rendered":"<figure id=\"attachment_7146\" aria-describedby=\"caption-attachment-7146\" style=\"width: 680px\" class=\"wp-caption aligncenter\"><img loading=\"lazy\" decoding=\"async\" class=\"size-medium wp-image-7146\" src=\"https:\/\/news.save.ch\/wp-content\/uploads\/2018\/10\/Fotolia_119975595_S.jpg\" alt=\"\" width=\"680\" height=\"454\" srcset=\"https:\/\/news.save.ch\/wp-content\/uploads\/2018\/10\/Fotolia_119975595_S.jpg 848w, https:\/\/news.save.ch\/wp-content\/uploads\/2018\/10\/Fotolia_119975595_S-375x250.jpg 375w\" sizes=\"auto, (max-width: 680px) 100vw, 680px\" \/><figcaption id=\"caption-attachment-7146\" class=\"wp-caption-text\">\u00a9 fotolia, ARochau<\/figcaption><\/figure>\n<p>78% of the Swiss population would welcome a mandatory bicycle helmet on slow e-bikes. This is one of six possible road safety measures that the Swiss Council for Accident Prevention (bfu) addressed in its 2018 population survey. Such a mandatory helmet - today it only applies to fast e-bikes - would meet with more approval among women (87%) than among men (70%). This gender difference is evident in the tendency for all measures presented to the respondents.<\/p>\n<p>More than two-thirds of respondents would currently support a lights-on-day mandatory requirement for all e-bikes. This measure was proposed by the Federal Council in 2017 during its evaluation of the \"Via sicura\" program.<\/p>\n<p><strong>Post-training courses found to be useful<\/strong><\/p>\n<p>Respondents also expressed their views on mandatory refresher courses for drivers guilty of a serious traffic offense or alcohol-related offense (driving with at least 0.8 per mille - or 0.4 mg\/l breath alcohol content). Across Switzerland, 74% of the population welcome such courses. People over the age of 65 are in favor of them by as many as 84%, while only 69% of the population in French-speaking Switzerland are in favor. Another result of the population survey: Almost two-thirds are in favor of speeders only being allowed back behind the wheel with a driving data recorder (\"black box\").<\/p>\n<p><strong>Cell phones and alcohol under the microscope<\/strong><\/p>\n<p>The survey also looked at the behavior of car drivers, such as the use of cell phones or tablets while driving. A quarter of respondents said they read or write something on a cell phone or tablet at the wheel at least occasionally. Among those under 25, this proportion is as high as 40%.<\/p>\n<p>The youngest driver group appears to drive distracted more often, but younger people seem to be more aware of the dangers of drinking and driving. For example, 13% of those under 25 say they still drive at least occasionally after two or more alcoholic drinks. By comparison, the proportion of those over 50 who do so is 33%.<\/p>\n<p><em>The <a href=\"https:\/\/www.bfu.ch\/sites\/assets\/Shop\/bfu_2.999.01_bfu-Erhebung%202018%20\u2013%20Sicherheit%20im%20Strassenverkehr%20Einstellung%20und%20Verhalten%20der%20Schweizer%20Bev\u00f6lkerung%20.pdf\">bfu population survey<\/a> is conducted annually among persons aged 15 to 74 in two modules by telephone, and since 2016 partly online. The sample is taken from the SRPH (sampling frame for surveys of persons and households) of the Swiss Federal Statistical Office. This year, the sample of module 1 comprises around 1,100 people, and that of module 2 around 1,500 people.<\/em><\/p>","protected":false},"excerpt":{"rendered":"<p>78% der Schweizer Bev\u00f6lkerung w\u00fcrden ein Velohelm-Obligatorium auf langsamen E-Bikes begr\u00fcssen. Dies ist eine von sechs m\u00f6glichen Verkehrssicherheitsmassnahmen, welche die Beratungsstelle f\u00fcr Unfallverh\u00fctung (bfu) in ihrer Bev\u00f6lkerungsbefragung 2018 thematisiert hat. Ein solches Helmobligatorium \u2013 heute gilt es nur f\u00fcr die schnellen E-Bikes \u2013 f\u00e4nde bei Frauen mehr Zustimmung (87%) als bei M\u00e4nnern (70%). Dieser Geschlechterunterschied [&hellip;]<\/p>\n","protected":false},"author":8,"featured_media":7146,"comment_status":"open","ping_status":"open","sticky":false,"template":"","format":"standard","meta":{"_acf_changed":false,"pgc_sgb_lightbox_settings":"","footnotes":""},"categories":[1],"tags":[70,328],"class_list":["post-7145","post","type-post","status-publish","format-standard","has-post-thumbnail","hentry","category-allgemein","tag-sicherheit-diverses","tag-unfallstatistik"],"acf":[],"hkrextid":null,"publication":null,"issue":null,"workflow":null,"startPage":null,"spitzmarke":null,"_posts_by_tag_page_fields":{"widget_title":"","widget_tags":""},"_at_widget":"1","_yoast_wpseo_primary_category":"1","_yoast_wpseo_focuskw_text_input":"E-Bike","_yoast_wpseo_opengraph-image":null,"_yoast_wpseo_opengraph-description":null,"_yoast_wpseo_opengraph-title":null,"enclosure":null,"_yoast_wpseo_twitter-title":null,"_yoast_wpseo_twitter-description":null,"_yoast_wpseo_twitter-image":null,"_wp_old_slug":"bevoelkerung-fuer-ein-helm-obligatorium-auf-langsamen-e-bikes__trashed","_yoast_wpseo_title":null,"_yoast_wpseo_canonical":null,"yoast_head":"<!-- This site is optimized with the Yoast SEO plugin v27.4 - https:\/\/yoast.com\/product\/yoast-seo-wordpress\/ -->\n<title>Bev\u00f6lkerung f\u00fcr ein Helm-Obligatorium auf langsamen E-Bikes - Save<\/title>\n<meta name=\"description\" content=\"Eine Velohelm-Tragpflicht auf langsamen E-Bikes w\u00fcrde bei der Bev\u00f6lkerung viel Unterst\u00fctzung finden, wie die bfu-Befragung 2018 zeigt.\" \/>\n<meta name=\"robots\" content=\"index, follow, max-snippet:-1, max-image-preview:large, max-video-preview:-1\" \/>\n<link rel=\"canonical\" href=\"https:\/\/news.save.ch\/en\/bevoelkerung-fuer-ein-helm-obligatorium-auf-langsamen-e-bikes\/\" \/>\n<meta property=\"og:locale\" content=\"en_US\" \/>\n<meta property=\"og:type\" content=\"article\" \/>\n<meta property=\"og:title\" content=\"Bev\u00f6lkerung f\u00fcr ein Helm-Obligatorium auf langsamen E-Bikes - Save\" \/>\n<meta property=\"og:description\" content=\"Eine Velohelm-Tragpflicht auf langsamen E-Bikes w\u00fcrde bei der Bev\u00f6lkerung viel Unterst\u00fctzung finden, wie die bfu-Befragung 2018 zeigt.\" \/>\n<meta property=\"og:url\" content=\"https:\/\/news.save.ch\/en\/bevoelkerung-fuer-ein-helm-obligatorium-auf-langsamen-e-bikes\/\" \/>\n<meta property=\"og:site_name\" content=\"Save\" \/>\n<meta property=\"article:published_time\" content=\"2018-10-30T10:28:10+00:00\" \/>\n<meta property=\"og:image\" content=\"https:\/\/news.save.ch\/wp-content\/uploads\/2018\/10\/Fotolia_119975595_S.jpg\" \/>\n\t<meta property=\"og:image:width\" content=\"848\" \/>\n\t<meta property=\"og:image:height\" content=\"566\" \/>\n\t<meta property=\"og:image:type\" content=\"image\/jpeg\" \/>\n<meta name=\"author\" content=\"Roger Str\u00e4ssle\" \/>\n<meta name=\"twitter:card\" content=\"summary_large_image\" \/>\n<meta name=\"twitter:label1\" content=\"Written by\" \/>\n\t<meta name=\"twitter:data1\" content=\"Roger Str\u00e4ssle\" \/>\n\t<meta name=\"twitter:label2\" content=\"Est. reading time\" \/>\n\t<meta name=\"twitter:data2\" content=\"2 minutes\" \/>\n<script type=\"application\/ld+json\" class=\"yoast-schema-graph\">{\"@context\":\"https:\\\/\\\/schema.org\",\"@graph\":[{\"@type\":\"Article\",\"@id\":\"https:\\\/\\\/news.save.ch\\\/bevoelkerung-fuer-ein-helm-obligatorium-auf-langsamen-e-bikes\\\/#article\",\"isPartOf\":{\"@id\":\"https:\\\/\\\/news.save.ch\\\/bevoelkerung-fuer-ein-helm-obligatorium-auf-langsamen-e-bikes\\\/\"},\"author\":{\"name\":\"Roger Str\u00e4ssle\",\"@id\":\"https:\\\/\\\/news.save.ch\\\/de\\\/#\\\/schema\\\/person\\\/d5022db048e0e2b9785c50e5b24da5aa\"},\"headline\":\"Bev\u00f6lkerung f\u00fcr ein Helm-Obligatorium auf langsamen E-Bikes\",\"datePublished\":\"2018-10-30T10:28:10+00:00\",\"mainEntityOfPage\":{\"@id\":\"https:\\\/\\\/news.save.ch\\\/bevoelkerung-fuer-ein-helm-obligatorium-auf-langsamen-e-bikes\\\/\"},\"wordCount\":370,\"commentCount\":0,\"publisher\":{\"@id\":\"https:\\\/\\\/news.save.ch\\\/de\\\/#organization\"},\"image\":{\"@id\":\"https:\\\/\\\/news.save.ch\\\/bevoelkerung-fuer-ein-helm-obligatorium-auf-langsamen-e-bikes\\\/#primaryimage\"},\"thumbnailUrl\":\"https:\\\/\\\/news.save.ch\\\/wp-content\\\/uploads\\\/2018\\\/10\\\/Fotolia_119975595_S.jpg\",\"keywords\":[\"Sicherheit diverses\",\"Unfallstatistik\"],\"articleSection\":[\"ALLGEMEIN\"],\"inLanguage\":\"en-US\"},{\"@type\":\"WebPage\",\"@id\":\"https:\\\/\\\/news.save.ch\\\/bevoelkerung-fuer-ein-helm-obligatorium-auf-langsamen-e-bikes\\\/\",\"url\":\"https:\\\/\\\/news.save.ch\\\/bevoelkerung-fuer-ein-helm-obligatorium-auf-langsamen-e-bikes\\\/\",\"name\":\"Bev\u00f6lkerung f\u00fcr ein Helm-Obligatorium auf langsamen E-Bikes - Save\",\"isPartOf\":{\"@id\":\"https:\\\/\\\/news.save.ch\\\/de\\\/#website\"},\"primaryImageOfPage\":{\"@id\":\"https:\\\/\\\/news.save.ch\\\/bevoelkerung-fuer-ein-helm-obligatorium-auf-langsamen-e-bikes\\\/#primaryimage\"},\"image\":{\"@id\":\"https:\\\/\\\/news.save.ch\\\/bevoelkerung-fuer-ein-helm-obligatorium-auf-langsamen-e-bikes\\\/#primaryimage\"},\"thumbnailUrl\":\"https:\\\/\\\/news.save.ch\\\/wp-content\\\/uploads\\\/2018\\\/10\\\/Fotolia_119975595_S.jpg\",\"datePublished\":\"2018-10-30T10:28:10+00:00\",\"description\":\"Eine Velohelm-Tragpflicht auf langsamen E-Bikes w\u00fcrde bei der Bev\u00f6lkerung viel Unterst\u00fctzung finden, wie die bfu-Befragung 2018 zeigt.\",\"breadcrumb\":{\"@id\":\"https:\\\/\\\/news.save.ch\\\/bevoelkerung-fuer-ein-helm-obligatorium-auf-langsamen-e-bikes\\\/#breadcrumb\"},\"inLanguage\":\"en-US\",\"potentialAction\":[{\"@type\":\"ReadAction\",\"target\":[\"https:\\\/\\\/news.save.ch\\\/bevoelkerung-fuer-ein-helm-obligatorium-auf-langsamen-e-bikes\\\/\"]}]},{\"@type\":\"ImageObject\",\"inLanguage\":\"en-US\",\"@id\":\"https:\\\/\\\/news.save.ch\\\/bevoelkerung-fuer-ein-helm-obligatorium-auf-langsamen-e-bikes\\\/#primaryimage\",\"url\":\"https:\\\/\\\/news.save.ch\\\/wp-content\\\/uploads\\\/2018\\\/10\\\/Fotolia_119975595_S.jpg\",\"contentUrl\":\"https:\\\/\\\/news.save.ch\\\/wp-content\\\/uploads\\\/2018\\\/10\\\/Fotolia_119975595_S.jpg\",\"width\":848,\"height\":566,\"caption\":\"\u00a9 fotolia, ARochau\"},{\"@type\":\"BreadcrumbList\",\"@id\":\"https:\\\/\\\/news.save.ch\\\/bevoelkerung-fuer-ein-helm-obligatorium-auf-langsamen-e-bikes\\\/#breadcrumb\",\"itemListElement\":[{\"@type\":\"ListItem\",\"position\":1,\"name\":\"Home\",\"item\":\"https:\\\/\\\/news.save.ch\\\/de\\\/\"},{\"@type\":\"ListItem\",\"position\":2,\"name\":\"Bev\u00f6lkerung f\u00fcr ein Helm-Obligatorium auf langsamen E-Bikes\"}]},{\"@type\":\"WebSite\",\"@id\":\"https:\\\/\\\/news.save.ch\\\/de\\\/#website\",\"url\":\"https:\\\/\\\/news.save.ch\\\/de\\\/\",\"name\":\"Save\",\"description\":\"Schweizer Fachzeitschrift f\u00fcr Sicherheit\",\"publisher\":{\"@id\":\"https:\\\/\\\/news.save.ch\\\/de\\\/#organization\"},\"potentialAction\":[{\"@type\":\"SearchAction\",\"target\":{\"@type\":\"EntryPoint\",\"urlTemplate\":\"https:\\\/\\\/news.save.ch\\\/de\\\/?s={search_term_string}\"},\"query-input\":{\"@type\":\"PropertyValueSpecification\",\"valueRequired\":true,\"valueName\":\"search_term_string\"}}],\"inLanguage\":\"en-US\"},{\"@type\":\"Organization\",\"@id\":\"https:\\\/\\\/news.save.ch\\\/de\\\/#organization\",\"name\":\"Sicherheitsforum\",\"url\":\"https:\\\/\\\/news.save.ch\\\/de\\\/\",\"logo\":{\"@type\":\"ImageObject\",\"inLanguage\":\"en-US\",\"@id\":\"https:\\\/\\\/news.save.ch\\\/de\\\/#\\\/schema\\\/logo\\\/image\\\/\",\"url\":\"https:\\\/\\\/news.save.ch\\\/wp-content\\\/uploads\\\/2022\\\/06\\\/Logo_SF_2012.png\",\"contentUrl\":\"https:\\\/\\\/news.save.ch\\\/wp-content\\\/uploads\\\/2022\\\/06\\\/Logo_SF_2012.png\",\"width\":1100,\"height\":91,\"caption\":\"Sicherheitsforum\"},\"image\":{\"@id\":\"https:\\\/\\\/news.save.ch\\\/de\\\/#\\\/schema\\\/logo\\\/image\\\/\"}},{\"@type\":\"Person\",\"@id\":\"https:\\\/\\\/news.save.ch\\\/de\\\/#\\\/schema\\\/person\\\/d5022db048e0e2b9785c50e5b24da5aa\",\"name\":\"Roger Str\u00e4ssle\",\"image\":{\"@type\":\"ImageObject\",\"inLanguage\":\"en-US\",\"@id\":\"https:\\\/\\\/secure.gravatar.com\\\/avatar\\\/862a5569d087de48e5856e32f45d719a03804c891d6deb8d4f71a660e79e4a47?s=96&d=mm&r=g\",\"url\":\"https:\\\/\\\/secure.gravatar.com\\\/avatar\\\/862a5569d087de48e5856e32f45d719a03804c891d6deb8d4f71a660e79e4a47?s=96&d=mm&r=g\",\"contentUrl\":\"https:\\\/\\\/secure.gravatar.com\\\/avatar\\\/862a5569d087de48e5856e32f45d719a03804c891d6deb8d4f71a660e79e4a47?s=96&d=mm&r=g\",\"caption\":\"Roger Str\u00e4ssle\"},\"url\":\"https:\\\/\\\/news.save.ch\\\/en\\\/author\\\/roger-straessle\\\/\"}]}<\/script>\n<!-- \/ Yoast SEO plugin. -->","yoast_head_json":{"title":"Population in favor of mandatory helmet use on low-speed e-bikes - Save","description":"A mandatory wearing of bicycle helmets on slow e-bikes would find a lot of support among the population, as the bfu survey 2018 shows.","robots":{"index":"index","follow":"follow","max-snippet":"max-snippet:-1","max-image-preview":"max-image-preview:large","max-video-preview":"max-video-preview:-1"},"canonical":"https:\/\/news.save.ch\/en\/bevoelkerung-fuer-ein-helm-obligatorium-auf-langsamen-e-bikes\/","og_locale":"en_US","og_type":"article","og_title":"Bev\u00f6lkerung f\u00fcr ein Helm-Obligatorium auf langsamen E-Bikes - Save","og_description":"Eine Velohelm-Tragpflicht auf langsamen E-Bikes w\u00fcrde bei der Bev\u00f6lkerung viel Unterst\u00fctzung finden, wie die bfu-Befragung 2018 zeigt.","og_url":"https:\/\/news.save.ch\/en\/bevoelkerung-fuer-ein-helm-obligatorium-auf-langsamen-e-bikes\/","og_site_name":"Save","article_published_time":"2018-10-30T10:28:10+00:00","og_image":[{"width":848,"height":566,"url":"https:\/\/news.save.ch\/wp-content\/uploads\/2018\/10\/Fotolia_119975595_S.jpg","type":"image\/jpeg"}],"author":"Roger Str\u00e4ssle","twitter_card":"summary_large_image","twitter_misc":{"Written by":"Roger Str\u00e4ssle","Est. reading time":"2 minutes"},"schema":{"@context":"https:\/\/schema.org","@graph":[{"@type":"Article","@id":"https:\/\/news.save.ch\/bevoelkerung-fuer-ein-helm-obligatorium-auf-langsamen-e-bikes\/#article","isPartOf":{"@id":"https:\/\/news.save.ch\/bevoelkerung-fuer-ein-helm-obligatorium-auf-langsamen-e-bikes\/"},"author":{"name":"Roger Str\u00e4ssle","@id":"https:\/\/news.save.ch\/de\/#\/schema\/person\/d5022db048e0e2b9785c50e5b24da5aa"},"headline":"Bev\u00f6lkerung f\u00fcr ein Helm-Obligatorium auf langsamen E-Bikes","datePublished":"2018-10-30T10:28:10+00:00","mainEntityOfPage":{"@id":"https:\/\/news.save.ch\/bevoelkerung-fuer-ein-helm-obligatorium-auf-langsamen-e-bikes\/"},"wordCount":370,"commentCount":0,"publisher":{"@id":"https:\/\/news.save.ch\/de\/#organization"},"image":{"@id":"https:\/\/news.save.ch\/bevoelkerung-fuer-ein-helm-obligatorium-auf-langsamen-e-bikes\/#primaryimage"},"thumbnailUrl":"https:\/\/news.save.ch\/wp-content\/uploads\/2018\/10\/Fotolia_119975595_S.jpg","keywords":["Sicherheit diverses","Unfallstatistik"],"articleSection":["ALLGEMEIN"],"inLanguage":"en-US"},{"@type":"WebPage","@id":"https:\/\/news.save.ch\/bevoelkerung-fuer-ein-helm-obligatorium-auf-langsamen-e-bikes\/","url":"https:\/\/news.save.ch\/bevoelkerung-fuer-ein-helm-obligatorium-auf-langsamen-e-bikes\/","name":"Population in favor of mandatory helmet use on low-speed e-bikes - Save","isPartOf":{"@id":"https:\/\/news.save.ch\/de\/#website"},"primaryImageOfPage":{"@id":"https:\/\/news.save.ch\/bevoelkerung-fuer-ein-helm-obligatorium-auf-langsamen-e-bikes\/#primaryimage"},"image":{"@id":"https:\/\/news.save.ch\/bevoelkerung-fuer-ein-helm-obligatorium-auf-langsamen-e-bikes\/#primaryimage"},"thumbnailUrl":"https:\/\/news.save.ch\/wp-content\/uploads\/2018\/10\/Fotolia_119975595_S.jpg","datePublished":"2018-10-30T10:28:10+00:00","description":"A mandatory wearing of bicycle helmets on slow e-bikes would find a lot of support among the population, as the bfu survey 2018 shows.","breadcrumb":{"@id":"https:\/\/news.save.ch\/bevoelkerung-fuer-ein-helm-obligatorium-auf-langsamen-e-bikes\/#breadcrumb"},"inLanguage":"en-US","potentialAction":[{"@type":"ReadAction","target":["https:\/\/news.save.ch\/bevoelkerung-fuer-ein-helm-obligatorium-auf-langsamen-e-bikes\/"]}]},{"@type":"ImageObject","inLanguage":"en-US","@id":"https:\/\/news.save.ch\/bevoelkerung-fuer-ein-helm-obligatorium-auf-langsamen-e-bikes\/#primaryimage","url":"https:\/\/news.save.ch\/wp-content\/uploads\/2018\/10\/Fotolia_119975595_S.jpg","contentUrl":"https:\/\/news.save.ch\/wp-content\/uploads\/2018\/10\/Fotolia_119975595_S.jpg","width":848,"height":566,"caption":"\u00a9 fotolia, ARochau"},{"@type":"BreadcrumbList","@id":"https:\/\/news.save.ch\/bevoelkerung-fuer-ein-helm-obligatorium-auf-langsamen-e-bikes\/#breadcrumb","itemListElement":[{"@type":"ListItem","position":1,"name":"Home","item":"https:\/\/news.save.ch\/de\/"},{"@type":"ListItem","position":2,"name":"Bev\u00f6lkerung f\u00fcr ein Helm-Obligatorium auf langsamen E-Bikes"}]},{"@type":"WebSite","@id":"https:\/\/news.save.ch\/de\/#website","url":"https:\/\/news.save.ch\/de\/","name":"Save","description":"Swiss trade journal for safety","publisher":{"@id":"https:\/\/news.save.ch\/de\/#organization"},"potentialAction":[{"@type":"SearchAction","target":{"@type":"EntryPoint","urlTemplate":"https:\/\/news.save.ch\/de\/?s={search_term_string}"},"query-input":{"@type":"PropertyValueSpecification","valueRequired":true,"valueName":"search_term_string"}}],"inLanguage":"en-US"},{"@type":"Organization","@id":"https:\/\/news.save.ch\/de\/#organization","name":"Security Forum","url":"https:\/\/news.save.ch\/de\/","logo":{"@type":"ImageObject","inLanguage":"en-US","@id":"https:\/\/news.save.ch\/de\/#\/schema\/logo\/image\/","url":"https:\/\/news.save.ch\/wp-content\/uploads\/2022\/06\/Logo_SF_2012.png","contentUrl":"https:\/\/news.save.ch\/wp-content\/uploads\/2022\/06\/Logo_SF_2012.png","width":1100,"height":91,"caption":"Sicherheitsforum"},"image":{"@id":"https:\/\/news.save.ch\/de\/#\/schema\/logo\/image\/"}},{"@type":"Person","@id":"https:\/\/news.save.ch\/de\/#\/schema\/person\/d5022db048e0e2b9785c50e5b24da5aa","name":"Roger Str\u00e4ssle","image":{"@type":"ImageObject","inLanguage":"en-US","@id":"https:\/\/secure.gravatar.com\/avatar\/862a5569d087de48e5856e32f45d719a03804c891d6deb8d4f71a660e79e4a47?s=96&d=mm&r=g","url":"https:\/\/secure.gravatar.com\/avatar\/862a5569d087de48e5856e32f45d719a03804c891d6deb8d4f71a660e79e4a47?s=96&d=mm&r=g","contentUrl":"https:\/\/secure.gravatar.com\/avatar\/862a5569d087de48e5856e32f45d719a03804c891d6deb8d4f71a660e79e4a47?s=96&d=mm&r=g","caption":"Roger Str\u00e4ssle"},"url":"https:\/\/news.save.ch\/en\/author\/roger-straessle\/"}]}},"_links":{"self":[{"href":"https:\/\/news.save.ch\/en\/wp-json\/wp\/v2\/posts\/7145","targetHints":{"allow":["GET"]}}],"collection":[{"href":"https:\/\/news.save.ch\/en\/wp-json\/wp\/v2\/posts"}],"about":[{"href":"https:\/\/news.save.ch\/en\/wp-json\/wp\/v2\/types\/post"}],"author":[{"embeddable":true,"href":"https:\/\/news.save.ch\/en\/wp-json\/wp\/v2\/users\/8"}],"replies":[{"embeddable":true,"href":"https:\/\/news.save.ch\/en\/wp-json\/wp\/v2\/comments?post=7145"}],"version-history":[{"count":0,"href":"https:\/\/news.save.ch\/en\/wp-json\/wp\/v2\/posts\/7145\/revisions"}],"wp:featuredmedia":[{"embeddable":true,"href":"https:\/\/news.save.ch\/en\/wp-json\/wp\/v2\/media\/7146"}],"wp:attachment":[{"href":"https:\/\/news.save.ch\/en\/wp-json\/wp\/v2\/media?parent=7145"}],"wp:term":[{"taxonomy":"category","embeddable":true,"href":"https:\/\/news.save.ch\/en\/wp-json\/wp\/v2\/categories?post=7145"},{"taxonomy":"post_tag","embeddable":true,"href":"https:\/\/news.save.ch\/en\/wp-json\/wp\/v2\/tags?post=7145"}],"curies":[{"name":"wp","href":"https:\/\/api.w.org\/{rel}","templated":true}]}}