{"id":7153,"date":"2018-11-02T13:23:19","date_gmt":"2018-11-02T12:23:19","guid":{"rendered":"https:\/\/news.save.ch\/?p=7153"},"modified":"2018-11-02T13:23:19","modified_gmt":"2018-11-02T12:23:19","slug":"gvb-heiz-wird-neuer-vr-praesident","status":null,"type":"post","link":"https:\/\/news.save.ch\/en\/gvb-heiz-wird-neuer-vr-praesident\/","title":{"rendered":"GVB: New Chairman of the Board of Directors appointed"},"content":{"rendered":"<figure id=\"attachment_7155\" aria-describedby=\"caption-attachment-7155\" style=\"width: 242px\" class=\"wp-caption alignleft\"><img loading=\"lazy\" decoding=\"async\" class=\"wp-image-7155\" src=\"https:\/\/news.save.ch\/wp-content\/uploads\/2018\/11\/Reto-Heiz.jpg\" alt=\"GVB, Building Insurance Bern, Reto Heiz\" width=\"242\" height=\"206\" srcset=\"https:\/\/news.save.ch\/wp-content\/uploads\/2018\/11\/Reto-Heiz.jpg 376w, https:\/\/news.save.ch\/wp-content\/uploads\/2018\/11\/Reto-Heiz-353x300.jpg 353w\" sizes=\"auto, (max-width: 242px) 100vw, 242px\" \/><figcaption id=\"caption-attachment-7155\" class=\"wp-caption-text\">Reto Heiz (Photo: zVg)<\/figcaption><\/figure>\n<p>The Government Council of the Canton of Berne has appointed Reto Heiz, who is a member of the Board of Directors of Geb\u00e4udeversicherung Bern (<a href=\"https:\/\/www.gvb.ch\">GVB<\/a>) for just under a year, was elected Chairman of the GVB Board of Directors as of January 1, 2019. The 60-year-old is also Vice President of the Trade and Industry Association of the Canton of Bern (HIV) and acts as President of Wirtschaft Thun Oberland. He is also Chairman of the Board of Berner Reha Zentrum AG and a member of the Burgdorf Castle Foundation Board.<\/p>\n<p>Reto Heiz succeeds J\u00f6rg Kaufmann, who will step down from his position at the end of December 2018 after nine years at the age of 71. His extensive knowledge of the Bernese and Swiss economy and his leadership experience have been an asset to the GVB Board of Directors, the organization writes.<\/p>\n<p><strong>Chief Executive Officer to leave as of February 2020<\/strong><\/p>\n<p>Ueli Winzenried, Chief Executive Officer, will retire at the end of February 2020 at the age of 65. He will continue to be privately involved in business circles and non-profit organizations, the statement said. Winzenried has driven GVB forward over the past 19 years and positioned it as an attractive company in the market. To ensure a smooth transition, the search for a successor will be initiated soon, GVB writes in conclusion.<\/p>\n<figure id=\"attachment_7160\" aria-describedby=\"caption-attachment-7160\" style=\"width: 406px\" class=\"wp-caption alignleft\"><img loading=\"lazy\" decoding=\"async\" class=\"wp-image-7160\" src=\"https:\/\/news.save.ch\/wp-content\/uploads\/2018\/11\/Standardfoto_UW-scaled-1.jpg\" alt=\"\" width=\"406\" height=\"271\" \/><figcaption id=\"caption-attachment-7160\" class=\"wp-caption-text\">Remains in office until the end of February 2020: Ueli Winzenried.<\/figcaption><\/figure>\n<p>&nbsp;<\/p>\n<p>&nbsp;<\/p>\n<p>&nbsp;<\/p>\n<p>&nbsp;<\/p>\n<p>&nbsp;<\/p>\n<p>&nbsp;<\/p>","protected":false},"excerpt":{"rendered":"<p>Der Regierungsrat des Kantons Bern hat Reto Heiz, der dem Verwaltungsrat der Geb\u00e4udeversicherung Bern (GVB) seit knapp einem Jahr angeh\u00f6rt, per 1. Januar 2019 zum GVB-Verwaltungsratspr\u00e4sidenten gew\u00e4hlt. Der 60-J\u00e4hrige ist zudem Vizepr\u00e4sident des Handels- und Industrievereins des Kantons Bern (HIV) und agiert als Pr\u00e4sident von Wirtschaft Thun Oberland. Zudem ist er Verwaltungsratspr\u00e4sident der Berner Reha [&hellip;]<\/p>\n","protected":false},"author":8,"featured_media":7155,"comment_status":"open","ping_status":"open","sticky":false,"template":"","format":"standard","meta":{"_acf_changed":false,"pgc_sgb_lightbox_settings":"","footnotes":""},"categories":[1],"tags":[156,65,181],"class_list":["post-7153","post","type-post","status-publish","format-standard","has-post-thumbnail","hentry","category-allgemein","tag-brandschutz","tag-unternehmen","tag-versicherung"],"acf":[],"hkrextid":null,"publication":null,"issue":null,"workflow":null,"startPage":null,"spitzmarke":null,"_posts_by_tag_page_fields":{"widget_title":"","widget_tags":""},"_at_widget":"1","_yoast_wpseo_primary_category":"1","_yoast_wpseo_focuskw_text_input":"Geb\u00e4udeversicherung Bern","_yoast_wpseo_opengraph-image":null,"_yoast_wpseo_opengraph-description":null,"_yoast_wpseo_opengraph-title":null,"enclosure":null,"_yoast_wpseo_twitter-title":null,"_yoast_wpseo_twitter-description":null,"_yoast_wpseo_twitter-image":null,"_wp_old_slug":null,"_yoast_wpseo_title":null,"_yoast_wpseo_canonical":null,"yoast_head":"<!-- This site is optimized with the Yoast SEO plugin v27.5 - https:\/\/yoast.com\/product\/yoast-seo-wordpress\/ -->\n<title>GVB: Neuer VR-Pr\u00e4sident ernannt - Save<\/title>\n<meta name=\"robots\" content=\"index, follow, max-snippet:-1, max-image-preview:large, max-video-preview:-1\" \/>\n<link rel=\"canonical\" href=\"https:\/\/news.save.ch\/en\/gvb-heiz-wird-neuer-vr-praesident\/\" \/>\n<meta property=\"og:locale\" content=\"en_US\" \/>\n<meta property=\"og:type\" content=\"article\" \/>\n<meta property=\"og:title\" content=\"GVB: Neuer VR-Pr\u00e4sident ernannt - Save\" \/>\n<meta property=\"og:description\" content=\"Der Regierungsrat des Kantons Bern hat Reto Heiz, der dem Verwaltungsrat der Geb\u00e4udeversicherung Bern (GVB) seit knapp einem Jahr angeh\u00f6rt, per 1. Januar 2019 zum GVB-Verwaltungsratspr\u00e4sidenten gew\u00e4hlt. Der 60-J\u00e4hrige ist zudem Vizepr\u00e4sident des Handels- und Industrievereins des Kantons Bern (HIV) und agiert als Pr\u00e4sident von Wirtschaft Thun Oberland. Zudem ist er Verwaltungsratspr\u00e4sident der Berner Reha [&hellip;]\" \/>\n<meta property=\"og:url\" content=\"https:\/\/news.save.ch\/en\/gvb-heiz-wird-neuer-vr-praesident\/\" \/>\n<meta property=\"og:site_name\" content=\"Save\" \/>\n<meta property=\"article:published_time\" content=\"2018-11-02T12:23:19+00:00\" \/>\n<meta property=\"og:image\" content=\"https:\/\/news.save.ch\/wp-content\/uploads\/2018\/11\/Reto-Heiz.jpg\" \/>\n\t<meta property=\"og:image:width\" content=\"376\" \/>\n\t<meta property=\"og:image:height\" content=\"320\" \/>\n\t<meta property=\"og:image:type\" content=\"image\/jpeg\" \/>\n<meta name=\"author\" content=\"Roger Str\u00e4ssle\" \/>\n<meta name=\"twitter:card\" content=\"summary_large_image\" \/>\n<meta name=\"twitter:label1\" content=\"Written by\" \/>\n\t<meta name=\"twitter:data1\" content=\"Roger Str\u00e4ssle\" \/>\n\t<meta name=\"twitter:label2\" content=\"Est. reading time\" \/>\n\t<meta name=\"twitter:data2\" content=\"1 minute\" \/>\n<script type=\"application\/ld+json\" class=\"yoast-schema-graph\">{\"@context\":\"https:\\\/\\\/schema.org\",\"@graph\":[{\"@type\":\"Article\",\"@id\":\"https:\\\/\\\/news.save.ch\\\/gvb-heiz-wird-neuer-vr-praesident\\\/#article\",\"isPartOf\":{\"@id\":\"https:\\\/\\\/news.save.ch\\\/gvb-heiz-wird-neuer-vr-praesident\\\/\"},\"author\":{\"name\":\"Roger Str\u00e4ssle\",\"@id\":\"https:\\\/\\\/news.save.ch\\\/de\\\/#\\\/schema\\\/person\\\/d5022db048e0e2b9785c50e5b24da5aa\"},\"headline\":\"GVB: Neuer VR-Pr\u00e4sident ernannt\",\"datePublished\":\"2018-11-02T12:23:19+00:00\",\"mainEntityOfPage\":{\"@id\":\"https:\\\/\\\/news.save.ch\\\/gvb-heiz-wird-neuer-vr-praesident\\\/\"},\"wordCount\":228,\"commentCount\":0,\"publisher\":{\"@id\":\"https:\\\/\\\/news.save.ch\\\/de\\\/#organization\"},\"image\":{\"@id\":\"https:\\\/\\\/news.save.ch\\\/gvb-heiz-wird-neuer-vr-praesident\\\/#primaryimage\"},\"thumbnailUrl\":\"https:\\\/\\\/news.save.ch\\\/wp-content\\\/uploads\\\/2018\\\/11\\\/Reto-Heiz.jpg\",\"keywords\":[\"Brandschutz\",\"Unternehmen\",\"Versicherung\"],\"articleSection\":[\"ALLGEMEIN\"],\"inLanguage\":\"en-US\"},{\"@type\":\"WebPage\",\"@id\":\"https:\\\/\\\/news.save.ch\\\/gvb-heiz-wird-neuer-vr-praesident\\\/\",\"url\":\"https:\\\/\\\/news.save.ch\\\/gvb-heiz-wird-neuer-vr-praesident\\\/\",\"name\":\"GVB: Neuer VR-Pr\u00e4sident ernannt - Save\",\"isPartOf\":{\"@id\":\"https:\\\/\\\/news.save.ch\\\/de\\\/#website\"},\"primaryImageOfPage\":{\"@id\":\"https:\\\/\\\/news.save.ch\\\/gvb-heiz-wird-neuer-vr-praesident\\\/#primaryimage\"},\"image\":{\"@id\":\"https:\\\/\\\/news.save.ch\\\/gvb-heiz-wird-neuer-vr-praesident\\\/#primaryimage\"},\"thumbnailUrl\":\"https:\\\/\\\/news.save.ch\\\/wp-content\\\/uploads\\\/2018\\\/11\\\/Reto-Heiz.jpg\",\"datePublished\":\"2018-11-02T12:23:19+00:00\",\"breadcrumb\":{\"@id\":\"https:\\\/\\\/news.save.ch\\\/gvb-heiz-wird-neuer-vr-praesident\\\/#breadcrumb\"},\"inLanguage\":\"en-US\",\"potentialAction\":[{\"@type\":\"ReadAction\",\"target\":[\"https:\\\/\\\/news.save.ch\\\/gvb-heiz-wird-neuer-vr-praesident\\\/\"]}]},{\"@type\":\"ImageObject\",\"inLanguage\":\"en-US\",\"@id\":\"https:\\\/\\\/news.save.ch\\\/gvb-heiz-wird-neuer-vr-praesident\\\/#primaryimage\",\"url\":\"https:\\\/\\\/news.save.ch\\\/wp-content\\\/uploads\\\/2018\\\/11\\\/Reto-Heiz.jpg\",\"contentUrl\":\"https:\\\/\\\/news.save.ch\\\/wp-content\\\/uploads\\\/2018\\\/11\\\/Reto-Heiz.jpg\",\"width\":376,\"height\":320,\"caption\":\"Foto: zVg\"},{\"@type\":\"BreadcrumbList\",\"@id\":\"https:\\\/\\\/news.save.ch\\\/gvb-heiz-wird-neuer-vr-praesident\\\/#breadcrumb\",\"itemListElement\":[{\"@type\":\"ListItem\",\"position\":1,\"name\":\"Home\",\"item\":\"https:\\\/\\\/news.save.ch\\\/de\\\/\"},{\"@type\":\"ListItem\",\"position\":2,\"name\":\"GVB: Neuer VR-Pr\u00e4sident ernannt\"}]},{\"@type\":\"WebSite\",\"@id\":\"https:\\\/\\\/news.save.ch\\\/de\\\/#website\",\"url\":\"https:\\\/\\\/news.save.ch\\\/de\\\/\",\"name\":\"Save\",\"description\":\"Schweizer Fachzeitschrift f\u00fcr Sicherheit\",\"publisher\":{\"@id\":\"https:\\\/\\\/news.save.ch\\\/de\\\/#organization\"},\"potentialAction\":[{\"@type\":\"SearchAction\",\"target\":{\"@type\":\"EntryPoint\",\"urlTemplate\":\"https:\\\/\\\/news.save.ch\\\/de\\\/?s={search_term_string}\"},\"query-input\":{\"@type\":\"PropertyValueSpecification\",\"valueRequired\":true,\"valueName\":\"search_term_string\"}}],\"inLanguage\":\"en-US\"},{\"@type\":\"Organization\",\"@id\":\"https:\\\/\\\/news.save.ch\\\/de\\\/#organization\",\"name\":\"Sicherheitsforum\",\"url\":\"https:\\\/\\\/news.save.ch\\\/de\\\/\",\"logo\":{\"@type\":\"ImageObject\",\"inLanguage\":\"en-US\",\"@id\":\"https:\\\/\\\/news.save.ch\\\/de\\\/#\\\/schema\\\/logo\\\/image\\\/\",\"url\":\"https:\\\/\\\/news.save.ch\\\/wp-content\\\/uploads\\\/2022\\\/06\\\/Logo_SF_2012.png\",\"contentUrl\":\"https:\\\/\\\/news.save.ch\\\/wp-content\\\/uploads\\\/2022\\\/06\\\/Logo_SF_2012.png\",\"width\":1100,\"height\":91,\"caption\":\"Sicherheitsforum\"},\"image\":{\"@id\":\"https:\\\/\\\/news.save.ch\\\/de\\\/#\\\/schema\\\/logo\\\/image\\\/\"}},{\"@type\":\"Person\",\"@id\":\"https:\\\/\\\/news.save.ch\\\/de\\\/#\\\/schema\\\/person\\\/d5022db048e0e2b9785c50e5b24da5aa\",\"name\":\"Roger Str\u00e4ssle\",\"image\":{\"@type\":\"ImageObject\",\"inLanguage\":\"en-US\",\"@id\":\"https:\\\/\\\/secure.gravatar.com\\\/avatar\\\/862a5569d087de48e5856e32f45d719a03804c891d6deb8d4f71a660e79e4a47?s=96&d=mm&r=g\",\"url\":\"https:\\\/\\\/secure.gravatar.com\\\/avatar\\\/862a5569d087de48e5856e32f45d719a03804c891d6deb8d4f71a660e79e4a47?s=96&d=mm&r=g\",\"contentUrl\":\"https:\\\/\\\/secure.gravatar.com\\\/avatar\\\/862a5569d087de48e5856e32f45d719a03804c891d6deb8d4f71a660e79e4a47?s=96&d=mm&r=g\",\"caption\":\"Roger Str\u00e4ssle\"},\"url\":\"https:\\\/\\\/news.save.ch\\\/en\\\/author\\\/roger-straessle\\\/\"}]}<\/script>\n<!-- \/ Yoast SEO plugin. -->","yoast_head_json":{"title":"GVB: New Chairman of the Board of Directors appointed - Save","robots":{"index":"index","follow":"follow","max-snippet":"max-snippet:-1","max-image-preview":"max-image-preview:large","max-video-preview":"max-video-preview:-1"},"canonical":"https:\/\/news.save.ch\/en\/gvb-heiz-wird-neuer-vr-praesident\/","og_locale":"en_US","og_type":"article","og_title":"GVB: Neuer VR-Pr\u00e4sident ernannt - Save","og_description":"Der Regierungsrat des Kantons Bern hat Reto Heiz, der dem Verwaltungsrat der Geb\u00e4udeversicherung Bern (GVB) seit knapp einem Jahr angeh\u00f6rt, per 1. Januar 2019 zum GVB-Verwaltungsratspr\u00e4sidenten gew\u00e4hlt. Der 60-J\u00e4hrige ist zudem Vizepr\u00e4sident des Handels- und Industrievereins des Kantons Bern (HIV) und agiert als Pr\u00e4sident von Wirtschaft Thun Oberland. Zudem ist er Verwaltungsratspr\u00e4sident der Berner Reha [&hellip;]","og_url":"https:\/\/news.save.ch\/en\/gvb-heiz-wird-neuer-vr-praesident\/","og_site_name":"Save","article_published_time":"2018-11-02T12:23:19+00:00","og_image":[{"width":376,"height":320,"url":"https:\/\/news.save.ch\/wp-content\/uploads\/2018\/11\/Reto-Heiz.jpg","type":"image\/jpeg"}],"author":"Roger Str\u00e4ssle","twitter_card":"summary_large_image","twitter_misc":{"Written by":"Roger Str\u00e4ssle","Est. reading time":"1 minute"},"schema":{"@context":"https:\/\/schema.org","@graph":[{"@type":"Article","@id":"https:\/\/news.save.ch\/gvb-heiz-wird-neuer-vr-praesident\/#article","isPartOf":{"@id":"https:\/\/news.save.ch\/gvb-heiz-wird-neuer-vr-praesident\/"},"author":{"name":"Roger Str\u00e4ssle","@id":"https:\/\/news.save.ch\/de\/#\/schema\/person\/d5022db048e0e2b9785c50e5b24da5aa"},"headline":"GVB: Neuer VR-Pr\u00e4sident ernannt","datePublished":"2018-11-02T12:23:19+00:00","mainEntityOfPage":{"@id":"https:\/\/news.save.ch\/gvb-heiz-wird-neuer-vr-praesident\/"},"wordCount":228,"commentCount":0,"publisher":{"@id":"https:\/\/news.save.ch\/de\/#organization"},"image":{"@id":"https:\/\/news.save.ch\/gvb-heiz-wird-neuer-vr-praesident\/#primaryimage"},"thumbnailUrl":"https:\/\/news.save.ch\/wp-content\/uploads\/2018\/11\/Reto-Heiz.jpg","keywords":["Brandschutz","Unternehmen","Versicherung"],"articleSection":["ALLGEMEIN"],"inLanguage":"en-US"},{"@type":"WebPage","@id":"https:\/\/news.save.ch\/gvb-heiz-wird-neuer-vr-praesident\/","url":"https:\/\/news.save.ch\/gvb-heiz-wird-neuer-vr-praesident\/","name":"GVB: New Chairman of the Board of Directors appointed - Save","isPartOf":{"@id":"https:\/\/news.save.ch\/de\/#website"},"primaryImageOfPage":{"@id":"https:\/\/news.save.ch\/gvb-heiz-wird-neuer-vr-praesident\/#primaryimage"},"image":{"@id":"https:\/\/news.save.ch\/gvb-heiz-wird-neuer-vr-praesident\/#primaryimage"},"thumbnailUrl":"https:\/\/news.save.ch\/wp-content\/uploads\/2018\/11\/Reto-Heiz.jpg","datePublished":"2018-11-02T12:23:19+00:00","breadcrumb":{"@id":"https:\/\/news.save.ch\/gvb-heiz-wird-neuer-vr-praesident\/#breadcrumb"},"inLanguage":"en-US","potentialAction":[{"@type":"ReadAction","target":["https:\/\/news.save.ch\/gvb-heiz-wird-neuer-vr-praesident\/"]}]},{"@type":"ImageObject","inLanguage":"en-US","@id":"https:\/\/news.save.ch\/gvb-heiz-wird-neuer-vr-praesident\/#primaryimage","url":"https:\/\/news.save.ch\/wp-content\/uploads\/2018\/11\/Reto-Heiz.jpg","contentUrl":"https:\/\/news.save.ch\/wp-content\/uploads\/2018\/11\/Reto-Heiz.jpg","width":376,"height":320,"caption":"Foto: zVg"},{"@type":"BreadcrumbList","@id":"https:\/\/news.save.ch\/gvb-heiz-wird-neuer-vr-praesident\/#breadcrumb","itemListElement":[{"@type":"ListItem","position":1,"name":"Home","item":"https:\/\/news.save.ch\/de\/"},{"@type":"ListItem","position":2,"name":"GVB: Neuer VR-Pr\u00e4sident ernannt"}]},{"@type":"WebSite","@id":"https:\/\/news.save.ch\/de\/#website","url":"https:\/\/news.save.ch\/de\/","name":"Save","description":"Swiss trade journal for safety","publisher":{"@id":"https:\/\/news.save.ch\/de\/#organization"},"potentialAction":[{"@type":"SearchAction","target":{"@type":"EntryPoint","urlTemplate":"https:\/\/news.save.ch\/de\/?s={search_term_string}"},"query-input":{"@type":"PropertyValueSpecification","valueRequired":true,"valueName":"search_term_string"}}],"inLanguage":"en-US"},{"@type":"Organization","@id":"https:\/\/news.save.ch\/de\/#organization","name":"Security Forum","url":"https:\/\/news.save.ch\/de\/","logo":{"@type":"ImageObject","inLanguage":"en-US","@id":"https:\/\/news.save.ch\/de\/#\/schema\/logo\/image\/","url":"https:\/\/news.save.ch\/wp-content\/uploads\/2022\/06\/Logo_SF_2012.png","contentUrl":"https:\/\/news.save.ch\/wp-content\/uploads\/2022\/06\/Logo_SF_2012.png","width":1100,"height":91,"caption":"Sicherheitsforum"},"image":{"@id":"https:\/\/news.save.ch\/de\/#\/schema\/logo\/image\/"}},{"@type":"Person","@id":"https:\/\/news.save.ch\/de\/#\/schema\/person\/d5022db048e0e2b9785c50e5b24da5aa","name":"Roger Str\u00e4ssle","image":{"@type":"ImageObject","inLanguage":"en-US","@id":"https:\/\/secure.gravatar.com\/avatar\/862a5569d087de48e5856e32f45d719a03804c891d6deb8d4f71a660e79e4a47?s=96&d=mm&r=g","url":"https:\/\/secure.gravatar.com\/avatar\/862a5569d087de48e5856e32f45d719a03804c891d6deb8d4f71a660e79e4a47?s=96&d=mm&r=g","contentUrl":"https:\/\/secure.gravatar.com\/avatar\/862a5569d087de48e5856e32f45d719a03804c891d6deb8d4f71a660e79e4a47?s=96&d=mm&r=g","caption":"Roger Str\u00e4ssle"},"url":"https:\/\/news.save.ch\/en\/author\/roger-straessle\/"}]}},"_links":{"self":[{"href":"https:\/\/news.save.ch\/en\/wp-json\/wp\/v2\/posts\/7153","targetHints":{"allow":["GET"]}}],"collection":[{"href":"https:\/\/news.save.ch\/en\/wp-json\/wp\/v2\/posts"}],"about":[{"href":"https:\/\/news.save.ch\/en\/wp-json\/wp\/v2\/types\/post"}],"author":[{"embeddable":true,"href":"https:\/\/news.save.ch\/en\/wp-json\/wp\/v2\/users\/8"}],"replies":[{"embeddable":true,"href":"https:\/\/news.save.ch\/en\/wp-json\/wp\/v2\/comments?post=7153"}],"version-history":[{"count":0,"href":"https:\/\/news.save.ch\/en\/wp-json\/wp\/v2\/posts\/7153\/revisions"}],"wp:featuredmedia":[{"embeddable":true,"href":"https:\/\/news.save.ch\/en\/wp-json\/wp\/v2\/media\/7155"}],"wp:attachment":[{"href":"https:\/\/news.save.ch\/en\/wp-json\/wp\/v2\/media?parent=7153"}],"wp:term":[{"taxonomy":"category","embeddable":true,"href":"https:\/\/news.save.ch\/en\/wp-json\/wp\/v2\/categories?post=7153"},{"taxonomy":"post_tag","embeddable":true,"href":"https:\/\/news.save.ch\/en\/wp-json\/wp\/v2\/tags?post=7153"}],"curies":[{"name":"wp","href":"https:\/\/api.w.org\/{rel}","templated":true}]}}