{"id":7162,"date":"2018-11-05T14:08:15","date_gmt":"2018-11-05T13:08:15","guid":{"rendered":"https:\/\/news.save.ch\/?p=7162"},"modified":"2023-03-14T08:59:20","modified_gmt":"2023-03-14T07:59:20","slug":"gefaehrlicher-zugriff-auf-videokameras","status":null,"type":"post","link":"https:\/\/news.save.ch\/en\/gefaehrlicher-zugriff-auf-videokameras\/","title":{"rendered":"Dangerous access to video cameras"},"content":{"rendered":"<figure id=\"attachment_7195\" aria-describedby=\"caption-attachment-7195\" style=\"width: 680px\" class=\"wp-caption aligncenter\"><img loading=\"lazy\" decoding=\"async\" class=\"size-medium wp-image-7195\" src=\"https:\/\/news.save.ch\/wp-content\/uploads\/2018\/11\/Depositphotos_80733006_m-2015.jpg\" alt=\"\" width=\"680\" height=\"451\" srcset=\"https:\/\/news.save.ch\/wp-content\/uploads\/2018\/11\/Depositphotos_80733006_m-2015.jpg 999w, https:\/\/news.save.ch\/wp-content\/uploads\/2018\/11\/Depositphotos_80733006_m-2015-375x248.jpg 375w\" sizes=\"auto, (max-width: 680px) 100vw, 680px\" \/><figcaption id=\"caption-attachment-7195\" class=\"wp-caption-text\">\u00a9 depositphotos, kwanchaidp<\/figcaption><\/figure>\n<p>The police and the institute <a href=\"https:\/\/vds.de\/\">VdS<\/a> have been warning for years about the often easy vulnerability of insecure cloud solutions - even for components used in the security sector. The most recent example is video camera components from one of the world's largest manufacturers in eastern China. Hacking attempts by Vienna-based IT security consultants SEC Consult uncovered rapid access possibilities for nine million cameras in use, including 1.3 million in Germany, VdS points out. Program manipulation was also easily possible, it said.<\/p>\n<p>According to VdS, it is particularly problematic that although the components are used by more than a hundred end manufacturers, they are usually not identified anywhere. Incidentally, the <a href=\"https:\/\/de.wikipedia.org\/wiki\/Mirai_(Malware)\">Botnet \"Mirai<\/a> (perpetrators caught and convicted), which crippled large parts of the Internet including Twitter, Spotify, and Netflix in 2016, derived its attack strength in large part from hacked components from the eastern Chinese manufacturer.<\/p>\n<p><strong>Problematic remote access<\/strong><\/p>\n<p>Sebastian Brose from VdS explains: \"Optimizations have mostly not been made since then. Many institutions around the world that are highly interesting for criminals use the vulnerable components. Hackers not only see everything that happens there quickly and easily, but can also use the gap to get into other systems used on site and misuse them as attack tools. Users of VdS-approved systems don't have such problems - after all, we check for precisely such flaws.\"<\/p>\n<p>The problem often arises because remote access is made possible via an app. Developers can find help for secure implementation in the VdS 3169 guidelines, as the institute concludes.<\/p>\n<figure id=\"attachment_7163\" aria-describedby=\"caption-attachment-7163\" style=\"width: 680px\" class=\"wp-caption alignleft\"><img loading=\"lazy\" decoding=\"async\" class=\"wp-image-7163 size-medium\" src=\"https:\/\/news.save.ch\/wp-content\/uploads\/2018\/11\/VdS_Hack.jpg\" alt=\"VdS\" width=\"680\" height=\"526\" \/><figcaption id=\"caption-attachment-7163\" class=\"wp-caption-text\">\u00a9 VdS<\/figcaption><\/figure>\n<p>&nbsp;<\/p>","protected":false},"excerpt":{"rendered":"<p>Die Polizei und das Institut VdS warnen seit Jahren vor der oftmals leichten Angreifbarkeit unsicherer Cloud-L\u00f6sungen \u2013 selbst bei Komponenten, die im Sicherheitsbereich eingesetzt werden. Das j\u00fcngste Beispiel seien Videokamera-Bauteile eines der weltweit gr\u00f6ssten Hersteller in Ostchina. Hackversuche der Wiener IT-Sicherheitsberater SEC Consult deckten schnelle Zugriffsm\u00f6glichkeiten f\u00fcr neun Millionen in Nutzung befindliche Kameras auf, davon [&hellip;]<\/p>\n","protected":false},"author":8,"featured_media":7195,"comment_status":"open","ping_status":"open","sticky":false,"template":"","format":"standard","meta":{"_acf_changed":false,"pgc_sgb_lightbox_settings":"","footnotes":""},"categories":[3312],"tags":[62,157,78],"class_list":["post-7162","post","type-post","status-publish","format-standard","has-post-thumbnail","hentry","category-sicherheit","tag-ict-sicherheit","tag-video-security","tag-videoueberwachung"],"acf":[],"hkrextid":null,"publication":null,"issue":null,"workflow":null,"startPage":null,"spitzmarke":null,"_posts_by_tag_page_fields":{"widget_title":"","widget_tags":""},"_at_widget":"1","_yoast_wpseo_primary_category":"529","_yoast_wpseo_focuskw_text_input":"VdS","_yoast_wpseo_opengraph-image":null,"_yoast_wpseo_opengraph-description":null,"_yoast_wpseo_opengraph-title":null,"enclosure":null,"_yoast_wpseo_twitter-title":null,"_yoast_wpseo_twitter-description":null,"_yoast_wpseo_twitter-image":null,"_wp_old_slug":null,"_yoast_wpseo_title":null,"_yoast_wpseo_canonical":null,"yoast_head":"<!-- This site is optimized with the Yoast SEO plugin v27.5 - https:\/\/yoast.com\/product\/yoast-seo-wordpress\/ -->\n<title>Gef\u00e4hrlicher Zugriff auf Videokameras - Save<\/title>\n<meta name=\"description\" content=\"Die unsicheren Cloud-Funktionen, vor denen schon lange gewarnt wird, erm\u00f6glichen Manipulationen der Video\u00fcberwachungssysteme der Endhersteller.\" \/>\n<meta name=\"robots\" content=\"index, follow, max-snippet:-1, max-image-preview:large, max-video-preview:-1\" \/>\n<link rel=\"canonical\" href=\"https:\/\/news.save.ch\/en\/gefaehrlicher-zugriff-auf-videokameras\/\" \/>\n<meta property=\"og:locale\" content=\"en_US\" \/>\n<meta property=\"og:type\" content=\"article\" \/>\n<meta property=\"og:title\" content=\"Gef\u00e4hrlicher Zugriff auf Videokameras - Save\" \/>\n<meta property=\"og:description\" content=\"Die unsicheren Cloud-Funktionen, vor denen schon lange gewarnt wird, erm\u00f6glichen Manipulationen der Video\u00fcberwachungssysteme der Endhersteller.\" \/>\n<meta property=\"og:url\" content=\"https:\/\/news.save.ch\/en\/gefaehrlicher-zugriff-auf-videokameras\/\" \/>\n<meta property=\"og:site_name\" content=\"Save\" \/>\n<meta property=\"article:published_time\" content=\"2018-11-05T13:08:15+00:00\" \/>\n<meta property=\"article:modified_time\" content=\"2023-03-14T07:59:20+00:00\" \/>\n<meta property=\"og:image\" content=\"https:\/\/news.save.ch\/wp-content\/uploads\/2018\/11\/Depositphotos_80733006_m-2015.jpg\" \/>\n\t<meta property=\"og:image:width\" content=\"999\" \/>\n\t<meta property=\"og:image:height\" content=\"662\" \/>\n\t<meta property=\"og:image:type\" content=\"image\/jpeg\" \/>\n<meta name=\"author\" content=\"Roger Str\u00e4ssle\" \/>\n<meta name=\"twitter:card\" content=\"summary_large_image\" \/>\n<meta name=\"twitter:label1\" content=\"Written by\" \/>\n\t<meta name=\"twitter:data1\" content=\"Roger Str\u00e4ssle\" \/>\n\t<meta name=\"twitter:label2\" content=\"Est. reading time\" \/>\n\t<meta name=\"twitter:data2\" content=\"1 minute\" \/>\n<script type=\"application\/ld+json\" class=\"yoast-schema-graph\">{\"@context\":\"https:\\\/\\\/schema.org\",\"@graph\":[{\"@type\":\"Article\",\"@id\":\"https:\\\/\\\/news.save.ch\\\/gefaehrlicher-zugriff-auf-videokameras\\\/#article\",\"isPartOf\":{\"@id\":\"https:\\\/\\\/news.save.ch\\\/gefaehrlicher-zugriff-auf-videokameras\\\/\"},\"author\":{\"name\":\"Roger Str\u00e4ssle\",\"@id\":\"https:\\\/\\\/news.save.ch\\\/de\\\/#\\\/schema\\\/person\\\/d5022db048e0e2b9785c50e5b24da5aa\"},\"headline\":\"Gef\u00e4hrlicher Zugriff auf Videokameras\",\"datePublished\":\"2018-11-05T13:08:15+00:00\",\"dateModified\":\"2023-03-14T07:59:20+00:00\",\"mainEntityOfPage\":{\"@id\":\"https:\\\/\\\/news.save.ch\\\/gefaehrlicher-zugriff-auf-videokameras\\\/\"},\"wordCount\":257,\"commentCount\":0,\"publisher\":{\"@id\":\"https:\\\/\\\/news.save.ch\\\/de\\\/#organization\"},\"image\":{\"@id\":\"https:\\\/\\\/news.save.ch\\\/gefaehrlicher-zugriff-auf-videokameras\\\/#primaryimage\"},\"thumbnailUrl\":\"https:\\\/\\\/news.save.ch\\\/wp-content\\\/uploads\\\/2018\\\/11\\\/Depositphotos_80733006_m-2015.jpg\",\"keywords\":[\"ICT-Sicherheit\",\"Video-Security\",\"Video\u00fcberwachung\"],\"articleSection\":[\"SICHERHEIT\"],\"inLanguage\":\"en-US\"},{\"@type\":\"WebPage\",\"@id\":\"https:\\\/\\\/news.save.ch\\\/gefaehrlicher-zugriff-auf-videokameras\\\/\",\"url\":\"https:\\\/\\\/news.save.ch\\\/gefaehrlicher-zugriff-auf-videokameras\\\/\",\"name\":\"Gef\u00e4hrlicher Zugriff auf Videokameras - Save\",\"isPartOf\":{\"@id\":\"https:\\\/\\\/news.save.ch\\\/de\\\/#website\"},\"primaryImageOfPage\":{\"@id\":\"https:\\\/\\\/news.save.ch\\\/gefaehrlicher-zugriff-auf-videokameras\\\/#primaryimage\"},\"image\":{\"@id\":\"https:\\\/\\\/news.save.ch\\\/gefaehrlicher-zugriff-auf-videokameras\\\/#primaryimage\"},\"thumbnailUrl\":\"https:\\\/\\\/news.save.ch\\\/wp-content\\\/uploads\\\/2018\\\/11\\\/Depositphotos_80733006_m-2015.jpg\",\"datePublished\":\"2018-11-05T13:08:15+00:00\",\"dateModified\":\"2023-03-14T07:59:20+00:00\",\"description\":\"Die unsicheren Cloud-Funktionen, vor denen schon lange gewarnt wird, erm\u00f6glichen Manipulationen der Video\u00fcberwachungssysteme der Endhersteller.\",\"breadcrumb\":{\"@id\":\"https:\\\/\\\/news.save.ch\\\/gefaehrlicher-zugriff-auf-videokameras\\\/#breadcrumb\"},\"inLanguage\":\"en-US\",\"potentialAction\":[{\"@type\":\"ReadAction\",\"target\":[\"https:\\\/\\\/news.save.ch\\\/gefaehrlicher-zugriff-auf-videokameras\\\/\"]}]},{\"@type\":\"ImageObject\",\"inLanguage\":\"en-US\",\"@id\":\"https:\\\/\\\/news.save.ch\\\/gefaehrlicher-zugriff-auf-videokameras\\\/#primaryimage\",\"url\":\"https:\\\/\\\/news.save.ch\\\/wp-content\\\/uploads\\\/2018\\\/11\\\/Depositphotos_80733006_m-2015.jpg\",\"contentUrl\":\"https:\\\/\\\/news.save.ch\\\/wp-content\\\/uploads\\\/2018\\\/11\\\/Depositphotos_80733006_m-2015.jpg\",\"width\":999,\"height\":662,\"caption\":\"\u00a9 depositphotos, kwanchaidp\"},{\"@type\":\"BreadcrumbList\",\"@id\":\"https:\\\/\\\/news.save.ch\\\/gefaehrlicher-zugriff-auf-videokameras\\\/#breadcrumb\",\"itemListElement\":[{\"@type\":\"ListItem\",\"position\":1,\"name\":\"Home\",\"item\":\"https:\\\/\\\/news.save.ch\\\/de\\\/\"},{\"@type\":\"ListItem\",\"position\":2,\"name\":\"Gef\u00e4hrlicher Zugriff auf Videokameras\"}]},{\"@type\":\"WebSite\",\"@id\":\"https:\\\/\\\/news.save.ch\\\/de\\\/#website\",\"url\":\"https:\\\/\\\/news.save.ch\\\/de\\\/\",\"name\":\"Save\",\"description\":\"Schweizer Fachzeitschrift f\u00fcr Sicherheit\",\"publisher\":{\"@id\":\"https:\\\/\\\/news.save.ch\\\/de\\\/#organization\"},\"potentialAction\":[{\"@type\":\"SearchAction\",\"target\":{\"@type\":\"EntryPoint\",\"urlTemplate\":\"https:\\\/\\\/news.save.ch\\\/de\\\/?s={search_term_string}\"},\"query-input\":{\"@type\":\"PropertyValueSpecification\",\"valueRequired\":true,\"valueName\":\"search_term_string\"}}],\"inLanguage\":\"en-US\"},{\"@type\":\"Organization\",\"@id\":\"https:\\\/\\\/news.save.ch\\\/de\\\/#organization\",\"name\":\"Sicherheitsforum\",\"url\":\"https:\\\/\\\/news.save.ch\\\/de\\\/\",\"logo\":{\"@type\":\"ImageObject\",\"inLanguage\":\"en-US\",\"@id\":\"https:\\\/\\\/news.save.ch\\\/de\\\/#\\\/schema\\\/logo\\\/image\\\/\",\"url\":\"https:\\\/\\\/news.save.ch\\\/wp-content\\\/uploads\\\/2022\\\/06\\\/Logo_SF_2012.png\",\"contentUrl\":\"https:\\\/\\\/news.save.ch\\\/wp-content\\\/uploads\\\/2022\\\/06\\\/Logo_SF_2012.png\",\"width\":1100,\"height\":91,\"caption\":\"Sicherheitsforum\"},\"image\":{\"@id\":\"https:\\\/\\\/news.save.ch\\\/de\\\/#\\\/schema\\\/logo\\\/image\\\/\"}},{\"@type\":\"Person\",\"@id\":\"https:\\\/\\\/news.save.ch\\\/de\\\/#\\\/schema\\\/person\\\/d5022db048e0e2b9785c50e5b24da5aa\",\"name\":\"Roger Str\u00e4ssle\",\"image\":{\"@type\":\"ImageObject\",\"inLanguage\":\"en-US\",\"@id\":\"https:\\\/\\\/secure.gravatar.com\\\/avatar\\\/862a5569d087de48e5856e32f45d719a03804c891d6deb8d4f71a660e79e4a47?s=96&d=mm&r=g\",\"url\":\"https:\\\/\\\/secure.gravatar.com\\\/avatar\\\/862a5569d087de48e5856e32f45d719a03804c891d6deb8d4f71a660e79e4a47?s=96&d=mm&r=g\",\"contentUrl\":\"https:\\\/\\\/secure.gravatar.com\\\/avatar\\\/862a5569d087de48e5856e32f45d719a03804c891d6deb8d4f71a660e79e4a47?s=96&d=mm&r=g\",\"caption\":\"Roger Str\u00e4ssle\"},\"url\":\"https:\\\/\\\/news.save.ch\\\/en\\\/author\\\/roger-straessle\\\/\"}]}<\/script>\n<!-- \/ Yoast SEO plugin. -->","yoast_head_json":{"title":"Dangerous access to video cameras - Save","description":"The insecure cloud features that have long been warned about enable tampering with end-manufacturers' video surveillance systems.","robots":{"index":"index","follow":"follow","max-snippet":"max-snippet:-1","max-image-preview":"max-image-preview:large","max-video-preview":"max-video-preview:-1"},"canonical":"https:\/\/news.save.ch\/en\/gefaehrlicher-zugriff-auf-videokameras\/","og_locale":"en_US","og_type":"article","og_title":"Gef\u00e4hrlicher Zugriff auf Videokameras - Save","og_description":"Die unsicheren Cloud-Funktionen, vor denen schon lange gewarnt wird, erm\u00f6glichen Manipulationen der Video\u00fcberwachungssysteme der Endhersteller.","og_url":"https:\/\/news.save.ch\/en\/gefaehrlicher-zugriff-auf-videokameras\/","og_site_name":"Save","article_published_time":"2018-11-05T13:08:15+00:00","article_modified_time":"2023-03-14T07:59:20+00:00","og_image":[{"width":999,"height":662,"url":"https:\/\/news.save.ch\/wp-content\/uploads\/2018\/11\/Depositphotos_80733006_m-2015.jpg","type":"image\/jpeg"}],"author":"Roger Str\u00e4ssle","twitter_card":"summary_large_image","twitter_misc":{"Written by":"Roger Str\u00e4ssle","Est. reading time":"1 minute"},"schema":{"@context":"https:\/\/schema.org","@graph":[{"@type":"Article","@id":"https:\/\/news.save.ch\/gefaehrlicher-zugriff-auf-videokameras\/#article","isPartOf":{"@id":"https:\/\/news.save.ch\/gefaehrlicher-zugriff-auf-videokameras\/"},"author":{"name":"Roger Str\u00e4ssle","@id":"https:\/\/news.save.ch\/de\/#\/schema\/person\/d5022db048e0e2b9785c50e5b24da5aa"},"headline":"Gef\u00e4hrlicher Zugriff auf Videokameras","datePublished":"2018-11-05T13:08:15+00:00","dateModified":"2023-03-14T07:59:20+00:00","mainEntityOfPage":{"@id":"https:\/\/news.save.ch\/gefaehrlicher-zugriff-auf-videokameras\/"},"wordCount":257,"commentCount":0,"publisher":{"@id":"https:\/\/news.save.ch\/de\/#organization"},"image":{"@id":"https:\/\/news.save.ch\/gefaehrlicher-zugriff-auf-videokameras\/#primaryimage"},"thumbnailUrl":"https:\/\/news.save.ch\/wp-content\/uploads\/2018\/11\/Depositphotos_80733006_m-2015.jpg","keywords":["ICT-Sicherheit","Video-Security","Video\u00fcberwachung"],"articleSection":["SICHERHEIT"],"inLanguage":"en-US"},{"@type":"WebPage","@id":"https:\/\/news.save.ch\/gefaehrlicher-zugriff-auf-videokameras\/","url":"https:\/\/news.save.ch\/gefaehrlicher-zugriff-auf-videokameras\/","name":"Dangerous access to video cameras - Save","isPartOf":{"@id":"https:\/\/news.save.ch\/de\/#website"},"primaryImageOfPage":{"@id":"https:\/\/news.save.ch\/gefaehrlicher-zugriff-auf-videokameras\/#primaryimage"},"image":{"@id":"https:\/\/news.save.ch\/gefaehrlicher-zugriff-auf-videokameras\/#primaryimage"},"thumbnailUrl":"https:\/\/news.save.ch\/wp-content\/uploads\/2018\/11\/Depositphotos_80733006_m-2015.jpg","datePublished":"2018-11-05T13:08:15+00:00","dateModified":"2023-03-14T07:59:20+00:00","description":"The insecure cloud features that have long been warned about enable tampering with end-manufacturers' video surveillance systems.","breadcrumb":{"@id":"https:\/\/news.save.ch\/gefaehrlicher-zugriff-auf-videokameras\/#breadcrumb"},"inLanguage":"en-US","potentialAction":[{"@type":"ReadAction","target":["https:\/\/news.save.ch\/gefaehrlicher-zugriff-auf-videokameras\/"]}]},{"@type":"ImageObject","inLanguage":"en-US","@id":"https:\/\/news.save.ch\/gefaehrlicher-zugriff-auf-videokameras\/#primaryimage","url":"https:\/\/news.save.ch\/wp-content\/uploads\/2018\/11\/Depositphotos_80733006_m-2015.jpg","contentUrl":"https:\/\/news.save.ch\/wp-content\/uploads\/2018\/11\/Depositphotos_80733006_m-2015.jpg","width":999,"height":662,"caption":"\u00a9 depositphotos, kwanchaidp"},{"@type":"BreadcrumbList","@id":"https:\/\/news.save.ch\/gefaehrlicher-zugriff-auf-videokameras\/#breadcrumb","itemListElement":[{"@type":"ListItem","position":1,"name":"Home","item":"https:\/\/news.save.ch\/de\/"},{"@type":"ListItem","position":2,"name":"Gef\u00e4hrlicher Zugriff auf Videokameras"}]},{"@type":"WebSite","@id":"https:\/\/news.save.ch\/de\/#website","url":"https:\/\/news.save.ch\/de\/","name":"Save","description":"Swiss trade journal for safety","publisher":{"@id":"https:\/\/news.save.ch\/de\/#organization"},"potentialAction":[{"@type":"SearchAction","target":{"@type":"EntryPoint","urlTemplate":"https:\/\/news.save.ch\/de\/?s={search_term_string}"},"query-input":{"@type":"PropertyValueSpecification","valueRequired":true,"valueName":"search_term_string"}}],"inLanguage":"en-US"},{"@type":"Organization","@id":"https:\/\/news.save.ch\/de\/#organization","name":"Security Forum","url":"https:\/\/news.save.ch\/de\/","logo":{"@type":"ImageObject","inLanguage":"en-US","@id":"https:\/\/news.save.ch\/de\/#\/schema\/logo\/image\/","url":"https:\/\/news.save.ch\/wp-content\/uploads\/2022\/06\/Logo_SF_2012.png","contentUrl":"https:\/\/news.save.ch\/wp-content\/uploads\/2022\/06\/Logo_SF_2012.png","width":1100,"height":91,"caption":"Sicherheitsforum"},"image":{"@id":"https:\/\/news.save.ch\/de\/#\/schema\/logo\/image\/"}},{"@type":"Person","@id":"https:\/\/news.save.ch\/de\/#\/schema\/person\/d5022db048e0e2b9785c50e5b24da5aa","name":"Roger Str\u00e4ssle","image":{"@type":"ImageObject","inLanguage":"en-US","@id":"https:\/\/secure.gravatar.com\/avatar\/862a5569d087de48e5856e32f45d719a03804c891d6deb8d4f71a660e79e4a47?s=96&d=mm&r=g","url":"https:\/\/secure.gravatar.com\/avatar\/862a5569d087de48e5856e32f45d719a03804c891d6deb8d4f71a660e79e4a47?s=96&d=mm&r=g","contentUrl":"https:\/\/secure.gravatar.com\/avatar\/862a5569d087de48e5856e32f45d719a03804c891d6deb8d4f71a660e79e4a47?s=96&d=mm&r=g","caption":"Roger Str\u00e4ssle"},"url":"https:\/\/news.save.ch\/en\/author\/roger-straessle\/"}]}},"_links":{"self":[{"href":"https:\/\/news.save.ch\/en\/wp-json\/wp\/v2\/posts\/7162","targetHints":{"allow":["GET"]}}],"collection":[{"href":"https:\/\/news.save.ch\/en\/wp-json\/wp\/v2\/posts"}],"about":[{"href":"https:\/\/news.save.ch\/en\/wp-json\/wp\/v2\/types\/post"}],"author":[{"embeddable":true,"href":"https:\/\/news.save.ch\/en\/wp-json\/wp\/v2\/users\/8"}],"replies":[{"embeddable":true,"href":"https:\/\/news.save.ch\/en\/wp-json\/wp\/v2\/comments?post=7162"}],"version-history":[{"count":1,"href":"https:\/\/news.save.ch\/en\/wp-json\/wp\/v2\/posts\/7162\/revisions"}],"predecessor-version":[{"id":17921,"href":"https:\/\/news.save.ch\/en\/wp-json\/wp\/v2\/posts\/7162\/revisions\/17921"}],"wp:featuredmedia":[{"embeddable":true,"href":"https:\/\/news.save.ch\/en\/wp-json\/wp\/v2\/media\/7195"}],"wp:attachment":[{"href":"https:\/\/news.save.ch\/en\/wp-json\/wp\/v2\/media?parent=7162"}],"wp:term":[{"taxonomy":"category","embeddable":true,"href":"https:\/\/news.save.ch\/en\/wp-json\/wp\/v2\/categories?post=7162"},{"taxonomy":"post_tag","embeddable":true,"href":"https:\/\/news.save.ch\/en\/wp-json\/wp\/v2\/tags?post=7162"}],"curies":[{"name":"wp","href":"https:\/\/api.w.org\/{rel}","templated":true}]}}