{"id":7268,"date":"2018-11-27T15:53:31","date_gmt":"2018-11-27T14:53:31","guid":{"rendered":"https:\/\/news.save.ch\/?p=7268"},"modified":"2018-11-27T15:53:31","modified_gmt":"2018-11-27T14:53:31","slug":"vssu-steht-weiterhin-zum-gesamtarbeitsvertrag","status":null,"type":"post","link":"https:\/\/news.save.ch\/en\/vssu-steht-weiterhin-zum-gesamtarbeitsvertrag\/","title":{"rendered":"VSSU continues to stand by the collective labor agreement"},"content":{"rendered":"<figure id=\"attachment_7269\" aria-describedby=\"caption-attachment-7269\" style=\"width: 680px\" class=\"wp-caption aligncenter\"><img loading=\"lazy\" decoding=\"async\" class=\"size-medium wp-image-7269\" src=\"https:\/\/news.save.ch\/wp-content\/uploads\/2018\/11\/Depositphotos_151248194_m-2015.jpg\" alt=\"\" width=\"680\" height=\"454\" srcset=\"https:\/\/news.save.ch\/wp-content\/uploads\/2018\/11\/Depositphotos_151248194_m-2015.jpg 999w, https:\/\/news.save.ch\/wp-content\/uploads\/2018\/11\/Depositphotos_151248194_m-2015-375x250.jpg 375w\" sizes=\"auto, (max-width: 680px) 100vw, 680px\" \/><figcaption id=\"caption-attachment-7269\" class=\"wp-caption-text\">\u00a9 depositphotos, Dmitry Poch<\/figcaption><\/figure>\n<p>&nbsp;<\/p>\n<p>The <a href=\"https:\/\/www.vssu.org\">VSSU<\/a> has represented the interests of the private security services industry for more than 20 years. Its members employ around 19,000 people, which corresponds to more than 85% of the employees active in the industry. Since its founding, the VSSU has been committed to progressive working conditions and good professional development, the association writes. The members stand by the <a href=\"https:\/\/www.vssu.org\/Gesamtarbeitsvertrag\">CLA<\/a> and fight in particular for the observance of minimum wages, as it further says in today's media release.<\/p>\n<p>The currently valid CLA in the private security services industry expires at the end of June 2019. The VSSU and the trade union <a href=\"https:\/\/www.unia.ch\/de\/\">Unia<\/a> have therefore started new negotiations almost two years ago. According to the VSSU, these are currently stuck after Unia rejected the VSSU's last, revised proposal.<\/p>\n<p><strong>A clear signal for social partnership<\/strong><\/p>\n<p>This development is regretted. Despite a difficult market environment with falling prices and margins, the VSSU had tried to take up the concerns of Unia and the employees it represents in a way that was compatible with the industry. In particular, the VSSU is sticking to the existing wage system, which guarantees automatic annual wage increases for the vast majority of employees. In the case of the highest salary category, for example, this cumulates to more than 16% after ten years of service. In the current negotiations, the VSSU has also proposed further targeted improvements: in particular, loyal employees in the lower salary categories will be guaranteed automatic salary increases from the fifth or seventh year of service. In addition, the VSSU is also prepared to introduce an additional wage supplement for specialists.<\/p>\n<p>Furthermore, there is also a willingness to enable stronger control by the Joint Commission with higher employer contributions. Additional improvements - for example in the area of works committees, training, overtime and the introduction of longer paternity leave - would round off the VSSU offer for the CLA 2019.<\/p>\n<p>It is of the opinion that the offer sends a clear signal for the social partnership. The association remains committed to a successful conclusion of the negotiations for a new CLA 2019, the VSSU writes in conclusion.<\/p>\n<p>&nbsp;<\/p>\n<p>&nbsp;<\/p>","protected":false},"excerpt":{"rendered":"<p>&nbsp; Der VSSU vertritt seit mehr als 20 Jahren die Interessen der privaten Sicherheitsdienstleistungsbranche. Seine Mitglieder besch\u00e4ftigen rund 19&#8217;000 Mitarbeitende, was mehr als 85% der in der Branche aktiven Arbeitnehmer entspricht. Der VSSU setze sich seit seiner Gr\u00fcndung f\u00fcr fortschrittliche Arbeitsbedingungen und eine gute berufliche Weiterbildung ein, schreibt der Verband. Die Mitglieder stehen zum GAV [&hellip;]<\/p>\n","protected":false},"author":8,"featured_media":7269,"comment_status":"open","ping_status":"open","sticky":false,"template":"","format":"standard","meta":{"_acf_changed":false,"pgc_sgb_lightbox_settings":"","footnotes":""},"categories":[1],"tags":[423,66,331],"class_list":["post-7268","post","type-post","status-publish","format-standard","has-post-thumbnail","hentry","category-allgemein","tag-gav","tag-verbaende","tag-vssu"],"acf":[],"hkrextid":null,"publication":null,"issue":null,"workflow":null,"startPage":null,"spitzmarke":null,"_posts_by_tag_page_fields":{"widget_title":"","widget_tags":""},"_at_widget":"1","_yoast_wpseo_primary_category":"","_yoast_wpseo_focuskw_text_input":"VSSU","_yoast_wpseo_opengraph-image":null,"_yoast_wpseo_opengraph-description":null,"_yoast_wpseo_opengraph-title":null,"enclosure":null,"_yoast_wpseo_twitter-title":null,"_yoast_wpseo_twitter-description":null,"_yoast_wpseo_twitter-image":null,"_wp_old_slug":null,"_yoast_wpseo_title":null,"_yoast_wpseo_canonical":null,"yoast_head":"<!-- This site is optimized with the Yoast SEO plugin v27.5 - https:\/\/yoast.com\/product\/yoast-seo-wordpress\/ -->\n<title>VSSU steht weiterhin zum Gesamtarbeitsvertrag - Save<\/title>\n<meta name=\"description\" content=\"Der VSSU will die langj\u00e4hrige Sozialpartnerschaft in der Branche fortsetzen. Er setzt sich deswegen f\u00fcr eine Weiterf\u00fchrung des GAV ein.\" \/>\n<meta name=\"robots\" content=\"index, follow, max-snippet:-1, max-image-preview:large, max-video-preview:-1\" \/>\n<link rel=\"canonical\" href=\"https:\/\/news.save.ch\/en\/vssu-steht-weiterhin-zum-gesamtarbeitsvertrag\/\" \/>\n<meta property=\"og:locale\" content=\"en_US\" \/>\n<meta property=\"og:type\" content=\"article\" \/>\n<meta property=\"og:title\" content=\"VSSU steht weiterhin zum Gesamtarbeitsvertrag - Save\" \/>\n<meta property=\"og:description\" content=\"Der VSSU will die langj\u00e4hrige Sozialpartnerschaft in der Branche fortsetzen. Er setzt sich deswegen f\u00fcr eine Weiterf\u00fchrung des GAV ein.\" \/>\n<meta property=\"og:url\" content=\"https:\/\/news.save.ch\/en\/vssu-steht-weiterhin-zum-gesamtarbeitsvertrag\/\" \/>\n<meta property=\"og:site_name\" content=\"Save\" \/>\n<meta property=\"article:published_time\" content=\"2018-11-27T14:53:31+00:00\" \/>\n<meta property=\"og:image\" content=\"https:\/\/news.save.ch\/wp-content\/uploads\/2018\/11\/Depositphotos_151248194_m-2015.jpg\" \/>\n\t<meta property=\"og:image:width\" content=\"999\" \/>\n\t<meta property=\"og:image:height\" content=\"667\" \/>\n\t<meta property=\"og:image:type\" content=\"image\/jpeg\" \/>\n<meta name=\"author\" content=\"Roger Str\u00e4ssle\" \/>\n<meta name=\"twitter:card\" content=\"summary_large_image\" \/>\n<meta name=\"twitter:label1\" content=\"Written by\" \/>\n\t<meta name=\"twitter:data1\" content=\"Roger Str\u00e4ssle\" \/>\n\t<meta name=\"twitter:label2\" content=\"Est. reading time\" \/>\n\t<meta name=\"twitter:data2\" content=\"2 minutes\" \/>\n<script type=\"application\/ld+json\" class=\"yoast-schema-graph\">{\"@context\":\"https:\\\/\\\/schema.org\",\"@graph\":[{\"@type\":\"Article\",\"@id\":\"https:\\\/\\\/news.save.ch\\\/vssu-steht-weiterhin-zum-gesamtarbeitsvertrag\\\/#article\",\"isPartOf\":{\"@id\":\"https:\\\/\\\/news.save.ch\\\/vssu-steht-weiterhin-zum-gesamtarbeitsvertrag\\\/\"},\"author\":{\"name\":\"Roger Str\u00e4ssle\",\"@id\":\"https:\\\/\\\/news.save.ch\\\/de\\\/#\\\/schema\\\/person\\\/d5022db048e0e2b9785c50e5b24da5aa\"},\"headline\":\"VSSU steht weiterhin zum Gesamtarbeitsvertrag\",\"datePublished\":\"2018-11-27T14:53:31+00:00\",\"mainEntityOfPage\":{\"@id\":\"https:\\\/\\\/news.save.ch\\\/vssu-steht-weiterhin-zum-gesamtarbeitsvertrag\\\/\"},\"wordCount\":353,\"commentCount\":0,\"publisher\":{\"@id\":\"https:\\\/\\\/news.save.ch\\\/de\\\/#organization\"},\"image\":{\"@id\":\"https:\\\/\\\/news.save.ch\\\/vssu-steht-weiterhin-zum-gesamtarbeitsvertrag\\\/#primaryimage\"},\"thumbnailUrl\":\"https:\\\/\\\/news.save.ch\\\/wp-content\\\/uploads\\\/2018\\\/11\\\/Depositphotos_151248194_m-2015.jpg\",\"keywords\":[\"GAV\",\"Verb\u00e4nde\",\"VSSU\"],\"articleSection\":[\"ALLGEMEIN\"],\"inLanguage\":\"en-US\"},{\"@type\":\"WebPage\",\"@id\":\"https:\\\/\\\/news.save.ch\\\/vssu-steht-weiterhin-zum-gesamtarbeitsvertrag\\\/\",\"url\":\"https:\\\/\\\/news.save.ch\\\/vssu-steht-weiterhin-zum-gesamtarbeitsvertrag\\\/\",\"name\":\"VSSU steht weiterhin zum Gesamtarbeitsvertrag - Save\",\"isPartOf\":{\"@id\":\"https:\\\/\\\/news.save.ch\\\/de\\\/#website\"},\"primaryImageOfPage\":{\"@id\":\"https:\\\/\\\/news.save.ch\\\/vssu-steht-weiterhin-zum-gesamtarbeitsvertrag\\\/#primaryimage\"},\"image\":{\"@id\":\"https:\\\/\\\/news.save.ch\\\/vssu-steht-weiterhin-zum-gesamtarbeitsvertrag\\\/#primaryimage\"},\"thumbnailUrl\":\"https:\\\/\\\/news.save.ch\\\/wp-content\\\/uploads\\\/2018\\\/11\\\/Depositphotos_151248194_m-2015.jpg\",\"datePublished\":\"2018-11-27T14:53:31+00:00\",\"description\":\"Der VSSU will die langj\u00e4hrige Sozialpartnerschaft in der Branche fortsetzen. Er setzt sich deswegen f\u00fcr eine Weiterf\u00fchrung des GAV ein.\",\"breadcrumb\":{\"@id\":\"https:\\\/\\\/news.save.ch\\\/vssu-steht-weiterhin-zum-gesamtarbeitsvertrag\\\/#breadcrumb\"},\"inLanguage\":\"en-US\",\"potentialAction\":[{\"@type\":\"ReadAction\",\"target\":[\"https:\\\/\\\/news.save.ch\\\/vssu-steht-weiterhin-zum-gesamtarbeitsvertrag\\\/\"]}]},{\"@type\":\"ImageObject\",\"inLanguage\":\"en-US\",\"@id\":\"https:\\\/\\\/news.save.ch\\\/vssu-steht-weiterhin-zum-gesamtarbeitsvertrag\\\/#primaryimage\",\"url\":\"https:\\\/\\\/news.save.ch\\\/wp-content\\\/uploads\\\/2018\\\/11\\\/Depositphotos_151248194_m-2015.jpg\",\"contentUrl\":\"https:\\\/\\\/news.save.ch\\\/wp-content\\\/uploads\\\/2018\\\/11\\\/Depositphotos_151248194_m-2015.jpg\",\"width\":999,\"height\":667,\"caption\":\"\u00a9 depositphotos, DmitryPoch\"},{\"@type\":\"BreadcrumbList\",\"@id\":\"https:\\\/\\\/news.save.ch\\\/vssu-steht-weiterhin-zum-gesamtarbeitsvertrag\\\/#breadcrumb\",\"itemListElement\":[{\"@type\":\"ListItem\",\"position\":1,\"name\":\"Home\",\"item\":\"https:\\\/\\\/news.save.ch\\\/de\\\/\"},{\"@type\":\"ListItem\",\"position\":2,\"name\":\"VSSU steht weiterhin zum Gesamtarbeitsvertrag\"}]},{\"@type\":\"WebSite\",\"@id\":\"https:\\\/\\\/news.save.ch\\\/de\\\/#website\",\"url\":\"https:\\\/\\\/news.save.ch\\\/de\\\/\",\"name\":\"Save\",\"description\":\"Schweizer Fachzeitschrift f\u00fcr Sicherheit\",\"publisher\":{\"@id\":\"https:\\\/\\\/news.save.ch\\\/de\\\/#organization\"},\"potentialAction\":[{\"@type\":\"SearchAction\",\"target\":{\"@type\":\"EntryPoint\",\"urlTemplate\":\"https:\\\/\\\/news.save.ch\\\/de\\\/?s={search_term_string}\"},\"query-input\":{\"@type\":\"PropertyValueSpecification\",\"valueRequired\":true,\"valueName\":\"search_term_string\"}}],\"inLanguage\":\"en-US\"},{\"@type\":\"Organization\",\"@id\":\"https:\\\/\\\/news.save.ch\\\/de\\\/#organization\",\"name\":\"Sicherheitsforum\",\"url\":\"https:\\\/\\\/news.save.ch\\\/de\\\/\",\"logo\":{\"@type\":\"ImageObject\",\"inLanguage\":\"en-US\",\"@id\":\"https:\\\/\\\/news.save.ch\\\/de\\\/#\\\/schema\\\/logo\\\/image\\\/\",\"url\":\"https:\\\/\\\/news.save.ch\\\/wp-content\\\/uploads\\\/2022\\\/06\\\/Logo_SF_2012.png\",\"contentUrl\":\"https:\\\/\\\/news.save.ch\\\/wp-content\\\/uploads\\\/2022\\\/06\\\/Logo_SF_2012.png\",\"width\":1100,\"height\":91,\"caption\":\"Sicherheitsforum\"},\"image\":{\"@id\":\"https:\\\/\\\/news.save.ch\\\/de\\\/#\\\/schema\\\/logo\\\/image\\\/\"}},{\"@type\":\"Person\",\"@id\":\"https:\\\/\\\/news.save.ch\\\/de\\\/#\\\/schema\\\/person\\\/d5022db048e0e2b9785c50e5b24da5aa\",\"name\":\"Roger Str\u00e4ssle\",\"image\":{\"@type\":\"ImageObject\",\"inLanguage\":\"en-US\",\"@id\":\"https:\\\/\\\/secure.gravatar.com\\\/avatar\\\/862a5569d087de48e5856e32f45d719a03804c891d6deb8d4f71a660e79e4a47?s=96&d=mm&r=g\",\"url\":\"https:\\\/\\\/secure.gravatar.com\\\/avatar\\\/862a5569d087de48e5856e32f45d719a03804c891d6deb8d4f71a660e79e4a47?s=96&d=mm&r=g\",\"contentUrl\":\"https:\\\/\\\/secure.gravatar.com\\\/avatar\\\/862a5569d087de48e5856e32f45d719a03804c891d6deb8d4f71a660e79e4a47?s=96&d=mm&r=g\",\"caption\":\"Roger Str\u00e4ssle\"},\"url\":\"https:\\\/\\\/news.save.ch\\\/en\\\/author\\\/roger-straessle\\\/\"}]}<\/script>\n<!-- \/ Yoast SEO plugin. -->","yoast_head_json":{"title":"VSSU continues to stand by the collective labor agreement - Save","description":"The VSSU wants to continue the long-standing social partnership in the industry. It therefore advocates the continuation of the CBA.","robots":{"index":"index","follow":"follow","max-snippet":"max-snippet:-1","max-image-preview":"max-image-preview:large","max-video-preview":"max-video-preview:-1"},"canonical":"https:\/\/news.save.ch\/en\/vssu-steht-weiterhin-zum-gesamtarbeitsvertrag\/","og_locale":"en_US","og_type":"article","og_title":"VSSU steht weiterhin zum Gesamtarbeitsvertrag - Save","og_description":"Der VSSU will die langj\u00e4hrige Sozialpartnerschaft in der Branche fortsetzen. Er setzt sich deswegen f\u00fcr eine Weiterf\u00fchrung des GAV ein.","og_url":"https:\/\/news.save.ch\/en\/vssu-steht-weiterhin-zum-gesamtarbeitsvertrag\/","og_site_name":"Save","article_published_time":"2018-11-27T14:53:31+00:00","og_image":[{"width":999,"height":667,"url":"https:\/\/news.save.ch\/wp-content\/uploads\/2018\/11\/Depositphotos_151248194_m-2015.jpg","type":"image\/jpeg"}],"author":"Roger Str\u00e4ssle","twitter_card":"summary_large_image","twitter_misc":{"Written by":"Roger Str\u00e4ssle","Est. reading time":"2 minutes"},"schema":{"@context":"https:\/\/schema.org","@graph":[{"@type":"Article","@id":"https:\/\/news.save.ch\/vssu-steht-weiterhin-zum-gesamtarbeitsvertrag\/#article","isPartOf":{"@id":"https:\/\/news.save.ch\/vssu-steht-weiterhin-zum-gesamtarbeitsvertrag\/"},"author":{"name":"Roger Str\u00e4ssle","@id":"https:\/\/news.save.ch\/de\/#\/schema\/person\/d5022db048e0e2b9785c50e5b24da5aa"},"headline":"VSSU steht weiterhin zum Gesamtarbeitsvertrag","datePublished":"2018-11-27T14:53:31+00:00","mainEntityOfPage":{"@id":"https:\/\/news.save.ch\/vssu-steht-weiterhin-zum-gesamtarbeitsvertrag\/"},"wordCount":353,"commentCount":0,"publisher":{"@id":"https:\/\/news.save.ch\/de\/#organization"},"image":{"@id":"https:\/\/news.save.ch\/vssu-steht-weiterhin-zum-gesamtarbeitsvertrag\/#primaryimage"},"thumbnailUrl":"https:\/\/news.save.ch\/wp-content\/uploads\/2018\/11\/Depositphotos_151248194_m-2015.jpg","keywords":["GAV","Verb\u00e4nde","VSSU"],"articleSection":["ALLGEMEIN"],"inLanguage":"en-US"},{"@type":"WebPage","@id":"https:\/\/news.save.ch\/vssu-steht-weiterhin-zum-gesamtarbeitsvertrag\/","url":"https:\/\/news.save.ch\/vssu-steht-weiterhin-zum-gesamtarbeitsvertrag\/","name":"VSSU continues to stand by the collective labor agreement - Save","isPartOf":{"@id":"https:\/\/news.save.ch\/de\/#website"},"primaryImageOfPage":{"@id":"https:\/\/news.save.ch\/vssu-steht-weiterhin-zum-gesamtarbeitsvertrag\/#primaryimage"},"image":{"@id":"https:\/\/news.save.ch\/vssu-steht-weiterhin-zum-gesamtarbeitsvertrag\/#primaryimage"},"thumbnailUrl":"https:\/\/news.save.ch\/wp-content\/uploads\/2018\/11\/Depositphotos_151248194_m-2015.jpg","datePublished":"2018-11-27T14:53:31+00:00","description":"The VSSU wants to continue the long-standing social partnership in the industry. It therefore advocates the continuation of the CBA.","breadcrumb":{"@id":"https:\/\/news.save.ch\/vssu-steht-weiterhin-zum-gesamtarbeitsvertrag\/#breadcrumb"},"inLanguage":"en-US","potentialAction":[{"@type":"ReadAction","target":["https:\/\/news.save.ch\/vssu-steht-weiterhin-zum-gesamtarbeitsvertrag\/"]}]},{"@type":"ImageObject","inLanguage":"en-US","@id":"https:\/\/news.save.ch\/vssu-steht-weiterhin-zum-gesamtarbeitsvertrag\/#primaryimage","url":"https:\/\/news.save.ch\/wp-content\/uploads\/2018\/11\/Depositphotos_151248194_m-2015.jpg","contentUrl":"https:\/\/news.save.ch\/wp-content\/uploads\/2018\/11\/Depositphotos_151248194_m-2015.jpg","width":999,"height":667,"caption":"\u00a9 depositphotos, DmitryPoch"},{"@type":"BreadcrumbList","@id":"https:\/\/news.save.ch\/vssu-steht-weiterhin-zum-gesamtarbeitsvertrag\/#breadcrumb","itemListElement":[{"@type":"ListItem","position":1,"name":"Home","item":"https:\/\/news.save.ch\/de\/"},{"@type":"ListItem","position":2,"name":"VSSU steht weiterhin zum Gesamtarbeitsvertrag"}]},{"@type":"WebSite","@id":"https:\/\/news.save.ch\/de\/#website","url":"https:\/\/news.save.ch\/de\/","name":"Save","description":"Swiss trade journal for safety","publisher":{"@id":"https:\/\/news.save.ch\/de\/#organization"},"potentialAction":[{"@type":"SearchAction","target":{"@type":"EntryPoint","urlTemplate":"https:\/\/news.save.ch\/de\/?s={search_term_string}"},"query-input":{"@type":"PropertyValueSpecification","valueRequired":true,"valueName":"search_term_string"}}],"inLanguage":"en-US"},{"@type":"Organization","@id":"https:\/\/news.save.ch\/de\/#organization","name":"Security Forum","url":"https:\/\/news.save.ch\/de\/","logo":{"@type":"ImageObject","inLanguage":"en-US","@id":"https:\/\/news.save.ch\/de\/#\/schema\/logo\/image\/","url":"https:\/\/news.save.ch\/wp-content\/uploads\/2022\/06\/Logo_SF_2012.png","contentUrl":"https:\/\/news.save.ch\/wp-content\/uploads\/2022\/06\/Logo_SF_2012.png","width":1100,"height":91,"caption":"Sicherheitsforum"},"image":{"@id":"https:\/\/news.save.ch\/de\/#\/schema\/logo\/image\/"}},{"@type":"Person","@id":"https:\/\/news.save.ch\/de\/#\/schema\/person\/d5022db048e0e2b9785c50e5b24da5aa","name":"Roger Str\u00e4ssle","image":{"@type":"ImageObject","inLanguage":"en-US","@id":"https:\/\/secure.gravatar.com\/avatar\/862a5569d087de48e5856e32f45d719a03804c891d6deb8d4f71a660e79e4a47?s=96&d=mm&r=g","url":"https:\/\/secure.gravatar.com\/avatar\/862a5569d087de48e5856e32f45d719a03804c891d6deb8d4f71a660e79e4a47?s=96&d=mm&r=g","contentUrl":"https:\/\/secure.gravatar.com\/avatar\/862a5569d087de48e5856e32f45d719a03804c891d6deb8d4f71a660e79e4a47?s=96&d=mm&r=g","caption":"Roger Str\u00e4ssle"},"url":"https:\/\/news.save.ch\/en\/author\/roger-straessle\/"}]}},"_links":{"self":[{"href":"https:\/\/news.save.ch\/en\/wp-json\/wp\/v2\/posts\/7268","targetHints":{"allow":["GET"]}}],"collection":[{"href":"https:\/\/news.save.ch\/en\/wp-json\/wp\/v2\/posts"}],"about":[{"href":"https:\/\/news.save.ch\/en\/wp-json\/wp\/v2\/types\/post"}],"author":[{"embeddable":true,"href":"https:\/\/news.save.ch\/en\/wp-json\/wp\/v2\/users\/8"}],"replies":[{"embeddable":true,"href":"https:\/\/news.save.ch\/en\/wp-json\/wp\/v2\/comments?post=7268"}],"version-history":[{"count":0,"href":"https:\/\/news.save.ch\/en\/wp-json\/wp\/v2\/posts\/7268\/revisions"}],"wp:featuredmedia":[{"embeddable":true,"href":"https:\/\/news.save.ch\/en\/wp-json\/wp\/v2\/media\/7269"}],"wp:attachment":[{"href":"https:\/\/news.save.ch\/en\/wp-json\/wp\/v2\/media?parent=7268"}],"wp:term":[{"taxonomy":"category","embeddable":true,"href":"https:\/\/news.save.ch\/en\/wp-json\/wp\/v2\/categories?post=7268"},{"taxonomy":"post_tag","embeddable":true,"href":"https:\/\/news.save.ch\/en\/wp-json\/wp\/v2\/tags?post=7268"}],"curies":[{"name":"wp","href":"https:\/\/api.w.org\/{rel}","templated":true}]}}