{"id":7287,"date":"2018-11-30T14:34:45","date_gmt":"2018-11-30T13:34:45","guid":{"rendered":"https:\/\/news.save.ch\/?p=7287"},"modified":"2018-11-30T14:34:45","modified_gmt":"2018-11-30T13:34:45","slug":"die-ersten-tuerplaner-sind-zertifiziert","status":null,"type":"post","link":"https:\/\/news.save.ch\/en\/die-ersten-tuerplaner-sind-zertifiziert\/","title":{"rendered":"The first graduated door planners"},"content":{"rendered":"<figure id=\"attachment_7292\" aria-describedby=\"caption-attachment-7292\" style=\"width: 680px\" class=\"wp-caption aligncenter\"><img loading=\"lazy\" decoding=\"async\" class=\"size-medium wp-image-7292\" src=\"https:\/\/news.save.ch\/wp-content\/uploads\/2018\/11\/IMG_20181129_154005_bearbeitet-1-scaled-1.jpg\" alt=\"\" width=\"680\" height=\"405\" \/><figcaption id=\"caption-attachment-7292\" class=\"wp-caption-text\">The first graduates of the advanced training course \"VST \/ VSSM Door Planner\". Photo: R. Str\u00e4ssle<\/figcaption><\/figure>\n<p>There is more to a door than meets the eye. Because a door must meet many requirements: Fire protection, escape route function, burglar resistance, sound insulation and much more. Not to forget the high demands on the aesthetics of the architectural community. It is no easy task for the door industry to reconcile all requirements, if at all possible.<\/p>\n<p><strong>The graduates 2018<\/strong><\/p>\n<p>To ensure that the profession has good know-how, the associations of the <a href=\"https:\/\/www.vst.ch\/\">Door industry<\/a> (VST) and the <a href=\"https:\/\/www.vssm.ch\/\">Master carpenters and furniture manufacturers<\/a>\u00a0(VSSM) has launched a corresponding continuing education program. It started last March. In the context of their annual VST seminar, VST President Jim Steiner was able to ceremoniously award the diploma \"<a href=\"https:\/\/www.hfb.ch\/de\/seminare-planung-technik\/tuerplaner-vst-vssm\">VST \/ VSSM door planner<\/a>\" present.<\/p>\n<p>Score with the best completions of this first course:<\/p>\n<ul>\n<li>Schneebeli Christian, Schneebeli Metallbau AG<\/li>\n<li>K\u00e4ser David Jonas, J\u00e4ggi AG<\/li>\n<li>B\u00fchler Cornelius, H&amp;Z Rorbach AG<\/li>\n<\/ul>\n<p>Also passed (in alphabetical order):<\/p>\n<ul>\n<li>Bellini Sanjo, Schneebeli Metallbau AG<\/li>\n<li>Bersia Agron, Norma Reiden AG<\/li>\n<li>Brun Martin, Entla AG<\/li>\n<li>Dittli Stefan, PVA AG<\/li>\n<li>Eglin Hugo, Eurodoor AG<\/li>\n<li>Grossmann Marcel, Tschudin AG<\/li>\n<li>Hager Jolanda, Elkuch Eisenring AG<\/li>\n<li>Moser Alina, Moser Security AG<\/li>\n<li>Siegenthaler Andres, Norma Reiden AG<\/li>\n<li>Staub Daniel, Sp\u00e4ti Innenausbau AG<\/li>\n<li>Steiner Toni, Fanzun AG<\/li>\n<li>Wespi Urs, Entla AG<\/li>\n<\/ul>\n<p><strong>What are the main topics?<\/strong><\/p>\n<p>The VST and VSSM offer the training in cooperation with the H\u00f6here Fachschule B\u00fcrgenstock. The further education to \"<a href=\"https:\/\/www.hfb.ch\/de\/seminare-planung-technik\/tuerplaner-vst-vssm\">Door planner VST \/ VSSM<\/a>\" is intended to broaden understanding of the interrelationships of door planning and manufacturing, according to the educational institute's website. The participants should receive a solid basis for the professional future in the door industry. The focus of the 8-day course is as follows:<\/p>\n<ul>\n<li>Gain basic knowledge of the construction and standards of doors<\/li>\n<li>Know fittings and possibilities of electronic controls<\/li>\n<li>Understanding safety aspects<\/li>\n<li>Understanding and technically implementing building physics requirements for doors<\/li>\n<li>Assess the serviceability of doors<\/li>\n<li>Projecting and implementing door orders in practice<\/li>\n<\/ul>\n<p>The target audience is door builders, carpenters, career changers, metal workers and architects.<\/p>\n<p>The training seems to have met with a great response. In any case, the second course is already running and there are still a few places available for the third.\u00a0 <em>(rs)<\/em><\/p>\n<p>&nbsp;<\/p>\n<p>&nbsp;<\/p>","protected":false},"excerpt":{"rendered":"<p>Hinter einer T\u00fcre steckt mehr, als man landl\u00e4ufig annimmt. Denn eine T\u00fcre muss viele Anforderungen erf\u00fcllen: Brandschutz, Fluchtwegfunktion, Einbruchhemmung, Schallschutz und vieles mehr. Nicht zu vergessen sind die hohen Anspr\u00fcche an die \u00c4sthetik der Architektengemeinschaft. Es ist f\u00fcr die T\u00fcrenbranche keine leichte Aufgabe, alle Anforderungen, so \u00fcberhaupt m\u00f6glich, unter einen Hut zu bringen. Die Absolventen [&hellip;]<\/p>\n","protected":false},"author":8,"featured_media":7292,"comment_status":"open","ping_status":"open","sticky":false,"template":"","format":"standard","meta":{"_acf_changed":false,"pgc_sgb_lightbox_settings":"","footnotes":""},"categories":[1],"tags":[424,66,425,158],"class_list":["post-7287","post","type-post","status-publish","format-standard","has-post-thumbnail","hentry","category-allgemein","tag-tuerplaner","tag-verbaende","tag-vst","tag-zutrittskontrolle"],"acf":[],"hkrextid":null,"publication":null,"issue":null,"workflow":null,"startPage":null,"spitzmarke":null,"_posts_by_tag_page_fields":{"widget_title":"","widget_tags":""},"_at_widget":"1","_yoast_wpseo_primary_category":"1","_yoast_wpseo_focuskw_text_input":"T\u00fcrplaner","_yoast_wpseo_opengraph-image":null,"_yoast_wpseo_opengraph-description":null,"_yoast_wpseo_opengraph-title":null,"enclosure":null,"_yoast_wpseo_twitter-title":null,"_yoast_wpseo_twitter-description":null,"_yoast_wpseo_twitter-image":null,"_wp_old_slug":null,"_yoast_wpseo_title":null,"_yoast_wpseo_canonical":null,"yoast_head":"<!-- This site is optimized with the Yoast SEO plugin v27.4 - https:\/\/yoast.com\/product\/yoast-seo-wordpress\/ -->\n<title>Die ersten diplomierten T\u00fcrplaner - Save<\/title>\n<meta name=\"description\" content=\"Die ersten Absolventen der neu geschaffenen Weiterbildung \u201eVST \/ VSSM T\u00fcrplaner\u201c konnten ihr Zertifikat in Empfang nehmen.\" \/>\n<meta name=\"robots\" content=\"index, follow, max-snippet:-1, max-image-preview:large, max-video-preview:-1\" \/>\n<link rel=\"canonical\" href=\"https:\/\/news.save.ch\/en\/die-ersten-tuerplaner-sind-zertifiziert\/\" \/>\n<meta property=\"og:locale\" content=\"en_US\" \/>\n<meta property=\"og:type\" content=\"article\" \/>\n<meta property=\"og:title\" content=\"Die ersten diplomierten T\u00fcrplaner - Save\" \/>\n<meta property=\"og:description\" content=\"Die ersten Absolventen der neu geschaffenen Weiterbildung \u201eVST \/ VSSM T\u00fcrplaner\u201c konnten ihr Zertifikat in Empfang nehmen.\" \/>\n<meta property=\"og:url\" content=\"https:\/\/news.save.ch\/en\/die-ersten-tuerplaner-sind-zertifiziert\/\" \/>\n<meta property=\"og:site_name\" content=\"Save\" \/>\n<meta property=\"article:published_time\" content=\"2018-11-30T13:34:45+00:00\" \/>\n<meta property=\"og:image\" content=\"https:\/\/news.save.ch\/wp-content\/uploads\/2018\/11\/IMG_20181129_154005_bearbeitet-1-scaled-1-scaled.jpg\" \/>\n\t<meta property=\"og:image:width\" content=\"1400\" \/>\n\t<meta property=\"og:image:height\" content=\"833\" \/>\n\t<meta property=\"og:image:type\" content=\"image\/jpeg\" \/>\n<meta name=\"author\" content=\"Roger Str\u00e4ssle\" \/>\n<meta name=\"twitter:card\" content=\"summary_large_image\" \/>\n<meta name=\"twitter:label1\" content=\"Written by\" \/>\n\t<meta name=\"twitter:data1\" content=\"Roger Str\u00e4ssle\" \/>\n\t<meta name=\"twitter:label2\" content=\"Est. reading time\" \/>\n\t<meta name=\"twitter:data2\" content=\"2 minutes\" \/>\n<script type=\"application\/ld+json\" class=\"yoast-schema-graph\">{\"@context\":\"https:\\\/\\\/schema.org\",\"@graph\":[{\"@type\":\"Article\",\"@id\":\"https:\\\/\\\/news.save.ch\\\/die-ersten-tuerplaner-sind-zertifiziert\\\/#article\",\"isPartOf\":{\"@id\":\"https:\\\/\\\/news.save.ch\\\/die-ersten-tuerplaner-sind-zertifiziert\\\/\"},\"author\":{\"name\":\"Roger Str\u00e4ssle\",\"@id\":\"https:\\\/\\\/news.save.ch\\\/de\\\/#\\\/schema\\\/person\\\/d5022db048e0e2b9785c50e5b24da5aa\"},\"headline\":\"Die ersten diplomierten T\u00fcrplaner\",\"datePublished\":\"2018-11-30T13:34:45+00:00\",\"mainEntityOfPage\":{\"@id\":\"https:\\\/\\\/news.save.ch\\\/die-ersten-tuerplaner-sind-zertifiziert\\\/\"},\"wordCount\":403,\"commentCount\":0,\"publisher\":{\"@id\":\"https:\\\/\\\/news.save.ch\\\/de\\\/#organization\"},\"image\":{\"@id\":\"https:\\\/\\\/news.save.ch\\\/die-ersten-tuerplaner-sind-zertifiziert\\\/#primaryimage\"},\"thumbnailUrl\":\"https:\\\/\\\/news.save.ch\\\/wp-content\\\/uploads\\\/2018\\\/11\\\/IMG_20181129_154005_bearbeitet-1-scaled-1-scaled.jpg\",\"keywords\":[\"T\u00fcrplaner\",\"Verb\u00e4nde\",\"VST\",\"Zutrittskontrolle\"],\"articleSection\":[\"ALLGEMEIN\"],\"inLanguage\":\"en-US\"},{\"@type\":\"WebPage\",\"@id\":\"https:\\\/\\\/news.save.ch\\\/die-ersten-tuerplaner-sind-zertifiziert\\\/\",\"url\":\"https:\\\/\\\/news.save.ch\\\/die-ersten-tuerplaner-sind-zertifiziert\\\/\",\"name\":\"Die ersten diplomierten T\u00fcrplaner - Save\",\"isPartOf\":{\"@id\":\"https:\\\/\\\/news.save.ch\\\/de\\\/#website\"},\"primaryImageOfPage\":{\"@id\":\"https:\\\/\\\/news.save.ch\\\/die-ersten-tuerplaner-sind-zertifiziert\\\/#primaryimage\"},\"image\":{\"@id\":\"https:\\\/\\\/news.save.ch\\\/die-ersten-tuerplaner-sind-zertifiziert\\\/#primaryimage\"},\"thumbnailUrl\":\"https:\\\/\\\/news.save.ch\\\/wp-content\\\/uploads\\\/2018\\\/11\\\/IMG_20181129_154005_bearbeitet-1-scaled-1-scaled.jpg\",\"datePublished\":\"2018-11-30T13:34:45+00:00\",\"description\":\"Die ersten Absolventen der neu geschaffenen Weiterbildung \u201eVST \\\/ VSSM T\u00fcrplaner\u201c konnten ihr Zertifikat in Empfang nehmen.\",\"breadcrumb\":{\"@id\":\"https:\\\/\\\/news.save.ch\\\/die-ersten-tuerplaner-sind-zertifiziert\\\/#breadcrumb\"},\"inLanguage\":\"en-US\",\"potentialAction\":[{\"@type\":\"ReadAction\",\"target\":[\"https:\\\/\\\/news.save.ch\\\/die-ersten-tuerplaner-sind-zertifiziert\\\/\"]}]},{\"@type\":\"ImageObject\",\"inLanguage\":\"en-US\",\"@id\":\"https:\\\/\\\/news.save.ch\\\/die-ersten-tuerplaner-sind-zertifiziert\\\/#primaryimage\",\"url\":\"https:\\\/\\\/news.save.ch\\\/wp-content\\\/uploads\\\/2018\\\/11\\\/IMG_20181129_154005_bearbeitet-1-scaled-1-scaled.jpg\",\"contentUrl\":\"https:\\\/\\\/news.save.ch\\\/wp-content\\\/uploads\\\/2018\\\/11\\\/IMG_20181129_154005_bearbeitet-1-scaled-1-scaled.jpg\",\"width\":1400,\"height\":833,\"caption\":\"Die ersten Absolventen der Weiterbildung \\\"VST \\\/ VSSM T\u00fcrplaner. Foto: R. Str\u00e4ssle\"},{\"@type\":\"BreadcrumbList\",\"@id\":\"https:\\\/\\\/news.save.ch\\\/die-ersten-tuerplaner-sind-zertifiziert\\\/#breadcrumb\",\"itemListElement\":[{\"@type\":\"ListItem\",\"position\":1,\"name\":\"Home\",\"item\":\"https:\\\/\\\/news.save.ch\\\/de\\\/\"},{\"@type\":\"ListItem\",\"position\":2,\"name\":\"Die ersten diplomierten T\u00fcrplaner\"}]},{\"@type\":\"WebSite\",\"@id\":\"https:\\\/\\\/news.save.ch\\\/de\\\/#website\",\"url\":\"https:\\\/\\\/news.save.ch\\\/de\\\/\",\"name\":\"Save\",\"description\":\"Schweizer Fachzeitschrift f\u00fcr Sicherheit\",\"publisher\":{\"@id\":\"https:\\\/\\\/news.save.ch\\\/de\\\/#organization\"},\"potentialAction\":[{\"@type\":\"SearchAction\",\"target\":{\"@type\":\"EntryPoint\",\"urlTemplate\":\"https:\\\/\\\/news.save.ch\\\/de\\\/?s={search_term_string}\"},\"query-input\":{\"@type\":\"PropertyValueSpecification\",\"valueRequired\":true,\"valueName\":\"search_term_string\"}}],\"inLanguage\":\"en-US\"},{\"@type\":\"Organization\",\"@id\":\"https:\\\/\\\/news.save.ch\\\/de\\\/#organization\",\"name\":\"Sicherheitsforum\",\"url\":\"https:\\\/\\\/news.save.ch\\\/de\\\/\",\"logo\":{\"@type\":\"ImageObject\",\"inLanguage\":\"en-US\",\"@id\":\"https:\\\/\\\/news.save.ch\\\/de\\\/#\\\/schema\\\/logo\\\/image\\\/\",\"url\":\"https:\\\/\\\/news.save.ch\\\/wp-content\\\/uploads\\\/2022\\\/06\\\/Logo_SF_2012.png\",\"contentUrl\":\"https:\\\/\\\/news.save.ch\\\/wp-content\\\/uploads\\\/2022\\\/06\\\/Logo_SF_2012.png\",\"width\":1100,\"height\":91,\"caption\":\"Sicherheitsforum\"},\"image\":{\"@id\":\"https:\\\/\\\/news.save.ch\\\/de\\\/#\\\/schema\\\/logo\\\/image\\\/\"}},{\"@type\":\"Person\",\"@id\":\"https:\\\/\\\/news.save.ch\\\/de\\\/#\\\/schema\\\/person\\\/d5022db048e0e2b9785c50e5b24da5aa\",\"name\":\"Roger Str\u00e4ssle\",\"image\":{\"@type\":\"ImageObject\",\"inLanguage\":\"en-US\",\"@id\":\"https:\\\/\\\/secure.gravatar.com\\\/avatar\\\/862a5569d087de48e5856e32f45d719a03804c891d6deb8d4f71a660e79e4a47?s=96&d=mm&r=g\",\"url\":\"https:\\\/\\\/secure.gravatar.com\\\/avatar\\\/862a5569d087de48e5856e32f45d719a03804c891d6deb8d4f71a660e79e4a47?s=96&d=mm&r=g\",\"contentUrl\":\"https:\\\/\\\/secure.gravatar.com\\\/avatar\\\/862a5569d087de48e5856e32f45d719a03804c891d6deb8d4f71a660e79e4a47?s=96&d=mm&r=g\",\"caption\":\"Roger Str\u00e4ssle\"},\"url\":\"https:\\\/\\\/news.save.ch\\\/en\\\/author\\\/roger-straessle\\\/\"}]}<\/script>\n<!-- \/ Yoast SEO plugin. -->","yoast_head_json":{"title":"The first graduated door planners - Save","description":"The first graduates of the newly created further training \"VST \/ VSSM Door Planner\" were able to receive their certificate.","robots":{"index":"index","follow":"follow","max-snippet":"max-snippet:-1","max-image-preview":"max-image-preview:large","max-video-preview":"max-video-preview:-1"},"canonical":"https:\/\/news.save.ch\/en\/die-ersten-tuerplaner-sind-zertifiziert\/","og_locale":"en_US","og_type":"article","og_title":"Die ersten diplomierten T\u00fcrplaner - Save","og_description":"Die ersten Absolventen der neu geschaffenen Weiterbildung \u201eVST \/ VSSM T\u00fcrplaner\u201c konnten ihr Zertifikat in Empfang nehmen.","og_url":"https:\/\/news.save.ch\/en\/die-ersten-tuerplaner-sind-zertifiziert\/","og_site_name":"Save","article_published_time":"2018-11-30T13:34:45+00:00","og_image":[{"width":1400,"height":833,"url":"https:\/\/news.save.ch\/wp-content\/uploads\/2018\/11\/IMG_20181129_154005_bearbeitet-1-scaled-1-scaled.jpg","type":"image\/jpeg"}],"author":"Roger Str\u00e4ssle","twitter_card":"summary_large_image","twitter_misc":{"Written by":"Roger Str\u00e4ssle","Est. reading time":"2 minutes"},"schema":{"@context":"https:\/\/schema.org","@graph":[{"@type":"Article","@id":"https:\/\/news.save.ch\/die-ersten-tuerplaner-sind-zertifiziert\/#article","isPartOf":{"@id":"https:\/\/news.save.ch\/die-ersten-tuerplaner-sind-zertifiziert\/"},"author":{"name":"Roger Str\u00e4ssle","@id":"https:\/\/news.save.ch\/de\/#\/schema\/person\/d5022db048e0e2b9785c50e5b24da5aa"},"headline":"Die ersten diplomierten T\u00fcrplaner","datePublished":"2018-11-30T13:34:45+00:00","mainEntityOfPage":{"@id":"https:\/\/news.save.ch\/die-ersten-tuerplaner-sind-zertifiziert\/"},"wordCount":403,"commentCount":0,"publisher":{"@id":"https:\/\/news.save.ch\/de\/#organization"},"image":{"@id":"https:\/\/news.save.ch\/die-ersten-tuerplaner-sind-zertifiziert\/#primaryimage"},"thumbnailUrl":"https:\/\/news.save.ch\/wp-content\/uploads\/2018\/11\/IMG_20181129_154005_bearbeitet-1-scaled-1-scaled.jpg","keywords":["T\u00fcrplaner","Verb\u00e4nde","VST","Zutrittskontrolle"],"articleSection":["ALLGEMEIN"],"inLanguage":"en-US"},{"@type":"WebPage","@id":"https:\/\/news.save.ch\/die-ersten-tuerplaner-sind-zertifiziert\/","url":"https:\/\/news.save.ch\/die-ersten-tuerplaner-sind-zertifiziert\/","name":"The first graduated door planners - Save","isPartOf":{"@id":"https:\/\/news.save.ch\/de\/#website"},"primaryImageOfPage":{"@id":"https:\/\/news.save.ch\/die-ersten-tuerplaner-sind-zertifiziert\/#primaryimage"},"image":{"@id":"https:\/\/news.save.ch\/die-ersten-tuerplaner-sind-zertifiziert\/#primaryimage"},"thumbnailUrl":"https:\/\/news.save.ch\/wp-content\/uploads\/2018\/11\/IMG_20181129_154005_bearbeitet-1-scaled-1-scaled.jpg","datePublished":"2018-11-30T13:34:45+00:00","description":"The first graduates of the newly created further training \"VST \/ VSSM Door Planner\" were able to receive their certificate.","breadcrumb":{"@id":"https:\/\/news.save.ch\/die-ersten-tuerplaner-sind-zertifiziert\/#breadcrumb"},"inLanguage":"en-US","potentialAction":[{"@type":"ReadAction","target":["https:\/\/news.save.ch\/die-ersten-tuerplaner-sind-zertifiziert\/"]}]},{"@type":"ImageObject","inLanguage":"en-US","@id":"https:\/\/news.save.ch\/die-ersten-tuerplaner-sind-zertifiziert\/#primaryimage","url":"https:\/\/news.save.ch\/wp-content\/uploads\/2018\/11\/IMG_20181129_154005_bearbeitet-1-scaled-1-scaled.jpg","contentUrl":"https:\/\/news.save.ch\/wp-content\/uploads\/2018\/11\/IMG_20181129_154005_bearbeitet-1-scaled-1-scaled.jpg","width":1400,"height":833,"caption":"Die ersten Absolventen der Weiterbildung \"VST \/ VSSM T\u00fcrplaner. Foto: R. Str\u00e4ssle"},{"@type":"BreadcrumbList","@id":"https:\/\/news.save.ch\/die-ersten-tuerplaner-sind-zertifiziert\/#breadcrumb","itemListElement":[{"@type":"ListItem","position":1,"name":"Home","item":"https:\/\/news.save.ch\/de\/"},{"@type":"ListItem","position":2,"name":"Die ersten diplomierten T\u00fcrplaner"}]},{"@type":"WebSite","@id":"https:\/\/news.save.ch\/de\/#website","url":"https:\/\/news.save.ch\/de\/","name":"Save","description":"Swiss trade journal for safety","publisher":{"@id":"https:\/\/news.save.ch\/de\/#organization"},"potentialAction":[{"@type":"SearchAction","target":{"@type":"EntryPoint","urlTemplate":"https:\/\/news.save.ch\/de\/?s={search_term_string}"},"query-input":{"@type":"PropertyValueSpecification","valueRequired":true,"valueName":"search_term_string"}}],"inLanguage":"en-US"},{"@type":"Organization","@id":"https:\/\/news.save.ch\/de\/#organization","name":"Security Forum","url":"https:\/\/news.save.ch\/de\/","logo":{"@type":"ImageObject","inLanguage":"en-US","@id":"https:\/\/news.save.ch\/de\/#\/schema\/logo\/image\/","url":"https:\/\/news.save.ch\/wp-content\/uploads\/2022\/06\/Logo_SF_2012.png","contentUrl":"https:\/\/news.save.ch\/wp-content\/uploads\/2022\/06\/Logo_SF_2012.png","width":1100,"height":91,"caption":"Sicherheitsforum"},"image":{"@id":"https:\/\/news.save.ch\/de\/#\/schema\/logo\/image\/"}},{"@type":"Person","@id":"https:\/\/news.save.ch\/de\/#\/schema\/person\/d5022db048e0e2b9785c50e5b24da5aa","name":"Roger Str\u00e4ssle","image":{"@type":"ImageObject","inLanguage":"en-US","@id":"https:\/\/secure.gravatar.com\/avatar\/862a5569d087de48e5856e32f45d719a03804c891d6deb8d4f71a660e79e4a47?s=96&d=mm&r=g","url":"https:\/\/secure.gravatar.com\/avatar\/862a5569d087de48e5856e32f45d719a03804c891d6deb8d4f71a660e79e4a47?s=96&d=mm&r=g","contentUrl":"https:\/\/secure.gravatar.com\/avatar\/862a5569d087de48e5856e32f45d719a03804c891d6deb8d4f71a660e79e4a47?s=96&d=mm&r=g","caption":"Roger Str\u00e4ssle"},"url":"https:\/\/news.save.ch\/en\/author\/roger-straessle\/"}]}},"_links":{"self":[{"href":"https:\/\/news.save.ch\/en\/wp-json\/wp\/v2\/posts\/7287","targetHints":{"allow":["GET"]}}],"collection":[{"href":"https:\/\/news.save.ch\/en\/wp-json\/wp\/v2\/posts"}],"about":[{"href":"https:\/\/news.save.ch\/en\/wp-json\/wp\/v2\/types\/post"}],"author":[{"embeddable":true,"href":"https:\/\/news.save.ch\/en\/wp-json\/wp\/v2\/users\/8"}],"replies":[{"embeddable":true,"href":"https:\/\/news.save.ch\/en\/wp-json\/wp\/v2\/comments?post=7287"}],"version-history":[{"count":0,"href":"https:\/\/news.save.ch\/en\/wp-json\/wp\/v2\/posts\/7287\/revisions"}],"wp:featuredmedia":[{"embeddable":true,"href":"https:\/\/news.save.ch\/en\/wp-json\/wp\/v2\/media\/7292"}],"wp:attachment":[{"href":"https:\/\/news.save.ch\/en\/wp-json\/wp\/v2\/media?parent=7287"}],"wp:term":[{"taxonomy":"category","embeddable":true,"href":"https:\/\/news.save.ch\/en\/wp-json\/wp\/v2\/categories?post=7287"},{"taxonomy":"post_tag","embeddable":true,"href":"https:\/\/news.save.ch\/en\/wp-json\/wp\/v2\/tags?post=7287"}],"curies":[{"name":"wp","href":"https:\/\/api.w.org\/{rel}","templated":true}]}}