{"id":7320,"date":"2018-12-07T11:12:29","date_gmt":"2018-12-07T10:12:29","guid":{"rendered":"https:\/\/news.save.ch\/?p=7320"},"modified":"2018-12-07T11:12:29","modified_gmt":"2018-12-07T10:12:29","slug":"vssu-ueber-170-berufsleute-erhalten-eidg-fachausweis","status":null,"type":"post","link":"https:\/\/news.save.ch\/en\/vssu-ueber-170-berufsleute-erhalten-eidg-fachausweis\/","title":{"rendered":"More than 170 professionals receive the federal certificate from the VSSU."},"content":{"rendered":"<figure id=\"attachment_7321\" aria-describedby=\"caption-attachment-7321\" style=\"width: 680px\" class=\"wp-caption aligncenter\"><img loading=\"lazy\" decoding=\"async\" class=\"wp-image-7321 size-medium\" src=\"https:\/\/news.save.ch\/wp-content\/uploads\/2018\/12\/VSSU-Korr-1-scaled-1.jpg\" alt=\"VSSU\" width=\"680\" height=\"453\" \/><figcaption id=\"caption-attachment-7321\" class=\"wp-caption-text\">177 graduates have received the federal certificate of proficiency. Photo: R. Str\u00e4ssle<\/figcaption><\/figure>\n<p>St. Nicholas Day 2018 at the Landhaus Solothurn: The large hall in this venerable house dating from 1722 is gradually filling up. As always in December, the <a href=\"https:\/\/www.vssu.org\/\">VSSU<\/a> At a ceremony in Solothurn, the women and men who took the professional examinations for \"Security and Surveillance Specialist\" (FSB) and \"Personal and Property Protection Specialist\" (FPO) were awarded their diplomas. More than 260 people took part in the training, and 177 graduates were able to receive the coveted certificate in Solothurn this year.<\/p>\n<p><strong>Important complementary task<\/strong><\/p>\n<p>The trained security specialists work in security service companies that look after the interests of private individuals and the private sector. Security personnel thus fulfill important complementary tasks to authorities, blue-light organizations and for other customer groups, as Armin Berchtold, VSSU president, explained in Solothurn. Thanks to their training, the certified security specialists would have the knowledge and skills to act safely and proportionately even in extraordinary situations. Unfortunately, there are still black sheep in the industry who, for example, do not meet the <a href=\"https:\/\/news.save.ch\/en\/vssu-steht-weiterhin-zum-gesamtarbeitsvertrag\/\">Collective labor agreement<\/a> Berchtold further emphasized in his speech.<\/p>\n<p>The security situation in Switzerland has not improved in recent years. \"You, dear graduates, are therefore making an important contribution to security in our country,\" said Berchtold to the honored professionals.<\/p>\n<p><strong>VSSU complements Manuel Spreng Award<\/strong><\/p>\n<p>The International League of Guarding Companies <a href=\"https:\/\/www.security-ligue.org\">(www.security-ligue.org)<\/a> honors the best candidates of state vocational examinations with the Manuel Spreng Award. The 2018 graduate with the highest grade from Switzerland is Michael Rast (FSB Spring) - he receives prize money of CHF 1,500.<\/p>\n<p>The VSSU supplements the Manuel Spreng Award and honors the candidates with the second and third best marks in the professional examinations. Second place in 2018 goes to Urs Reber (FSB Herbst, 700 Fr. prize money) and third place goes to Sven Walser (FSB Herbst, 300 Fr. prize money).\u00a0 <em>(rs)<\/em><\/p>\n<figure id=\"attachment_7322\" aria-describedby=\"caption-attachment-7322\" style=\"width: 680px\" class=\"wp-caption aligncenter\"><img loading=\"lazy\" decoding=\"async\" class=\"size-medium wp-image-7322\" src=\"https:\/\/news.save.ch\/wp-content\/uploads\/2018\/12\/Rast-IMG_8195-scaled-1.jpg\" alt=\"\" width=\"680\" height=\"453\" \/><figcaption id=\"caption-attachment-7322\" class=\"wp-caption-text\">Top mark for Michael Rast. VSSU President Armin Berchtold (right) and Vice President Charles Zaugg (left).<\/figcaption><\/figure>\n<figure id=\"attachment_7361\" aria-describedby=\"caption-attachment-7361\" style=\"width: 680px\" class=\"wp-caption aligncenter\"><img loading=\"lazy\" decoding=\"async\" class=\"size-medium wp-image-7361\" src=\"https:\/\/news.save.ch\/wp-content\/uploads\/2018\/12\/Korr-II-1.jpg\" alt=\"\" width=\"680\" height=\"461\" srcset=\"https:\/\/news.save.ch\/wp-content\/uploads\/2018\/12\/Korr-II-1.jpg 1006w, https:\/\/news.save.ch\/wp-content\/uploads\/2018\/12\/Korr-II-1-375x254.jpg 375w\" sizes=\"auto, (max-width: 680px) 100vw, 680px\" \/><figcaption id=\"caption-attachment-7361\" class=\"wp-caption-text\">The second best score was achieved by Urs Reber.<\/figcaption><\/figure>\n<figure id=\"attachment_7324\" aria-describedby=\"caption-attachment-7324\" style=\"width: 680px\" class=\"wp-caption aligncenter\"><img loading=\"lazy\" decoding=\"async\" class=\"size-medium wp-image-7324\" src=\"https:\/\/news.save.ch\/wp-content\/uploads\/2018\/12\/Sven-Walser-IMG_8184_bearbeitet-1-scaled-1.jpg\" alt=\"\" width=\"680\" height=\"453\" \/><figcaption id=\"caption-attachment-7324\" class=\"wp-caption-text\">Sven Walser achieved the third-best score.<\/figcaption><\/figure>\n<p>&nbsp;<\/p>\n<p>&nbsp;<\/p>\n<p>&nbsp;<\/p>\n<p>&nbsp;<\/p>\n<p>&nbsp;<\/p>\n<p>&nbsp;<\/p>","protected":false},"excerpt":{"rendered":"<p>Nikolaustag 2018 im Landhaus Solothurn: Der grosse Saal in diesem ehrw\u00fcrdigen Haus aus dem Jahr 1722 f\u00fcllt sich allm\u00e4hlich. Wie immer im Dezember \u00fcberreicht der VSSU im feierlichen Rahmen den Frauen und M\u00e4nnern, die zu den Berufspr\u00fcfungen &#8222;Fachfrau\/Fachmann f\u00fcr Sicherheit und Bewachung&#8220; mit eidgen\u00f6ssischem Fachausweis (FSB) respektive &#8222;Fachmann\/Fachfrau f\u00fcr Personen- und Objektschutz&#8220; mit eidg. Fachausweis [&hellip;]<\/p>\n","protected":false},"author":8,"featured_media":7321,"comment_status":"open","ping_status":"open","sticky":false,"template":"","format":"standard","meta":{"_acf_changed":false,"pgc_sgb_lightbox_settings":"","footnotes":""},"categories":[1],"tags":[428,154,429,66,331],"class_list":["post-7320","post","type-post","status-publish","format-standard","has-post-thumbnail","hentry","category-allgemein","tag-berufspruefung","tag-bewachung","tag-fachausweis","tag-verbaende","tag-vssu"],"acf":[],"hkrextid":null,"publication":null,"issue":null,"workflow":null,"startPage":null,"spitzmarke":null,"_posts_by_tag_page_fields":{"widget_title":"","widget_tags":""},"_at_widget":"1","_yoast_wpseo_primary_category":"","_yoast_wpseo_focuskw_text_input":"VSSU","_yoast_wpseo_opengraph-image":null,"_yoast_wpseo_opengraph-description":null,"_yoast_wpseo_opengraph-title":null,"enclosure":null,"_yoast_wpseo_twitter-title":null,"_yoast_wpseo_twitter-description":null,"_yoast_wpseo_twitter-image":null,"_wp_old_slug":null,"_yoast_wpseo_title":null,"_yoast_wpseo_canonical":null,"yoast_head":"<!-- This site is optimized with the Yoast SEO plugin v27.5 - https:\/\/yoast.com\/product\/yoast-seo-wordpress\/ -->\n<title>\u00dcber 170 Berufsleute erhalten vom VSSU den eidg. Fachausweis - Save<\/title>\n<meta name=\"description\" content=\"Der Verband Schweizerische Sicherheitsdienstleistungs-Unternehmen (VSSU) zeichnete soeben \u00fcber 170 Absolventen mit dem eidg. Fachausweis FSB und FPO aus.\" \/>\n<meta name=\"robots\" content=\"index, follow, max-snippet:-1, max-image-preview:large, max-video-preview:-1\" \/>\n<link rel=\"canonical\" href=\"https:\/\/news.save.ch\/en\/vssu-ueber-170-berufsleute-erhalten-eidg-fachausweis\/\" \/>\n<meta property=\"og:locale\" content=\"en_US\" \/>\n<meta property=\"og:type\" content=\"article\" \/>\n<meta property=\"og:title\" content=\"\u00dcber 170 Berufsleute erhalten vom VSSU den eidg. Fachausweis - Save\" \/>\n<meta property=\"og:description\" content=\"Der Verband Schweizerische Sicherheitsdienstleistungs-Unternehmen (VSSU) zeichnete soeben \u00fcber 170 Absolventen mit dem eidg. Fachausweis FSB und FPO aus.\" \/>\n<meta property=\"og:url\" content=\"https:\/\/news.save.ch\/en\/vssu-ueber-170-berufsleute-erhalten-eidg-fachausweis\/\" \/>\n<meta property=\"og:site_name\" content=\"Save\" \/>\n<meta property=\"article:published_time\" content=\"2018-12-07T10:12:29+00:00\" \/>\n<meta property=\"og:image\" content=\"https:\/\/news.save.ch\/wp-content\/uploads\/2018\/12\/VSSU-Korr-1-scaled-1-scaled.jpg\" \/>\n\t<meta property=\"og:image:width\" content=\"1400\" \/>\n\t<meta property=\"og:image:height\" content=\"934\" \/>\n\t<meta property=\"og:image:type\" content=\"image\/jpeg\" \/>\n<meta name=\"author\" content=\"Roger Str\u00e4ssle\" \/>\n<meta name=\"twitter:card\" content=\"summary_large_image\" \/>\n<meta name=\"twitter:label1\" content=\"Written by\" \/>\n\t<meta name=\"twitter:data1\" content=\"Roger Str\u00e4ssle\" \/>\n\t<meta name=\"twitter:label2\" content=\"Est. reading time\" \/>\n\t<meta name=\"twitter:data2\" content=\"2 minutes\" \/>\n<script type=\"application\/ld+json\" class=\"yoast-schema-graph\">{\"@context\":\"https:\\\/\\\/schema.org\",\"@graph\":[{\"@type\":\"Article\",\"@id\":\"https:\\\/\\\/news.save.ch\\\/vssu-ueber-170-berufsleute-erhalten-eidg-fachausweis\\\/#article\",\"isPartOf\":{\"@id\":\"https:\\\/\\\/news.save.ch\\\/vssu-ueber-170-berufsleute-erhalten-eidg-fachausweis\\\/\"},\"author\":{\"name\":\"Roger Str\u00e4ssle\",\"@id\":\"https:\\\/\\\/news.save.ch\\\/de\\\/#\\\/schema\\\/person\\\/d5022db048e0e2b9785c50e5b24da5aa\"},\"headline\":\"\u00dcber 170 Berufsleute erhalten vom VSSU den eidg. Fachausweis\",\"datePublished\":\"2018-12-07T10:12:29+00:00\",\"mainEntityOfPage\":{\"@id\":\"https:\\\/\\\/news.save.ch\\\/vssu-ueber-170-berufsleute-erhalten-eidg-fachausweis\\\/\"},\"wordCount\":399,\"commentCount\":0,\"publisher\":{\"@id\":\"https:\\\/\\\/news.save.ch\\\/de\\\/#organization\"},\"image\":{\"@id\":\"https:\\\/\\\/news.save.ch\\\/vssu-ueber-170-berufsleute-erhalten-eidg-fachausweis\\\/#primaryimage\"},\"thumbnailUrl\":\"https:\\\/\\\/news.save.ch\\\/wp-content\\\/uploads\\\/2018\\\/12\\\/VSSU-Korr-1-scaled-1-scaled.jpg\",\"keywords\":[\"Berufspr\u00fcfung\",\"Bewachung\",\"Fachausweis\",\"Verb\u00e4nde\",\"VSSU\"],\"articleSection\":[\"ALLGEMEIN\"],\"inLanguage\":\"en-US\"},{\"@type\":\"WebPage\",\"@id\":\"https:\\\/\\\/news.save.ch\\\/vssu-ueber-170-berufsleute-erhalten-eidg-fachausweis\\\/\",\"url\":\"https:\\\/\\\/news.save.ch\\\/vssu-ueber-170-berufsleute-erhalten-eidg-fachausweis\\\/\",\"name\":\"\u00dcber 170 Berufsleute erhalten vom VSSU den eidg. Fachausweis - Save\",\"isPartOf\":{\"@id\":\"https:\\\/\\\/news.save.ch\\\/de\\\/#website\"},\"primaryImageOfPage\":{\"@id\":\"https:\\\/\\\/news.save.ch\\\/vssu-ueber-170-berufsleute-erhalten-eidg-fachausweis\\\/#primaryimage\"},\"image\":{\"@id\":\"https:\\\/\\\/news.save.ch\\\/vssu-ueber-170-berufsleute-erhalten-eidg-fachausweis\\\/#primaryimage\"},\"thumbnailUrl\":\"https:\\\/\\\/news.save.ch\\\/wp-content\\\/uploads\\\/2018\\\/12\\\/VSSU-Korr-1-scaled-1-scaled.jpg\",\"datePublished\":\"2018-12-07T10:12:29+00:00\",\"description\":\"Der Verband Schweizerische Sicherheitsdienstleistungs-Unternehmen (VSSU) zeichnete soeben \u00fcber 170 Absolventen mit dem eidg. Fachausweis FSB und FPO aus.\",\"breadcrumb\":{\"@id\":\"https:\\\/\\\/news.save.ch\\\/vssu-ueber-170-berufsleute-erhalten-eidg-fachausweis\\\/#breadcrumb\"},\"inLanguage\":\"en-US\",\"potentialAction\":[{\"@type\":\"ReadAction\",\"target\":[\"https:\\\/\\\/news.save.ch\\\/vssu-ueber-170-berufsleute-erhalten-eidg-fachausweis\\\/\"]}]},{\"@type\":\"ImageObject\",\"inLanguage\":\"en-US\",\"@id\":\"https:\\\/\\\/news.save.ch\\\/vssu-ueber-170-berufsleute-erhalten-eidg-fachausweis\\\/#primaryimage\",\"url\":\"https:\\\/\\\/news.save.ch\\\/wp-content\\\/uploads\\\/2018\\\/12\\\/VSSU-Korr-1-scaled-1-scaled.jpg\",\"contentUrl\":\"https:\\\/\\\/news.save.ch\\\/wp-content\\\/uploads\\\/2018\\\/12\\\/VSSU-Korr-1-scaled-1-scaled.jpg\",\"width\":1400,\"height\":934,\"caption\":\"177 Absolventinnen und Absolventen haben die eidg. Berufspr\u00fcfung bestanden. (Fotos: R. Str\u00e4ssle)\"},{\"@type\":\"BreadcrumbList\",\"@id\":\"https:\\\/\\\/news.save.ch\\\/vssu-ueber-170-berufsleute-erhalten-eidg-fachausweis\\\/#breadcrumb\",\"itemListElement\":[{\"@type\":\"ListItem\",\"position\":1,\"name\":\"Home\",\"item\":\"https:\\\/\\\/news.save.ch\\\/de\\\/\"},{\"@type\":\"ListItem\",\"position\":2,\"name\":\"\u00dcber 170 Berufsleute erhalten vom VSSU den eidg. Fachausweis\"}]},{\"@type\":\"WebSite\",\"@id\":\"https:\\\/\\\/news.save.ch\\\/de\\\/#website\",\"url\":\"https:\\\/\\\/news.save.ch\\\/de\\\/\",\"name\":\"Save\",\"description\":\"Schweizer Fachzeitschrift f\u00fcr Sicherheit\",\"publisher\":{\"@id\":\"https:\\\/\\\/news.save.ch\\\/de\\\/#organization\"},\"potentialAction\":[{\"@type\":\"SearchAction\",\"target\":{\"@type\":\"EntryPoint\",\"urlTemplate\":\"https:\\\/\\\/news.save.ch\\\/de\\\/?s={search_term_string}\"},\"query-input\":{\"@type\":\"PropertyValueSpecification\",\"valueRequired\":true,\"valueName\":\"search_term_string\"}}],\"inLanguage\":\"en-US\"},{\"@type\":\"Organization\",\"@id\":\"https:\\\/\\\/news.save.ch\\\/de\\\/#organization\",\"name\":\"Sicherheitsforum\",\"url\":\"https:\\\/\\\/news.save.ch\\\/de\\\/\",\"logo\":{\"@type\":\"ImageObject\",\"inLanguage\":\"en-US\",\"@id\":\"https:\\\/\\\/news.save.ch\\\/de\\\/#\\\/schema\\\/logo\\\/image\\\/\",\"url\":\"https:\\\/\\\/news.save.ch\\\/wp-content\\\/uploads\\\/2022\\\/06\\\/Logo_SF_2012.png\",\"contentUrl\":\"https:\\\/\\\/news.save.ch\\\/wp-content\\\/uploads\\\/2022\\\/06\\\/Logo_SF_2012.png\",\"width\":1100,\"height\":91,\"caption\":\"Sicherheitsforum\"},\"image\":{\"@id\":\"https:\\\/\\\/news.save.ch\\\/de\\\/#\\\/schema\\\/logo\\\/image\\\/\"}},{\"@type\":\"Person\",\"@id\":\"https:\\\/\\\/news.save.ch\\\/de\\\/#\\\/schema\\\/person\\\/d5022db048e0e2b9785c50e5b24da5aa\",\"name\":\"Roger Str\u00e4ssle\",\"image\":{\"@type\":\"ImageObject\",\"inLanguage\":\"en-US\",\"@id\":\"https:\\\/\\\/secure.gravatar.com\\\/avatar\\\/862a5569d087de48e5856e32f45d719a03804c891d6deb8d4f71a660e79e4a47?s=96&d=mm&r=g\",\"url\":\"https:\\\/\\\/secure.gravatar.com\\\/avatar\\\/862a5569d087de48e5856e32f45d719a03804c891d6deb8d4f71a660e79e4a47?s=96&d=mm&r=g\",\"contentUrl\":\"https:\\\/\\\/secure.gravatar.com\\\/avatar\\\/862a5569d087de48e5856e32f45d719a03804c891d6deb8d4f71a660e79e4a47?s=96&d=mm&r=g\",\"caption\":\"Roger Str\u00e4ssle\"},\"url\":\"https:\\\/\\\/news.save.ch\\\/en\\\/author\\\/roger-straessle\\\/\"}]}<\/script>\n<!-- \/ Yoast SEO plugin. -->","yoast_head_json":{"title":"More than 170 professionals receive the Federal Certificate of Competence from the VSSU - Save","description":"The Association of Swiss Security Service Companies (VSSU) has just awarded over 170 graduates with the FSB and FPO Federal Certificate of Competence.","robots":{"index":"index","follow":"follow","max-snippet":"max-snippet:-1","max-image-preview":"max-image-preview:large","max-video-preview":"max-video-preview:-1"},"canonical":"https:\/\/news.save.ch\/en\/vssu-ueber-170-berufsleute-erhalten-eidg-fachausweis\/","og_locale":"en_US","og_type":"article","og_title":"\u00dcber 170 Berufsleute erhalten vom VSSU den eidg. Fachausweis - Save","og_description":"Der Verband Schweizerische Sicherheitsdienstleistungs-Unternehmen (VSSU) zeichnete soeben \u00fcber 170 Absolventen mit dem eidg. Fachausweis FSB und FPO aus.","og_url":"https:\/\/news.save.ch\/en\/vssu-ueber-170-berufsleute-erhalten-eidg-fachausweis\/","og_site_name":"Save","article_published_time":"2018-12-07T10:12:29+00:00","og_image":[{"width":1400,"height":934,"url":"https:\/\/news.save.ch\/wp-content\/uploads\/2018\/12\/VSSU-Korr-1-scaled-1-scaled.jpg","type":"image\/jpeg"}],"author":"Roger Str\u00e4ssle","twitter_card":"summary_large_image","twitter_misc":{"Written by":"Roger Str\u00e4ssle","Est. reading time":"2 minutes"},"schema":{"@context":"https:\/\/schema.org","@graph":[{"@type":"Article","@id":"https:\/\/news.save.ch\/vssu-ueber-170-berufsleute-erhalten-eidg-fachausweis\/#article","isPartOf":{"@id":"https:\/\/news.save.ch\/vssu-ueber-170-berufsleute-erhalten-eidg-fachausweis\/"},"author":{"name":"Roger Str\u00e4ssle","@id":"https:\/\/news.save.ch\/de\/#\/schema\/person\/d5022db048e0e2b9785c50e5b24da5aa"},"headline":"\u00dcber 170 Berufsleute erhalten vom VSSU den eidg. Fachausweis","datePublished":"2018-12-07T10:12:29+00:00","mainEntityOfPage":{"@id":"https:\/\/news.save.ch\/vssu-ueber-170-berufsleute-erhalten-eidg-fachausweis\/"},"wordCount":399,"commentCount":0,"publisher":{"@id":"https:\/\/news.save.ch\/de\/#organization"},"image":{"@id":"https:\/\/news.save.ch\/vssu-ueber-170-berufsleute-erhalten-eidg-fachausweis\/#primaryimage"},"thumbnailUrl":"https:\/\/news.save.ch\/wp-content\/uploads\/2018\/12\/VSSU-Korr-1-scaled-1-scaled.jpg","keywords":["Berufspr\u00fcfung","Bewachung","Fachausweis","Verb\u00e4nde","VSSU"],"articleSection":["ALLGEMEIN"],"inLanguage":"en-US"},{"@type":"WebPage","@id":"https:\/\/news.save.ch\/vssu-ueber-170-berufsleute-erhalten-eidg-fachausweis\/","url":"https:\/\/news.save.ch\/vssu-ueber-170-berufsleute-erhalten-eidg-fachausweis\/","name":"More than 170 professionals receive the Federal Certificate of Competence from the VSSU - Save","isPartOf":{"@id":"https:\/\/news.save.ch\/de\/#website"},"primaryImageOfPage":{"@id":"https:\/\/news.save.ch\/vssu-ueber-170-berufsleute-erhalten-eidg-fachausweis\/#primaryimage"},"image":{"@id":"https:\/\/news.save.ch\/vssu-ueber-170-berufsleute-erhalten-eidg-fachausweis\/#primaryimage"},"thumbnailUrl":"https:\/\/news.save.ch\/wp-content\/uploads\/2018\/12\/VSSU-Korr-1-scaled-1-scaled.jpg","datePublished":"2018-12-07T10:12:29+00:00","description":"The Association of Swiss Security Service Companies (VSSU) has just awarded over 170 graduates with the FSB and FPO Federal Certificate of Competence.","breadcrumb":{"@id":"https:\/\/news.save.ch\/vssu-ueber-170-berufsleute-erhalten-eidg-fachausweis\/#breadcrumb"},"inLanguage":"en-US","potentialAction":[{"@type":"ReadAction","target":["https:\/\/news.save.ch\/vssu-ueber-170-berufsleute-erhalten-eidg-fachausweis\/"]}]},{"@type":"ImageObject","inLanguage":"en-US","@id":"https:\/\/news.save.ch\/vssu-ueber-170-berufsleute-erhalten-eidg-fachausweis\/#primaryimage","url":"https:\/\/news.save.ch\/wp-content\/uploads\/2018\/12\/VSSU-Korr-1-scaled-1-scaled.jpg","contentUrl":"https:\/\/news.save.ch\/wp-content\/uploads\/2018\/12\/VSSU-Korr-1-scaled-1-scaled.jpg","width":1400,"height":934,"caption":"177 Absolventinnen und Absolventen haben die eidg. Berufspr\u00fcfung bestanden. (Fotos: R. Str\u00e4ssle)"},{"@type":"BreadcrumbList","@id":"https:\/\/news.save.ch\/vssu-ueber-170-berufsleute-erhalten-eidg-fachausweis\/#breadcrumb","itemListElement":[{"@type":"ListItem","position":1,"name":"Home","item":"https:\/\/news.save.ch\/de\/"},{"@type":"ListItem","position":2,"name":"\u00dcber 170 Berufsleute erhalten vom VSSU den eidg. Fachausweis"}]},{"@type":"WebSite","@id":"https:\/\/news.save.ch\/de\/#website","url":"https:\/\/news.save.ch\/de\/","name":"Save","description":"Swiss trade journal for safety","publisher":{"@id":"https:\/\/news.save.ch\/de\/#organization"},"potentialAction":[{"@type":"SearchAction","target":{"@type":"EntryPoint","urlTemplate":"https:\/\/news.save.ch\/de\/?s={search_term_string}"},"query-input":{"@type":"PropertyValueSpecification","valueRequired":true,"valueName":"search_term_string"}}],"inLanguage":"en-US"},{"@type":"Organization","@id":"https:\/\/news.save.ch\/de\/#organization","name":"Security Forum","url":"https:\/\/news.save.ch\/de\/","logo":{"@type":"ImageObject","inLanguage":"en-US","@id":"https:\/\/news.save.ch\/de\/#\/schema\/logo\/image\/","url":"https:\/\/news.save.ch\/wp-content\/uploads\/2022\/06\/Logo_SF_2012.png","contentUrl":"https:\/\/news.save.ch\/wp-content\/uploads\/2022\/06\/Logo_SF_2012.png","width":1100,"height":91,"caption":"Sicherheitsforum"},"image":{"@id":"https:\/\/news.save.ch\/de\/#\/schema\/logo\/image\/"}},{"@type":"Person","@id":"https:\/\/news.save.ch\/de\/#\/schema\/person\/d5022db048e0e2b9785c50e5b24da5aa","name":"Roger Str\u00e4ssle","image":{"@type":"ImageObject","inLanguage":"en-US","@id":"https:\/\/secure.gravatar.com\/avatar\/862a5569d087de48e5856e32f45d719a03804c891d6deb8d4f71a660e79e4a47?s=96&d=mm&r=g","url":"https:\/\/secure.gravatar.com\/avatar\/862a5569d087de48e5856e32f45d719a03804c891d6deb8d4f71a660e79e4a47?s=96&d=mm&r=g","contentUrl":"https:\/\/secure.gravatar.com\/avatar\/862a5569d087de48e5856e32f45d719a03804c891d6deb8d4f71a660e79e4a47?s=96&d=mm&r=g","caption":"Roger Str\u00e4ssle"},"url":"https:\/\/news.save.ch\/en\/author\/roger-straessle\/"}]}},"_links":{"self":[{"href":"https:\/\/news.save.ch\/en\/wp-json\/wp\/v2\/posts\/7320","targetHints":{"allow":["GET"]}}],"collection":[{"href":"https:\/\/news.save.ch\/en\/wp-json\/wp\/v2\/posts"}],"about":[{"href":"https:\/\/news.save.ch\/en\/wp-json\/wp\/v2\/types\/post"}],"author":[{"embeddable":true,"href":"https:\/\/news.save.ch\/en\/wp-json\/wp\/v2\/users\/8"}],"replies":[{"embeddable":true,"href":"https:\/\/news.save.ch\/en\/wp-json\/wp\/v2\/comments?post=7320"}],"version-history":[{"count":0,"href":"https:\/\/news.save.ch\/en\/wp-json\/wp\/v2\/posts\/7320\/revisions"}],"wp:featuredmedia":[{"embeddable":true,"href":"https:\/\/news.save.ch\/en\/wp-json\/wp\/v2\/media\/7321"}],"wp:attachment":[{"href":"https:\/\/news.save.ch\/en\/wp-json\/wp\/v2\/media?parent=7320"}],"wp:term":[{"taxonomy":"category","embeddable":true,"href":"https:\/\/news.save.ch\/en\/wp-json\/wp\/v2\/categories?post=7320"},{"taxonomy":"post_tag","embeddable":true,"href":"https:\/\/news.save.ch\/en\/wp-json\/wp\/v2\/tags?post=7320"}],"curies":[{"name":"wp","href":"https:\/\/api.w.org\/{rel}","templated":true}]}}