{"id":7346,"date":"2021-07-05T09:08:52","date_gmt":"2021-07-05T07:08:52","guid":{"rendered":"https:\/\/news.save.ch\/?p=7346"},"modified":"2023-08-05T09:56:07","modified_gmt":"2023-08-05T07:56:07","slug":"sicherheitsrisiko-bei-autokindersitz-der-migros","status":null,"type":"post","link":"https:\/\/news.save.ch\/en\/sicherheitsrisiko-bei-autokindersitz-der-migros\/","title":{"rendered":"Migros child car seat safety risk"},"content":{"rendered":"<p><img loading=\"lazy\" decoding=\"async\" class=\"alignnone wp-image-7350 size-medium\" src=\"https:\/\/news.save.ch\/wp-content\/uploads\/2021\/07\/Kindersitz_teaser2-680x386.jpg\" alt=\"Child car seat\" width=\"680\" height=\"386\" srcset=\"https:\/\/news.save.ch\/wp-content\/uploads\/2021\/07\/Kindersitz_teaser2-680x386.jpg 680w, https:\/\/news.save.ch\/wp-content\/uploads\/2021\/07\/Kindersitz_teaser2-18x10.jpg 18w, https:\/\/news.save.ch\/wp-content\/uploads\/2021\/07\/Kindersitz_teaser2-375x213.jpg 375w, https:\/\/news.save.ch\/wp-content\/uploads\/2021\/07\/Kindersitz_teaser2-616x350.jpg 616w, https:\/\/news.save.ch\/wp-content\/uploads\/2021\/07\/Kindersitz_teaser2.jpg 695w\" sizes=\"auto, (max-width: 680px) 100vw, 680px\" \/><\/p>\n<p>Migros is recalling the child car seat \"ENO 360 SL Twill Navy\" from the manufacturer Osann <a href=\"https:\/\/www.newsd.admin.ch\/newsd\/message\/attachments\/67527.pdf\" target=\"_blank\" rel=\"noopener\">back<\/a>. The swivel child seat cannot be locked in place. This can lead to a limited restraint effect, which means that children are not adequately protected in the event of a vehicle accident.<\/p>\n<p><b>Which products are affected?<\/b><\/p>\n<p>The following child car seats are affected by the recall:<\/p>\n<ul>\n<li>Name: Osann ENO 360\u00b0 SL Twill Navy child seat<\/li>\n<li>Item number: 621573200000<\/li>\n<li>On sale: from May 10, 2021 to June 16, 2021<\/li>\n<li>Retail price: Fr. 279.-<\/li>\n<li>Points of sale: Do it + Garden and Do it + Garden Online<\/li>\n<\/ul>\n<p>Osann child car seats purchased from Do it + Garden before May 10, 2021 and after June 16, 2021 are not affected by this recall.<\/p>\n<p><b>What should affected consumers do?<\/b><\/p>\n<p>Customers who have purchased or ordered the product can return it to a Do it + Garden branch and receive a refund of the purchase price on presentation of the receipt.<\/p>\n<p><a href=\"https:\/\/www.newsd.admin.ch\/newsd\/message\/attachments\/67527.pdf\" target=\"_blank\" rel=\"noopener\">Information letter from Migros<\/a><\/p>\n<p><em>Source: Federal Consumer Affairs Bureau\u00a0<\/em><\/p>","protected":false},"excerpt":{"rendered":"<p>Die Migros ruft den Autokindersitz \u00abENO 360 SL Twill Navy\u00bb des Herstellers Osann zur\u00fcck. Der drehbare Kindersitz l\u00e4sst sich nicht arretieren. Dies kann zu einer eingeschr\u00e4nkten R\u00fcckhaltewirkung f\u00fchren, wodurch Kinder bei einem Fahrzeugunfall nicht ausreichend gesch\u00fctzt sind. Welche Produkte sind betroffen? Vom R\u00fcckruf betroffen sind folgende Autokindersitze: Name: Osann ENO 360\u00b0 SL Twill Navy Kindersitz [&hellip;]<\/p>\n","protected":false},"author":9,"featured_media":7350,"comment_status":"closed","ping_status":"closed","sticky":false,"template":"","format":"standard","meta":{"_acf_changed":false,"pgc_sgb_lightbox_settings":"","footnotes":""},"categories":[3314],"tags":[6246,6244,2537,6245,2816],"class_list":["post-7346","post","type-post","status-publish","format-standard","has-post-thumbnail","hentry","category-health-safety","tag-arretierung","tag-autokindersitz","tag-migros","tag-osann","tag-rueckruf"],"acf":[],"hkrextid":null,"publication":null,"issue":null,"workflow":null,"startPage":null,"spitzmarke":null,"_posts_by_tag_page_fields":{"widget_title":"","widget_tags":""},"_at_widget":"1","_yoast_wpseo_primary_category":"","_yoast_wpseo_focuskw_text_input":null,"_yoast_wpseo_opengraph-image":null,"_yoast_wpseo_opengraph-description":null,"_yoast_wpseo_opengraph-title":null,"enclosure":null,"_yoast_wpseo_twitter-title":null,"_yoast_wpseo_twitter-description":null,"_yoast_wpseo_twitter-image":null,"_wp_old_slug":null,"_yoast_wpseo_title":null,"_yoast_wpseo_canonical":null,"yoast_head":"<!-- This site is optimized with the Yoast SEO plugin v27.4 - https:\/\/yoast.com\/product\/yoast-seo-wordpress\/ -->\n<title>Sicherheitsrisiko bei Autokindersitz der Migros - Save<\/title>\n<meta name=\"description\" content=\"In Zusammenarbeit mit dem Bundesamt f\u00fcr Strassen (Astra) ruft Migros den Autokindersitz \u00abENO 360 SL Twill Navy\u00bb des Herstellers Osann zur\u00fcck. Bei diesen Autokindersitzen besteht die Gefahr, dass Kinder bei einem Fahrzeugunfall nicht ausreichend gesch\u00fctzt sind.\" \/>\n<meta name=\"robots\" content=\"index, follow, max-snippet:-1, max-image-preview:large, max-video-preview:-1\" \/>\n<link rel=\"canonical\" href=\"https:\/\/news.save.ch\/en\/sicherheitsrisiko-bei-autokindersitz-der-migros\/\" \/>\n<meta property=\"og:locale\" content=\"en_US\" \/>\n<meta property=\"og:type\" content=\"article\" \/>\n<meta property=\"og:title\" content=\"Sicherheitsrisiko bei Autokindersitz der Migros - Save\" \/>\n<meta property=\"og:description\" content=\"In Zusammenarbeit mit dem Bundesamt f\u00fcr Strassen (Astra) ruft Migros den Autokindersitz \u00abENO 360 SL Twill Navy\u00bb des Herstellers Osann zur\u00fcck. Bei diesen Autokindersitzen besteht die Gefahr, dass Kinder bei einem Fahrzeugunfall nicht ausreichend gesch\u00fctzt sind.\" \/>\n<meta property=\"og:url\" content=\"https:\/\/news.save.ch\/en\/sicherheitsrisiko-bei-autokindersitz-der-migros\/\" \/>\n<meta property=\"og:site_name\" content=\"Save\" \/>\n<meta property=\"article:published_time\" content=\"2021-07-05T07:08:52+00:00\" \/>\n<meta property=\"article:modified_time\" content=\"2023-08-05T07:56:07+00:00\" \/>\n<meta property=\"og:image\" content=\"https:\/\/news.save.ch\/wp-content\/uploads\/2021\/07\/Kindersitz_teaser2.jpg\" \/>\n\t<meta property=\"og:image:width\" content=\"695\" \/>\n\t<meta property=\"og:image:height\" content=\"395\" \/>\n\t<meta property=\"og:image:type\" content=\"image\/jpeg\" \/>\n<meta name=\"author\" content=\"Simon Gr\u00f6flin\" \/>\n<meta name=\"twitter:card\" content=\"summary_large_image\" \/>\n<meta name=\"twitter:label1\" content=\"Written by\" \/>\n\t<meta name=\"twitter:data1\" content=\"Simon Gr\u00f6flin\" \/>\n\t<meta name=\"twitter:label2\" content=\"Est. reading time\" \/>\n\t<meta name=\"twitter:data2\" content=\"2 minutes\" \/>\n<script type=\"application\/ld+json\" class=\"yoast-schema-graph\">{\"@context\":\"https:\\\/\\\/schema.org\",\"@graph\":[{\"@type\":\"Article\",\"@id\":\"https:\\\/\\\/news.save.ch\\\/sicherheitsrisiko-bei-autokindersitz-der-migros\\\/#article\",\"isPartOf\":{\"@id\":\"https:\\\/\\\/news.save.ch\\\/sicherheitsrisiko-bei-autokindersitz-der-migros\\\/\"},\"author\":{\"name\":\"Simon Gr\u00f6flin\",\"@id\":\"https:\\\/\\\/news.save.ch\\\/de\\\/#\\\/schema\\\/person\\\/ad4ef21102fd6125312409ac57d5296d\"},\"headline\":\"Sicherheitsrisiko bei Autokindersitz der Migros\",\"datePublished\":\"2021-07-05T07:08:52+00:00\",\"dateModified\":\"2023-08-05T07:56:07+00:00\",\"mainEntityOfPage\":{\"@id\":\"https:\\\/\\\/news.save.ch\\\/sicherheitsrisiko-bei-autokindersitz-der-migros\\\/\"},\"wordCount\":158,\"publisher\":{\"@id\":\"https:\\\/\\\/news.save.ch\\\/de\\\/#organization\"},\"image\":{\"@id\":\"https:\\\/\\\/news.save.ch\\\/sicherheitsrisiko-bei-autokindersitz-der-migros\\\/#primaryimage\"},\"thumbnailUrl\":\"https:\\\/\\\/news.save.ch\\\/wp-content\\\/uploads\\\/2021\\\/07\\\/Kindersitz_teaser2.jpg\",\"keywords\":[\"Arretierung\",\"Autokindersitz\",\"Migros\",\"Osann\",\"R\u00fcckruf\"],\"articleSection\":[\"HEALTH &amp; SAFETY\"],\"inLanguage\":\"en-US\"},{\"@type\":\"WebPage\",\"@id\":\"https:\\\/\\\/news.save.ch\\\/sicherheitsrisiko-bei-autokindersitz-der-migros\\\/\",\"url\":\"https:\\\/\\\/news.save.ch\\\/sicherheitsrisiko-bei-autokindersitz-der-migros\\\/\",\"name\":\"Sicherheitsrisiko bei Autokindersitz der Migros - Save\",\"isPartOf\":{\"@id\":\"https:\\\/\\\/news.save.ch\\\/de\\\/#website\"},\"primaryImageOfPage\":{\"@id\":\"https:\\\/\\\/news.save.ch\\\/sicherheitsrisiko-bei-autokindersitz-der-migros\\\/#primaryimage\"},\"image\":{\"@id\":\"https:\\\/\\\/news.save.ch\\\/sicherheitsrisiko-bei-autokindersitz-der-migros\\\/#primaryimage\"},\"thumbnailUrl\":\"https:\\\/\\\/news.save.ch\\\/wp-content\\\/uploads\\\/2021\\\/07\\\/Kindersitz_teaser2.jpg\",\"datePublished\":\"2021-07-05T07:08:52+00:00\",\"dateModified\":\"2023-08-05T07:56:07+00:00\",\"description\":\"In Zusammenarbeit mit dem Bundesamt f\u00fcr Strassen (Astra) ruft Migros den Autokindersitz \u00abENO 360 SL Twill Navy\u00bb des Herstellers Osann zur\u00fcck. Bei diesen Autokindersitzen besteht die Gefahr, dass Kinder bei einem Fahrzeugunfall nicht ausreichend gesch\u00fctzt sind.\",\"breadcrumb\":{\"@id\":\"https:\\\/\\\/news.save.ch\\\/sicherheitsrisiko-bei-autokindersitz-der-migros\\\/#breadcrumb\"},\"inLanguage\":\"en-US\",\"potentialAction\":[{\"@type\":\"ReadAction\",\"target\":[\"https:\\\/\\\/news.save.ch\\\/sicherheitsrisiko-bei-autokindersitz-der-migros\\\/\"]}]},{\"@type\":\"ImageObject\",\"inLanguage\":\"en-US\",\"@id\":\"https:\\\/\\\/news.save.ch\\\/sicherheitsrisiko-bei-autokindersitz-der-migros\\\/#primaryimage\",\"url\":\"https:\\\/\\\/news.save.ch\\\/wp-content\\\/uploads\\\/2021\\\/07\\\/Kindersitz_teaser2.jpg\",\"contentUrl\":\"https:\\\/\\\/news.save.ch\\\/wp-content\\\/uploads\\\/2021\\\/07\\\/Kindersitz_teaser2.jpg\",\"width\":695,\"height\":395},{\"@type\":\"BreadcrumbList\",\"@id\":\"https:\\\/\\\/news.save.ch\\\/sicherheitsrisiko-bei-autokindersitz-der-migros\\\/#breadcrumb\",\"itemListElement\":[{\"@type\":\"ListItem\",\"position\":1,\"name\":\"Home\",\"item\":\"https:\\\/\\\/news.save.ch\\\/de\\\/\"},{\"@type\":\"ListItem\",\"position\":2,\"name\":\"Sicherheitsrisiko bei Autokindersitz der Migros\"}]},{\"@type\":\"WebSite\",\"@id\":\"https:\\\/\\\/news.save.ch\\\/de\\\/#website\",\"url\":\"https:\\\/\\\/news.save.ch\\\/de\\\/\",\"name\":\"Save\",\"description\":\"Schweizer Fachzeitschrift f\u00fcr Sicherheit\",\"publisher\":{\"@id\":\"https:\\\/\\\/news.save.ch\\\/de\\\/#organization\"},\"potentialAction\":[{\"@type\":\"SearchAction\",\"target\":{\"@type\":\"EntryPoint\",\"urlTemplate\":\"https:\\\/\\\/news.save.ch\\\/de\\\/?s={search_term_string}\"},\"query-input\":{\"@type\":\"PropertyValueSpecification\",\"valueRequired\":true,\"valueName\":\"search_term_string\"}}],\"inLanguage\":\"en-US\"},{\"@type\":\"Organization\",\"@id\":\"https:\\\/\\\/news.save.ch\\\/de\\\/#organization\",\"name\":\"Sicherheitsforum\",\"url\":\"https:\\\/\\\/news.save.ch\\\/de\\\/\",\"logo\":{\"@type\":\"ImageObject\",\"inLanguage\":\"en-US\",\"@id\":\"https:\\\/\\\/news.save.ch\\\/de\\\/#\\\/schema\\\/logo\\\/image\\\/\",\"url\":\"https:\\\/\\\/news.save.ch\\\/wp-content\\\/uploads\\\/2022\\\/06\\\/Logo_SF_2012.png\",\"contentUrl\":\"https:\\\/\\\/news.save.ch\\\/wp-content\\\/uploads\\\/2022\\\/06\\\/Logo_SF_2012.png\",\"width\":1100,\"height\":91,\"caption\":\"Sicherheitsforum\"},\"image\":{\"@id\":\"https:\\\/\\\/news.save.ch\\\/de\\\/#\\\/schema\\\/logo\\\/image\\\/\"}},{\"@type\":\"Person\",\"@id\":\"https:\\\/\\\/news.save.ch\\\/de\\\/#\\\/schema\\\/person\\\/ad4ef21102fd6125312409ac57d5296d\",\"name\":\"Simon Gr\u00f6flin\",\"image\":{\"@type\":\"ImageObject\",\"inLanguage\":\"en-US\",\"@id\":\"https:\\\/\\\/secure.gravatar.com\\\/avatar\\\/6ddceb80eb734354635539e0ea5140bb7c41e42de7c45c9a2ab9921b5d5c9a83?s=96&d=mm&r=g\",\"url\":\"https:\\\/\\\/secure.gravatar.com\\\/avatar\\\/6ddceb80eb734354635539e0ea5140bb7c41e42de7c45c9a2ab9921b5d5c9a83?s=96&d=mm&r=g\",\"contentUrl\":\"https:\\\/\\\/secure.gravatar.com\\\/avatar\\\/6ddceb80eb734354635539e0ea5140bb7c41e42de7c45c9a2ab9921b5d5c9a83?s=96&d=mm&r=g\",\"caption\":\"Simon Gr\u00f6flin\"},\"url\":\"https:\\\/\\\/news.save.ch\\\/en\\\/author\\\/simon-groeflin\\\/\"}]}<\/script>\n<!-- \/ Yoast SEO plugin. -->","yoast_head_json":{"title":"Safety risk with child car seat from Migros - Save","description":"In cooperation with the Federal Roads Office (Astra), Migros is recalling the child car seat \"ENO 360 SL Twill Navy\" from the manufacturer Osann. With these child car seats, there is a risk that children are not adequately protected in the event of a vehicle accident.","robots":{"index":"index","follow":"follow","max-snippet":"max-snippet:-1","max-image-preview":"max-image-preview:large","max-video-preview":"max-video-preview:-1"},"canonical":"https:\/\/news.save.ch\/en\/sicherheitsrisiko-bei-autokindersitz-der-migros\/","og_locale":"en_US","og_type":"article","og_title":"Sicherheitsrisiko bei Autokindersitz der Migros - Save","og_description":"In Zusammenarbeit mit dem Bundesamt f\u00fcr Strassen (Astra) ruft Migros den Autokindersitz \u00abENO 360 SL Twill Navy\u00bb des Herstellers Osann zur\u00fcck. Bei diesen Autokindersitzen besteht die Gefahr, dass Kinder bei einem Fahrzeugunfall nicht ausreichend gesch\u00fctzt sind.","og_url":"https:\/\/news.save.ch\/en\/sicherheitsrisiko-bei-autokindersitz-der-migros\/","og_site_name":"Save","article_published_time":"2021-07-05T07:08:52+00:00","article_modified_time":"2023-08-05T07:56:07+00:00","og_image":[{"width":695,"height":395,"url":"https:\/\/news.save.ch\/wp-content\/uploads\/2021\/07\/Kindersitz_teaser2.jpg","type":"image\/jpeg"}],"author":"Simon Gr\u00f6flin","twitter_card":"summary_large_image","twitter_misc":{"Written by":"Simon Gr\u00f6flin","Est. reading time":"2 minutes"},"schema":{"@context":"https:\/\/schema.org","@graph":[{"@type":"Article","@id":"https:\/\/news.save.ch\/sicherheitsrisiko-bei-autokindersitz-der-migros\/#article","isPartOf":{"@id":"https:\/\/news.save.ch\/sicherheitsrisiko-bei-autokindersitz-der-migros\/"},"author":{"name":"Simon Gr\u00f6flin","@id":"https:\/\/news.save.ch\/de\/#\/schema\/person\/ad4ef21102fd6125312409ac57d5296d"},"headline":"Sicherheitsrisiko bei Autokindersitz der Migros","datePublished":"2021-07-05T07:08:52+00:00","dateModified":"2023-08-05T07:56:07+00:00","mainEntityOfPage":{"@id":"https:\/\/news.save.ch\/sicherheitsrisiko-bei-autokindersitz-der-migros\/"},"wordCount":158,"publisher":{"@id":"https:\/\/news.save.ch\/de\/#organization"},"image":{"@id":"https:\/\/news.save.ch\/sicherheitsrisiko-bei-autokindersitz-der-migros\/#primaryimage"},"thumbnailUrl":"https:\/\/news.save.ch\/wp-content\/uploads\/2021\/07\/Kindersitz_teaser2.jpg","keywords":["Arretierung","Autokindersitz","Migros","Osann","R\u00fcckruf"],"articleSection":["HEALTH &amp; SAFETY"],"inLanguage":"en-US"},{"@type":"WebPage","@id":"https:\/\/news.save.ch\/sicherheitsrisiko-bei-autokindersitz-der-migros\/","url":"https:\/\/news.save.ch\/sicherheitsrisiko-bei-autokindersitz-der-migros\/","name":"Safety risk with child car seat from Migros - Save","isPartOf":{"@id":"https:\/\/news.save.ch\/de\/#website"},"primaryImageOfPage":{"@id":"https:\/\/news.save.ch\/sicherheitsrisiko-bei-autokindersitz-der-migros\/#primaryimage"},"image":{"@id":"https:\/\/news.save.ch\/sicherheitsrisiko-bei-autokindersitz-der-migros\/#primaryimage"},"thumbnailUrl":"https:\/\/news.save.ch\/wp-content\/uploads\/2021\/07\/Kindersitz_teaser2.jpg","datePublished":"2021-07-05T07:08:52+00:00","dateModified":"2023-08-05T07:56:07+00:00","description":"In cooperation with the Federal Roads Office (Astra), Migros is recalling the child car seat \"ENO 360 SL Twill Navy\" from the manufacturer Osann. With these child car seats, there is a risk that children are not adequately protected in the event of a vehicle accident.","breadcrumb":{"@id":"https:\/\/news.save.ch\/sicherheitsrisiko-bei-autokindersitz-der-migros\/#breadcrumb"},"inLanguage":"en-US","potentialAction":[{"@type":"ReadAction","target":["https:\/\/news.save.ch\/sicherheitsrisiko-bei-autokindersitz-der-migros\/"]}]},{"@type":"ImageObject","inLanguage":"en-US","@id":"https:\/\/news.save.ch\/sicherheitsrisiko-bei-autokindersitz-der-migros\/#primaryimage","url":"https:\/\/news.save.ch\/wp-content\/uploads\/2021\/07\/Kindersitz_teaser2.jpg","contentUrl":"https:\/\/news.save.ch\/wp-content\/uploads\/2021\/07\/Kindersitz_teaser2.jpg","width":695,"height":395},{"@type":"BreadcrumbList","@id":"https:\/\/news.save.ch\/sicherheitsrisiko-bei-autokindersitz-der-migros\/#breadcrumb","itemListElement":[{"@type":"ListItem","position":1,"name":"Home","item":"https:\/\/news.save.ch\/de\/"},{"@type":"ListItem","position":2,"name":"Sicherheitsrisiko bei Autokindersitz der Migros"}]},{"@type":"WebSite","@id":"https:\/\/news.save.ch\/de\/#website","url":"https:\/\/news.save.ch\/de\/","name":"Save","description":"Swiss trade journal for safety","publisher":{"@id":"https:\/\/news.save.ch\/de\/#organization"},"potentialAction":[{"@type":"SearchAction","target":{"@type":"EntryPoint","urlTemplate":"https:\/\/news.save.ch\/de\/?s={search_term_string}"},"query-input":{"@type":"PropertyValueSpecification","valueRequired":true,"valueName":"search_term_string"}}],"inLanguage":"en-US"},{"@type":"Organization","@id":"https:\/\/news.save.ch\/de\/#organization","name":"Security Forum","url":"https:\/\/news.save.ch\/de\/","logo":{"@type":"ImageObject","inLanguage":"en-US","@id":"https:\/\/news.save.ch\/de\/#\/schema\/logo\/image\/","url":"https:\/\/news.save.ch\/wp-content\/uploads\/2022\/06\/Logo_SF_2012.png","contentUrl":"https:\/\/news.save.ch\/wp-content\/uploads\/2022\/06\/Logo_SF_2012.png","width":1100,"height":91,"caption":"Sicherheitsforum"},"image":{"@id":"https:\/\/news.save.ch\/de\/#\/schema\/logo\/image\/"}},{"@type":"Person","@id":"https:\/\/news.save.ch\/de\/#\/schema\/person\/ad4ef21102fd6125312409ac57d5296d","name":"Simon Gr\u00f6flin","image":{"@type":"ImageObject","inLanguage":"en-US","@id":"https:\/\/secure.gravatar.com\/avatar\/6ddceb80eb734354635539e0ea5140bb7c41e42de7c45c9a2ab9921b5d5c9a83?s=96&d=mm&r=g","url":"https:\/\/secure.gravatar.com\/avatar\/6ddceb80eb734354635539e0ea5140bb7c41e42de7c45c9a2ab9921b5d5c9a83?s=96&d=mm&r=g","contentUrl":"https:\/\/secure.gravatar.com\/avatar\/6ddceb80eb734354635539e0ea5140bb7c41e42de7c45c9a2ab9921b5d5c9a83?s=96&d=mm&r=g","caption":"Simon Gr\u00f6flin"},"url":"https:\/\/news.save.ch\/en\/author\/simon-groeflin\/"}]}},"_links":{"self":[{"href":"https:\/\/news.save.ch\/en\/wp-json\/wp\/v2\/posts\/7346","targetHints":{"allow":["GET"]}}],"collection":[{"href":"https:\/\/news.save.ch\/en\/wp-json\/wp\/v2\/posts"}],"about":[{"href":"https:\/\/news.save.ch\/en\/wp-json\/wp\/v2\/types\/post"}],"author":[{"embeddable":true,"href":"https:\/\/news.save.ch\/en\/wp-json\/wp\/v2\/users\/9"}],"replies":[{"embeddable":true,"href":"https:\/\/news.save.ch\/en\/wp-json\/wp\/v2\/comments?post=7346"}],"version-history":[{"count":3,"href":"https:\/\/news.save.ch\/en\/wp-json\/wp\/v2\/posts\/7346\/revisions"}],"predecessor-version":[{"id":21561,"href":"https:\/\/news.save.ch\/en\/wp-json\/wp\/v2\/posts\/7346\/revisions\/21561"}],"wp:featuredmedia":[{"embeddable":true,"href":"https:\/\/news.save.ch\/en\/wp-json\/wp\/v2\/media\/7350"}],"wp:attachment":[{"href":"https:\/\/news.save.ch\/en\/wp-json\/wp\/v2\/media?parent=7346"}],"wp:term":[{"taxonomy":"category","embeddable":true,"href":"https:\/\/news.save.ch\/en\/wp-json\/wp\/v2\/categories?post=7346"},{"taxonomy":"post_tag","embeddable":true,"href":"https:\/\/news.save.ch\/en\/wp-json\/wp\/v2\/tags?post=7346"}],"curies":[{"name":"wp","href":"https:\/\/api.w.org\/{rel}","templated":true}]}}