{"id":7471,"date":"2019-01-10T09:43:37","date_gmt":"2019-01-10T08:43:37","guid":{"rendered":"https:\/\/news.save.ch\/?p=7471"},"modified":"2019-01-10T09:43:37","modified_gmt":"2019-01-10T08:43:37","slug":"neue-stimme-der-pruef-und-zertifizierungsbranche","status":null,"type":"post","link":"https:\/\/news.save.ch\/en\/neue-stimme-der-pruef-und-zertifizierungsbranche\/","title":{"rendered":"New voice of the testing and certification industry"},"content":{"rendered":"<figure id=\"attachment_7472\" aria-describedby=\"caption-attachment-7472\" style=\"width: 500px\" class=\"wp-caption aligncenter\"><img loading=\"lazy\" decoding=\"async\" class=\"wp-image-7472 size-full\" src=\"https:\/\/news.save.ch\/wp-content\/uploads\/2019\/01\/Depositphotos_13166630_s-2015.jpg\" alt=\"Certification, testing body, world association\" width=\"500\" height=\"332\" srcset=\"https:\/\/news.save.ch\/wp-content\/uploads\/2019\/01\/Depositphotos_13166630_s-2015.jpg 500w, https:\/\/news.save.ch\/wp-content\/uploads\/2019\/01\/Depositphotos_13166630_s-2015-375x249.jpg 375w\" sizes=\"auto, (max-width: 500px) 100vw, 500px\" \/><figcaption id=\"caption-attachment-7472\" class=\"wp-caption-text\">\u00a9 depositphotos, filmfoto<\/figcaption><\/figure>\n<p>The new global association aims to represent the testing, verification and certification services of independent third parties to business, society and politics, according to a media release from T\u00dcV Rheinland. TIC Council, which was founded in December 2018, emerged from the merger of the former international industry associations IFIA and CEOC and is based in Brussels, according to the statement. The association brings together 90 member companies and organizations from around the world as the new voice of the industry, it said.<\/p>\n<p>\"The TIC industry is a trusted partner to businesses, governments and society worldwide. As an independent third party, we help companies navigate the complex world of international trade and regulations. We help create a safe and sustainable environment for people everywhere. All members of the TIC Council are committed to the highest ethical standards and the highest possible level of integrity,\" said Michael F\u00fcbi, President of the TIC Council.<\/p>\n<p><strong>Wide range of services<\/strong><\/p>\n<p>The independent TIC industry has a wide range of services that include product testing, evaluation and certification of goods deliveries, industrial testing, auditing and certification of management systems, professional development and training, audits of infrastructure projects and construction, and in the maritime sector. The skills and services of the testing companies are offered in all sectors of the economy along the entire value chain, T\u00dcV Rheinland writes. The industry represents around one million employees worldwide and generates an estimated annual turnover of 200 billion US dollars, according to a market study.<\/p>\n<p>\"TIC Council calls on governments and key stakeholder organizations to advocate for effective solutions that protect the public, facilitate trade and promote innovation. With the expertise and competence of our members, we can provide valuable advice to policymakers worldwide on the use of testing and certification services. We help advance the regulations needed to protect consumers without hindering innovation or unnecessarily burdening companies,\" emphasized Hanane Taidi, Director General of the TIC Council.<\/p>","protected":false},"excerpt":{"rendered":"<p>Der neue Weltverband hat sich zum Ziel gesetzt, die Pr\u00fcf-, Verifizierungs- und Zertifizierungsleistungen unabh\u00e4ngiger Dritter gegen\u00fcber Wirtschaft, Gesellschaft und Politik zu repr\u00e4sentieren, wie es in einer Medienmitteilung der T\u00dcV Rheinland heisst. TIC Council, der im Dezember 2018 gegr\u00fcndet wurde, ist gem\u00e4ss Angaben aus dem Zusammenschluss der ehemaligen internationalen Branchenverb\u00e4nde IFIA und CEOC hervorgegangen und hat [&hellip;]<\/p>\n","protected":false},"author":8,"featured_media":7472,"comment_status":"open","ping_status":"open","sticky":false,"template":"","format":"standard","meta":{"_acf_changed":false,"pgc_sgb_lightbox_settings":"","footnotes":""},"categories":[1],"tags":[263,194],"class_list":["post-7471","post","type-post","status-publish","format-standard","has-post-thumbnail","hentry","category-allgemein","tag-zertifizierungs-pruefstellen","tag-zertifizierungsstellen"],"acf":[],"hkrextid":null,"publication":null,"issue":null,"workflow":null,"startPage":null,"spitzmarke":null,"_posts_by_tag_page_fields":{"widget_title":"","widget_tags":""},"_at_widget":"1","_yoast_wpseo_primary_category":"1","_yoast_wpseo_focuskw_text_input":"Zertifizierung","_yoast_wpseo_opengraph-image":null,"_yoast_wpseo_opengraph-description":null,"_yoast_wpseo_opengraph-title":null,"enclosure":null,"_yoast_wpseo_twitter-title":null,"_yoast_wpseo_twitter-description":null,"_yoast_wpseo_twitter-image":null,"_wp_old_slug":null,"_yoast_wpseo_title":null,"_yoast_wpseo_canonical":null,"yoast_head":"<!-- This site is optimized with the Yoast SEO plugin v27.5 - https:\/\/yoast.com\/product\/yoast-seo-wordpress\/ -->\n<title>Neue Stimme der Pr\u00fcf- und Zertifizierungsbranche - Save<\/title>\n<meta name=\"description\" content=\"Unternehmen der Pr\u00fcf-, Inspektions- und Zertifizierungsbranche haben den Weltverband TIC Council mit Sitz in Br\u00fcssel gegr\u00fcndet.\" \/>\n<meta name=\"robots\" content=\"index, follow, max-snippet:-1, max-image-preview:large, max-video-preview:-1\" \/>\n<link rel=\"canonical\" href=\"https:\/\/news.save.ch\/en\/neue-stimme-der-pruef-und-zertifizierungsbranche\/\" \/>\n<meta property=\"og:locale\" content=\"en_US\" \/>\n<meta property=\"og:type\" content=\"article\" \/>\n<meta property=\"og:title\" content=\"Neue Stimme der Pr\u00fcf- und Zertifizierungsbranche - Save\" \/>\n<meta property=\"og:description\" content=\"Unternehmen der Pr\u00fcf-, Inspektions- und Zertifizierungsbranche haben den Weltverband TIC Council mit Sitz in Br\u00fcssel gegr\u00fcndet.\" \/>\n<meta property=\"og:url\" content=\"https:\/\/news.save.ch\/en\/neue-stimme-der-pruef-und-zertifizierungsbranche\/\" \/>\n<meta property=\"og:site_name\" content=\"Save\" \/>\n<meta property=\"article:published_time\" content=\"2019-01-10T08:43:37+00:00\" \/>\n<meta property=\"og:image\" content=\"https:\/\/news.save.ch\/wp-content\/uploads\/2019\/01\/Depositphotos_13166630_s-2015.jpg\" \/>\n\t<meta property=\"og:image:width\" content=\"500\" \/>\n\t<meta property=\"og:image:height\" content=\"332\" \/>\n\t<meta property=\"og:image:type\" content=\"image\/jpeg\" \/>\n<meta name=\"author\" content=\"Roger Str\u00e4ssle\" \/>\n<meta name=\"twitter:card\" content=\"summary_large_image\" \/>\n<meta name=\"twitter:label1\" content=\"Written by\" \/>\n\t<meta name=\"twitter:data1\" content=\"Roger Str\u00e4ssle\" \/>\n\t<meta name=\"twitter:label2\" content=\"Est. reading time\" \/>\n\t<meta name=\"twitter:data2\" content=\"2 minutes\" \/>\n<script type=\"application\/ld+json\" class=\"yoast-schema-graph\">{\"@context\":\"https:\\\/\\\/schema.org\",\"@graph\":[{\"@type\":\"Article\",\"@id\":\"https:\\\/\\\/news.save.ch\\\/neue-stimme-der-pruef-und-zertifizierungsbranche\\\/#article\",\"isPartOf\":{\"@id\":\"https:\\\/\\\/news.save.ch\\\/neue-stimme-der-pruef-und-zertifizierungsbranche\\\/\"},\"author\":{\"name\":\"Roger Str\u00e4ssle\",\"@id\":\"https:\\\/\\\/news.save.ch\\\/de\\\/#\\\/schema\\\/person\\\/d5022db048e0e2b9785c50e5b24da5aa\"},\"headline\":\"Neue Stimme der Pr\u00fcf- und Zertifizierungsbranche\",\"datePublished\":\"2019-01-10T08:43:37+00:00\",\"mainEntityOfPage\":{\"@id\":\"https:\\\/\\\/news.save.ch\\\/neue-stimme-der-pruef-und-zertifizierungsbranche\\\/\"},\"wordCount\":359,\"commentCount\":0,\"publisher\":{\"@id\":\"https:\\\/\\\/news.save.ch\\\/de\\\/#organization\"},\"image\":{\"@id\":\"https:\\\/\\\/news.save.ch\\\/neue-stimme-der-pruef-und-zertifizierungsbranche\\\/#primaryimage\"},\"thumbnailUrl\":\"https:\\\/\\\/news.save.ch\\\/wp-content\\\/uploads\\\/2019\\\/01\\\/Depositphotos_13166630_s-2015.jpg\",\"keywords\":[\"Zertifizierungs-\\\/Pr\u00fcfstellen\",\"Zertifizierungsstellen\"],\"articleSection\":[\"ALLGEMEIN\"],\"inLanguage\":\"en-US\"},{\"@type\":\"WebPage\",\"@id\":\"https:\\\/\\\/news.save.ch\\\/neue-stimme-der-pruef-und-zertifizierungsbranche\\\/\",\"url\":\"https:\\\/\\\/news.save.ch\\\/neue-stimme-der-pruef-und-zertifizierungsbranche\\\/\",\"name\":\"Neue Stimme der Pr\u00fcf- und Zertifizierungsbranche - Save\",\"isPartOf\":{\"@id\":\"https:\\\/\\\/news.save.ch\\\/de\\\/#website\"},\"primaryImageOfPage\":{\"@id\":\"https:\\\/\\\/news.save.ch\\\/neue-stimme-der-pruef-und-zertifizierungsbranche\\\/#primaryimage\"},\"image\":{\"@id\":\"https:\\\/\\\/news.save.ch\\\/neue-stimme-der-pruef-und-zertifizierungsbranche\\\/#primaryimage\"},\"thumbnailUrl\":\"https:\\\/\\\/news.save.ch\\\/wp-content\\\/uploads\\\/2019\\\/01\\\/Depositphotos_13166630_s-2015.jpg\",\"datePublished\":\"2019-01-10T08:43:37+00:00\",\"description\":\"Unternehmen der Pr\u00fcf-, Inspektions- und Zertifizierungsbranche haben den Weltverband TIC Council mit Sitz in Br\u00fcssel gegr\u00fcndet.\",\"breadcrumb\":{\"@id\":\"https:\\\/\\\/news.save.ch\\\/neue-stimme-der-pruef-und-zertifizierungsbranche\\\/#breadcrumb\"},\"inLanguage\":\"en-US\",\"potentialAction\":[{\"@type\":\"ReadAction\",\"target\":[\"https:\\\/\\\/news.save.ch\\\/neue-stimme-der-pruef-und-zertifizierungsbranche\\\/\"]}]},{\"@type\":\"ImageObject\",\"inLanguage\":\"en-US\",\"@id\":\"https:\\\/\\\/news.save.ch\\\/neue-stimme-der-pruef-und-zertifizierungsbranche\\\/#primaryimage\",\"url\":\"https:\\\/\\\/news.save.ch\\\/wp-content\\\/uploads\\\/2019\\\/01\\\/Depositphotos_13166630_s-2015.jpg\",\"contentUrl\":\"https:\\\/\\\/news.save.ch\\\/wp-content\\\/uploads\\\/2019\\\/01\\\/Depositphotos_13166630_s-2015.jpg\",\"width\":500,\"height\":332,\"caption\":\"\u00a9 depositphotos, filmfoto\"},{\"@type\":\"BreadcrumbList\",\"@id\":\"https:\\\/\\\/news.save.ch\\\/neue-stimme-der-pruef-und-zertifizierungsbranche\\\/#breadcrumb\",\"itemListElement\":[{\"@type\":\"ListItem\",\"position\":1,\"name\":\"Home\",\"item\":\"https:\\\/\\\/news.save.ch\\\/de\\\/\"},{\"@type\":\"ListItem\",\"position\":2,\"name\":\"Neue Stimme der Pr\u00fcf- und Zertifizierungsbranche\"}]},{\"@type\":\"WebSite\",\"@id\":\"https:\\\/\\\/news.save.ch\\\/de\\\/#website\",\"url\":\"https:\\\/\\\/news.save.ch\\\/de\\\/\",\"name\":\"Save\",\"description\":\"Schweizer Fachzeitschrift f\u00fcr Sicherheit\",\"publisher\":{\"@id\":\"https:\\\/\\\/news.save.ch\\\/de\\\/#organization\"},\"potentialAction\":[{\"@type\":\"SearchAction\",\"target\":{\"@type\":\"EntryPoint\",\"urlTemplate\":\"https:\\\/\\\/news.save.ch\\\/de\\\/?s={search_term_string}\"},\"query-input\":{\"@type\":\"PropertyValueSpecification\",\"valueRequired\":true,\"valueName\":\"search_term_string\"}}],\"inLanguage\":\"en-US\"},{\"@type\":\"Organization\",\"@id\":\"https:\\\/\\\/news.save.ch\\\/de\\\/#organization\",\"name\":\"Sicherheitsforum\",\"url\":\"https:\\\/\\\/news.save.ch\\\/de\\\/\",\"logo\":{\"@type\":\"ImageObject\",\"inLanguage\":\"en-US\",\"@id\":\"https:\\\/\\\/news.save.ch\\\/de\\\/#\\\/schema\\\/logo\\\/image\\\/\",\"url\":\"https:\\\/\\\/news.save.ch\\\/wp-content\\\/uploads\\\/2022\\\/06\\\/Logo_SF_2012.png\",\"contentUrl\":\"https:\\\/\\\/news.save.ch\\\/wp-content\\\/uploads\\\/2022\\\/06\\\/Logo_SF_2012.png\",\"width\":1100,\"height\":91,\"caption\":\"Sicherheitsforum\"},\"image\":{\"@id\":\"https:\\\/\\\/news.save.ch\\\/de\\\/#\\\/schema\\\/logo\\\/image\\\/\"}},{\"@type\":\"Person\",\"@id\":\"https:\\\/\\\/news.save.ch\\\/de\\\/#\\\/schema\\\/person\\\/d5022db048e0e2b9785c50e5b24da5aa\",\"name\":\"Roger Str\u00e4ssle\",\"image\":{\"@type\":\"ImageObject\",\"inLanguage\":\"en-US\",\"@id\":\"https:\\\/\\\/secure.gravatar.com\\\/avatar\\\/862a5569d087de48e5856e32f45d719a03804c891d6deb8d4f71a660e79e4a47?s=96&d=mm&r=g\",\"url\":\"https:\\\/\\\/secure.gravatar.com\\\/avatar\\\/862a5569d087de48e5856e32f45d719a03804c891d6deb8d4f71a660e79e4a47?s=96&d=mm&r=g\",\"contentUrl\":\"https:\\\/\\\/secure.gravatar.com\\\/avatar\\\/862a5569d087de48e5856e32f45d719a03804c891d6deb8d4f71a660e79e4a47?s=96&d=mm&r=g\",\"caption\":\"Roger Str\u00e4ssle\"},\"url\":\"https:\\\/\\\/news.save.ch\\\/en\\\/author\\\/roger-straessle\\\/\"}]}<\/script>\n<!-- \/ Yoast SEO plugin. -->","yoast_head_json":{"title":"New voice of the testing and certification industry - Save","description":"Companies in the testing, inspection and certification industry have founded the world association TIC Council, based in Brussels.","robots":{"index":"index","follow":"follow","max-snippet":"max-snippet:-1","max-image-preview":"max-image-preview:large","max-video-preview":"max-video-preview:-1"},"canonical":"https:\/\/news.save.ch\/en\/neue-stimme-der-pruef-und-zertifizierungsbranche\/","og_locale":"en_US","og_type":"article","og_title":"Neue Stimme der Pr\u00fcf- und Zertifizierungsbranche - Save","og_description":"Unternehmen der Pr\u00fcf-, Inspektions- und Zertifizierungsbranche haben den Weltverband TIC Council mit Sitz in Br\u00fcssel gegr\u00fcndet.","og_url":"https:\/\/news.save.ch\/en\/neue-stimme-der-pruef-und-zertifizierungsbranche\/","og_site_name":"Save","article_published_time":"2019-01-10T08:43:37+00:00","og_image":[{"width":500,"height":332,"url":"https:\/\/news.save.ch\/wp-content\/uploads\/2019\/01\/Depositphotos_13166630_s-2015.jpg","type":"image\/jpeg"}],"author":"Roger Str\u00e4ssle","twitter_card":"summary_large_image","twitter_misc":{"Written by":"Roger Str\u00e4ssle","Est. reading time":"2 minutes"},"schema":{"@context":"https:\/\/schema.org","@graph":[{"@type":"Article","@id":"https:\/\/news.save.ch\/neue-stimme-der-pruef-und-zertifizierungsbranche\/#article","isPartOf":{"@id":"https:\/\/news.save.ch\/neue-stimme-der-pruef-und-zertifizierungsbranche\/"},"author":{"name":"Roger Str\u00e4ssle","@id":"https:\/\/news.save.ch\/de\/#\/schema\/person\/d5022db048e0e2b9785c50e5b24da5aa"},"headline":"Neue Stimme der Pr\u00fcf- und Zertifizierungsbranche","datePublished":"2019-01-10T08:43:37+00:00","mainEntityOfPage":{"@id":"https:\/\/news.save.ch\/neue-stimme-der-pruef-und-zertifizierungsbranche\/"},"wordCount":359,"commentCount":0,"publisher":{"@id":"https:\/\/news.save.ch\/de\/#organization"},"image":{"@id":"https:\/\/news.save.ch\/neue-stimme-der-pruef-und-zertifizierungsbranche\/#primaryimage"},"thumbnailUrl":"https:\/\/news.save.ch\/wp-content\/uploads\/2019\/01\/Depositphotos_13166630_s-2015.jpg","keywords":["Zertifizierungs-\/Pr\u00fcfstellen","Zertifizierungsstellen"],"articleSection":["ALLGEMEIN"],"inLanguage":"en-US"},{"@type":"WebPage","@id":"https:\/\/news.save.ch\/neue-stimme-der-pruef-und-zertifizierungsbranche\/","url":"https:\/\/news.save.ch\/neue-stimme-der-pruef-und-zertifizierungsbranche\/","name":"New voice of the testing and certification industry - Save","isPartOf":{"@id":"https:\/\/news.save.ch\/de\/#website"},"primaryImageOfPage":{"@id":"https:\/\/news.save.ch\/neue-stimme-der-pruef-und-zertifizierungsbranche\/#primaryimage"},"image":{"@id":"https:\/\/news.save.ch\/neue-stimme-der-pruef-und-zertifizierungsbranche\/#primaryimage"},"thumbnailUrl":"https:\/\/news.save.ch\/wp-content\/uploads\/2019\/01\/Depositphotos_13166630_s-2015.jpg","datePublished":"2019-01-10T08:43:37+00:00","description":"Companies in the testing, inspection and certification industry have founded the world association TIC Council, based in Brussels.","breadcrumb":{"@id":"https:\/\/news.save.ch\/neue-stimme-der-pruef-und-zertifizierungsbranche\/#breadcrumb"},"inLanguage":"en-US","potentialAction":[{"@type":"ReadAction","target":["https:\/\/news.save.ch\/neue-stimme-der-pruef-und-zertifizierungsbranche\/"]}]},{"@type":"ImageObject","inLanguage":"en-US","@id":"https:\/\/news.save.ch\/neue-stimme-der-pruef-und-zertifizierungsbranche\/#primaryimage","url":"https:\/\/news.save.ch\/wp-content\/uploads\/2019\/01\/Depositphotos_13166630_s-2015.jpg","contentUrl":"https:\/\/news.save.ch\/wp-content\/uploads\/2019\/01\/Depositphotos_13166630_s-2015.jpg","width":500,"height":332,"caption":"\u00a9 depositphotos, filmfoto"},{"@type":"BreadcrumbList","@id":"https:\/\/news.save.ch\/neue-stimme-der-pruef-und-zertifizierungsbranche\/#breadcrumb","itemListElement":[{"@type":"ListItem","position":1,"name":"Home","item":"https:\/\/news.save.ch\/de\/"},{"@type":"ListItem","position":2,"name":"Neue Stimme der Pr\u00fcf- und Zertifizierungsbranche"}]},{"@type":"WebSite","@id":"https:\/\/news.save.ch\/de\/#website","url":"https:\/\/news.save.ch\/de\/","name":"Save","description":"Swiss trade journal for safety","publisher":{"@id":"https:\/\/news.save.ch\/de\/#organization"},"potentialAction":[{"@type":"SearchAction","target":{"@type":"EntryPoint","urlTemplate":"https:\/\/news.save.ch\/de\/?s={search_term_string}"},"query-input":{"@type":"PropertyValueSpecification","valueRequired":true,"valueName":"search_term_string"}}],"inLanguage":"en-US"},{"@type":"Organization","@id":"https:\/\/news.save.ch\/de\/#organization","name":"Security Forum","url":"https:\/\/news.save.ch\/de\/","logo":{"@type":"ImageObject","inLanguage":"en-US","@id":"https:\/\/news.save.ch\/de\/#\/schema\/logo\/image\/","url":"https:\/\/news.save.ch\/wp-content\/uploads\/2022\/06\/Logo_SF_2012.png","contentUrl":"https:\/\/news.save.ch\/wp-content\/uploads\/2022\/06\/Logo_SF_2012.png","width":1100,"height":91,"caption":"Sicherheitsforum"},"image":{"@id":"https:\/\/news.save.ch\/de\/#\/schema\/logo\/image\/"}},{"@type":"Person","@id":"https:\/\/news.save.ch\/de\/#\/schema\/person\/d5022db048e0e2b9785c50e5b24da5aa","name":"Roger Str\u00e4ssle","image":{"@type":"ImageObject","inLanguage":"en-US","@id":"https:\/\/secure.gravatar.com\/avatar\/862a5569d087de48e5856e32f45d719a03804c891d6deb8d4f71a660e79e4a47?s=96&d=mm&r=g","url":"https:\/\/secure.gravatar.com\/avatar\/862a5569d087de48e5856e32f45d719a03804c891d6deb8d4f71a660e79e4a47?s=96&d=mm&r=g","contentUrl":"https:\/\/secure.gravatar.com\/avatar\/862a5569d087de48e5856e32f45d719a03804c891d6deb8d4f71a660e79e4a47?s=96&d=mm&r=g","caption":"Roger Str\u00e4ssle"},"url":"https:\/\/news.save.ch\/en\/author\/roger-straessle\/"}]}},"_links":{"self":[{"href":"https:\/\/news.save.ch\/en\/wp-json\/wp\/v2\/posts\/7471","targetHints":{"allow":["GET"]}}],"collection":[{"href":"https:\/\/news.save.ch\/en\/wp-json\/wp\/v2\/posts"}],"about":[{"href":"https:\/\/news.save.ch\/en\/wp-json\/wp\/v2\/types\/post"}],"author":[{"embeddable":true,"href":"https:\/\/news.save.ch\/en\/wp-json\/wp\/v2\/users\/8"}],"replies":[{"embeddable":true,"href":"https:\/\/news.save.ch\/en\/wp-json\/wp\/v2\/comments?post=7471"}],"version-history":[{"count":0,"href":"https:\/\/news.save.ch\/en\/wp-json\/wp\/v2\/posts\/7471\/revisions"}],"wp:featuredmedia":[{"embeddable":true,"href":"https:\/\/news.save.ch\/en\/wp-json\/wp\/v2\/media\/7472"}],"wp:attachment":[{"href":"https:\/\/news.save.ch\/en\/wp-json\/wp\/v2\/media?parent=7471"}],"wp:term":[{"taxonomy":"category","embeddable":true,"href":"https:\/\/news.save.ch\/en\/wp-json\/wp\/v2\/categories?post=7471"},{"taxonomy":"post_tag","embeddable":true,"href":"https:\/\/news.save.ch\/en\/wp-json\/wp\/v2\/tags?post=7471"}],"curies":[{"name":"wp","href":"https:\/\/api.w.org\/{rel}","templated":true}]}}