{"id":7626,"date":"2021-09-06T08:17:35","date_gmt":"2021-09-06T06:17:35","guid":{"rendered":"https:\/\/news.save.ch\/?p=7626"},"modified":"2023-07-14T22:22:47","modified_gmt":"2023-07-14T20:22:47","slug":"corona-hotline-des-seco-wird-eingestellt","status":null,"type":"post","link":"https:\/\/news.save.ch\/en\/corona-hotline-des-seco-wird-eingestellt\/","title":{"rendered":"SECO's Corona hotline to be discontinued"},"content":{"rendered":"<figure id=\"attachment_7627\" aria-describedby=\"caption-attachment-7627\" style=\"width: 680px\" class=\"wp-caption alignnone\"><img loading=\"lazy\" decoding=\"async\" class=\"wp-image-7627 size-medium\" src=\"https:\/\/news.save.ch\/wp-content\/uploads\/2021\/09\/Support_Hotline_teaser-680x458.jpg\" alt=\"SECO\" width=\"680\" height=\"458\" srcset=\"https:\/\/news.save.ch\/wp-content\/uploads\/2021\/09\/Support_Hotline_teaser-680x458.jpg 680w, https:\/\/news.save.ch\/wp-content\/uploads\/2021\/09\/Support_Hotline_teaser-18x12.jpg 18w, https:\/\/news.save.ch\/wp-content\/uploads\/2021\/09\/Support_Hotline_teaser-375x253.jpg 375w, https:\/\/news.save.ch\/wp-content\/uploads\/2021\/09\/Support_Hotline_teaser-519x350.jpg 519w, https:\/\/news.save.ch\/wp-content\/uploads\/2021\/09\/Support_Hotline_teaser.jpg 730w\" sizes=\"auto, (max-width: 680px) 100vw, 680px\" \/><figcaption id=\"caption-attachment-7627\" class=\"wp-caption-text\">Pixabay<\/figcaption><\/figure>\n<p>A helpline set up specifically for the Federal Council's Corona measures was discontinued as of September 1. SECO employees were available via the helpline, by telephone and by e-mail, to explain the Federal Council's measures to the population. In an initial phase, the telephone hotline was operated in three shifts between 7 a.m. and 8 p.m.; most recently, two shifts existed daily between 9 a.m. and 12 p.m. and 2 p.m. and 5 p.m.<\/p>\n<p>In the meantime, the number of daily calls and mails has decreased very significantly, according to a statement. Since then, SECO has been able to answer these questions again within the usual structures and processes. Therefore, in the meantime, both the telephone and mail hotlines were discontinued at 5 p.m. on Aug. 31, 2021. However, SECO is in a position to reactivate the Corona hotline within a short period of time.<\/p>\n<p>SECO employees have answered around 28,500 e-mails and well over 45,000 telephone calls since March 2020. In many cases, people were also referred to another competent authority.<\/p>\n<p>The telephone number 058 462 00 66 and the mail address coronavirus@seco.admin.ch will be switched off. Information on SECO topics related to the Corona pandemic is still available on the following websites:<\/p>\n<p><a href=\"http:\/\/www.seco.admin.ch\" target=\"_blank\" rel=\"noopener\">www.seco.admin.ch<\/a><br \/>\n<a href=\"http:\/\/www.covid19.easygov.swiss\" target=\"_blank\" rel=\"noopener\">www.covid19.easygov.swiss<\/a><br \/>\n<a href=\"http:\/\/www.arbeit.swiss\" target=\"_blank\" rel=\"noopener\">www.arbeit.swiss<\/a><br \/>\n<a href=\"http:\/\/www.helpcenter.easygov.swiss\" target=\"_blank\" rel=\"noopener\">www.helpcenter.easygov.swiss<\/a><\/p>\n<p><em>Source: SECO<\/em><\/p>","protected":false},"excerpt":{"rendered":"<p>Eine eigens zu den Corona-Massnahmen des Bundesrats eingerichtete Helpline f\u00fcr die Bev\u00f6lkerung wurde per 1. September eingestellt. \u00dcber die Helpline, per Telefon\u00a0und per Mail, waren SECO-Mitarbeitende verf\u00fcgbar, um der Bev\u00f6lkerung die Massnahmen des Bundesrates zu erkl\u00e4ren. In einer ersten Phase wurde die Telefon-Hotline in drei Schichten zwischen 7 und 20 Uhr bedient, zuletzt existierten t\u00e4glich [&hellip;]<\/p>\n","protected":false},"author":9,"featured_media":7627,"comment_status":"closed","ping_status":"closed","sticky":false,"template":"","format":"standard","meta":{"_acf_changed":false,"pgc_sgb_lightbox_settings":"","footnotes":""},"categories":[1,3314],"tags":[168,5295,632,2231,2268,5297,145,5296],"class_list":["post-7626","post","type-post","status-publish","format-standard","has-post-thumbnail","hentry","category-allgemein","category-health-safety","tag-bundesrat","tag-corona-massnahmen","tag-covid-19","tag-helpline","tag-hotline","tag-mailhotline","tag-seco","tag-telefon-hotline"],"acf":[],"hkrextid":null,"publication":null,"issue":null,"workflow":null,"startPage":null,"spitzmarke":null,"_posts_by_tag_page_fields":{"widget_title":"","widget_tags":""},"_at_widget":"1","_yoast_wpseo_primary_category":"","_yoast_wpseo_focuskw_text_input":null,"_yoast_wpseo_opengraph-image":null,"_yoast_wpseo_opengraph-description":null,"_yoast_wpseo_opengraph-title":null,"enclosure":null,"_yoast_wpseo_twitter-title":null,"_yoast_wpseo_twitter-description":null,"_yoast_wpseo_twitter-image":null,"_wp_old_slug":null,"_yoast_wpseo_title":null,"_yoast_wpseo_canonical":null,"yoast_head":"<!-- This site is optimized with the Yoast SEO plugin v27.5 - https:\/\/yoast.com\/product\/yoast-seo-wordpress\/ -->\n<title>Corona-Hotline des SECO wird eingestellt - Save<\/title>\n<meta name=\"description\" content=\"Eine Support-Hotline des Staatssekretariats f\u00fcr Wirtschaft (SECO) mit Auskunft zu den Corona-Massnahmen wurde per 1. September 2021 eingestellt. Die SECO-Mitarbeitenden haben seit M\u00e4rz 2020 \u00fcber 45&#039;000 Telefonanrufe beantwortet.\" \/>\n<meta name=\"robots\" content=\"index, follow, max-snippet:-1, max-image-preview:large, max-video-preview:-1\" \/>\n<link rel=\"canonical\" href=\"https:\/\/news.save.ch\/en\/corona-hotline-des-seco-wird-eingestellt\/\" \/>\n<meta property=\"og:locale\" content=\"en_US\" \/>\n<meta property=\"og:type\" content=\"article\" \/>\n<meta property=\"og:title\" content=\"Corona-Hotline des SECO wird eingestellt - Save\" \/>\n<meta property=\"og:description\" content=\"Eine Support-Hotline des Staatssekretariats f\u00fcr Wirtschaft (SECO) mit Auskunft zu den Corona-Massnahmen wurde per 1. September 2021 eingestellt. Die SECO-Mitarbeitenden haben seit M\u00e4rz 2020 \u00fcber 45&#039;000 Telefonanrufe beantwortet.\" \/>\n<meta property=\"og:url\" content=\"https:\/\/news.save.ch\/en\/corona-hotline-des-seco-wird-eingestellt\/\" \/>\n<meta property=\"og:site_name\" content=\"Save\" \/>\n<meta property=\"article:published_time\" content=\"2021-09-06T06:17:35+00:00\" \/>\n<meta property=\"article:modified_time\" content=\"2023-07-14T20:22:47+00:00\" \/>\n<meta property=\"og:image\" content=\"https:\/\/news.save.ch\/wp-content\/uploads\/2021\/09\/Support_Hotline_teaser.jpg\" \/>\n\t<meta property=\"og:image:width\" content=\"730\" \/>\n\t<meta property=\"og:image:height\" content=\"492\" \/>\n\t<meta property=\"og:image:type\" content=\"image\/jpeg\" \/>\n<meta name=\"author\" content=\"Simon Gr\u00f6flin\" \/>\n<meta name=\"twitter:card\" content=\"summary_large_image\" \/>\n<meta name=\"twitter:label1\" content=\"Written by\" \/>\n\t<meta name=\"twitter:data1\" content=\"Simon Gr\u00f6flin\" \/>\n\t<meta name=\"twitter:label2\" content=\"Est. reading time\" \/>\n\t<meta name=\"twitter:data2\" content=\"2 minutes\" \/>\n<script type=\"application\/ld+json\" class=\"yoast-schema-graph\">{\"@context\":\"https:\\\/\\\/schema.org\",\"@graph\":[{\"@type\":\"Article\",\"@id\":\"https:\\\/\\\/news.save.ch\\\/corona-hotline-des-seco-wird-eingestellt\\\/#article\",\"isPartOf\":{\"@id\":\"https:\\\/\\\/news.save.ch\\\/corona-hotline-des-seco-wird-eingestellt\\\/\"},\"author\":{\"name\":\"Simon Gr\u00f6flin\",\"@id\":\"https:\\\/\\\/news.save.ch\\\/de\\\/#\\\/schema\\\/person\\\/ad4ef21102fd6125312409ac57d5296d\"},\"headline\":\"Corona-Hotline des SECO wird eingestellt\",\"datePublished\":\"2021-09-06T06:17:35+00:00\",\"dateModified\":\"2023-07-14T20:22:47+00:00\",\"mainEntityOfPage\":{\"@id\":\"https:\\\/\\\/news.save.ch\\\/corona-hotline-des-seco-wird-eingestellt\\\/\"},\"wordCount\":214,\"publisher\":{\"@id\":\"https:\\\/\\\/news.save.ch\\\/de\\\/#organization\"},\"image\":{\"@id\":\"https:\\\/\\\/news.save.ch\\\/corona-hotline-des-seco-wird-eingestellt\\\/#primaryimage\"},\"thumbnailUrl\":\"https:\\\/\\\/news.save.ch\\\/wp-content\\\/uploads\\\/2021\\\/09\\\/Support_Hotline_teaser.jpg\",\"keywords\":[\"Bundesrat\",\"Corona-Massnahmen\",\"Covid-19\",\"Helpline\",\"Hotline\",\"Mailhotline\",\"Seco\",\"Telefon-Hotline\"],\"articleSection\":[\"ALLGEMEIN\",\"HEALTH &amp; SAFETY\"],\"inLanguage\":\"en-US\"},{\"@type\":\"WebPage\",\"@id\":\"https:\\\/\\\/news.save.ch\\\/corona-hotline-des-seco-wird-eingestellt\\\/\",\"url\":\"https:\\\/\\\/news.save.ch\\\/corona-hotline-des-seco-wird-eingestellt\\\/\",\"name\":\"Corona-Hotline des SECO wird eingestellt - Save\",\"isPartOf\":{\"@id\":\"https:\\\/\\\/news.save.ch\\\/de\\\/#website\"},\"primaryImageOfPage\":{\"@id\":\"https:\\\/\\\/news.save.ch\\\/corona-hotline-des-seco-wird-eingestellt\\\/#primaryimage\"},\"image\":{\"@id\":\"https:\\\/\\\/news.save.ch\\\/corona-hotline-des-seco-wird-eingestellt\\\/#primaryimage\"},\"thumbnailUrl\":\"https:\\\/\\\/news.save.ch\\\/wp-content\\\/uploads\\\/2021\\\/09\\\/Support_Hotline_teaser.jpg\",\"datePublished\":\"2021-09-06T06:17:35+00:00\",\"dateModified\":\"2023-07-14T20:22:47+00:00\",\"description\":\"Eine Support-Hotline des Staatssekretariats f\u00fcr Wirtschaft (SECO) mit Auskunft zu den Corona-Massnahmen wurde per 1. September 2021 eingestellt. Die SECO-Mitarbeitenden haben seit M\u00e4rz 2020 \u00fcber 45'000 Telefonanrufe beantwortet.\",\"breadcrumb\":{\"@id\":\"https:\\\/\\\/news.save.ch\\\/corona-hotline-des-seco-wird-eingestellt\\\/#breadcrumb\"},\"inLanguage\":\"en-US\",\"potentialAction\":[{\"@type\":\"ReadAction\",\"target\":[\"https:\\\/\\\/news.save.ch\\\/corona-hotline-des-seco-wird-eingestellt\\\/\"]}]},{\"@type\":\"ImageObject\",\"inLanguage\":\"en-US\",\"@id\":\"https:\\\/\\\/news.save.ch\\\/corona-hotline-des-seco-wird-eingestellt\\\/#primaryimage\",\"url\":\"https:\\\/\\\/news.save.ch\\\/wp-content\\\/uploads\\\/2021\\\/09\\\/Support_Hotline_teaser.jpg\",\"contentUrl\":\"https:\\\/\\\/news.save.ch\\\/wp-content\\\/uploads\\\/2021\\\/09\\\/Support_Hotline_teaser.jpg\",\"width\":730,\"height\":492,\"caption\":\"Pixabay\"},{\"@type\":\"BreadcrumbList\",\"@id\":\"https:\\\/\\\/news.save.ch\\\/corona-hotline-des-seco-wird-eingestellt\\\/#breadcrumb\",\"itemListElement\":[{\"@type\":\"ListItem\",\"position\":1,\"name\":\"Home\",\"item\":\"https:\\\/\\\/news.save.ch\\\/de\\\/\"},{\"@type\":\"ListItem\",\"position\":2,\"name\":\"Corona-Hotline des SECO wird eingestellt\"}]},{\"@type\":\"WebSite\",\"@id\":\"https:\\\/\\\/news.save.ch\\\/de\\\/#website\",\"url\":\"https:\\\/\\\/news.save.ch\\\/de\\\/\",\"name\":\"Save\",\"description\":\"Schweizer Fachzeitschrift f\u00fcr Sicherheit\",\"publisher\":{\"@id\":\"https:\\\/\\\/news.save.ch\\\/de\\\/#organization\"},\"potentialAction\":[{\"@type\":\"SearchAction\",\"target\":{\"@type\":\"EntryPoint\",\"urlTemplate\":\"https:\\\/\\\/news.save.ch\\\/de\\\/?s={search_term_string}\"},\"query-input\":{\"@type\":\"PropertyValueSpecification\",\"valueRequired\":true,\"valueName\":\"search_term_string\"}}],\"inLanguage\":\"en-US\"},{\"@type\":\"Organization\",\"@id\":\"https:\\\/\\\/news.save.ch\\\/de\\\/#organization\",\"name\":\"Sicherheitsforum\",\"url\":\"https:\\\/\\\/news.save.ch\\\/de\\\/\",\"logo\":{\"@type\":\"ImageObject\",\"inLanguage\":\"en-US\",\"@id\":\"https:\\\/\\\/news.save.ch\\\/de\\\/#\\\/schema\\\/logo\\\/image\\\/\",\"url\":\"https:\\\/\\\/news.save.ch\\\/wp-content\\\/uploads\\\/2022\\\/06\\\/Logo_SF_2012.png\",\"contentUrl\":\"https:\\\/\\\/news.save.ch\\\/wp-content\\\/uploads\\\/2022\\\/06\\\/Logo_SF_2012.png\",\"width\":1100,\"height\":91,\"caption\":\"Sicherheitsforum\"},\"image\":{\"@id\":\"https:\\\/\\\/news.save.ch\\\/de\\\/#\\\/schema\\\/logo\\\/image\\\/\"}},{\"@type\":\"Person\",\"@id\":\"https:\\\/\\\/news.save.ch\\\/de\\\/#\\\/schema\\\/person\\\/ad4ef21102fd6125312409ac57d5296d\",\"name\":\"Simon Gr\u00f6flin\",\"image\":{\"@type\":\"ImageObject\",\"inLanguage\":\"en-US\",\"@id\":\"https:\\\/\\\/secure.gravatar.com\\\/avatar\\\/6ddceb80eb734354635539e0ea5140bb7c41e42de7c45c9a2ab9921b5d5c9a83?s=96&d=mm&r=g\",\"url\":\"https:\\\/\\\/secure.gravatar.com\\\/avatar\\\/6ddceb80eb734354635539e0ea5140bb7c41e42de7c45c9a2ab9921b5d5c9a83?s=96&d=mm&r=g\",\"contentUrl\":\"https:\\\/\\\/secure.gravatar.com\\\/avatar\\\/6ddceb80eb734354635539e0ea5140bb7c41e42de7c45c9a2ab9921b5d5c9a83?s=96&d=mm&r=g\",\"caption\":\"Simon Gr\u00f6flin\"},\"url\":\"https:\\\/\\\/news.save.ch\\\/en\\\/author\\\/simon-groeflin\\\/\"}]}<\/script>\n<!-- \/ Yoast SEO plugin. -->","yoast_head_json":{"title":"SECO's Corona hotline to be discontinued - Save","description":"A support hotline of the State Secretariat for Economic Affairs (SECO) providing information on the Corona measures was discontinued as of September 1, 2021. SECO staff have answered over 45,000 telephone calls since March 2020.","robots":{"index":"index","follow":"follow","max-snippet":"max-snippet:-1","max-image-preview":"max-image-preview:large","max-video-preview":"max-video-preview:-1"},"canonical":"https:\/\/news.save.ch\/en\/corona-hotline-des-seco-wird-eingestellt\/","og_locale":"en_US","og_type":"article","og_title":"Corona-Hotline des SECO wird eingestellt - Save","og_description":"Eine Support-Hotline des Staatssekretariats f\u00fcr Wirtschaft (SECO) mit Auskunft zu den Corona-Massnahmen wurde per 1. September 2021 eingestellt. Die SECO-Mitarbeitenden haben seit M\u00e4rz 2020 \u00fcber 45'000 Telefonanrufe beantwortet.","og_url":"https:\/\/news.save.ch\/en\/corona-hotline-des-seco-wird-eingestellt\/","og_site_name":"Save","article_published_time":"2021-09-06T06:17:35+00:00","article_modified_time":"2023-07-14T20:22:47+00:00","og_image":[{"width":730,"height":492,"url":"https:\/\/news.save.ch\/wp-content\/uploads\/2021\/09\/Support_Hotline_teaser.jpg","type":"image\/jpeg"}],"author":"Simon Gr\u00f6flin","twitter_card":"summary_large_image","twitter_misc":{"Written by":"Simon Gr\u00f6flin","Est. reading time":"2 minutes"},"schema":{"@context":"https:\/\/schema.org","@graph":[{"@type":"Article","@id":"https:\/\/news.save.ch\/corona-hotline-des-seco-wird-eingestellt\/#article","isPartOf":{"@id":"https:\/\/news.save.ch\/corona-hotline-des-seco-wird-eingestellt\/"},"author":{"name":"Simon Gr\u00f6flin","@id":"https:\/\/news.save.ch\/de\/#\/schema\/person\/ad4ef21102fd6125312409ac57d5296d"},"headline":"Corona-Hotline des SECO wird eingestellt","datePublished":"2021-09-06T06:17:35+00:00","dateModified":"2023-07-14T20:22:47+00:00","mainEntityOfPage":{"@id":"https:\/\/news.save.ch\/corona-hotline-des-seco-wird-eingestellt\/"},"wordCount":214,"publisher":{"@id":"https:\/\/news.save.ch\/de\/#organization"},"image":{"@id":"https:\/\/news.save.ch\/corona-hotline-des-seco-wird-eingestellt\/#primaryimage"},"thumbnailUrl":"https:\/\/news.save.ch\/wp-content\/uploads\/2021\/09\/Support_Hotline_teaser.jpg","keywords":["Bundesrat","Corona-Massnahmen","Covid-19","Helpline","Hotline","Mailhotline","Seco","Telefon-Hotline"],"articleSection":["ALLGEMEIN","HEALTH &amp; SAFETY"],"inLanguage":"en-US"},{"@type":"WebPage","@id":"https:\/\/news.save.ch\/corona-hotline-des-seco-wird-eingestellt\/","url":"https:\/\/news.save.ch\/corona-hotline-des-seco-wird-eingestellt\/","name":"SECO's Corona hotline to be discontinued - Save","isPartOf":{"@id":"https:\/\/news.save.ch\/de\/#website"},"primaryImageOfPage":{"@id":"https:\/\/news.save.ch\/corona-hotline-des-seco-wird-eingestellt\/#primaryimage"},"image":{"@id":"https:\/\/news.save.ch\/corona-hotline-des-seco-wird-eingestellt\/#primaryimage"},"thumbnailUrl":"https:\/\/news.save.ch\/wp-content\/uploads\/2021\/09\/Support_Hotline_teaser.jpg","datePublished":"2021-09-06T06:17:35+00:00","dateModified":"2023-07-14T20:22:47+00:00","description":"A support hotline of the State Secretariat for Economic Affairs (SECO) providing information on the Corona measures was discontinued as of September 1, 2021. SECO staff have answered over 45,000 telephone calls since March 2020.","breadcrumb":{"@id":"https:\/\/news.save.ch\/corona-hotline-des-seco-wird-eingestellt\/#breadcrumb"},"inLanguage":"en-US","potentialAction":[{"@type":"ReadAction","target":["https:\/\/news.save.ch\/corona-hotline-des-seco-wird-eingestellt\/"]}]},{"@type":"ImageObject","inLanguage":"en-US","@id":"https:\/\/news.save.ch\/corona-hotline-des-seco-wird-eingestellt\/#primaryimage","url":"https:\/\/news.save.ch\/wp-content\/uploads\/2021\/09\/Support_Hotline_teaser.jpg","contentUrl":"https:\/\/news.save.ch\/wp-content\/uploads\/2021\/09\/Support_Hotline_teaser.jpg","width":730,"height":492,"caption":"Pixabay"},{"@type":"BreadcrumbList","@id":"https:\/\/news.save.ch\/corona-hotline-des-seco-wird-eingestellt\/#breadcrumb","itemListElement":[{"@type":"ListItem","position":1,"name":"Home","item":"https:\/\/news.save.ch\/de\/"},{"@type":"ListItem","position":2,"name":"Corona-Hotline des SECO wird eingestellt"}]},{"@type":"WebSite","@id":"https:\/\/news.save.ch\/de\/#website","url":"https:\/\/news.save.ch\/de\/","name":"Save","description":"Swiss trade journal for safety","publisher":{"@id":"https:\/\/news.save.ch\/de\/#organization"},"potentialAction":[{"@type":"SearchAction","target":{"@type":"EntryPoint","urlTemplate":"https:\/\/news.save.ch\/de\/?s={search_term_string}"},"query-input":{"@type":"PropertyValueSpecification","valueRequired":true,"valueName":"search_term_string"}}],"inLanguage":"en-US"},{"@type":"Organization","@id":"https:\/\/news.save.ch\/de\/#organization","name":"Security Forum","url":"https:\/\/news.save.ch\/de\/","logo":{"@type":"ImageObject","inLanguage":"en-US","@id":"https:\/\/news.save.ch\/de\/#\/schema\/logo\/image\/","url":"https:\/\/news.save.ch\/wp-content\/uploads\/2022\/06\/Logo_SF_2012.png","contentUrl":"https:\/\/news.save.ch\/wp-content\/uploads\/2022\/06\/Logo_SF_2012.png","width":1100,"height":91,"caption":"Sicherheitsforum"},"image":{"@id":"https:\/\/news.save.ch\/de\/#\/schema\/logo\/image\/"}},{"@type":"Person","@id":"https:\/\/news.save.ch\/de\/#\/schema\/person\/ad4ef21102fd6125312409ac57d5296d","name":"Simon Gr\u00f6flin","image":{"@type":"ImageObject","inLanguage":"en-US","@id":"https:\/\/secure.gravatar.com\/avatar\/6ddceb80eb734354635539e0ea5140bb7c41e42de7c45c9a2ab9921b5d5c9a83?s=96&d=mm&r=g","url":"https:\/\/secure.gravatar.com\/avatar\/6ddceb80eb734354635539e0ea5140bb7c41e42de7c45c9a2ab9921b5d5c9a83?s=96&d=mm&r=g","contentUrl":"https:\/\/secure.gravatar.com\/avatar\/6ddceb80eb734354635539e0ea5140bb7c41e42de7c45c9a2ab9921b5d5c9a83?s=96&d=mm&r=g","caption":"Simon Gr\u00f6flin"},"url":"https:\/\/news.save.ch\/en\/author\/simon-groeflin\/"}]}},"_links":{"self":[{"href":"https:\/\/news.save.ch\/en\/wp-json\/wp\/v2\/posts\/7626","targetHints":{"allow":["GET"]}}],"collection":[{"href":"https:\/\/news.save.ch\/en\/wp-json\/wp\/v2\/posts"}],"about":[{"href":"https:\/\/news.save.ch\/en\/wp-json\/wp\/v2\/types\/post"}],"author":[{"embeddable":true,"href":"https:\/\/news.save.ch\/en\/wp-json\/wp\/v2\/users\/9"}],"replies":[{"embeddable":true,"href":"https:\/\/news.save.ch\/en\/wp-json\/wp\/v2\/comments?post=7626"}],"version-history":[{"count":3,"href":"https:\/\/news.save.ch\/en\/wp-json\/wp\/v2\/posts\/7626\/revisions"}],"predecessor-version":[{"id":20886,"href":"https:\/\/news.save.ch\/en\/wp-json\/wp\/v2\/posts\/7626\/revisions\/20886"}],"wp:featuredmedia":[{"embeddable":true,"href":"https:\/\/news.save.ch\/en\/wp-json\/wp\/v2\/media\/7627"}],"wp:attachment":[{"href":"https:\/\/news.save.ch\/en\/wp-json\/wp\/v2\/media?parent=7626"}],"wp:term":[{"taxonomy":"category","embeddable":true,"href":"https:\/\/news.save.ch\/en\/wp-json\/wp\/v2\/categories?post=7626"},{"taxonomy":"post_tag","embeddable":true,"href":"https:\/\/news.save.ch\/en\/wp-json\/wp\/v2\/tags?post=7626"}],"curies":[{"name":"wp","href":"https:\/\/api.w.org\/{rel}","templated":true}]}}