{"id":7644,"date":"2021-09-07T13:46:31","date_gmt":"2021-09-07T11:46:31","guid":{"rendered":"https:\/\/news.save.ch\/?p=7644"},"modified":"2023-07-14T22:14:01","modified_gmt":"2023-07-14T20:14:01","slug":"teilnahme-kostenlos-marktuebersicht-zu-atem-gesichts-hoer-und-kopfschutz","status":null,"type":"post","link":"https:\/\/news.save.ch\/en\/teilnahme-kostenlos-marktuebersicht-zu-atem-gesichts-hoer-und-kopfschutz\/","title":{"rendered":"Participation free of charge: market overview of respiratory, face, hearing and head protection"},"content":{"rendered":"<figure id=\"attachment_7648\" aria-describedby=\"caption-attachment-7648\" style=\"width: 680px\" class=\"wp-caption alignnone\"><img loading=\"lazy\" decoding=\"async\" class=\"wp-image-7648 size-medium\" src=\"http:\/\/develop.safety-plus.ch\/wp-content\/uploads\/2021\/09\/Marktuebersicht_PSA.jpg\" alt=\"\" width=\"680\" height=\"386\" srcset=\"https:\/\/news.save.ch\/wp-content\/uploads\/2021\/09\/Marktuebersicht_PSA.jpg 887w, https:\/\/news.save.ch\/wp-content\/uploads\/2021\/09\/Marktuebersicht_PSA-680x386.jpg 680w, https:\/\/news.save.ch\/wp-content\/uploads\/2021\/09\/Marktuebersicht_PSA-768x436.jpg 768w, https:\/\/news.save.ch\/wp-content\/uploads\/2021\/09\/Marktuebersicht_PSA-18x10.jpg 18w, https:\/\/news.save.ch\/wp-content\/uploads\/2021\/09\/Marktuebersicht_PSA-375x213.jpg 375w, https:\/\/news.save.ch\/wp-content\/uploads\/2021\/09\/Marktuebersicht_PSA-616x350.jpg 616w\" sizes=\"auto, (max-width: 680px) 100vw, 680px\" \/><figcaption id=\"caption-attachment-7648\" class=\"wp-caption-text\">The market overview provides safety managers, buyers and decision makers with practical and quick information on respiratory, face, hearing and head protection. \u00a9depositphotos<\/figcaption><\/figure>\n<p>With a comprehensive market overview, we want to\u00a0<a href=\"https:\/\/news.save.ch\/en\/mediadaten\/\" target=\"_blank\" rel=\"noopener\"><strong>SAFETY<\/strong>-<strong>PLUS<\/strong><\/a>\u00a0provide both safety managers, purchasers and decision-makers with practical and quick PPE information on head, face, eyes and ears. The market overview is rounded off by many editorial tips. In an informative, clear and prominent way, we present the most important functional and safety features and possible applications for head, respiratory, eye and hearing protection.<\/p>\n<p>We are happy to invite the most important market players to present the occupational safety solutions you manufacture or distribute to an interested target audience. The presentation of your products in our <strong>Market overview is free of charge for you.\u00a0<\/strong><\/p>\n<p>To enhance and present your entry and product information in the best possible way, we offer you the additional option,\u00a0<strong>Your company logo<\/strong>\u00a0in a <a href=\"https:\/\/news.save.ch\/wp-content\/uploads\/2021\/08\/sp_Markt%C3%BCbersicht_Eintrag_mit_Logo.pdf\" target=\"_blank\" rel=\"noopener\">separate overview<\/a> for\u00a0<strong>CHF 350 to place<\/strong>.<\/p>\n<p><strong>How it works<\/strong><\/p>\n<p>You can present a maximum of two products from your range per PPE category. If you have products from all areas (head, respiratory, face or eye and hearing protection), you are welcome to enter a maximum of 2 products per area in the corresponding form. Please also send us two high-resolution images (each approx. 1-3 MB, 300 dpi print quality).<\/p>\n<p><strong>Download forms:<\/strong><\/p>\n<p>Download:\u00a0<a href=\"http:\/\/develop.safety-plus.ch\/wp-content\/uploads\/2021\/08\/Marktuebersicht_Kopfschutz.xlsx\" target=\"_blank\" rel=\"noopener\">Market overview head protection<\/a><br \/>\nDownload:\u00a0<a href=\"http:\/\/develop.safety-plus.ch\/wp-content\/uploads\/2021\/08\/Marktuebersicht_Gehoerschutz.xlsx\" target=\"_blank\" rel=\"noopener\">Market overview hearing protection<\/a><br \/>\nDownload:\u00a0<a href=\"http:\/\/develop.safety-plus.ch\/wp-content\/uploads\/2021\/08\/Marktuebersicht_Atemschutz.xlsx\" target=\"_blank\" rel=\"noopener\">Market overview respiratory protection<\/a><br \/>\nDownload:\u00a0<a href=\"http:\/\/develop.safety-plus.ch\/wp-content\/uploads\/2021\/08\/Marktuebersicht_Gesichts_Augenschutz.xlsx\" target=\"_blank\" rel=\"noopener\">Market overview face and eye protection<\/a><\/p>\n<p>Enter two products each of your choice.<\/p>\n<p>The short description for the company entry with logo (fee required) may have a maximum of 550 characters including spaces, including your web address or your telephone and e-mail contact. You may send us the short text in a Word document to the e-mail address below.<\/p>\n<p>We look forward to your participation and ask you to send us the completed form and\/or the short text with company logo no later than <strong>September 20, 2021\u00a0<\/strong>to the following e-mail address:<\/p>\n<p><a href=\"mailto:marktuebersicht.safetyplus@galledia.ch\" target=\"_blank\" rel=\"noopener\">marktuebersicht.safetyplus@galledia.ch<\/a><\/p>\n<p>The market overview is published on\u00a0<strong>2.11.2021\u00a0<\/strong>in the output <a href=\"https:\/\/news.save.ch\/en\/mediadaten\/\" target=\"_blank\" rel=\"noopener\"><strong>SAFETY<\/strong>\u2013<strong>PLUS<\/strong>\u00a04\/2021<\/a>.<\/p>","protected":false},"excerpt":{"rendered":"<p>Mit einer umfassenden Markt\u00fcbersicht will\u00a0SAFETY\u2013PLUS\u00a0sowohl den Sicherheitsverantwortlichen, Eink\u00e4ufern als auch Entscheidern praktische und schnelle PSA-Informationen zu Kopf, Gesicht, Augen und Ohren auf den Weg geben. Abgerundet wird die Markt\u00fcbersicht durch viele redaktionelle Tipps. Informativ, \u00fcbersichtlich und prominent stellen wir die wichtigsten Funktions- und Sicherheitsleistungen und Einsatzm\u00f6glichkeiten rund um Kopf-, Atem-, Augen- und H\u00f6rschutz dar. Gerne [&hellip;]<\/p>\n","protected":false},"author":9,"featured_media":7648,"comment_status":"closed","ping_status":"closed","sticky":false,"template":"","format":"standard","meta":{"_acf_changed":false,"pgc_sgb_lightbox_settings":"","footnotes":""},"categories":[3314],"tags":[172,5288,149,2501,2722,431,1071],"class_list":["post-7644","post","type-post","status-publish","format-standard","has-post-thumbnail","hentry","category-health-safety","tag-arbeitssicherheit","tag-formulare","tag-gesundheitsschutz","tag-marktuebersicht","tag-psa","tag-safety-plus","tag-sibe"],"acf":[],"hkrextid":null,"publication":null,"issue":null,"workflow":null,"startPage":null,"spitzmarke":null,"_posts_by_tag_page_fields":{"widget_title":"","widget_tags":""},"_at_widget":"1","_yoast_wpseo_primary_category":"","_yoast_wpseo_focuskw_text_input":null,"_yoast_wpseo_opengraph-image":null,"_yoast_wpseo_opengraph-description":null,"_yoast_wpseo_opengraph-title":null,"enclosure":null,"_yoast_wpseo_twitter-title":null,"_yoast_wpseo_twitter-description":null,"_yoast_wpseo_twitter-image":null,"_wp_old_slug":null,"_yoast_wpseo_title":null,"_yoast_wpseo_canonical":null,"yoast_head":"<!-- This site is optimized with the Yoast SEO plugin v27.4 - https:\/\/yoast.com\/product\/yoast-seo-wordpress\/ -->\n<title>Teilnahme kostenlos: Markt\u00fcbersicht zu Atem-, Gesichts-, H\u00f6r- und Kopfschutz - Save<\/title>\n<meta name=\"description\" content=\"Die Redaktion von SAFETY-PLUS, der f\u00fchrenden Schweizer Fachzeitschrift f\u00fcr Arbeitssicherheit und Gesundheitsschutz, erstellt f\u00fcr die kommende Ausgabe eine umfassende Markt\u00fcbersicht zum Thema Atem-, Gesichts-, H\u00f6r- und Kopfschutz.\" \/>\n<meta name=\"robots\" content=\"index, follow, max-snippet:-1, max-image-preview:large, max-video-preview:-1\" \/>\n<link rel=\"canonical\" href=\"https:\/\/news.save.ch\/en\/teilnahme-kostenlos-marktuebersicht-zu-atem-gesichts-hoer-und-kopfschutz\/\" \/>\n<meta property=\"og:locale\" content=\"en_US\" \/>\n<meta property=\"og:type\" content=\"article\" \/>\n<meta property=\"og:title\" content=\"Teilnahme kostenlos: Markt\u00fcbersicht zu Atem-, Gesichts-, H\u00f6r- und Kopfschutz - Save\" \/>\n<meta property=\"og:description\" content=\"Die Redaktion von SAFETY-PLUS, der f\u00fchrenden Schweizer Fachzeitschrift f\u00fcr Arbeitssicherheit und Gesundheitsschutz, erstellt f\u00fcr die kommende Ausgabe eine umfassende Markt\u00fcbersicht zum Thema Atem-, Gesichts-, H\u00f6r- und Kopfschutz.\" \/>\n<meta property=\"og:url\" content=\"https:\/\/news.save.ch\/en\/teilnahme-kostenlos-marktuebersicht-zu-atem-gesichts-hoer-und-kopfschutz\/\" \/>\n<meta property=\"og:site_name\" content=\"Save\" \/>\n<meta property=\"article:published_time\" content=\"2021-09-07T11:46:31+00:00\" \/>\n<meta property=\"article:modified_time\" content=\"2023-07-14T20:14:01+00:00\" \/>\n<meta property=\"og:image\" content=\"https:\/\/news.save.ch\/wp-content\/uploads\/2021\/09\/Marktuebersicht_PSA.jpg\" \/>\n\t<meta property=\"og:image:width\" content=\"887\" \/>\n\t<meta property=\"og:image:height\" content=\"504\" \/>\n\t<meta property=\"og:image:type\" content=\"image\/jpeg\" \/>\n<meta name=\"author\" content=\"Simon Gr\u00f6flin\" \/>\n<meta name=\"twitter:card\" content=\"summary_large_image\" \/>\n<meta name=\"twitter:label1\" content=\"Written by\" \/>\n\t<meta name=\"twitter:data1\" content=\"Simon Gr\u00f6flin\" \/>\n\t<meta name=\"twitter:label2\" content=\"Est. reading time\" \/>\n\t<meta name=\"twitter:data2\" content=\"2 minutes\" \/>\n<script type=\"application\/ld+json\" class=\"yoast-schema-graph\">{\"@context\":\"https:\\\/\\\/schema.org\",\"@graph\":[{\"@type\":\"Article\",\"@id\":\"https:\\\/\\\/news.save.ch\\\/teilnahme-kostenlos-marktuebersicht-zu-atem-gesichts-hoer-und-kopfschutz\\\/#article\",\"isPartOf\":{\"@id\":\"https:\\\/\\\/news.save.ch\\\/teilnahme-kostenlos-marktuebersicht-zu-atem-gesichts-hoer-und-kopfschutz\\\/\"},\"author\":{\"name\":\"Simon Gr\u00f6flin\",\"@id\":\"https:\\\/\\\/news.save.ch\\\/de\\\/#\\\/schema\\\/person\\\/ad4ef21102fd6125312409ac57d5296d\"},\"headline\":\"Teilnahme kostenlos: Markt\u00fcbersicht zu Atem-, Gesichts-, H\u00f6r- und Kopfschutz\",\"datePublished\":\"2021-09-07T11:46:31+00:00\",\"dateModified\":\"2023-07-14T20:14:01+00:00\",\"mainEntityOfPage\":{\"@id\":\"https:\\\/\\\/news.save.ch\\\/teilnahme-kostenlos-marktuebersicht-zu-atem-gesichts-hoer-und-kopfschutz\\\/\"},\"wordCount\":340,\"publisher\":{\"@id\":\"https:\\\/\\\/news.save.ch\\\/de\\\/#organization\"},\"image\":{\"@id\":\"https:\\\/\\\/news.save.ch\\\/teilnahme-kostenlos-marktuebersicht-zu-atem-gesichts-hoer-und-kopfschutz\\\/#primaryimage\"},\"thumbnailUrl\":\"https:\\\/\\\/news.save.ch\\\/wp-content\\\/uploads\\\/2021\\\/09\\\/Marktuebersicht_PSA.jpg\",\"keywords\":[\"Arbeitssicherheit\",\"Formulare\",\"Gesundheitsschutz\",\"Markt\u00fcbersicht\",\"PSA\",\"Safety Plus\",\"SiBe\"],\"articleSection\":[\"HEALTH &amp; SAFETY\"],\"inLanguage\":\"en-US\"},{\"@type\":\"WebPage\",\"@id\":\"https:\\\/\\\/news.save.ch\\\/teilnahme-kostenlos-marktuebersicht-zu-atem-gesichts-hoer-und-kopfschutz\\\/\",\"url\":\"https:\\\/\\\/news.save.ch\\\/teilnahme-kostenlos-marktuebersicht-zu-atem-gesichts-hoer-und-kopfschutz\\\/\",\"name\":\"Teilnahme kostenlos: Markt\u00fcbersicht zu Atem-, Gesichts-, H\u00f6r- und Kopfschutz - Save\",\"isPartOf\":{\"@id\":\"https:\\\/\\\/news.save.ch\\\/de\\\/#website\"},\"primaryImageOfPage\":{\"@id\":\"https:\\\/\\\/news.save.ch\\\/teilnahme-kostenlos-marktuebersicht-zu-atem-gesichts-hoer-und-kopfschutz\\\/#primaryimage\"},\"image\":{\"@id\":\"https:\\\/\\\/news.save.ch\\\/teilnahme-kostenlos-marktuebersicht-zu-atem-gesichts-hoer-und-kopfschutz\\\/#primaryimage\"},\"thumbnailUrl\":\"https:\\\/\\\/news.save.ch\\\/wp-content\\\/uploads\\\/2021\\\/09\\\/Marktuebersicht_PSA.jpg\",\"datePublished\":\"2021-09-07T11:46:31+00:00\",\"dateModified\":\"2023-07-14T20:14:01+00:00\",\"description\":\"Die Redaktion von SAFETY-PLUS, der f\u00fchrenden Schweizer Fachzeitschrift f\u00fcr Arbeitssicherheit und Gesundheitsschutz, erstellt f\u00fcr die kommende Ausgabe eine umfassende Markt\u00fcbersicht zum Thema Atem-, Gesichts-, H\u00f6r- und Kopfschutz.\",\"breadcrumb\":{\"@id\":\"https:\\\/\\\/news.save.ch\\\/teilnahme-kostenlos-marktuebersicht-zu-atem-gesichts-hoer-und-kopfschutz\\\/#breadcrumb\"},\"inLanguage\":\"en-US\",\"potentialAction\":[{\"@type\":\"ReadAction\",\"target\":[\"https:\\\/\\\/news.save.ch\\\/teilnahme-kostenlos-marktuebersicht-zu-atem-gesichts-hoer-und-kopfschutz\\\/\"]}]},{\"@type\":\"ImageObject\",\"inLanguage\":\"en-US\",\"@id\":\"https:\\\/\\\/news.save.ch\\\/teilnahme-kostenlos-marktuebersicht-zu-atem-gesichts-hoer-und-kopfschutz\\\/#primaryimage\",\"url\":\"https:\\\/\\\/news.save.ch\\\/wp-content\\\/uploads\\\/2021\\\/09\\\/Marktuebersicht_PSA.jpg\",\"contentUrl\":\"https:\\\/\\\/news.save.ch\\\/wp-content\\\/uploads\\\/2021\\\/09\\\/Marktuebersicht_PSA.jpg\",\"width\":887,\"height\":504},{\"@type\":\"BreadcrumbList\",\"@id\":\"https:\\\/\\\/news.save.ch\\\/teilnahme-kostenlos-marktuebersicht-zu-atem-gesichts-hoer-und-kopfschutz\\\/#breadcrumb\",\"itemListElement\":[{\"@type\":\"ListItem\",\"position\":1,\"name\":\"Home\",\"item\":\"https:\\\/\\\/news.save.ch\\\/de\\\/\"},{\"@type\":\"ListItem\",\"position\":2,\"name\":\"Teilnahme kostenlos: Markt\u00fcbersicht zu Atem-, Gesichts-, H\u00f6r- und Kopfschutz\"}]},{\"@type\":\"WebSite\",\"@id\":\"https:\\\/\\\/news.save.ch\\\/de\\\/#website\",\"url\":\"https:\\\/\\\/news.save.ch\\\/de\\\/\",\"name\":\"Save\",\"description\":\"Schweizer Fachzeitschrift f\u00fcr Sicherheit\",\"publisher\":{\"@id\":\"https:\\\/\\\/news.save.ch\\\/de\\\/#organization\"},\"potentialAction\":[{\"@type\":\"SearchAction\",\"target\":{\"@type\":\"EntryPoint\",\"urlTemplate\":\"https:\\\/\\\/news.save.ch\\\/de\\\/?s={search_term_string}\"},\"query-input\":{\"@type\":\"PropertyValueSpecification\",\"valueRequired\":true,\"valueName\":\"search_term_string\"}}],\"inLanguage\":\"en-US\"},{\"@type\":\"Organization\",\"@id\":\"https:\\\/\\\/news.save.ch\\\/de\\\/#organization\",\"name\":\"Sicherheitsforum\",\"url\":\"https:\\\/\\\/news.save.ch\\\/de\\\/\",\"logo\":{\"@type\":\"ImageObject\",\"inLanguage\":\"en-US\",\"@id\":\"https:\\\/\\\/news.save.ch\\\/de\\\/#\\\/schema\\\/logo\\\/image\\\/\",\"url\":\"https:\\\/\\\/news.save.ch\\\/wp-content\\\/uploads\\\/2022\\\/06\\\/Logo_SF_2012.png\",\"contentUrl\":\"https:\\\/\\\/news.save.ch\\\/wp-content\\\/uploads\\\/2022\\\/06\\\/Logo_SF_2012.png\",\"width\":1100,\"height\":91,\"caption\":\"Sicherheitsforum\"},\"image\":{\"@id\":\"https:\\\/\\\/news.save.ch\\\/de\\\/#\\\/schema\\\/logo\\\/image\\\/\"}},{\"@type\":\"Person\",\"@id\":\"https:\\\/\\\/news.save.ch\\\/de\\\/#\\\/schema\\\/person\\\/ad4ef21102fd6125312409ac57d5296d\",\"name\":\"Simon Gr\u00f6flin\",\"image\":{\"@type\":\"ImageObject\",\"inLanguage\":\"en-US\",\"@id\":\"https:\\\/\\\/secure.gravatar.com\\\/avatar\\\/6ddceb80eb734354635539e0ea5140bb7c41e42de7c45c9a2ab9921b5d5c9a83?s=96&d=mm&r=g\",\"url\":\"https:\\\/\\\/secure.gravatar.com\\\/avatar\\\/6ddceb80eb734354635539e0ea5140bb7c41e42de7c45c9a2ab9921b5d5c9a83?s=96&d=mm&r=g\",\"contentUrl\":\"https:\\\/\\\/secure.gravatar.com\\\/avatar\\\/6ddceb80eb734354635539e0ea5140bb7c41e42de7c45c9a2ab9921b5d5c9a83?s=96&d=mm&r=g\",\"caption\":\"Simon Gr\u00f6flin\"},\"url\":\"https:\\\/\\\/news.save.ch\\\/en\\\/author\\\/simon-groeflin\\\/\"}]}<\/script>\n<!-- \/ Yoast SEO plugin. -->","yoast_head_json":{"title":"Participation free of charge: Market overview of breathing, face, hearing and head protection - Save","description":"The editors of SAFETY-PLUS, the leading Swiss trade journal for occupational safety and health protection, are compiling a comprehensive market overview of respiratory, face, hearing and head protection for the upcoming issue.","robots":{"index":"index","follow":"follow","max-snippet":"max-snippet:-1","max-image-preview":"max-image-preview:large","max-video-preview":"max-video-preview:-1"},"canonical":"https:\/\/news.save.ch\/en\/teilnahme-kostenlos-marktuebersicht-zu-atem-gesichts-hoer-und-kopfschutz\/","og_locale":"en_US","og_type":"article","og_title":"Teilnahme kostenlos: Markt\u00fcbersicht zu Atem-, Gesichts-, H\u00f6r- und Kopfschutz - Save","og_description":"Die Redaktion von SAFETY-PLUS, der f\u00fchrenden Schweizer Fachzeitschrift f\u00fcr Arbeitssicherheit und Gesundheitsschutz, erstellt f\u00fcr die kommende Ausgabe eine umfassende Markt\u00fcbersicht zum Thema Atem-, Gesichts-, H\u00f6r- und Kopfschutz.","og_url":"https:\/\/news.save.ch\/en\/teilnahme-kostenlos-marktuebersicht-zu-atem-gesichts-hoer-und-kopfschutz\/","og_site_name":"Save","article_published_time":"2021-09-07T11:46:31+00:00","article_modified_time":"2023-07-14T20:14:01+00:00","og_image":[{"width":887,"height":504,"url":"https:\/\/news.save.ch\/wp-content\/uploads\/2021\/09\/Marktuebersicht_PSA.jpg","type":"image\/jpeg"}],"author":"Simon Gr\u00f6flin","twitter_card":"summary_large_image","twitter_misc":{"Written by":"Simon Gr\u00f6flin","Est. reading time":"2 minutes"},"schema":{"@context":"https:\/\/schema.org","@graph":[{"@type":"Article","@id":"https:\/\/news.save.ch\/teilnahme-kostenlos-marktuebersicht-zu-atem-gesichts-hoer-und-kopfschutz\/#article","isPartOf":{"@id":"https:\/\/news.save.ch\/teilnahme-kostenlos-marktuebersicht-zu-atem-gesichts-hoer-und-kopfschutz\/"},"author":{"name":"Simon Gr\u00f6flin","@id":"https:\/\/news.save.ch\/de\/#\/schema\/person\/ad4ef21102fd6125312409ac57d5296d"},"headline":"Teilnahme kostenlos: Markt\u00fcbersicht zu Atem-, Gesichts-, H\u00f6r- und Kopfschutz","datePublished":"2021-09-07T11:46:31+00:00","dateModified":"2023-07-14T20:14:01+00:00","mainEntityOfPage":{"@id":"https:\/\/news.save.ch\/teilnahme-kostenlos-marktuebersicht-zu-atem-gesichts-hoer-und-kopfschutz\/"},"wordCount":340,"publisher":{"@id":"https:\/\/news.save.ch\/de\/#organization"},"image":{"@id":"https:\/\/news.save.ch\/teilnahme-kostenlos-marktuebersicht-zu-atem-gesichts-hoer-und-kopfschutz\/#primaryimage"},"thumbnailUrl":"https:\/\/news.save.ch\/wp-content\/uploads\/2021\/09\/Marktuebersicht_PSA.jpg","keywords":["Arbeitssicherheit","Formulare","Gesundheitsschutz","Markt\u00fcbersicht","PSA","Safety Plus","SiBe"],"articleSection":["HEALTH &amp; SAFETY"],"inLanguage":"en-US"},{"@type":"WebPage","@id":"https:\/\/news.save.ch\/teilnahme-kostenlos-marktuebersicht-zu-atem-gesichts-hoer-und-kopfschutz\/","url":"https:\/\/news.save.ch\/teilnahme-kostenlos-marktuebersicht-zu-atem-gesichts-hoer-und-kopfschutz\/","name":"Participation free of charge: Market overview of breathing, face, hearing and head protection - Save","isPartOf":{"@id":"https:\/\/news.save.ch\/de\/#website"},"primaryImageOfPage":{"@id":"https:\/\/news.save.ch\/teilnahme-kostenlos-marktuebersicht-zu-atem-gesichts-hoer-und-kopfschutz\/#primaryimage"},"image":{"@id":"https:\/\/news.save.ch\/teilnahme-kostenlos-marktuebersicht-zu-atem-gesichts-hoer-und-kopfschutz\/#primaryimage"},"thumbnailUrl":"https:\/\/news.save.ch\/wp-content\/uploads\/2021\/09\/Marktuebersicht_PSA.jpg","datePublished":"2021-09-07T11:46:31+00:00","dateModified":"2023-07-14T20:14:01+00:00","description":"The editors of SAFETY-PLUS, the leading Swiss trade journal for occupational safety and health protection, are compiling a comprehensive market overview of respiratory, face, hearing and head protection for the upcoming issue.","breadcrumb":{"@id":"https:\/\/news.save.ch\/teilnahme-kostenlos-marktuebersicht-zu-atem-gesichts-hoer-und-kopfschutz\/#breadcrumb"},"inLanguage":"en-US","potentialAction":[{"@type":"ReadAction","target":["https:\/\/news.save.ch\/teilnahme-kostenlos-marktuebersicht-zu-atem-gesichts-hoer-und-kopfschutz\/"]}]},{"@type":"ImageObject","inLanguage":"en-US","@id":"https:\/\/news.save.ch\/teilnahme-kostenlos-marktuebersicht-zu-atem-gesichts-hoer-und-kopfschutz\/#primaryimage","url":"https:\/\/news.save.ch\/wp-content\/uploads\/2021\/09\/Marktuebersicht_PSA.jpg","contentUrl":"https:\/\/news.save.ch\/wp-content\/uploads\/2021\/09\/Marktuebersicht_PSA.jpg","width":887,"height":504},{"@type":"BreadcrumbList","@id":"https:\/\/news.save.ch\/teilnahme-kostenlos-marktuebersicht-zu-atem-gesichts-hoer-und-kopfschutz\/#breadcrumb","itemListElement":[{"@type":"ListItem","position":1,"name":"Home","item":"https:\/\/news.save.ch\/de\/"},{"@type":"ListItem","position":2,"name":"Teilnahme kostenlos: Markt\u00fcbersicht zu Atem-, Gesichts-, H\u00f6r- und Kopfschutz"}]},{"@type":"WebSite","@id":"https:\/\/news.save.ch\/de\/#website","url":"https:\/\/news.save.ch\/de\/","name":"Save","description":"Swiss trade journal for safety","publisher":{"@id":"https:\/\/news.save.ch\/de\/#organization"},"potentialAction":[{"@type":"SearchAction","target":{"@type":"EntryPoint","urlTemplate":"https:\/\/news.save.ch\/de\/?s={search_term_string}"},"query-input":{"@type":"PropertyValueSpecification","valueRequired":true,"valueName":"search_term_string"}}],"inLanguage":"en-US"},{"@type":"Organization","@id":"https:\/\/news.save.ch\/de\/#organization","name":"Security Forum","url":"https:\/\/news.save.ch\/de\/","logo":{"@type":"ImageObject","inLanguage":"en-US","@id":"https:\/\/news.save.ch\/de\/#\/schema\/logo\/image\/","url":"https:\/\/news.save.ch\/wp-content\/uploads\/2022\/06\/Logo_SF_2012.png","contentUrl":"https:\/\/news.save.ch\/wp-content\/uploads\/2022\/06\/Logo_SF_2012.png","width":1100,"height":91,"caption":"Sicherheitsforum"},"image":{"@id":"https:\/\/news.save.ch\/de\/#\/schema\/logo\/image\/"}},{"@type":"Person","@id":"https:\/\/news.save.ch\/de\/#\/schema\/person\/ad4ef21102fd6125312409ac57d5296d","name":"Simon Gr\u00f6flin","image":{"@type":"ImageObject","inLanguage":"en-US","@id":"https:\/\/secure.gravatar.com\/avatar\/6ddceb80eb734354635539e0ea5140bb7c41e42de7c45c9a2ab9921b5d5c9a83?s=96&d=mm&r=g","url":"https:\/\/secure.gravatar.com\/avatar\/6ddceb80eb734354635539e0ea5140bb7c41e42de7c45c9a2ab9921b5d5c9a83?s=96&d=mm&r=g","contentUrl":"https:\/\/secure.gravatar.com\/avatar\/6ddceb80eb734354635539e0ea5140bb7c41e42de7c45c9a2ab9921b5d5c9a83?s=96&d=mm&r=g","caption":"Simon Gr\u00f6flin"},"url":"https:\/\/news.save.ch\/en\/author\/simon-groeflin\/"}]}},"_links":{"self":[{"href":"https:\/\/news.save.ch\/en\/wp-json\/wp\/v2\/posts\/7644","targetHints":{"allow":["GET"]}}],"collection":[{"href":"https:\/\/news.save.ch\/en\/wp-json\/wp\/v2\/posts"}],"about":[{"href":"https:\/\/news.save.ch\/en\/wp-json\/wp\/v2\/types\/post"}],"author":[{"embeddable":true,"href":"https:\/\/news.save.ch\/en\/wp-json\/wp\/v2\/users\/9"}],"replies":[{"embeddable":true,"href":"https:\/\/news.save.ch\/en\/wp-json\/wp\/v2\/comments?post=7644"}],"version-history":[{"count":2,"href":"https:\/\/news.save.ch\/en\/wp-json\/wp\/v2\/posts\/7644\/revisions"}],"predecessor-version":[{"id":20880,"href":"https:\/\/news.save.ch\/en\/wp-json\/wp\/v2\/posts\/7644\/revisions\/20880"}],"wp:featuredmedia":[{"embeddable":true,"href":"https:\/\/news.save.ch\/en\/wp-json\/wp\/v2\/media\/7648"}],"wp:attachment":[{"href":"https:\/\/news.save.ch\/en\/wp-json\/wp\/v2\/media?parent=7644"}],"wp:term":[{"taxonomy":"category","embeddable":true,"href":"https:\/\/news.save.ch\/en\/wp-json\/wp\/v2\/categories?post=7644"},{"taxonomy":"post_tag","embeddable":true,"href":"https:\/\/news.save.ch\/en\/wp-json\/wp\/v2\/tags?post=7644"}],"curies":[{"name":"wp","href":"https:\/\/api.w.org\/{rel}","templated":true}]}}