{"id":7774,"date":"2019-03-12T10:03:59","date_gmt":"2019-03-12T09:03:59","guid":{"rendered":"https:\/\/news.save.ch\/?p=7774"},"modified":"2019-03-12T10:03:59","modified_gmt":"2019-03-12T09:03:59","slug":"rueckschlag-fuer-ju-air","status":null,"type":"post","link":"https:\/\/news.save.ch\/en\/rueckschlag-fuer-ju-air\/","title":{"rendered":"Aunt Ju - no more commercial flights"},"content":{"rendered":"<figure id=\"attachment_7775\" aria-describedby=\"caption-attachment-7775\" style=\"width: 680px\" class=\"wp-caption aligncenter\"><img loading=\"lazy\" decoding=\"async\" class=\"size-medium wp-image-7775\" src=\"https:\/\/news.save.ch\/wp-content\/uploads\/2019\/03\/Ju-IMG_0598.jpg\" alt=\"\" width=\"680\" height=\"453\" \/><figcaption id=\"caption-attachment-7775\" class=\"wp-caption-text\">At the moment, the vintage car is not yet allowed to take to the air. Photo: R. Str\u00e4ssle<\/figcaption><\/figure>\n<p>&nbsp;<\/p>\n<p>When Ju-Air was founded over 35 years ago, the Federal Office of Civil Aviation (<a href=\"https:\/\/www.ju-air.ch\">Bazl<\/a>) granted an operating license for commercial passenger flights to three vintage Junkers Ju-52s from Swiss military stocks. At the time, several exceptions were granted for a national regulation.<\/p>\n<p><strong>Risk reassessed<\/strong><\/p>\n<p>Following the accident involving a Ju-Air aircraft in summer 2018, the Bazl has reassessed the risks of passenger flights with vintage aircraft and has come to the conclusion that continued commercial operation with historic aircraft no longer meets current safety requirements. This decision was also supported by facts from the ongoing accident investigation by the <a href=\"https:\/\/www.sust.admin.ch\/de\/sust-startseite\/\">Sust<\/a> supported. In addition, European legislation for vintage aircraft will change from mid-2019 and no longer allow commercial operation, the federal office said. In Germany, Lufthansa also no longer supports commercial passenger flights with its own Ju-52.<\/p>\n<p><strong>Operation only for club members\u00a0<\/strong><\/p>\n<p>On the other hand, operation in a private context and under national conditions should continue to be possible, as the Bazl writes. Anyone who is a member of the \"old-timer club\" does not have to give up the adventure flight. For this reason, this requirement does not hit Ju-Air too hard, as its press spokesman told Regionaljournal: \"Most passengers already belong to the Association of Friends of the Swiss Air Force (VFL); this is Ju-Air's supporting organization. The federal office now requires vintage aircraft operators to inform their club members about the higher risks associated with historic aircraft compared to modern passenger planes.<\/p>\n<p>Since aircraft such as the Ju-52 can carry a larger number of passengers, they must meet higher technical and operational requirements than smaller vintage aircraft, according to Bazl. An additional complication for the Ju-52s is that there is no longer a manufacturer responsible for continuing airworthiness. The Bazl, like other national supervisory authorities, is not in a position to take on this task, if only for reasons of resources. The private operators of large vintage aircraft would therefore either have to acquire this expertise themselves or delegate this task to an external company.<\/p>\n<p><strong>Technical measures not yet fulfilled<\/strong><\/p>\n<p>As Ju-Air is not yet able to fully comply with the technical measures required by Bazl, its vintage aircraft will have to remain on the ground. In the meantime, Bazl is not in a position to make any statements about when Ju-Air will resume flight operations, the media release concludes.<\/p>\n<p><strong>Ju-Air plans to take off with a Ju-52 this summer<\/strong><\/p>\n<p>In its media release of March 12, Ju-Air in D\u00fcbendorf writes that it is in a position to set up the organization required by the Bazl to ensure future flight operations and to engage the necessary external experts and organizations. However, this will take several months. In the meantime, the old-timer airline is to be granted a transitional arrangement that will allow safe flight operations.<\/p>\n<p>The airline says it is preparing for the long-term continued operation of its three historic Ju-52s. To this end, the aircraft, now 70 and 80 years old, would be completely dismantled and overhauled. For the most comprehensive overhaul work in the 36-year history of Ju-Air, flight operations would have to be reduced in the summer of 2019 and 2020. However, a first old-timer is already scheduled to take off again this summer 2019.<\/p>\n<p>Furthermore, the Ju-Air media release emphasizes that there are still no indications that a technical cause led to the HB-HOT accident.\u00a0\u00a0<em>(rs)<\/em><\/p>\n<p>&nbsp;<\/p>","protected":false},"excerpt":{"rendered":"<p>&nbsp; Bei Gr\u00fcndung der Ju-Air vor \u00fcber 35 Jahren erteilte das Bundesamt f\u00fcr Zivilluftfahrt (Bazl) drei aus Schweizer Milit\u00e4rbest\u00e4nden stammenden Oldtimern des Typs Junkers Ju-52 eine Betriebsbewilligung f\u00fcr kommerzielle Passagierfl\u00fcge. Dabei wurden damals mehrere Ausnahmen f\u00fcr eine nationale Regelung gew\u00e4hrt. Risiko neu beurteilt Nach dem Unfall einer Ju-Air-Maschine im Sommer 2018 hat das Bazl die [&hellip;]<\/p>\n","protected":false},"author":8,"featured_media":7775,"comment_status":"open","ping_status":"open","sticky":false,"template":"","format":"standard","meta":{"_acf_changed":false,"pgc_sgb_lightbox_settings":"","footnotes":""},"categories":[1],"tags":[416],"class_list":["post-7774","post","type-post","status-publish","format-standard","has-post-thumbnail","hentry","category-allgemein","tag-flugbetrieb"],"acf":[],"hkrextid":null,"publication":null,"issue":null,"workflow":null,"startPage":null,"spitzmarke":null,"_posts_by_tag_page_fields":{"widget_title":"","widget_tags":""},"_at_widget":"1","_yoast_wpseo_primary_category":"1","_yoast_wpseo_focuskw_text_input":"Ju-Air","_yoast_wpseo_opengraph-image":null,"_yoast_wpseo_opengraph-description":null,"_yoast_wpseo_opengraph-title":null,"enclosure":null,"_yoast_wpseo_twitter-title":null,"_yoast_wpseo_twitter-description":null,"_yoast_wpseo_twitter-image":null,"_wp_old_slug":null,"_yoast_wpseo_title":null,"_yoast_wpseo_canonical":null,"yoast_head":"<!-- This site is optimized with the Yoast SEO plugin v27.4 - https:\/\/yoast.com\/product\/yoast-seo-wordpress\/ -->\n<title>Tante Ju - keine kommerziellen Fl\u00fcge mehr - Save<\/title>\n<meta name=\"description\" content=\"Der Ju-Air wird die Genehmigung f\u00fcr kommerzielle Passagierfl\u00fcge entzogen. Das hat das Bundesamt f\u00fcr Zivilluftfahrt mitgeteilt.\" \/>\n<meta name=\"robots\" content=\"index, follow, max-snippet:-1, max-image-preview:large, max-video-preview:-1\" \/>\n<link rel=\"canonical\" href=\"https:\/\/news.save.ch\/en\/rueckschlag-fuer-ju-air\/\" \/>\n<meta property=\"og:locale\" content=\"en_US\" \/>\n<meta property=\"og:type\" content=\"article\" \/>\n<meta property=\"og:title\" content=\"Tante Ju - keine kommerziellen Fl\u00fcge mehr - Save\" \/>\n<meta property=\"og:description\" content=\"Der Ju-Air wird die Genehmigung f\u00fcr kommerzielle Passagierfl\u00fcge entzogen. Das hat das Bundesamt f\u00fcr Zivilluftfahrt mitgeteilt.\" \/>\n<meta property=\"og:url\" content=\"https:\/\/news.save.ch\/en\/rueckschlag-fuer-ju-air\/\" \/>\n<meta property=\"og:site_name\" content=\"Save\" \/>\n<meta property=\"article:published_time\" content=\"2019-03-12T09:03:59+00:00\" \/>\n<meta name=\"author\" content=\"Roger Str\u00e4ssle\" \/>\n<meta name=\"twitter:card\" content=\"summary_large_image\" \/>\n<meta name=\"twitter:label1\" content=\"Written by\" \/>\n\t<meta name=\"twitter:data1\" content=\"Roger Str\u00e4ssle\" \/>\n\t<meta name=\"twitter:label2\" content=\"Est. reading time\" \/>\n\t<meta name=\"twitter:data2\" content=\"3 minutes\" \/>\n<script type=\"application\/ld+json\" class=\"yoast-schema-graph\">{\"@context\":\"https:\\\/\\\/schema.org\",\"@graph\":[{\"@type\":\"Article\",\"@id\":\"https:\\\/\\\/news.save.ch\\\/rueckschlag-fuer-ju-air\\\/#article\",\"isPartOf\":{\"@id\":\"https:\\\/\\\/news.save.ch\\\/rueckschlag-fuer-ju-air\\\/\"},\"author\":{\"name\":\"Roger Str\u00e4ssle\",\"@id\":\"https:\\\/\\\/news.save.ch\\\/de\\\/#\\\/schema\\\/person\\\/d5022db048e0e2b9785c50e5b24da5aa\"},\"headline\":\"Tante Ju &#8211; keine kommerziellen Fl\u00fcge mehr\",\"datePublished\":\"2019-03-12T09:03:59+00:00\",\"mainEntityOfPage\":{\"@id\":\"https:\\\/\\\/news.save.ch\\\/rueckschlag-fuer-ju-air\\\/\"},\"wordCount\":596,\"commentCount\":0,\"publisher\":{\"@id\":\"https:\\\/\\\/news.save.ch\\\/de\\\/#organization\"},\"image\":{\"@id\":\"https:\\\/\\\/news.save.ch\\\/rueckschlag-fuer-ju-air\\\/#primaryimage\"},\"thumbnailUrl\":\"\",\"keywords\":[\"Flugbetrieb\"],\"articleSection\":[\"ALLGEMEIN\"],\"inLanguage\":\"en-US\"},{\"@type\":\"WebPage\",\"@id\":\"https:\\\/\\\/news.save.ch\\\/rueckschlag-fuer-ju-air\\\/\",\"url\":\"https:\\\/\\\/news.save.ch\\\/rueckschlag-fuer-ju-air\\\/\",\"name\":\"Tante Ju - keine kommerziellen Fl\u00fcge mehr - Save\",\"isPartOf\":{\"@id\":\"https:\\\/\\\/news.save.ch\\\/de\\\/#website\"},\"primaryImageOfPage\":{\"@id\":\"https:\\\/\\\/news.save.ch\\\/rueckschlag-fuer-ju-air\\\/#primaryimage\"},\"image\":{\"@id\":\"https:\\\/\\\/news.save.ch\\\/rueckschlag-fuer-ju-air\\\/#primaryimage\"},\"thumbnailUrl\":\"\",\"datePublished\":\"2019-03-12T09:03:59+00:00\",\"description\":\"Der Ju-Air wird die Genehmigung f\u00fcr kommerzielle Passagierfl\u00fcge entzogen. Das hat das Bundesamt f\u00fcr Zivilluftfahrt mitgeteilt.\",\"breadcrumb\":{\"@id\":\"https:\\\/\\\/news.save.ch\\\/rueckschlag-fuer-ju-air\\\/#breadcrumb\"},\"inLanguage\":\"en-US\",\"potentialAction\":[{\"@type\":\"ReadAction\",\"target\":[\"https:\\\/\\\/news.save.ch\\\/rueckschlag-fuer-ju-air\\\/\"]}]},{\"@type\":\"ImageObject\",\"inLanguage\":\"en-US\",\"@id\":\"https:\\\/\\\/news.save.ch\\\/rueckschlag-fuer-ju-air\\\/#primaryimage\",\"url\":\"\",\"contentUrl\":\"\"},{\"@type\":\"BreadcrumbList\",\"@id\":\"https:\\\/\\\/news.save.ch\\\/rueckschlag-fuer-ju-air\\\/#breadcrumb\",\"itemListElement\":[{\"@type\":\"ListItem\",\"position\":1,\"name\":\"Home\",\"item\":\"https:\\\/\\\/news.save.ch\\\/de\\\/\"},{\"@type\":\"ListItem\",\"position\":2,\"name\":\"Tante Ju &#8211; keine kommerziellen Fl\u00fcge mehr\"}]},{\"@type\":\"WebSite\",\"@id\":\"https:\\\/\\\/news.save.ch\\\/de\\\/#website\",\"url\":\"https:\\\/\\\/news.save.ch\\\/de\\\/\",\"name\":\"Save\",\"description\":\"Schweizer Fachzeitschrift f\u00fcr Sicherheit\",\"publisher\":{\"@id\":\"https:\\\/\\\/news.save.ch\\\/de\\\/#organization\"},\"potentialAction\":[{\"@type\":\"SearchAction\",\"target\":{\"@type\":\"EntryPoint\",\"urlTemplate\":\"https:\\\/\\\/news.save.ch\\\/de\\\/?s={search_term_string}\"},\"query-input\":{\"@type\":\"PropertyValueSpecification\",\"valueRequired\":true,\"valueName\":\"search_term_string\"}}],\"inLanguage\":\"en-US\"},{\"@type\":\"Organization\",\"@id\":\"https:\\\/\\\/news.save.ch\\\/de\\\/#organization\",\"name\":\"Sicherheitsforum\",\"url\":\"https:\\\/\\\/news.save.ch\\\/de\\\/\",\"logo\":{\"@type\":\"ImageObject\",\"inLanguage\":\"en-US\",\"@id\":\"https:\\\/\\\/news.save.ch\\\/de\\\/#\\\/schema\\\/logo\\\/image\\\/\",\"url\":\"https:\\\/\\\/news.save.ch\\\/wp-content\\\/uploads\\\/2022\\\/06\\\/Logo_SF_2012.png\",\"contentUrl\":\"https:\\\/\\\/news.save.ch\\\/wp-content\\\/uploads\\\/2022\\\/06\\\/Logo_SF_2012.png\",\"width\":1100,\"height\":91,\"caption\":\"Sicherheitsforum\"},\"image\":{\"@id\":\"https:\\\/\\\/news.save.ch\\\/de\\\/#\\\/schema\\\/logo\\\/image\\\/\"}},{\"@type\":\"Person\",\"@id\":\"https:\\\/\\\/news.save.ch\\\/de\\\/#\\\/schema\\\/person\\\/d5022db048e0e2b9785c50e5b24da5aa\",\"name\":\"Roger Str\u00e4ssle\",\"image\":{\"@type\":\"ImageObject\",\"inLanguage\":\"en-US\",\"@id\":\"https:\\\/\\\/secure.gravatar.com\\\/avatar\\\/862a5569d087de48e5856e32f45d719a03804c891d6deb8d4f71a660e79e4a47?s=96&d=mm&r=g\",\"url\":\"https:\\\/\\\/secure.gravatar.com\\\/avatar\\\/862a5569d087de48e5856e32f45d719a03804c891d6deb8d4f71a660e79e4a47?s=96&d=mm&r=g\",\"contentUrl\":\"https:\\\/\\\/secure.gravatar.com\\\/avatar\\\/862a5569d087de48e5856e32f45d719a03804c891d6deb8d4f71a660e79e4a47?s=96&d=mm&r=g\",\"caption\":\"Roger Str\u00e4ssle\"},\"url\":\"https:\\\/\\\/news.save.ch\\\/en\\\/author\\\/roger-straessle\\\/\"}]}<\/script>\n<!-- \/ Yoast SEO plugin. -->","yoast_head_json":{"title":"Aunt Ju - no more commercial flights - Save","description":"Ju-Air will have its license for commercial passenger flights revoked. This was announced by the Federal Office for Civil Aviation.","robots":{"index":"index","follow":"follow","max-snippet":"max-snippet:-1","max-image-preview":"max-image-preview:large","max-video-preview":"max-video-preview:-1"},"canonical":"https:\/\/news.save.ch\/en\/rueckschlag-fuer-ju-air\/","og_locale":"en_US","og_type":"article","og_title":"Tante Ju - keine kommerziellen Fl\u00fcge mehr - Save","og_description":"Der Ju-Air wird die Genehmigung f\u00fcr kommerzielle Passagierfl\u00fcge entzogen. Das hat das Bundesamt f\u00fcr Zivilluftfahrt mitgeteilt.","og_url":"https:\/\/news.save.ch\/en\/rueckschlag-fuer-ju-air\/","og_site_name":"Save","article_published_time":"2019-03-12T09:03:59+00:00","author":"Roger Str\u00e4ssle","twitter_card":"summary_large_image","twitter_misc":{"Written by":"Roger Str\u00e4ssle","Est. reading time":"3 minutes"},"schema":{"@context":"https:\/\/schema.org","@graph":[{"@type":"Article","@id":"https:\/\/news.save.ch\/rueckschlag-fuer-ju-air\/#article","isPartOf":{"@id":"https:\/\/news.save.ch\/rueckschlag-fuer-ju-air\/"},"author":{"name":"Roger Str\u00e4ssle","@id":"https:\/\/news.save.ch\/de\/#\/schema\/person\/d5022db048e0e2b9785c50e5b24da5aa"},"headline":"Tante Ju &#8211; keine kommerziellen Fl\u00fcge mehr","datePublished":"2019-03-12T09:03:59+00:00","mainEntityOfPage":{"@id":"https:\/\/news.save.ch\/rueckschlag-fuer-ju-air\/"},"wordCount":596,"commentCount":0,"publisher":{"@id":"https:\/\/news.save.ch\/de\/#organization"},"image":{"@id":"https:\/\/news.save.ch\/rueckschlag-fuer-ju-air\/#primaryimage"},"thumbnailUrl":"","keywords":["Flugbetrieb"],"articleSection":["ALLGEMEIN"],"inLanguage":"en-US"},{"@type":"WebPage","@id":"https:\/\/news.save.ch\/rueckschlag-fuer-ju-air\/","url":"https:\/\/news.save.ch\/rueckschlag-fuer-ju-air\/","name":"Aunt Ju - no more commercial flights - Save","isPartOf":{"@id":"https:\/\/news.save.ch\/de\/#website"},"primaryImageOfPage":{"@id":"https:\/\/news.save.ch\/rueckschlag-fuer-ju-air\/#primaryimage"},"image":{"@id":"https:\/\/news.save.ch\/rueckschlag-fuer-ju-air\/#primaryimage"},"thumbnailUrl":"","datePublished":"2019-03-12T09:03:59+00:00","description":"Ju-Air will have its license for commercial passenger flights revoked. This was announced by the Federal Office for Civil Aviation.","breadcrumb":{"@id":"https:\/\/news.save.ch\/rueckschlag-fuer-ju-air\/#breadcrumb"},"inLanguage":"en-US","potentialAction":[{"@type":"ReadAction","target":["https:\/\/news.save.ch\/rueckschlag-fuer-ju-air\/"]}]},{"@type":"ImageObject","inLanguage":"en-US","@id":"https:\/\/news.save.ch\/rueckschlag-fuer-ju-air\/#primaryimage","url":"","contentUrl":""},{"@type":"BreadcrumbList","@id":"https:\/\/news.save.ch\/rueckschlag-fuer-ju-air\/#breadcrumb","itemListElement":[{"@type":"ListItem","position":1,"name":"Home","item":"https:\/\/news.save.ch\/de\/"},{"@type":"ListItem","position":2,"name":"Tante Ju &#8211; keine kommerziellen Fl\u00fcge mehr"}]},{"@type":"WebSite","@id":"https:\/\/news.save.ch\/de\/#website","url":"https:\/\/news.save.ch\/de\/","name":"Save","description":"Swiss trade journal for safety","publisher":{"@id":"https:\/\/news.save.ch\/de\/#organization"},"potentialAction":[{"@type":"SearchAction","target":{"@type":"EntryPoint","urlTemplate":"https:\/\/news.save.ch\/de\/?s={search_term_string}"},"query-input":{"@type":"PropertyValueSpecification","valueRequired":true,"valueName":"search_term_string"}}],"inLanguage":"en-US"},{"@type":"Organization","@id":"https:\/\/news.save.ch\/de\/#organization","name":"Security Forum","url":"https:\/\/news.save.ch\/de\/","logo":{"@type":"ImageObject","inLanguage":"en-US","@id":"https:\/\/news.save.ch\/de\/#\/schema\/logo\/image\/","url":"https:\/\/news.save.ch\/wp-content\/uploads\/2022\/06\/Logo_SF_2012.png","contentUrl":"https:\/\/news.save.ch\/wp-content\/uploads\/2022\/06\/Logo_SF_2012.png","width":1100,"height":91,"caption":"Sicherheitsforum"},"image":{"@id":"https:\/\/news.save.ch\/de\/#\/schema\/logo\/image\/"}},{"@type":"Person","@id":"https:\/\/news.save.ch\/de\/#\/schema\/person\/d5022db048e0e2b9785c50e5b24da5aa","name":"Roger Str\u00e4ssle","image":{"@type":"ImageObject","inLanguage":"en-US","@id":"https:\/\/secure.gravatar.com\/avatar\/862a5569d087de48e5856e32f45d719a03804c891d6deb8d4f71a660e79e4a47?s=96&d=mm&r=g","url":"https:\/\/secure.gravatar.com\/avatar\/862a5569d087de48e5856e32f45d719a03804c891d6deb8d4f71a660e79e4a47?s=96&d=mm&r=g","contentUrl":"https:\/\/secure.gravatar.com\/avatar\/862a5569d087de48e5856e32f45d719a03804c891d6deb8d4f71a660e79e4a47?s=96&d=mm&r=g","caption":"Roger Str\u00e4ssle"},"url":"https:\/\/news.save.ch\/en\/author\/roger-straessle\/"}]}},"_links":{"self":[{"href":"https:\/\/news.save.ch\/en\/wp-json\/wp\/v2\/posts\/7774","targetHints":{"allow":["GET"]}}],"collection":[{"href":"https:\/\/news.save.ch\/en\/wp-json\/wp\/v2\/posts"}],"about":[{"href":"https:\/\/news.save.ch\/en\/wp-json\/wp\/v2\/types\/post"}],"author":[{"embeddable":true,"href":"https:\/\/news.save.ch\/en\/wp-json\/wp\/v2\/users\/8"}],"replies":[{"embeddable":true,"href":"https:\/\/news.save.ch\/en\/wp-json\/wp\/v2\/comments?post=7774"}],"version-history":[{"count":0,"href":"https:\/\/news.save.ch\/en\/wp-json\/wp\/v2\/posts\/7774\/revisions"}],"wp:featuredmedia":[{"embeddable":true,"href":"https:\/\/news.save.ch\/en\/wp-json\/"}],"wp:attachment":[{"href":"https:\/\/news.save.ch\/en\/wp-json\/wp\/v2\/media?parent=7774"}],"wp:term":[{"taxonomy":"category","embeddable":true,"href":"https:\/\/news.save.ch\/en\/wp-json\/wp\/v2\/categories?post=7774"},{"taxonomy":"post_tag","embeddable":true,"href":"https:\/\/news.save.ch\/en\/wp-json\/wp\/v2\/tags?post=7774"}],"curies":[{"name":"wp","href":"https:\/\/api.w.org\/{rel}","templated":true}]}}