{"id":7828,"date":"2021-10-20T14:05:08","date_gmt":"2021-10-20T12:05:08","guid":{"rendered":"https:\/\/news.save.ch\/?p=7828"},"modified":"2023-08-09T03:58:17","modified_gmt":"2023-08-09T01:58:17","slug":"esti-warnt-vor-brand-und-stromschlaggefahr-bei-klimageraet","status":null,"type":"post","link":"https:\/\/news.save.ch\/en\/esti-warnt-vor-brand-und-stromschlaggefahr-bei-klimageraet\/","title":{"rendered":"ESTI warns of fire and shock hazard with air conditioner"},"content":{"rendered":"<p><img loading=\"lazy\" decoding=\"async\" class=\"alignnone wp-image-16499 size-full\" src=\"https:\/\/news.save.ch\/wp-content\/uploads\/2021\/10\/Koenic_teaser.jpg\" alt=\"Koenic\" width=\"600\" height=\"543\" srcset=\"https:\/\/news.save.ch\/wp-content\/uploads\/2021\/10\/Koenic_teaser.jpg 600w, https:\/\/news.save.ch\/wp-content\/uploads\/2021\/10\/Koenic_teaser-13x12.jpg 13w, https:\/\/news.save.ch\/wp-content\/uploads\/2021\/10\/Koenic_teaser-331x300.jpg 331w, https:\/\/news.save.ch\/wp-content\/uploads\/2021\/10\/Koenic_teaser-387x350.jpg 387w\" sizes=\"auto, (max-width: 600px) 100vw, 600px\" \/><\/p>\n<p>In voluntary cooperation with the Swiss Federal Inspectorate for Heavy Current Installations (ESTI), Media Markt Schweiz AG is recalling the Koenic brand mobile air conditioner. According to a statement from <a href=\"https:\/\/www.recallswiss.admin.ch\/customer-access\/#Recalls\/274\" target=\"_blank\" rel=\"noopener\">recallswiss.admin.ch<\/a> there is a risk of fire and electric shock. Affected appliances may no longer be used and should be returned to the point of sale.<\/p>\n<p>The product recall affects the mobile air conditioner KAC 3352 of the Koenic brand with the batches and PO numbers 7000008080, 7000008081, 7000008082, 7000008088.<\/p>\n<p>Affected consumers are asked to contact Media Markt Schweiz AG \/ Imtron GmbH:<\/p>\n<p>Phone: 0800 200 308<\/p>\n<p>E-Mail: contact@imtron.eu<\/p>\n<p><em>Source: ESTI\/Media Markt<\/em><\/p>","protected":false},"excerpt":{"rendered":"<p>Media Markt Schweiz AG ruft in freiwilliger Zusammenarbeit mit dem Eidg. Starkstrominspektorat (ESTI) das mobile Klimager\u00e4t der Marke Koenic zur\u00fcck. Laut einer Mitteilung von recallswiss.admin.ch bestehe eine Brand- und Stromschlaggefahr. Betroffene Ger\u00e4te d\u00fcrfen nicht mehr verwendet werden und sollten zum Verkaufsstandort zur\u00fcckgebracht werden. Vom Produktr\u00fcckruf betroffen ist das mobile Klimager\u00e4t KAC 3352 der Marke Koenic [&hellip;]<\/p>\n","protected":false},"author":9,"featured_media":16499,"comment_status":"closed","ping_status":"closed","sticky":false,"template":"","format":"standard","meta":{"_acf_changed":false,"pgc_sgb_lightbox_settings":"","footnotes":""},"categories":[1,3314],"tags":[5195,5193,5194,5192,2715,2816],"class_list":["post-7828","post","type-post","status-publish","format-standard","has-post-thumbnail","hentry","category-allgemein","category-health-safety","tag-brand-und-stromschlaggefahr","tag-eidgenoessisches-starkstrominspektorat-est","tag-koenic","tag-media-markt-schweiz","tag-produktrueckruf","tag-rueckruf"],"acf":[],"hkrextid":null,"publication":null,"issue":null,"workflow":null,"startPage":null,"spitzmarke":null,"_posts_by_tag_page_fields":{"widget_title":"","widget_tags":""},"_at_widget":"1","_yoast_wpseo_primary_category":"1","_yoast_wpseo_focuskw_text_input":null,"_yoast_wpseo_opengraph-image":null,"_yoast_wpseo_opengraph-description":null,"_yoast_wpseo_opengraph-title":null,"enclosure":null,"_yoast_wpseo_twitter-title":null,"_yoast_wpseo_twitter-description":null,"_yoast_wpseo_twitter-image":null,"_wp_old_slug":null,"_yoast_wpseo_title":null,"_yoast_wpseo_canonical":null,"yoast_head":"<!-- This site is optimized with the Yoast SEO plugin v27.5 - https:\/\/yoast.com\/product\/yoast-seo-wordpress\/ -->\n<title>ESTI warnt vor Brand und Stromschlaggefahr bei Klimager\u00e4t - Save<\/title>\n<meta name=\"description\" content=\"Das Eidgen\u00f6ssische Starkstrominspektorat (EST) und Media Markt Schweiz rufen ein mobiles Klimager\u00e4t der Marke Koenic zur\u00fcck. Betroffene Ger\u00e4te d\u00fcrfen nicht mehr verwendet werden.\" \/>\n<meta name=\"robots\" content=\"index, follow, max-snippet:-1, max-image-preview:large, max-video-preview:-1\" \/>\n<link rel=\"canonical\" href=\"https:\/\/news.save.ch\/en\/esti-warnt-vor-brand-und-stromschlaggefahr-bei-klimageraet\/\" \/>\n<meta property=\"og:locale\" content=\"en_US\" \/>\n<meta property=\"og:type\" content=\"article\" \/>\n<meta property=\"og:title\" content=\"ESTI warnt vor Brand und Stromschlaggefahr bei Klimager\u00e4t - Save\" \/>\n<meta property=\"og:description\" content=\"Das Eidgen\u00f6ssische Starkstrominspektorat (EST) und Media Markt Schweiz rufen ein mobiles Klimager\u00e4t der Marke Koenic zur\u00fcck. Betroffene Ger\u00e4te d\u00fcrfen nicht mehr verwendet werden.\" \/>\n<meta property=\"og:url\" content=\"https:\/\/news.save.ch\/en\/esti-warnt-vor-brand-und-stromschlaggefahr-bei-klimageraet\/\" \/>\n<meta property=\"og:site_name\" content=\"Save\" \/>\n<meta property=\"article:published_time\" content=\"2021-10-20T12:05:08+00:00\" \/>\n<meta property=\"article:modified_time\" content=\"2023-08-09T01:58:17+00:00\" \/>\n<meta property=\"og:image\" content=\"https:\/\/news.save.ch\/wp-content\/uploads\/2021\/10\/Koenic_teaser.jpg\" \/>\n\t<meta property=\"og:image:width\" content=\"600\" \/>\n\t<meta property=\"og:image:height\" content=\"543\" \/>\n\t<meta property=\"og:image:type\" content=\"image\/jpeg\" \/>\n<meta name=\"author\" content=\"Simon Gr\u00f6flin\" \/>\n<meta name=\"twitter:card\" content=\"summary_large_image\" \/>\n<meta name=\"twitter:label1\" content=\"Written by\" \/>\n\t<meta name=\"twitter:data1\" content=\"Simon Gr\u00f6flin\" \/>\n\t<meta name=\"twitter:label2\" content=\"Est. reading time\" \/>\n\t<meta name=\"twitter:data2\" content=\"1 minute\" \/>\n<script type=\"application\/ld+json\" class=\"yoast-schema-graph\">{\"@context\":\"https:\\\/\\\/schema.org\",\"@graph\":[{\"@type\":\"Article\",\"@id\":\"https:\\\/\\\/news.save.ch\\\/esti-warnt-vor-brand-und-stromschlaggefahr-bei-klimageraet\\\/#article\",\"isPartOf\":{\"@id\":\"https:\\\/\\\/news.save.ch\\\/esti-warnt-vor-brand-und-stromschlaggefahr-bei-klimageraet\\\/\"},\"author\":{\"name\":\"Simon Gr\u00f6flin\",\"@id\":\"https:\\\/\\\/news.save.ch\\\/de\\\/#\\\/schema\\\/person\\\/ad4ef21102fd6125312409ac57d5296d\"},\"headline\":\"ESTI warnt vor Brand und Stromschlaggefahr bei Klimager\u00e4t\",\"datePublished\":\"2021-10-20T12:05:08+00:00\",\"dateModified\":\"2023-08-09T01:58:17+00:00\",\"mainEntityOfPage\":{\"@id\":\"https:\\\/\\\/news.save.ch\\\/esti-warnt-vor-brand-und-stromschlaggefahr-bei-klimageraet\\\/\"},\"wordCount\":102,\"publisher\":{\"@id\":\"https:\\\/\\\/news.save.ch\\\/de\\\/#organization\"},\"image\":{\"@id\":\"https:\\\/\\\/news.save.ch\\\/esti-warnt-vor-brand-und-stromschlaggefahr-bei-klimageraet\\\/#primaryimage\"},\"thumbnailUrl\":\"https:\\\/\\\/news.save.ch\\\/wp-content\\\/uploads\\\/2021\\\/10\\\/Koenic_teaser.jpg\",\"keywords\":[\"Brand- und Stromschlaggefahr\",\"Eidgen\u00f6ssisches Starkstrominspektorat (EST)\",\"Koenic\",\"Media Markt Schweiz\",\"Produktr\u00fcckruf\",\"R\u00fcckruf\"],\"articleSection\":[\"ALLGEMEIN\",\"HEALTH &amp; SAFETY\"],\"inLanguage\":\"en-US\"},{\"@type\":\"WebPage\",\"@id\":\"https:\\\/\\\/news.save.ch\\\/esti-warnt-vor-brand-und-stromschlaggefahr-bei-klimageraet\\\/\",\"url\":\"https:\\\/\\\/news.save.ch\\\/esti-warnt-vor-brand-und-stromschlaggefahr-bei-klimageraet\\\/\",\"name\":\"ESTI warnt vor Brand und Stromschlaggefahr bei Klimager\u00e4t - Save\",\"isPartOf\":{\"@id\":\"https:\\\/\\\/news.save.ch\\\/de\\\/#website\"},\"primaryImageOfPage\":{\"@id\":\"https:\\\/\\\/news.save.ch\\\/esti-warnt-vor-brand-und-stromschlaggefahr-bei-klimageraet\\\/#primaryimage\"},\"image\":{\"@id\":\"https:\\\/\\\/news.save.ch\\\/esti-warnt-vor-brand-und-stromschlaggefahr-bei-klimageraet\\\/#primaryimage\"},\"thumbnailUrl\":\"https:\\\/\\\/news.save.ch\\\/wp-content\\\/uploads\\\/2021\\\/10\\\/Koenic_teaser.jpg\",\"datePublished\":\"2021-10-20T12:05:08+00:00\",\"dateModified\":\"2023-08-09T01:58:17+00:00\",\"description\":\"Das Eidgen\u00f6ssische Starkstrominspektorat (EST) und Media Markt Schweiz rufen ein mobiles Klimager\u00e4t der Marke Koenic zur\u00fcck. Betroffene Ger\u00e4te d\u00fcrfen nicht mehr verwendet werden.\",\"breadcrumb\":{\"@id\":\"https:\\\/\\\/news.save.ch\\\/esti-warnt-vor-brand-und-stromschlaggefahr-bei-klimageraet\\\/#breadcrumb\"},\"inLanguage\":\"en-US\",\"potentialAction\":[{\"@type\":\"ReadAction\",\"target\":[\"https:\\\/\\\/news.save.ch\\\/esti-warnt-vor-brand-und-stromschlaggefahr-bei-klimageraet\\\/\"]}]},{\"@type\":\"ImageObject\",\"inLanguage\":\"en-US\",\"@id\":\"https:\\\/\\\/news.save.ch\\\/esti-warnt-vor-brand-und-stromschlaggefahr-bei-klimageraet\\\/#primaryimage\",\"url\":\"https:\\\/\\\/news.save.ch\\\/wp-content\\\/uploads\\\/2021\\\/10\\\/Koenic_teaser.jpg\",\"contentUrl\":\"https:\\\/\\\/news.save.ch\\\/wp-content\\\/uploads\\\/2021\\\/10\\\/Koenic_teaser.jpg\",\"width\":600,\"height\":543},{\"@type\":\"BreadcrumbList\",\"@id\":\"https:\\\/\\\/news.save.ch\\\/esti-warnt-vor-brand-und-stromschlaggefahr-bei-klimageraet\\\/#breadcrumb\",\"itemListElement\":[{\"@type\":\"ListItem\",\"position\":1,\"name\":\"Home\",\"item\":\"https:\\\/\\\/news.save.ch\\\/de\\\/\"},{\"@type\":\"ListItem\",\"position\":2,\"name\":\"ESTI warnt vor Brand und Stromschlaggefahr bei Klimager\u00e4t\"}]},{\"@type\":\"WebSite\",\"@id\":\"https:\\\/\\\/news.save.ch\\\/de\\\/#website\",\"url\":\"https:\\\/\\\/news.save.ch\\\/de\\\/\",\"name\":\"Save\",\"description\":\"Schweizer Fachzeitschrift f\u00fcr Sicherheit\",\"publisher\":{\"@id\":\"https:\\\/\\\/news.save.ch\\\/de\\\/#organization\"},\"potentialAction\":[{\"@type\":\"SearchAction\",\"target\":{\"@type\":\"EntryPoint\",\"urlTemplate\":\"https:\\\/\\\/news.save.ch\\\/de\\\/?s={search_term_string}\"},\"query-input\":{\"@type\":\"PropertyValueSpecification\",\"valueRequired\":true,\"valueName\":\"search_term_string\"}}],\"inLanguage\":\"en-US\"},{\"@type\":\"Organization\",\"@id\":\"https:\\\/\\\/news.save.ch\\\/de\\\/#organization\",\"name\":\"Sicherheitsforum\",\"url\":\"https:\\\/\\\/news.save.ch\\\/de\\\/\",\"logo\":{\"@type\":\"ImageObject\",\"inLanguage\":\"en-US\",\"@id\":\"https:\\\/\\\/news.save.ch\\\/de\\\/#\\\/schema\\\/logo\\\/image\\\/\",\"url\":\"https:\\\/\\\/news.save.ch\\\/wp-content\\\/uploads\\\/2022\\\/06\\\/Logo_SF_2012.png\",\"contentUrl\":\"https:\\\/\\\/news.save.ch\\\/wp-content\\\/uploads\\\/2022\\\/06\\\/Logo_SF_2012.png\",\"width\":1100,\"height\":91,\"caption\":\"Sicherheitsforum\"},\"image\":{\"@id\":\"https:\\\/\\\/news.save.ch\\\/de\\\/#\\\/schema\\\/logo\\\/image\\\/\"}},{\"@type\":\"Person\",\"@id\":\"https:\\\/\\\/news.save.ch\\\/de\\\/#\\\/schema\\\/person\\\/ad4ef21102fd6125312409ac57d5296d\",\"name\":\"Simon Gr\u00f6flin\",\"image\":{\"@type\":\"ImageObject\",\"inLanguage\":\"en-US\",\"@id\":\"https:\\\/\\\/secure.gravatar.com\\\/avatar\\\/6ddceb80eb734354635539e0ea5140bb7c41e42de7c45c9a2ab9921b5d5c9a83?s=96&d=mm&r=g\",\"url\":\"https:\\\/\\\/secure.gravatar.com\\\/avatar\\\/6ddceb80eb734354635539e0ea5140bb7c41e42de7c45c9a2ab9921b5d5c9a83?s=96&d=mm&r=g\",\"contentUrl\":\"https:\\\/\\\/secure.gravatar.com\\\/avatar\\\/6ddceb80eb734354635539e0ea5140bb7c41e42de7c45c9a2ab9921b5d5c9a83?s=96&d=mm&r=g\",\"caption\":\"Simon Gr\u00f6flin\"},\"url\":\"https:\\\/\\\/news.save.ch\\\/en\\\/author\\\/simon-groeflin\\\/\"}]}<\/script>\n<!-- \/ Yoast SEO plugin. -->","yoast_head_json":{"title":"ESTI warns of fire and risk of electric shock with air conditioner - Save","description":"The Swiss Federal Inspectorate for Heavy Current Installations (EST) and Media Markt Switzerland are recalling a Koenic brand mobile air conditioner. Affected appliances may no longer be used.","robots":{"index":"index","follow":"follow","max-snippet":"max-snippet:-1","max-image-preview":"max-image-preview:large","max-video-preview":"max-video-preview:-1"},"canonical":"https:\/\/news.save.ch\/en\/esti-warnt-vor-brand-und-stromschlaggefahr-bei-klimageraet\/","og_locale":"en_US","og_type":"article","og_title":"ESTI warnt vor Brand und Stromschlaggefahr bei Klimager\u00e4t - Save","og_description":"Das Eidgen\u00f6ssische Starkstrominspektorat (EST) und Media Markt Schweiz rufen ein mobiles Klimager\u00e4t der Marke Koenic zur\u00fcck. Betroffene Ger\u00e4te d\u00fcrfen nicht mehr verwendet werden.","og_url":"https:\/\/news.save.ch\/en\/esti-warnt-vor-brand-und-stromschlaggefahr-bei-klimageraet\/","og_site_name":"Save","article_published_time":"2021-10-20T12:05:08+00:00","article_modified_time":"2023-08-09T01:58:17+00:00","og_image":[{"width":600,"height":543,"url":"https:\/\/news.save.ch\/wp-content\/uploads\/2021\/10\/Koenic_teaser.jpg","type":"image\/jpeg"}],"author":"Simon Gr\u00f6flin","twitter_card":"summary_large_image","twitter_misc":{"Written by":"Simon Gr\u00f6flin","Est. reading time":"1 minute"},"schema":{"@context":"https:\/\/schema.org","@graph":[{"@type":"Article","@id":"https:\/\/news.save.ch\/esti-warnt-vor-brand-und-stromschlaggefahr-bei-klimageraet\/#article","isPartOf":{"@id":"https:\/\/news.save.ch\/esti-warnt-vor-brand-und-stromschlaggefahr-bei-klimageraet\/"},"author":{"name":"Simon Gr\u00f6flin","@id":"https:\/\/news.save.ch\/de\/#\/schema\/person\/ad4ef21102fd6125312409ac57d5296d"},"headline":"ESTI warnt vor Brand und Stromschlaggefahr bei Klimager\u00e4t","datePublished":"2021-10-20T12:05:08+00:00","dateModified":"2023-08-09T01:58:17+00:00","mainEntityOfPage":{"@id":"https:\/\/news.save.ch\/esti-warnt-vor-brand-und-stromschlaggefahr-bei-klimageraet\/"},"wordCount":102,"publisher":{"@id":"https:\/\/news.save.ch\/de\/#organization"},"image":{"@id":"https:\/\/news.save.ch\/esti-warnt-vor-brand-und-stromschlaggefahr-bei-klimageraet\/#primaryimage"},"thumbnailUrl":"https:\/\/news.save.ch\/wp-content\/uploads\/2021\/10\/Koenic_teaser.jpg","keywords":["Brand- und Stromschlaggefahr","Eidgen\u00f6ssisches Starkstrominspektorat (EST)","Koenic","Media Markt Schweiz","Produktr\u00fcckruf","R\u00fcckruf"],"articleSection":["ALLGEMEIN","HEALTH &amp; SAFETY"],"inLanguage":"en-US"},{"@type":"WebPage","@id":"https:\/\/news.save.ch\/esti-warnt-vor-brand-und-stromschlaggefahr-bei-klimageraet\/","url":"https:\/\/news.save.ch\/esti-warnt-vor-brand-und-stromschlaggefahr-bei-klimageraet\/","name":"ESTI warns of fire and risk of electric shock with air conditioner - Save","isPartOf":{"@id":"https:\/\/news.save.ch\/de\/#website"},"primaryImageOfPage":{"@id":"https:\/\/news.save.ch\/esti-warnt-vor-brand-und-stromschlaggefahr-bei-klimageraet\/#primaryimage"},"image":{"@id":"https:\/\/news.save.ch\/esti-warnt-vor-brand-und-stromschlaggefahr-bei-klimageraet\/#primaryimage"},"thumbnailUrl":"https:\/\/news.save.ch\/wp-content\/uploads\/2021\/10\/Koenic_teaser.jpg","datePublished":"2021-10-20T12:05:08+00:00","dateModified":"2023-08-09T01:58:17+00:00","description":"The Swiss Federal Inspectorate for Heavy Current Installations (EST) and Media Markt Switzerland are recalling a Koenic brand mobile air conditioner. Affected appliances may no longer be used.","breadcrumb":{"@id":"https:\/\/news.save.ch\/esti-warnt-vor-brand-und-stromschlaggefahr-bei-klimageraet\/#breadcrumb"},"inLanguage":"en-US","potentialAction":[{"@type":"ReadAction","target":["https:\/\/news.save.ch\/esti-warnt-vor-brand-und-stromschlaggefahr-bei-klimageraet\/"]}]},{"@type":"ImageObject","inLanguage":"en-US","@id":"https:\/\/news.save.ch\/esti-warnt-vor-brand-und-stromschlaggefahr-bei-klimageraet\/#primaryimage","url":"https:\/\/news.save.ch\/wp-content\/uploads\/2021\/10\/Koenic_teaser.jpg","contentUrl":"https:\/\/news.save.ch\/wp-content\/uploads\/2021\/10\/Koenic_teaser.jpg","width":600,"height":543},{"@type":"BreadcrumbList","@id":"https:\/\/news.save.ch\/esti-warnt-vor-brand-und-stromschlaggefahr-bei-klimageraet\/#breadcrumb","itemListElement":[{"@type":"ListItem","position":1,"name":"Home","item":"https:\/\/news.save.ch\/de\/"},{"@type":"ListItem","position":2,"name":"ESTI warnt vor Brand und Stromschlaggefahr bei Klimager\u00e4t"}]},{"@type":"WebSite","@id":"https:\/\/news.save.ch\/de\/#website","url":"https:\/\/news.save.ch\/de\/","name":"Save","description":"Swiss trade journal for safety","publisher":{"@id":"https:\/\/news.save.ch\/de\/#organization"},"potentialAction":[{"@type":"SearchAction","target":{"@type":"EntryPoint","urlTemplate":"https:\/\/news.save.ch\/de\/?s={search_term_string}"},"query-input":{"@type":"PropertyValueSpecification","valueRequired":true,"valueName":"search_term_string"}}],"inLanguage":"en-US"},{"@type":"Organization","@id":"https:\/\/news.save.ch\/de\/#organization","name":"Security Forum","url":"https:\/\/news.save.ch\/de\/","logo":{"@type":"ImageObject","inLanguage":"en-US","@id":"https:\/\/news.save.ch\/de\/#\/schema\/logo\/image\/","url":"https:\/\/news.save.ch\/wp-content\/uploads\/2022\/06\/Logo_SF_2012.png","contentUrl":"https:\/\/news.save.ch\/wp-content\/uploads\/2022\/06\/Logo_SF_2012.png","width":1100,"height":91,"caption":"Sicherheitsforum"},"image":{"@id":"https:\/\/news.save.ch\/de\/#\/schema\/logo\/image\/"}},{"@type":"Person","@id":"https:\/\/news.save.ch\/de\/#\/schema\/person\/ad4ef21102fd6125312409ac57d5296d","name":"Simon Gr\u00f6flin","image":{"@type":"ImageObject","inLanguage":"en-US","@id":"https:\/\/secure.gravatar.com\/avatar\/6ddceb80eb734354635539e0ea5140bb7c41e42de7c45c9a2ab9921b5d5c9a83?s=96&d=mm&r=g","url":"https:\/\/secure.gravatar.com\/avatar\/6ddceb80eb734354635539e0ea5140bb7c41e42de7c45c9a2ab9921b5d5c9a83?s=96&d=mm&r=g","contentUrl":"https:\/\/secure.gravatar.com\/avatar\/6ddceb80eb734354635539e0ea5140bb7c41e42de7c45c9a2ab9921b5d5c9a83?s=96&d=mm&r=g","caption":"Simon Gr\u00f6flin"},"url":"https:\/\/news.save.ch\/en\/author\/simon-groeflin\/"}]}},"_links":{"self":[{"href":"https:\/\/news.save.ch\/en\/wp-json\/wp\/v2\/posts\/7828","targetHints":{"allow":["GET"]}}],"collection":[{"href":"https:\/\/news.save.ch\/en\/wp-json\/wp\/v2\/posts"}],"about":[{"href":"https:\/\/news.save.ch\/en\/wp-json\/wp\/v2\/types\/post"}],"author":[{"embeddable":true,"href":"https:\/\/news.save.ch\/en\/wp-json\/wp\/v2\/users\/9"}],"replies":[{"embeddable":true,"href":"https:\/\/news.save.ch\/en\/wp-json\/wp\/v2\/comments?post=7828"}],"version-history":[{"count":3,"href":"https:\/\/news.save.ch\/en\/wp-json\/wp\/v2\/posts\/7828\/revisions"}],"predecessor-version":[{"id":21678,"href":"https:\/\/news.save.ch\/en\/wp-json\/wp\/v2\/posts\/7828\/revisions\/21678"}],"wp:featuredmedia":[{"embeddable":true,"href":"https:\/\/news.save.ch\/en\/wp-json\/wp\/v2\/media\/16499"}],"wp:attachment":[{"href":"https:\/\/news.save.ch\/en\/wp-json\/wp\/v2\/media?parent=7828"}],"wp:term":[{"taxonomy":"category","embeddable":true,"href":"https:\/\/news.save.ch\/en\/wp-json\/wp\/v2\/categories?post=7828"},{"taxonomy":"post_tag","embeddable":true,"href":"https:\/\/news.save.ch\/en\/wp-json\/wp\/v2\/tags?post=7828"}],"curies":[{"name":"wp","href":"https:\/\/api.w.org\/{rel}","templated":true}]}}