{"id":7956,"date":"2021-11-09T09:32:47","date_gmt":"2021-11-09T08:32:47","guid":{"rendered":"https:\/\/news.save.ch\/?p=7956"},"modified":"2023-07-13T11:13:00","modified_gmt":"2023-07-13T09:13:00","slug":"ausverkauftes-kkl-luzern-am-ersten-ersthelfer-symposium","status":null,"type":"post","link":"https:\/\/news.save.ch\/en\/ausverkauftes-kkl-luzern-am-ersten-ersthelfer-symposium\/","title":{"rendered":"Sold-out KKL Luzern at the first First Aider Symposium"},"content":{"rendered":"<figure id=\"attachment_7963\" aria-describedby=\"caption-attachment-7963\" style=\"width: 680px\" class=\"wp-caption alignnone\"><img loading=\"lazy\" decoding=\"async\" class=\"size-medium wp-image-7963\" src=\"http:\/\/develop.safety-plus.ch\/wp-content\/uploads\/2021\/11\/SVBS_teaser2.jpg\" alt=\"\" width=\"680\" height=\"398\" \/><figcaption id=\"caption-attachment-7963\" class=\"wp-caption-text\">The hall of the KKL Luzern was practically full at the first First Aider Symposium. \u00a9SVBS<\/figcaption><\/figure>\n<p>At the first first-aid symposium of the Swiss Association for Occupational Health (SVBS) and Betriebsapotheke.ch, around 270 participants met last Saturday at the KKL Lucerne to gather new practical knowledge about first-aid measures for a wide range of injury risks. The focus was on first aid for burns, eye injuries, back injuries and electrical injuries. There were a total of four lectures with plenty of room for questions.<\/p>\n<h2>A lot of practical knowledge about injury hazards to the eyes and back<\/h2>\n<p>The first-aid symposium was opened by Dietmar Thumm, MD. Every year, 43,500 eye emergencies occur. The ophthalmologist addressed important issues related to foreign bodies. For example, in an emergency, one should never try to pull a stuck particle out of the eye. He explained the situations in which an ophthalmologist should be consulted immediately and reported on the most common eye diseases, which include, above all, connective tissue inflammation.<\/p>\n<p>The specialist Dr. med. Krapf addressed back injuries in his presentation. Many irreparable back injuries are often associated with road traffic accidents. In the case of spinal cord injuries, for example, the cervical spine is very often affected. The main aim of the lecture was to relieve the fear of first responders in the correct handling of affected patients. For example, if the spinal cord is injured at the level of the fourth vertebral body (or higher), independent breathing is no longer possible, which is why an immediate oxygen supply must often be initiated and thoracic compression alone is not sufficient.<\/p>\n<figure id=\"attachment_7964\" aria-describedby=\"caption-attachment-7964\" style=\"width: 680px\" class=\"wp-caption alignnone\"><img loading=\"lazy\" decoding=\"async\" class=\"wp-image-7964 size-medium\" src=\"https:\/\/news.save.ch\/wp-content\/uploads\/2021\/11\/Kuehnis_teaser-680x414.jpg\" alt=\"First Aider Symposium\" width=\"680\" height=\"414\" srcset=\"https:\/\/news.save.ch\/wp-content\/uploads\/2021\/11\/Kuehnis_teaser-680x414.jpg 680w, https:\/\/news.save.ch\/wp-content\/uploads\/2021\/11\/Kuehnis_teaser-1024x624.jpg 1024w, https:\/\/news.save.ch\/wp-content\/uploads\/2021\/11\/Kuehnis_teaser-768x468.jpg 768w, https:\/\/news.save.ch\/wp-content\/uploads\/2021\/11\/Kuehnis_teaser-18x12.jpg 18w, https:\/\/news.save.ch\/wp-content\/uploads\/2021\/11\/Kuehnis_teaser-375x229.jpg 375w, https:\/\/news.save.ch\/wp-content\/uploads\/2021\/11\/Kuehnis_teaser-574x350.jpg 574w, https:\/\/news.save.ch\/wp-content\/uploads\/2021\/11\/Kuehnis_teaser-1000x609.jpg 1000w, https:\/\/news.save.ch\/wp-content\/uploads\/2021\/11\/Kuehnis_teaser.jpg 1316w\" sizes=\"auto, (max-width: 680px) 100vw, 680px\" \/><figcaption id=\"caption-attachment-7964\" class=\"wp-caption-text\">SVB President Stefan K\u00fchnis opened the sold-out first responder symposium. \u00a9SVBS<\/figcaption><\/figure>\n<h2>Burn and electrical accidents<\/h2>\n<p>Anja Oehen from Sirmed gave some very interesting facts on the subject of electrical injuries. For example, current injuries are usually noticed late by professionals. However, the electrolyte balance can shift as a result and the heart's impulses become more unstable. The ventricle may suddenly fibrillate - or cardiac arrest may occur.<\/p>\n<p>Immediately afterwards, a number of examples in the area of burns provided shocking visual material, for example from the category of \"youthful recklessness\".<\/p>\n<p>Various degrees of burns were shown, including an example of a young patient who had climbed onto a train at night while drunk and whose muscles had burst open. In the last presentation by Peter Steiger, MD, cases were also explained where any chance of survival is extremely slim. For example, burned skin layers in the chest area can also lead to severe respiratory paralysis due to lack of mobility of the thorax. The surprise guest was Swiss runner and athlete Philipp Bosshard. He lost 88 percent of his skin in a severe welding accident and was treated by Peter Steiger.<\/p>\n<p>His irrepressible willpower to be able to participate in sports tournaments again quickly surprised even the doctors treating him at the time and touched the applauding audience. He wanted to show those affected that it is important not to lock oneself up at home and that it is worthwhile to make a new start even after a hard blow of fate.<\/p>\n<figure id=\"attachment_7962\" aria-describedby=\"caption-attachment-7962\" style=\"width: 625px\" class=\"wp-caption alignnone\"><img loading=\"lazy\" decoding=\"async\" class=\"wp-image-7962 size-large\" src=\"http:\/\/develop.safety-plus.ch\/wp-content\/uploads\/2021\/11\/Ersthelfer_Symp2.jpg\" alt=\"\" width=\"625\" height=\"325\" \/><figcaption id=\"caption-attachment-7962\" class=\"wp-caption-text\">Appetizers, networking and exchanges with some exhibiting companies were provided.  \u00a9SVBS<\/figcaption><\/figure>\n<p>One SVBS Award 2019 honoree was Manuela Greco, who saved a man's life with successful resuscitation at a Christmas tree sale in December 2019. The SVBS Award 2020 honored the company paramedics of IBM Research Europe Zurich, who saved a man's eyesight with their exemplary intervention around an eye emergency with caustic soda.<\/p>\n<p><em>Next year's First Responders Symposium will be held on November 5, 2022, again at the KKL Luzern: www.ersthelfersymposium.ch.\u00a0<\/em><\/p>\n<p>Source: SVBS\/ASSE\/ASSE<\/p>","protected":false},"excerpt":{"rendered":"<p>Am ersten Ersthelfer-Symposium des Schweizer Verbands f\u00fcr Betriebssanit\u00e4t (SVBS) und Betriebsapotheke.ch trafen sich letzten Samstag im KKL Luzern rund 270 Teilnehmende, um neues Praxiswissen rund um Ersthilfemassnahmen bei verschiedensten Verletzungsgefahren zu sammeln. Im Fokus standen die Themen Erste Hilfe bei Verbrennungen, Augen-, R\u00fccken- und Stromverletzungen. Insgesamt gab es dazu vier Vortr\u00e4ge mit viel Raum f\u00fcr [&hellip;]<\/p>\n","protected":false},"author":9,"featured_media":7964,"comment_status":"closed","ping_status":"closed","sticky":false,"template":"","format":"standard","meta":{"_acf_changed":false,"pgc_sgb_lightbox_settings":"","footnotes":""},"categories":[1,3314],"tags":[5147,1775,5148,5149,5146,3043,3180],"class_list":["post-7956","post","type-post","status-publish","format-standard","has-post-thumbnail","hentry","category-allgemein","category-health-safety","tag-anja-oehen","tag-betriebliches-gesundheitsmanagement","tag-peter-steiger","tag-philipp-bosshard","tag-stromverletzungen","tag-svbs","tag-verbrennungen"],"acf":[],"hkrextid":null,"publication":null,"issue":null,"workflow":null,"startPage":null,"spitzmarke":null,"_posts_by_tag_page_fields":{"widget_title":"","widget_tags":""},"_at_widget":"1","_yoast_wpseo_primary_category":"1","_yoast_wpseo_focuskw_text_input":null,"_yoast_wpseo_opengraph-image":null,"_yoast_wpseo_opengraph-description":null,"_yoast_wpseo_opengraph-title":null,"enclosure":null,"_yoast_wpseo_twitter-title":null,"_yoast_wpseo_twitter-description":null,"_yoast_wpseo_twitter-image":null,"_wp_old_slug":null,"_yoast_wpseo_title":null,"_yoast_wpseo_canonical":null,"yoast_head":"<!-- This site is optimized with the Yoast SEO plugin v27.5 - https:\/\/yoast.com\/product\/yoast-seo-wordpress\/ -->\n<title>Ausverkauftes KKL Luzern am ersten Ersthelfer-Symposium - Save<\/title>\n<meta name=\"description\" content=\"Das Ersthelfer-Symposium der Schweizer Vereinigung f\u00fcr Betriebssanit\u00e4t (SVBS) und von Betriebsapotheke.ch war ein Erfolg. Mit \u00fcber 270 Teilnehmenden war die Veranstaltung vom 6. November 2021 praktisch ausverkauft und die Halle des KKL voll besetzt. Im Fokus der Veranstaltung standen Ersthilfemassnahmen bei Augen-, R\u00fccken- und Stromverletzungen sowie Verbrennungen.\" \/>\n<meta name=\"robots\" content=\"index, follow, max-snippet:-1, max-image-preview:large, max-video-preview:-1\" \/>\n<link rel=\"canonical\" href=\"https:\/\/news.save.ch\/en\/ausverkauftes-kkl-luzern-am-ersten-ersthelfer-symposium\/\" \/>\n<meta property=\"og:locale\" content=\"en_US\" \/>\n<meta property=\"og:type\" content=\"article\" \/>\n<meta property=\"og:title\" content=\"Ausverkauftes KKL Luzern am ersten Ersthelfer-Symposium - Save\" \/>\n<meta property=\"og:description\" content=\"Das Ersthelfer-Symposium der Schweizer Vereinigung f\u00fcr Betriebssanit\u00e4t (SVBS) und von Betriebsapotheke.ch war ein Erfolg. Mit \u00fcber 270 Teilnehmenden war die Veranstaltung vom 6. November 2021 praktisch ausverkauft und die Halle des KKL voll besetzt. Im Fokus der Veranstaltung standen Ersthilfemassnahmen bei Augen-, R\u00fccken- und Stromverletzungen sowie Verbrennungen.\" \/>\n<meta property=\"og:url\" content=\"https:\/\/news.save.ch\/en\/ausverkauftes-kkl-luzern-am-ersten-ersthelfer-symposium\/\" \/>\n<meta property=\"og:site_name\" content=\"Save\" \/>\n<meta property=\"article:published_time\" content=\"2021-11-09T08:32:47+00:00\" \/>\n<meta property=\"article:modified_time\" content=\"2023-07-13T09:13:00+00:00\" \/>\n<meta property=\"og:image\" content=\"https:\/\/news.save.ch\/wp-content\/uploads\/2021\/11\/Kuehnis_teaser.jpg\" \/>\n\t<meta property=\"og:image:width\" content=\"1316\" \/>\n\t<meta property=\"og:image:height\" content=\"802\" \/>\n\t<meta property=\"og:image:type\" content=\"image\/jpeg\" \/>\n<meta name=\"author\" content=\"Simon Gr\u00f6flin\" \/>\n<meta name=\"twitter:card\" content=\"summary_large_image\" \/>\n<meta name=\"twitter:label1\" content=\"Written by\" \/>\n\t<meta name=\"twitter:data1\" content=\"Simon Gr\u00f6flin\" \/>\n\t<meta name=\"twitter:label2\" content=\"Est. reading time\" \/>\n\t<meta name=\"twitter:data2\" content=\"4 minutes\" \/>\n<script type=\"application\/ld+json\" class=\"yoast-schema-graph\">{\"@context\":\"https:\\\/\\\/schema.org\",\"@graph\":[{\"@type\":\"Article\",\"@id\":\"https:\\\/\\\/news.save.ch\\\/ausverkauftes-kkl-luzern-am-ersten-ersthelfer-symposium\\\/#article\",\"isPartOf\":{\"@id\":\"https:\\\/\\\/news.save.ch\\\/ausverkauftes-kkl-luzern-am-ersten-ersthelfer-symposium\\\/\"},\"author\":{\"name\":\"Simon Gr\u00f6flin\",\"@id\":\"https:\\\/\\\/news.save.ch\\\/de\\\/#\\\/schema\\\/person\\\/ad4ef21102fd6125312409ac57d5296d\"},\"headline\":\"Ausverkauftes KKL Luzern am ersten Ersthelfer-Symposium\",\"datePublished\":\"2021-11-09T08:32:47+00:00\",\"dateModified\":\"2023-07-13T09:13:00+00:00\",\"mainEntityOfPage\":{\"@id\":\"https:\\\/\\\/news.save.ch\\\/ausverkauftes-kkl-luzern-am-ersten-ersthelfer-symposium\\\/\"},\"wordCount\":594,\"publisher\":{\"@id\":\"https:\\\/\\\/news.save.ch\\\/de\\\/#organization\"},\"image\":{\"@id\":\"https:\\\/\\\/news.save.ch\\\/ausverkauftes-kkl-luzern-am-ersten-ersthelfer-symposium\\\/#primaryimage\"},\"thumbnailUrl\":\"https:\\\/\\\/news.save.ch\\\/wp-content\\\/uploads\\\/2021\\\/11\\\/Kuehnis_teaser.jpg\",\"keywords\":[\"Anja Oehen\",\"Betriebliches Gesundheitsmanagement\",\"Peter Steiger\",\"Philipp Bosshard\",\"Stromverletzungen\",\"SVBS\",\"Verbrennungen\"],\"articleSection\":[\"ALLGEMEIN\",\"HEALTH &amp; SAFETY\"],\"inLanguage\":\"en-US\"},{\"@type\":\"WebPage\",\"@id\":\"https:\\\/\\\/news.save.ch\\\/ausverkauftes-kkl-luzern-am-ersten-ersthelfer-symposium\\\/\",\"url\":\"https:\\\/\\\/news.save.ch\\\/ausverkauftes-kkl-luzern-am-ersten-ersthelfer-symposium\\\/\",\"name\":\"Ausverkauftes KKL Luzern am ersten Ersthelfer-Symposium - Save\",\"isPartOf\":{\"@id\":\"https:\\\/\\\/news.save.ch\\\/de\\\/#website\"},\"primaryImageOfPage\":{\"@id\":\"https:\\\/\\\/news.save.ch\\\/ausverkauftes-kkl-luzern-am-ersten-ersthelfer-symposium\\\/#primaryimage\"},\"image\":{\"@id\":\"https:\\\/\\\/news.save.ch\\\/ausverkauftes-kkl-luzern-am-ersten-ersthelfer-symposium\\\/#primaryimage\"},\"thumbnailUrl\":\"https:\\\/\\\/news.save.ch\\\/wp-content\\\/uploads\\\/2021\\\/11\\\/Kuehnis_teaser.jpg\",\"datePublished\":\"2021-11-09T08:32:47+00:00\",\"dateModified\":\"2023-07-13T09:13:00+00:00\",\"description\":\"Das Ersthelfer-Symposium der Schweizer Vereinigung f\u00fcr Betriebssanit\u00e4t (SVBS) und von Betriebsapotheke.ch war ein Erfolg. Mit \u00fcber 270 Teilnehmenden war die Veranstaltung vom 6. November 2021 praktisch ausverkauft und die Halle des KKL voll besetzt. Im Fokus der Veranstaltung standen Ersthilfemassnahmen bei Augen-, R\u00fccken- und Stromverletzungen sowie Verbrennungen.\",\"breadcrumb\":{\"@id\":\"https:\\\/\\\/news.save.ch\\\/ausverkauftes-kkl-luzern-am-ersten-ersthelfer-symposium\\\/#breadcrumb\"},\"inLanguage\":\"en-US\",\"potentialAction\":[{\"@type\":\"ReadAction\",\"target\":[\"https:\\\/\\\/news.save.ch\\\/ausverkauftes-kkl-luzern-am-ersten-ersthelfer-symposium\\\/\"]}]},{\"@type\":\"ImageObject\",\"inLanguage\":\"en-US\",\"@id\":\"https:\\\/\\\/news.save.ch\\\/ausverkauftes-kkl-luzern-am-ersten-ersthelfer-symposium\\\/#primaryimage\",\"url\":\"https:\\\/\\\/news.save.ch\\\/wp-content\\\/uploads\\\/2021\\\/11\\\/Kuehnis_teaser.jpg\",\"contentUrl\":\"https:\\\/\\\/news.save.ch\\\/wp-content\\\/uploads\\\/2021\\\/11\\\/Kuehnis_teaser.jpg\",\"width\":1316,\"height\":802,\"caption\":\"\u00a9SVBS\"},{\"@type\":\"BreadcrumbList\",\"@id\":\"https:\\\/\\\/news.save.ch\\\/ausverkauftes-kkl-luzern-am-ersten-ersthelfer-symposium\\\/#breadcrumb\",\"itemListElement\":[{\"@type\":\"ListItem\",\"position\":1,\"name\":\"Home\",\"item\":\"https:\\\/\\\/news.save.ch\\\/de\\\/\"},{\"@type\":\"ListItem\",\"position\":2,\"name\":\"Ausverkauftes KKL Luzern am ersten Ersthelfer-Symposium\"}]},{\"@type\":\"WebSite\",\"@id\":\"https:\\\/\\\/news.save.ch\\\/de\\\/#website\",\"url\":\"https:\\\/\\\/news.save.ch\\\/de\\\/\",\"name\":\"Save\",\"description\":\"Schweizer Fachzeitschrift f\u00fcr Sicherheit\",\"publisher\":{\"@id\":\"https:\\\/\\\/news.save.ch\\\/de\\\/#organization\"},\"potentialAction\":[{\"@type\":\"SearchAction\",\"target\":{\"@type\":\"EntryPoint\",\"urlTemplate\":\"https:\\\/\\\/news.save.ch\\\/de\\\/?s={search_term_string}\"},\"query-input\":{\"@type\":\"PropertyValueSpecification\",\"valueRequired\":true,\"valueName\":\"search_term_string\"}}],\"inLanguage\":\"en-US\"},{\"@type\":\"Organization\",\"@id\":\"https:\\\/\\\/news.save.ch\\\/de\\\/#organization\",\"name\":\"Sicherheitsforum\",\"url\":\"https:\\\/\\\/news.save.ch\\\/de\\\/\",\"logo\":{\"@type\":\"ImageObject\",\"inLanguage\":\"en-US\",\"@id\":\"https:\\\/\\\/news.save.ch\\\/de\\\/#\\\/schema\\\/logo\\\/image\\\/\",\"url\":\"https:\\\/\\\/news.save.ch\\\/wp-content\\\/uploads\\\/2022\\\/06\\\/Logo_SF_2012.png\",\"contentUrl\":\"https:\\\/\\\/news.save.ch\\\/wp-content\\\/uploads\\\/2022\\\/06\\\/Logo_SF_2012.png\",\"width\":1100,\"height\":91,\"caption\":\"Sicherheitsforum\"},\"image\":{\"@id\":\"https:\\\/\\\/news.save.ch\\\/de\\\/#\\\/schema\\\/logo\\\/image\\\/\"}},{\"@type\":\"Person\",\"@id\":\"https:\\\/\\\/news.save.ch\\\/de\\\/#\\\/schema\\\/person\\\/ad4ef21102fd6125312409ac57d5296d\",\"name\":\"Simon Gr\u00f6flin\",\"image\":{\"@type\":\"ImageObject\",\"inLanguage\":\"en-US\",\"@id\":\"https:\\\/\\\/secure.gravatar.com\\\/avatar\\\/6ddceb80eb734354635539e0ea5140bb7c41e42de7c45c9a2ab9921b5d5c9a83?s=96&d=mm&r=g\",\"url\":\"https:\\\/\\\/secure.gravatar.com\\\/avatar\\\/6ddceb80eb734354635539e0ea5140bb7c41e42de7c45c9a2ab9921b5d5c9a83?s=96&d=mm&r=g\",\"contentUrl\":\"https:\\\/\\\/secure.gravatar.com\\\/avatar\\\/6ddceb80eb734354635539e0ea5140bb7c41e42de7c45c9a2ab9921b5d5c9a83?s=96&d=mm&r=g\",\"caption\":\"Simon Gr\u00f6flin\"},\"url\":\"https:\\\/\\\/news.save.ch\\\/en\\\/author\\\/simon-groeflin\\\/\"}]}<\/script>\n<!-- \/ Yoast SEO plugin. -->","yoast_head_json":{"title":"Sold out KKL Luzern at the first first responder symposium - Save","description":"The first-aid symposium of the Swiss Association for Occupational Health (SVBS) and Betriebsapotheke.ch was a success. With over 270 participants, the event on November 6, 2021 was practically sold out and the hall of the KKL was fully occupied. The event focused on first aid measures for eye, back and electrical injuries as well as burns.","robots":{"index":"index","follow":"follow","max-snippet":"max-snippet:-1","max-image-preview":"max-image-preview:large","max-video-preview":"max-video-preview:-1"},"canonical":"https:\/\/news.save.ch\/en\/ausverkauftes-kkl-luzern-am-ersten-ersthelfer-symposium\/","og_locale":"en_US","og_type":"article","og_title":"Ausverkauftes KKL Luzern am ersten Ersthelfer-Symposium - Save","og_description":"Das Ersthelfer-Symposium der Schweizer Vereinigung f\u00fcr Betriebssanit\u00e4t (SVBS) und von Betriebsapotheke.ch war ein Erfolg. Mit \u00fcber 270 Teilnehmenden war die Veranstaltung vom 6. November 2021 praktisch ausverkauft und die Halle des KKL voll besetzt. Im Fokus der Veranstaltung standen Ersthilfemassnahmen bei Augen-, R\u00fccken- und Stromverletzungen sowie Verbrennungen.","og_url":"https:\/\/news.save.ch\/en\/ausverkauftes-kkl-luzern-am-ersten-ersthelfer-symposium\/","og_site_name":"Save","article_published_time":"2021-11-09T08:32:47+00:00","article_modified_time":"2023-07-13T09:13:00+00:00","og_image":[{"width":1316,"height":802,"url":"https:\/\/news.save.ch\/wp-content\/uploads\/2021\/11\/Kuehnis_teaser.jpg","type":"image\/jpeg"}],"author":"Simon Gr\u00f6flin","twitter_card":"summary_large_image","twitter_misc":{"Written by":"Simon Gr\u00f6flin","Est. reading time":"4 minutes"},"schema":{"@context":"https:\/\/schema.org","@graph":[{"@type":"Article","@id":"https:\/\/news.save.ch\/ausverkauftes-kkl-luzern-am-ersten-ersthelfer-symposium\/#article","isPartOf":{"@id":"https:\/\/news.save.ch\/ausverkauftes-kkl-luzern-am-ersten-ersthelfer-symposium\/"},"author":{"name":"Simon Gr\u00f6flin","@id":"https:\/\/news.save.ch\/de\/#\/schema\/person\/ad4ef21102fd6125312409ac57d5296d"},"headline":"Ausverkauftes KKL Luzern am ersten Ersthelfer-Symposium","datePublished":"2021-11-09T08:32:47+00:00","dateModified":"2023-07-13T09:13:00+00:00","mainEntityOfPage":{"@id":"https:\/\/news.save.ch\/ausverkauftes-kkl-luzern-am-ersten-ersthelfer-symposium\/"},"wordCount":594,"publisher":{"@id":"https:\/\/news.save.ch\/de\/#organization"},"image":{"@id":"https:\/\/news.save.ch\/ausverkauftes-kkl-luzern-am-ersten-ersthelfer-symposium\/#primaryimage"},"thumbnailUrl":"https:\/\/news.save.ch\/wp-content\/uploads\/2021\/11\/Kuehnis_teaser.jpg","keywords":["Anja Oehen","Betriebliches Gesundheitsmanagement","Peter Steiger","Philipp Bosshard","Stromverletzungen","SVBS","Verbrennungen"],"articleSection":["ALLGEMEIN","HEALTH &amp; SAFETY"],"inLanguage":"en-US"},{"@type":"WebPage","@id":"https:\/\/news.save.ch\/ausverkauftes-kkl-luzern-am-ersten-ersthelfer-symposium\/","url":"https:\/\/news.save.ch\/ausverkauftes-kkl-luzern-am-ersten-ersthelfer-symposium\/","name":"Sold out KKL Luzern at the first first responder symposium - Save","isPartOf":{"@id":"https:\/\/news.save.ch\/de\/#website"},"primaryImageOfPage":{"@id":"https:\/\/news.save.ch\/ausverkauftes-kkl-luzern-am-ersten-ersthelfer-symposium\/#primaryimage"},"image":{"@id":"https:\/\/news.save.ch\/ausverkauftes-kkl-luzern-am-ersten-ersthelfer-symposium\/#primaryimage"},"thumbnailUrl":"https:\/\/news.save.ch\/wp-content\/uploads\/2021\/11\/Kuehnis_teaser.jpg","datePublished":"2021-11-09T08:32:47+00:00","dateModified":"2023-07-13T09:13:00+00:00","description":"The first-aid symposium of the Swiss Association for Occupational Health (SVBS) and Betriebsapotheke.ch was a success. With over 270 participants, the event on November 6, 2021 was practically sold out and the hall of the KKL was fully occupied. The event focused on first aid measures for eye, back and electrical injuries as well as burns.","breadcrumb":{"@id":"https:\/\/news.save.ch\/ausverkauftes-kkl-luzern-am-ersten-ersthelfer-symposium\/#breadcrumb"},"inLanguage":"en-US","potentialAction":[{"@type":"ReadAction","target":["https:\/\/news.save.ch\/ausverkauftes-kkl-luzern-am-ersten-ersthelfer-symposium\/"]}]},{"@type":"ImageObject","inLanguage":"en-US","@id":"https:\/\/news.save.ch\/ausverkauftes-kkl-luzern-am-ersten-ersthelfer-symposium\/#primaryimage","url":"https:\/\/news.save.ch\/wp-content\/uploads\/2021\/11\/Kuehnis_teaser.jpg","contentUrl":"https:\/\/news.save.ch\/wp-content\/uploads\/2021\/11\/Kuehnis_teaser.jpg","width":1316,"height":802,"caption":"\u00a9SVBS"},{"@type":"BreadcrumbList","@id":"https:\/\/news.save.ch\/ausverkauftes-kkl-luzern-am-ersten-ersthelfer-symposium\/#breadcrumb","itemListElement":[{"@type":"ListItem","position":1,"name":"Home","item":"https:\/\/news.save.ch\/de\/"},{"@type":"ListItem","position":2,"name":"Ausverkauftes KKL Luzern am ersten Ersthelfer-Symposium"}]},{"@type":"WebSite","@id":"https:\/\/news.save.ch\/de\/#website","url":"https:\/\/news.save.ch\/de\/","name":"Save","description":"Swiss trade journal for safety","publisher":{"@id":"https:\/\/news.save.ch\/de\/#organization"},"potentialAction":[{"@type":"SearchAction","target":{"@type":"EntryPoint","urlTemplate":"https:\/\/news.save.ch\/de\/?s={search_term_string}"},"query-input":{"@type":"PropertyValueSpecification","valueRequired":true,"valueName":"search_term_string"}}],"inLanguage":"en-US"},{"@type":"Organization","@id":"https:\/\/news.save.ch\/de\/#organization","name":"Security Forum","url":"https:\/\/news.save.ch\/de\/","logo":{"@type":"ImageObject","inLanguage":"en-US","@id":"https:\/\/news.save.ch\/de\/#\/schema\/logo\/image\/","url":"https:\/\/news.save.ch\/wp-content\/uploads\/2022\/06\/Logo_SF_2012.png","contentUrl":"https:\/\/news.save.ch\/wp-content\/uploads\/2022\/06\/Logo_SF_2012.png","width":1100,"height":91,"caption":"Sicherheitsforum"},"image":{"@id":"https:\/\/news.save.ch\/de\/#\/schema\/logo\/image\/"}},{"@type":"Person","@id":"https:\/\/news.save.ch\/de\/#\/schema\/person\/ad4ef21102fd6125312409ac57d5296d","name":"Simon Gr\u00f6flin","image":{"@type":"ImageObject","inLanguage":"en-US","@id":"https:\/\/secure.gravatar.com\/avatar\/6ddceb80eb734354635539e0ea5140bb7c41e42de7c45c9a2ab9921b5d5c9a83?s=96&d=mm&r=g","url":"https:\/\/secure.gravatar.com\/avatar\/6ddceb80eb734354635539e0ea5140bb7c41e42de7c45c9a2ab9921b5d5c9a83?s=96&d=mm&r=g","contentUrl":"https:\/\/secure.gravatar.com\/avatar\/6ddceb80eb734354635539e0ea5140bb7c41e42de7c45c9a2ab9921b5d5c9a83?s=96&d=mm&r=g","caption":"Simon Gr\u00f6flin"},"url":"https:\/\/news.save.ch\/en\/author\/simon-groeflin\/"}]}},"_links":{"self":[{"href":"https:\/\/news.save.ch\/en\/wp-json\/wp\/v2\/posts\/7956","targetHints":{"allow":["GET"]}}],"collection":[{"href":"https:\/\/news.save.ch\/en\/wp-json\/wp\/v2\/posts"}],"about":[{"href":"https:\/\/news.save.ch\/en\/wp-json\/wp\/v2\/types\/post"}],"author":[{"embeddable":true,"href":"https:\/\/news.save.ch\/en\/wp-json\/wp\/v2\/users\/9"}],"replies":[{"embeddable":true,"href":"https:\/\/news.save.ch\/en\/wp-json\/wp\/v2\/comments?post=7956"}],"version-history":[{"count":3,"href":"https:\/\/news.save.ch\/en\/wp-json\/wp\/v2\/posts\/7956\/revisions"}],"predecessor-version":[{"id":20783,"href":"https:\/\/news.save.ch\/en\/wp-json\/wp\/v2\/posts\/7956\/revisions\/20783"}],"wp:featuredmedia":[{"embeddable":true,"href":"https:\/\/news.save.ch\/en\/wp-json\/wp\/v2\/media\/7964"}],"wp:attachment":[{"href":"https:\/\/news.save.ch\/en\/wp-json\/wp\/v2\/media?parent=7956"}],"wp:term":[{"taxonomy":"category","embeddable":true,"href":"https:\/\/news.save.ch\/en\/wp-json\/wp\/v2\/categories?post=7956"},{"taxonomy":"post_tag","embeddable":true,"href":"https:\/\/news.save.ch\/en\/wp-json\/wp\/v2\/tags?post=7956"}],"curies":[{"name":"wp","href":"https:\/\/api.w.org\/{rel}","templated":true}]}}