{"id":7988,"date":"2021-11-11T09:54:33","date_gmt":"2021-11-11T08:54:33","guid":{"rendered":"https:\/\/news.save.ch\/?p=7988"},"modified":"2023-07-13T09:47:15","modified_gmt":"2023-07-13T07:47:15","slug":"vorsorgemassnahmen-beim-gesundheitspersonal","status":null,"type":"post","link":"https:\/\/news.save.ch\/en\/vorsorgemassnahmen-beim-gesundheitspersonal\/","title":{"rendered":"Preventive measures among health care personnel"},"content":{"rendered":"<figure id=\"attachment_7993\" aria-describedby=\"caption-attachment-7993\" style=\"width: 680px\" class=\"wp-caption alignnone\"><img loading=\"lazy\" decoding=\"async\" class=\"wp-image-7993 size-medium\" src=\"https:\/\/news.save.ch\/wp-content\/uploads\/2021\/11\/Ges_Depositphotos_28085917_S-680x454.jpg\" alt=\"Testing\" width=\"680\" height=\"454\" srcset=\"https:\/\/news.save.ch\/wp-content\/uploads\/2021\/11\/Ges_Depositphotos_28085917_S-680x454.jpg 680w, https:\/\/news.save.ch\/wp-content\/uploads\/2021\/11\/Ges_Depositphotos_28085917_S-768x512.jpg 768w, https:\/\/news.save.ch\/wp-content\/uploads\/2021\/11\/Ges_Depositphotos_28085917_S-18x12.jpg 18w, https:\/\/news.save.ch\/wp-content\/uploads\/2021\/11\/Ges_Depositphotos_28085917_S-375x250.jpg 375w, https:\/\/news.save.ch\/wp-content\/uploads\/2021\/11\/Ges_Depositphotos_28085917_S-525x350.jpg 525w, https:\/\/news.save.ch\/wp-content\/uploads\/2021\/11\/Ges_Depositphotos_28085917_S.jpg 1000w\" sizes=\"auto, (max-width: 680px) 100vw, 680px\" \/><figcaption id=\"caption-attachment-7993\" class=\"wp-caption-text\">\u00a9 Depositphotos<\/figcaption><\/figure>\n<p>Specific risks and pragmatic protection of healthcare staff were still little researched at the beginning of the pandemic. Now, a team of experts from Inselspital, Bern University Hospital, the University of Bern, and the University of Trieste (It) has studied the internal and external factors of a hospital in a special <a href=\"https:\/\/doi.org\/10.1371\/journal.pone.0258700\" target=\"_blank\" rel=\"noopener\">scientific model<\/a> to evaluate which specific protective measures will work best for hospital staff during the pandemic.<\/p>\n<p>The study concludes that regular testing within at least seven days, even in people without symptoms, can counter uncontrolled spread of the virus as the most effective measures.<\/p>\n<p>The question also arose as to whether healthcare workers are more often infected with Covid-19 than the rest of the population. Using the study model, it was demonstrated that the rate of PCR-positive test results in the study group was indeed higher than could be explained by environmental levels, such as infections at home and infections in public places.<\/p>\n<p>A group of just over 300 volunteers from university hospitals was studied. It also showed, for example, that most asymptomatic SARS-CoV-2 carriers could only be identified after more than 32 cycles.<\/p>\n<p><em>Source: Insel Group - Inselspital, University Hospital Bern<\/em><\/p>","protected":false},"excerpt":{"rendered":"<p>Spezielle Risiken und ein pragmatischer Schutz des Gesundheitspersonals waren zu Beginn der Pandemie noch wenig erforscht. Nun hat ein Expertenteam des\u00a0Inselspitals, Universit\u00e4tsspital Bern, der Universit\u00e4t Bern und der Universit\u00e4t Triest (It) die internen und externen Faktoren eines Spitals in einem speziellen wissenschaftlichen Modell untersucht, um zu evaluieren, welche besonderen Schutzmassnahmen w\u00e4hrend der Pandemie beim Spitalpersonal [&hellip;]<\/p>\n","protected":false},"author":9,"featured_media":7993,"comment_status":"closed","ping_status":"closed","sticky":false,"template":"","format":"standard","meta":{"_acf_changed":false,"pgc_sgb_lightbox_settings":"","footnotes":""},"categories":[1,3314],"tags":[5137,1775,632,5138,149,2174,2309,5136,64,5139],"class_list":["post-7988","post","type-post","status-publish","format-standard","has-post-thumbnail","hentry","category-allgemein","category-health-safety","tag-asymptomatischen-sars-cov-2-traegerinnen","tag-betriebliches-gesundheitsmanagement","tag-covid-19","tag-gesundheitspersonal","tag-gesundheitsschutz","tag-gesundheitsschutz-am-arbeitsplatz","tag-inselspital-bern","tag-pcr-positiven-testresultaten","tag-studie","tag-tests"],"acf":[],"hkrextid":null,"publication":null,"issue":null,"workflow":null,"startPage":null,"spitzmarke":null,"_posts_by_tag_page_fields":{"widget_title":"","widget_tags":""},"_at_widget":"1","_yoast_wpseo_primary_category":"1","_yoast_wpseo_focuskw_text_input":null,"_yoast_wpseo_opengraph-image":null,"_yoast_wpseo_opengraph-description":null,"_yoast_wpseo_opengraph-title":null,"enclosure":null,"_yoast_wpseo_twitter-title":null,"_yoast_wpseo_twitter-description":null,"_yoast_wpseo_twitter-image":null,"_wp_old_slug":null,"_yoast_wpseo_title":null,"_yoast_wpseo_canonical":null,"yoast_head":"<!-- This site is optimized with the Yoast SEO plugin v27.5 - https:\/\/yoast.com\/product\/yoast-seo-wordpress\/ -->\n<title>Vorsorgemassnahmen beim Gesundheitspersonal - Save<\/title>\n<meta name=\"description\" content=\"Ein Forscherteam des Inselspitals, Universit\u00e4tsspitals Bern, der Universit\u00e4t Bern sowie der Universit\u00e4t Triest hat die Wirksamkeit von spitalinternen Vorsorgemassnahmen w\u00e4hrend der Pandemie untersucht. Entstanden daraus ist ein mathematisches Modell zur \u00dcbertragung von SARS-CoV-2. Regelm\u00e4ssiges Testen erwies sich dabei als wirksamste Pr\u00e4ventionsmethode.\" \/>\n<meta name=\"robots\" content=\"index, follow, max-snippet:-1, max-image-preview:large, max-video-preview:-1\" \/>\n<link rel=\"canonical\" href=\"https:\/\/news.save.ch\/en\/vorsorgemassnahmen-beim-gesundheitspersonal\/\" \/>\n<meta property=\"og:locale\" content=\"en_US\" \/>\n<meta property=\"og:type\" content=\"article\" \/>\n<meta property=\"og:title\" content=\"Vorsorgemassnahmen beim Gesundheitspersonal - Save\" \/>\n<meta property=\"og:description\" content=\"Ein Forscherteam des Inselspitals, Universit\u00e4tsspitals Bern, der Universit\u00e4t Bern sowie der Universit\u00e4t Triest hat die Wirksamkeit von spitalinternen Vorsorgemassnahmen w\u00e4hrend der Pandemie untersucht. Entstanden daraus ist ein mathematisches Modell zur \u00dcbertragung von SARS-CoV-2. Regelm\u00e4ssiges Testen erwies sich dabei als wirksamste Pr\u00e4ventionsmethode.\" \/>\n<meta property=\"og:url\" content=\"https:\/\/news.save.ch\/en\/vorsorgemassnahmen-beim-gesundheitspersonal\/\" \/>\n<meta property=\"og:site_name\" content=\"Save\" \/>\n<meta property=\"article:published_time\" content=\"2021-11-11T08:54:33+00:00\" \/>\n<meta property=\"article:modified_time\" content=\"2023-07-13T07:47:15+00:00\" \/>\n<meta property=\"og:image\" content=\"https:\/\/news.save.ch\/wp-content\/uploads\/2021\/11\/Ges_Depositphotos_28085917_S.jpg\" \/>\n\t<meta property=\"og:image:width\" content=\"1000\" \/>\n\t<meta property=\"og:image:height\" content=\"667\" \/>\n\t<meta property=\"og:image:type\" content=\"image\/jpeg\" \/>\n<meta name=\"author\" content=\"Simon Gr\u00f6flin\" \/>\n<meta name=\"twitter:card\" content=\"summary_large_image\" \/>\n<meta name=\"twitter:label1\" content=\"Written by\" \/>\n\t<meta name=\"twitter:data1\" content=\"Simon Gr\u00f6flin\" \/>\n\t<meta name=\"twitter:label2\" content=\"Est. reading time\" \/>\n\t<meta name=\"twitter:data2\" content=\"2 minutes\" \/>\n<script type=\"application\/ld+json\" class=\"yoast-schema-graph\">{\"@context\":\"https:\\\/\\\/schema.org\",\"@graph\":[{\"@type\":\"Article\",\"@id\":\"https:\\\/\\\/news.save.ch\\\/vorsorgemassnahmen-beim-gesundheitspersonal\\\/#article\",\"isPartOf\":{\"@id\":\"https:\\\/\\\/news.save.ch\\\/vorsorgemassnahmen-beim-gesundheitspersonal\\\/\"},\"author\":{\"name\":\"Simon Gr\u00f6flin\",\"@id\":\"https:\\\/\\\/news.save.ch\\\/de\\\/#\\\/schema\\\/person\\\/ad4ef21102fd6125312409ac57d5296d\"},\"headline\":\"Vorsorgemassnahmen beim Gesundheitspersonal\",\"datePublished\":\"2021-11-11T08:54:33+00:00\",\"dateModified\":\"2023-07-13T07:47:15+00:00\",\"mainEntityOfPage\":{\"@id\":\"https:\\\/\\\/news.save.ch\\\/vorsorgemassnahmen-beim-gesundheitspersonal\\\/\"},\"wordCount\":204,\"publisher\":{\"@id\":\"https:\\\/\\\/news.save.ch\\\/de\\\/#organization\"},\"image\":{\"@id\":\"https:\\\/\\\/news.save.ch\\\/vorsorgemassnahmen-beim-gesundheitspersonal\\\/#primaryimage\"},\"thumbnailUrl\":\"https:\\\/\\\/news.save.ch\\\/wp-content\\\/uploads\\\/2021\\\/11\\\/Ges_Depositphotos_28085917_S.jpg\",\"keywords\":[\"asymptomatischen SARS-CoV-2-Tr\u00e4gerinnen\",\"Betriebliches Gesundheitsmanagement\",\"Covid-19\",\"Gesundheitspersonal\",\"Gesundheitsschutz\",\"Gesundheitsschutz am Arbeitsplatz\",\"Inselspital Bern\",\"PCR-positiven Testresultaten\",\"Studie\",\"Tests\"],\"articleSection\":[\"ALLGEMEIN\",\"HEALTH &amp; SAFETY\"],\"inLanguage\":\"en-US\"},{\"@type\":\"WebPage\",\"@id\":\"https:\\\/\\\/news.save.ch\\\/vorsorgemassnahmen-beim-gesundheitspersonal\\\/\",\"url\":\"https:\\\/\\\/news.save.ch\\\/vorsorgemassnahmen-beim-gesundheitspersonal\\\/\",\"name\":\"Vorsorgemassnahmen beim Gesundheitspersonal - Save\",\"isPartOf\":{\"@id\":\"https:\\\/\\\/news.save.ch\\\/de\\\/#website\"},\"primaryImageOfPage\":{\"@id\":\"https:\\\/\\\/news.save.ch\\\/vorsorgemassnahmen-beim-gesundheitspersonal\\\/#primaryimage\"},\"image\":{\"@id\":\"https:\\\/\\\/news.save.ch\\\/vorsorgemassnahmen-beim-gesundheitspersonal\\\/#primaryimage\"},\"thumbnailUrl\":\"https:\\\/\\\/news.save.ch\\\/wp-content\\\/uploads\\\/2021\\\/11\\\/Ges_Depositphotos_28085917_S.jpg\",\"datePublished\":\"2021-11-11T08:54:33+00:00\",\"dateModified\":\"2023-07-13T07:47:15+00:00\",\"description\":\"Ein Forscherteam des Inselspitals, Universit\u00e4tsspitals Bern, der Universit\u00e4t Bern sowie der Universit\u00e4t Triest hat die Wirksamkeit von spitalinternen Vorsorgemassnahmen w\u00e4hrend der Pandemie untersucht. Entstanden daraus ist ein mathematisches Modell zur \u00dcbertragung von SARS-CoV-2. Regelm\u00e4ssiges Testen erwies sich dabei als wirksamste Pr\u00e4ventionsmethode.\",\"breadcrumb\":{\"@id\":\"https:\\\/\\\/news.save.ch\\\/vorsorgemassnahmen-beim-gesundheitspersonal\\\/#breadcrumb\"},\"inLanguage\":\"en-US\",\"potentialAction\":[{\"@type\":\"ReadAction\",\"target\":[\"https:\\\/\\\/news.save.ch\\\/vorsorgemassnahmen-beim-gesundheitspersonal\\\/\"]}]},{\"@type\":\"ImageObject\",\"inLanguage\":\"en-US\",\"@id\":\"https:\\\/\\\/news.save.ch\\\/vorsorgemassnahmen-beim-gesundheitspersonal\\\/#primaryimage\",\"url\":\"https:\\\/\\\/news.save.ch\\\/wp-content\\\/uploads\\\/2021\\\/11\\\/Ges_Depositphotos_28085917_S.jpg\",\"contentUrl\":\"https:\\\/\\\/news.save.ch\\\/wp-content\\\/uploads\\\/2021\\\/11\\\/Ges_Depositphotos_28085917_S.jpg\",\"width\":1000,\"height\":667},{\"@type\":\"BreadcrumbList\",\"@id\":\"https:\\\/\\\/news.save.ch\\\/vorsorgemassnahmen-beim-gesundheitspersonal\\\/#breadcrumb\",\"itemListElement\":[{\"@type\":\"ListItem\",\"position\":1,\"name\":\"Home\",\"item\":\"https:\\\/\\\/news.save.ch\\\/de\\\/\"},{\"@type\":\"ListItem\",\"position\":2,\"name\":\"Vorsorgemassnahmen beim Gesundheitspersonal\"}]},{\"@type\":\"WebSite\",\"@id\":\"https:\\\/\\\/news.save.ch\\\/de\\\/#website\",\"url\":\"https:\\\/\\\/news.save.ch\\\/de\\\/\",\"name\":\"Save\",\"description\":\"Schweizer Fachzeitschrift f\u00fcr Sicherheit\",\"publisher\":{\"@id\":\"https:\\\/\\\/news.save.ch\\\/de\\\/#organization\"},\"potentialAction\":[{\"@type\":\"SearchAction\",\"target\":{\"@type\":\"EntryPoint\",\"urlTemplate\":\"https:\\\/\\\/news.save.ch\\\/de\\\/?s={search_term_string}\"},\"query-input\":{\"@type\":\"PropertyValueSpecification\",\"valueRequired\":true,\"valueName\":\"search_term_string\"}}],\"inLanguage\":\"en-US\"},{\"@type\":\"Organization\",\"@id\":\"https:\\\/\\\/news.save.ch\\\/de\\\/#organization\",\"name\":\"Sicherheitsforum\",\"url\":\"https:\\\/\\\/news.save.ch\\\/de\\\/\",\"logo\":{\"@type\":\"ImageObject\",\"inLanguage\":\"en-US\",\"@id\":\"https:\\\/\\\/news.save.ch\\\/de\\\/#\\\/schema\\\/logo\\\/image\\\/\",\"url\":\"https:\\\/\\\/news.save.ch\\\/wp-content\\\/uploads\\\/2022\\\/06\\\/Logo_SF_2012.png\",\"contentUrl\":\"https:\\\/\\\/news.save.ch\\\/wp-content\\\/uploads\\\/2022\\\/06\\\/Logo_SF_2012.png\",\"width\":1100,\"height\":91,\"caption\":\"Sicherheitsforum\"},\"image\":{\"@id\":\"https:\\\/\\\/news.save.ch\\\/de\\\/#\\\/schema\\\/logo\\\/image\\\/\"}},{\"@type\":\"Person\",\"@id\":\"https:\\\/\\\/news.save.ch\\\/de\\\/#\\\/schema\\\/person\\\/ad4ef21102fd6125312409ac57d5296d\",\"name\":\"Simon Gr\u00f6flin\",\"image\":{\"@type\":\"ImageObject\",\"inLanguage\":\"en-US\",\"@id\":\"https:\\\/\\\/secure.gravatar.com\\\/avatar\\\/6ddceb80eb734354635539e0ea5140bb7c41e42de7c45c9a2ab9921b5d5c9a83?s=96&d=mm&r=g\",\"url\":\"https:\\\/\\\/secure.gravatar.com\\\/avatar\\\/6ddceb80eb734354635539e0ea5140bb7c41e42de7c45c9a2ab9921b5d5c9a83?s=96&d=mm&r=g\",\"contentUrl\":\"https:\\\/\\\/secure.gravatar.com\\\/avatar\\\/6ddceb80eb734354635539e0ea5140bb7c41e42de7c45c9a2ab9921b5d5c9a83?s=96&d=mm&r=g\",\"caption\":\"Simon Gr\u00f6flin\"},\"url\":\"https:\\\/\\\/news.save.ch\\\/en\\\/author\\\/simon-groeflin\\\/\"}]}<\/script>\n<!-- \/ Yoast SEO plugin. -->","yoast_head_json":{"title":"Preventive measures among healthcare personnel - Save","description":"A team of researchers from Inselspital, Bern University Hospital, the University of Bern and the University of Trieste studied the effectiveness of internal hospital preventive measures during the pandemic. The result is a mathematical model for the transmission of SARS-CoV-2. Regular testing proved to be the most effective prevention method.","robots":{"index":"index","follow":"follow","max-snippet":"max-snippet:-1","max-image-preview":"max-image-preview:large","max-video-preview":"max-video-preview:-1"},"canonical":"https:\/\/news.save.ch\/en\/vorsorgemassnahmen-beim-gesundheitspersonal\/","og_locale":"en_US","og_type":"article","og_title":"Vorsorgemassnahmen beim Gesundheitspersonal - Save","og_description":"Ein Forscherteam des Inselspitals, Universit\u00e4tsspitals Bern, der Universit\u00e4t Bern sowie der Universit\u00e4t Triest hat die Wirksamkeit von spitalinternen Vorsorgemassnahmen w\u00e4hrend der Pandemie untersucht. Entstanden daraus ist ein mathematisches Modell zur \u00dcbertragung von SARS-CoV-2. Regelm\u00e4ssiges Testen erwies sich dabei als wirksamste Pr\u00e4ventionsmethode.","og_url":"https:\/\/news.save.ch\/en\/vorsorgemassnahmen-beim-gesundheitspersonal\/","og_site_name":"Save","article_published_time":"2021-11-11T08:54:33+00:00","article_modified_time":"2023-07-13T07:47:15+00:00","og_image":[{"width":1000,"height":667,"url":"https:\/\/news.save.ch\/wp-content\/uploads\/2021\/11\/Ges_Depositphotos_28085917_S.jpg","type":"image\/jpeg"}],"author":"Simon Gr\u00f6flin","twitter_card":"summary_large_image","twitter_misc":{"Written by":"Simon Gr\u00f6flin","Est. reading time":"2 minutes"},"schema":{"@context":"https:\/\/schema.org","@graph":[{"@type":"Article","@id":"https:\/\/news.save.ch\/vorsorgemassnahmen-beim-gesundheitspersonal\/#article","isPartOf":{"@id":"https:\/\/news.save.ch\/vorsorgemassnahmen-beim-gesundheitspersonal\/"},"author":{"name":"Simon Gr\u00f6flin","@id":"https:\/\/news.save.ch\/de\/#\/schema\/person\/ad4ef21102fd6125312409ac57d5296d"},"headline":"Vorsorgemassnahmen beim Gesundheitspersonal","datePublished":"2021-11-11T08:54:33+00:00","dateModified":"2023-07-13T07:47:15+00:00","mainEntityOfPage":{"@id":"https:\/\/news.save.ch\/vorsorgemassnahmen-beim-gesundheitspersonal\/"},"wordCount":204,"publisher":{"@id":"https:\/\/news.save.ch\/de\/#organization"},"image":{"@id":"https:\/\/news.save.ch\/vorsorgemassnahmen-beim-gesundheitspersonal\/#primaryimage"},"thumbnailUrl":"https:\/\/news.save.ch\/wp-content\/uploads\/2021\/11\/Ges_Depositphotos_28085917_S.jpg","keywords":["asymptomatischen SARS-CoV-2-Tr\u00e4gerinnen","Betriebliches Gesundheitsmanagement","Covid-19","Gesundheitspersonal","Gesundheitsschutz","Gesundheitsschutz am Arbeitsplatz","Inselspital Bern","PCR-positiven Testresultaten","Studie","Tests"],"articleSection":["ALLGEMEIN","HEALTH &amp; SAFETY"],"inLanguage":"en-US"},{"@type":"WebPage","@id":"https:\/\/news.save.ch\/vorsorgemassnahmen-beim-gesundheitspersonal\/","url":"https:\/\/news.save.ch\/vorsorgemassnahmen-beim-gesundheitspersonal\/","name":"Preventive measures among healthcare personnel - Save","isPartOf":{"@id":"https:\/\/news.save.ch\/de\/#website"},"primaryImageOfPage":{"@id":"https:\/\/news.save.ch\/vorsorgemassnahmen-beim-gesundheitspersonal\/#primaryimage"},"image":{"@id":"https:\/\/news.save.ch\/vorsorgemassnahmen-beim-gesundheitspersonal\/#primaryimage"},"thumbnailUrl":"https:\/\/news.save.ch\/wp-content\/uploads\/2021\/11\/Ges_Depositphotos_28085917_S.jpg","datePublished":"2021-11-11T08:54:33+00:00","dateModified":"2023-07-13T07:47:15+00:00","description":"A team of researchers from Inselspital, Bern University Hospital, the University of Bern and the University of Trieste studied the effectiveness of internal hospital preventive measures during the pandemic. The result is a mathematical model for the transmission of SARS-CoV-2. Regular testing proved to be the most effective prevention method.","breadcrumb":{"@id":"https:\/\/news.save.ch\/vorsorgemassnahmen-beim-gesundheitspersonal\/#breadcrumb"},"inLanguage":"en-US","potentialAction":[{"@type":"ReadAction","target":["https:\/\/news.save.ch\/vorsorgemassnahmen-beim-gesundheitspersonal\/"]}]},{"@type":"ImageObject","inLanguage":"en-US","@id":"https:\/\/news.save.ch\/vorsorgemassnahmen-beim-gesundheitspersonal\/#primaryimage","url":"https:\/\/news.save.ch\/wp-content\/uploads\/2021\/11\/Ges_Depositphotos_28085917_S.jpg","contentUrl":"https:\/\/news.save.ch\/wp-content\/uploads\/2021\/11\/Ges_Depositphotos_28085917_S.jpg","width":1000,"height":667},{"@type":"BreadcrumbList","@id":"https:\/\/news.save.ch\/vorsorgemassnahmen-beim-gesundheitspersonal\/#breadcrumb","itemListElement":[{"@type":"ListItem","position":1,"name":"Home","item":"https:\/\/news.save.ch\/de\/"},{"@type":"ListItem","position":2,"name":"Vorsorgemassnahmen beim Gesundheitspersonal"}]},{"@type":"WebSite","@id":"https:\/\/news.save.ch\/de\/#website","url":"https:\/\/news.save.ch\/de\/","name":"Save","description":"Swiss trade journal for safety","publisher":{"@id":"https:\/\/news.save.ch\/de\/#organization"},"potentialAction":[{"@type":"SearchAction","target":{"@type":"EntryPoint","urlTemplate":"https:\/\/news.save.ch\/de\/?s={search_term_string}"},"query-input":{"@type":"PropertyValueSpecification","valueRequired":true,"valueName":"search_term_string"}}],"inLanguage":"en-US"},{"@type":"Organization","@id":"https:\/\/news.save.ch\/de\/#organization","name":"Security Forum","url":"https:\/\/news.save.ch\/de\/","logo":{"@type":"ImageObject","inLanguage":"en-US","@id":"https:\/\/news.save.ch\/de\/#\/schema\/logo\/image\/","url":"https:\/\/news.save.ch\/wp-content\/uploads\/2022\/06\/Logo_SF_2012.png","contentUrl":"https:\/\/news.save.ch\/wp-content\/uploads\/2022\/06\/Logo_SF_2012.png","width":1100,"height":91,"caption":"Sicherheitsforum"},"image":{"@id":"https:\/\/news.save.ch\/de\/#\/schema\/logo\/image\/"}},{"@type":"Person","@id":"https:\/\/news.save.ch\/de\/#\/schema\/person\/ad4ef21102fd6125312409ac57d5296d","name":"Simon Gr\u00f6flin","image":{"@type":"ImageObject","inLanguage":"en-US","@id":"https:\/\/secure.gravatar.com\/avatar\/6ddceb80eb734354635539e0ea5140bb7c41e42de7c45c9a2ab9921b5d5c9a83?s=96&d=mm&r=g","url":"https:\/\/secure.gravatar.com\/avatar\/6ddceb80eb734354635539e0ea5140bb7c41e42de7c45c9a2ab9921b5d5c9a83?s=96&d=mm&r=g","contentUrl":"https:\/\/secure.gravatar.com\/avatar\/6ddceb80eb734354635539e0ea5140bb7c41e42de7c45c9a2ab9921b5d5c9a83?s=96&d=mm&r=g","caption":"Simon Gr\u00f6flin"},"url":"https:\/\/news.save.ch\/en\/author\/simon-groeflin\/"}]}},"_links":{"self":[{"href":"https:\/\/news.save.ch\/en\/wp-json\/wp\/v2\/posts\/7988","targetHints":{"allow":["GET"]}}],"collection":[{"href":"https:\/\/news.save.ch\/en\/wp-json\/wp\/v2\/posts"}],"about":[{"href":"https:\/\/news.save.ch\/en\/wp-json\/wp\/v2\/types\/post"}],"author":[{"embeddable":true,"href":"https:\/\/news.save.ch\/en\/wp-json\/wp\/v2\/users\/9"}],"replies":[{"embeddable":true,"href":"https:\/\/news.save.ch\/en\/wp-json\/wp\/v2\/comments?post=7988"}],"version-history":[{"count":3,"href":"https:\/\/news.save.ch\/en\/wp-json\/wp\/v2\/posts\/7988\/revisions"}],"predecessor-version":[{"id":20774,"href":"https:\/\/news.save.ch\/en\/wp-json\/wp\/v2\/posts\/7988\/revisions\/20774"}],"wp:featuredmedia":[{"embeddable":true,"href":"https:\/\/news.save.ch\/en\/wp-json\/wp\/v2\/media\/7993"}],"wp:attachment":[{"href":"https:\/\/news.save.ch\/en\/wp-json\/wp\/v2\/media?parent=7988"}],"wp:term":[{"taxonomy":"category","embeddable":true,"href":"https:\/\/news.save.ch\/en\/wp-json\/wp\/v2\/categories?post=7988"},{"taxonomy":"post_tag","embeddable":true,"href":"https:\/\/news.save.ch\/en\/wp-json\/wp\/v2\/tags?post=7988"}],"curies":[{"name":"wp","href":"https:\/\/api.w.org\/{rel}","templated":true}]}}