{"id":8058,"date":"2021-11-22T10:57:01","date_gmt":"2021-11-22T09:57:01","guid":{"rendered":"https:\/\/news.save.ch\/?p=8058"},"modified":"2023-07-12T18:30:22","modified_gmt":"2023-07-12T16:30:22","slug":"vignette-2022-ist-violett-und-kostet-40-franken","status":null,"type":"post","link":"https:\/\/news.save.ch\/en\/vignette-2022-ist-violett-und-kostet-40-franken\/","title":{"rendered":"Vignette 2022 is purple and costs 40 francs"},"content":{"rendered":"<figure id=\"attachment_8059\" aria-describedby=\"caption-attachment-8059\" style=\"width: 680px\" class=\"wp-caption alignnone\"><img loading=\"lazy\" decoding=\"async\" class=\"wp-image-8059 size-medium\" src=\"http:\/\/develop.safety-plus.ch\/wp-content\/uploads\/2021\/11\/vignette_teaser.jpg\" alt=\"Freeway vignette\" width=\"680\" height=\"383\" \/><figcaption id=\"caption-attachment-8059\" class=\"wp-caption-text\">The new freeway vignette. Source: FCA<\/figcaption><\/figure>\n<p>The vignette, which is valid from December 1, 2021 to January 31, 2023, is purple this time and can be obtained as usual at gas stations and garages, at post office counters and at road traffic offices and customs offices. Vehicle drivers should remove expired vignettes from the windshield to avoid possible obstructions to visibility. The year on the adhesive side is light blue, while the year on the front is white. The vignette still costs 40 francs.<\/p>\n<h2>Stick directly on the pane<\/h2>\n<p>In order for the vignette to be valid, it must be affixed directly to the vehicle in the prescribed location without the use of other materials: on the inside of the windshield in the case of passenger cars, and on an easily accessible and non-replaceable vehicle component in the case of trailers and motorcycles. Any removal and reattachment to the same or another vehicle is prohibited.<\/p>\n<p>The introduction of the voluntary e-vignette is planned in the course of 2023, he said.<\/p>\n<p><em>Source: Federal Customs Administration FCA<\/em><\/p>","protected":false},"excerpt":{"rendered":"<p>Die vom 1. Dezember 2021 bis zum 31. Januar 2023 g\u00fcltige Vignette ist diesmal violett und kann wie gewohnt bei Tankstellen und Garagen, an den Schaltern der Post sowie bei den Strassenverkehrs\u00e4mtern und Zollstellen bezogen werden. Fahrzeugf\u00fchrerinnen und -f\u00fchrer sollten verfallene Vignetten von der Frontscheibe zu entfernen, um m\u00f6gliche Sichtbehinderungen zu vermeiden.\u00a0Die Jahreszahl auf der [&hellip;]<\/p>\n","protected":false},"author":9,"featured_media":16504,"comment_status":"closed","ping_status":"closed","sticky":false,"template":"","format":"standard","meta":{"_acf_changed":false,"pgc_sgb_lightbox_settings":"","footnotes":""},"categories":[1],"tags":[5100,1715,2038,327,5098,5099,5101],"class_list":["post-8058","post","type-post","status-publish","format-standard","has-post-thumbnail","hentry","category-allgemein","tag-40-franken","tag-autobahnvignette","tag-fahrzeug","tag-strassenverkehr","tag-vignette","tag-violett","tag-windschutzscheibe"],"acf":[],"hkrextid":null,"publication":null,"issue":null,"workflow":null,"startPage":null,"spitzmarke":null,"_posts_by_tag_page_fields":{"widget_title":"","widget_tags":""},"_at_widget":"1","_yoast_wpseo_primary_category":"","_yoast_wpseo_focuskw_text_input":null,"_yoast_wpseo_opengraph-image":null,"_yoast_wpseo_opengraph-description":null,"_yoast_wpseo_opengraph-title":null,"enclosure":null,"_yoast_wpseo_twitter-title":null,"_yoast_wpseo_twitter-description":null,"_yoast_wpseo_twitter-image":null,"_wp_old_slug":null,"_yoast_wpseo_title":null,"_yoast_wpseo_canonical":null,"yoast_head":"<!-- This site is optimized with the Yoast SEO plugin v27.4 - https:\/\/yoast.com\/product\/yoast-seo-wordpress\/ -->\n<title>Vignette 2022 ist violett und kostet 40 Franken - Save<\/title>\n<meta name=\"description\" content=\"Ab dem 1. Dezember 2021 ist die neue Autobahnvignette an den \u00fcblichen Verkaufsstellen erh\u00e4ltlich. Sie hat die Grundfarbe \u00abViolett metallic\u00bb. Die Jahreszahl auf der Klebeseite ist hellblau, jene auf der Vorderseite weiss. Die Vignette kostet weiterhin 40 Franken.\" \/>\n<meta name=\"robots\" content=\"index, follow, max-snippet:-1, max-image-preview:large, max-video-preview:-1\" \/>\n<link rel=\"canonical\" href=\"https:\/\/news.save.ch\/en\/vignette-2022-ist-violett-und-kostet-40-franken\/\" \/>\n<meta property=\"og:locale\" content=\"en_US\" \/>\n<meta property=\"og:type\" content=\"article\" \/>\n<meta property=\"og:title\" content=\"Vignette 2022 ist violett und kostet 40 Franken - Save\" \/>\n<meta property=\"og:description\" content=\"Ab dem 1. Dezember 2021 ist die neue Autobahnvignette an den \u00fcblichen Verkaufsstellen erh\u00e4ltlich. Sie hat die Grundfarbe \u00abViolett metallic\u00bb. Die Jahreszahl auf der Klebeseite ist hellblau, jene auf der Vorderseite weiss. Die Vignette kostet weiterhin 40 Franken.\" \/>\n<meta property=\"og:url\" content=\"https:\/\/news.save.ch\/en\/vignette-2022-ist-violett-und-kostet-40-franken\/\" \/>\n<meta property=\"og:site_name\" content=\"Save\" \/>\n<meta property=\"article:published_time\" content=\"2021-11-22T09:57:01+00:00\" \/>\n<meta property=\"article:modified_time\" content=\"2023-07-12T16:30:22+00:00\" \/>\n<meta property=\"og:image\" content=\"https:\/\/news.save.ch\/wp-content\/uploads\/2021\/11\/vignette_teaser-scaled-1.jpg\" \/>\n\t<meta property=\"og:image:width\" content=\"1400\" \/>\n\t<meta property=\"og:image:height\" content=\"788\" \/>\n\t<meta property=\"og:image:type\" content=\"image\/jpeg\" \/>\n<meta name=\"author\" content=\"Simon Gr\u00f6flin\" \/>\n<meta name=\"twitter:card\" content=\"summary_large_image\" \/>\n<meta name=\"twitter:label1\" content=\"Written by\" \/>\n\t<meta name=\"twitter:data1\" content=\"Simon Gr\u00f6flin\" \/>\n\t<meta name=\"twitter:label2\" content=\"Est. reading time\" \/>\n\t<meta name=\"twitter:data2\" content=\"2 minutes\" \/>\n<script type=\"application\/ld+json\" class=\"yoast-schema-graph\">{\"@context\":\"https:\\\/\\\/schema.org\",\"@graph\":[{\"@type\":\"Article\",\"@id\":\"https:\\\/\\\/news.save.ch\\\/vignette-2022-ist-violett-und-kostet-40-franken\\\/#article\",\"isPartOf\":{\"@id\":\"https:\\\/\\\/news.save.ch\\\/vignette-2022-ist-violett-und-kostet-40-franken\\\/\"},\"author\":{\"name\":\"Simon Gr\u00f6flin\",\"@id\":\"https:\\\/\\\/news.save.ch\\\/de\\\/#\\\/schema\\\/person\\\/ad4ef21102fd6125312409ac57d5296d\"},\"headline\":\"Vignette 2022 ist violett und kostet 40 Franken\",\"datePublished\":\"2021-11-22T09:57:01+00:00\",\"dateModified\":\"2023-07-12T16:30:22+00:00\",\"mainEntityOfPage\":{\"@id\":\"https:\\\/\\\/news.save.ch\\\/vignette-2022-ist-violett-und-kostet-40-franken\\\/\"},\"wordCount\":170,\"publisher\":{\"@id\":\"https:\\\/\\\/news.save.ch\\\/de\\\/#organization\"},\"image\":{\"@id\":\"https:\\\/\\\/news.save.ch\\\/vignette-2022-ist-violett-und-kostet-40-franken\\\/#primaryimage\"},\"thumbnailUrl\":\"https:\\\/\\\/news.save.ch\\\/wp-content\\\/uploads\\\/2021\\\/11\\\/vignette_teaser-scaled-1.jpg\",\"keywords\":[\"40 Franken\",\"Autobahnvignette\",\"Fahrzeug\",\"Strassenverkehr\",\"Vignette\",\"Violett\",\"Windschutzscheibe\"],\"articleSection\":[\"ALLGEMEIN\"],\"inLanguage\":\"en-US\"},{\"@type\":\"WebPage\",\"@id\":\"https:\\\/\\\/news.save.ch\\\/vignette-2022-ist-violett-und-kostet-40-franken\\\/\",\"url\":\"https:\\\/\\\/news.save.ch\\\/vignette-2022-ist-violett-und-kostet-40-franken\\\/\",\"name\":\"Vignette 2022 ist violett und kostet 40 Franken - Save\",\"isPartOf\":{\"@id\":\"https:\\\/\\\/news.save.ch\\\/de\\\/#website\"},\"primaryImageOfPage\":{\"@id\":\"https:\\\/\\\/news.save.ch\\\/vignette-2022-ist-violett-und-kostet-40-franken\\\/#primaryimage\"},\"image\":{\"@id\":\"https:\\\/\\\/news.save.ch\\\/vignette-2022-ist-violett-und-kostet-40-franken\\\/#primaryimage\"},\"thumbnailUrl\":\"https:\\\/\\\/news.save.ch\\\/wp-content\\\/uploads\\\/2021\\\/11\\\/vignette_teaser-scaled-1.jpg\",\"datePublished\":\"2021-11-22T09:57:01+00:00\",\"dateModified\":\"2023-07-12T16:30:22+00:00\",\"description\":\"Ab dem 1. Dezember 2021 ist die neue Autobahnvignette an den \u00fcblichen Verkaufsstellen erh\u00e4ltlich. Sie hat die Grundfarbe \u00abViolett metallic\u00bb. Die Jahreszahl auf der Klebeseite ist hellblau, jene auf der Vorderseite weiss. Die Vignette kostet weiterhin 40 Franken.\",\"breadcrumb\":{\"@id\":\"https:\\\/\\\/news.save.ch\\\/vignette-2022-ist-violett-und-kostet-40-franken\\\/#breadcrumb\"},\"inLanguage\":\"en-US\",\"potentialAction\":[{\"@type\":\"ReadAction\",\"target\":[\"https:\\\/\\\/news.save.ch\\\/vignette-2022-ist-violett-und-kostet-40-franken\\\/\"]}]},{\"@type\":\"ImageObject\",\"inLanguage\":\"en-US\",\"@id\":\"https:\\\/\\\/news.save.ch\\\/vignette-2022-ist-violett-und-kostet-40-franken\\\/#primaryimage\",\"url\":\"https:\\\/\\\/news.save.ch\\\/wp-content\\\/uploads\\\/2021\\\/11\\\/vignette_teaser-scaled-1.jpg\",\"contentUrl\":\"https:\\\/\\\/news.save.ch\\\/wp-content\\\/uploads\\\/2021\\\/11\\\/vignette_teaser-scaled-1.jpg\",\"width\":1400,\"height\":788},{\"@type\":\"BreadcrumbList\",\"@id\":\"https:\\\/\\\/news.save.ch\\\/vignette-2022-ist-violett-und-kostet-40-franken\\\/#breadcrumb\",\"itemListElement\":[{\"@type\":\"ListItem\",\"position\":1,\"name\":\"Home\",\"item\":\"https:\\\/\\\/news.save.ch\\\/de\\\/\"},{\"@type\":\"ListItem\",\"position\":2,\"name\":\"Vignette 2022 ist violett und kostet 40 Franken\"}]},{\"@type\":\"WebSite\",\"@id\":\"https:\\\/\\\/news.save.ch\\\/de\\\/#website\",\"url\":\"https:\\\/\\\/news.save.ch\\\/de\\\/\",\"name\":\"Save\",\"description\":\"Schweizer Fachzeitschrift f\u00fcr Sicherheit\",\"publisher\":{\"@id\":\"https:\\\/\\\/news.save.ch\\\/de\\\/#organization\"},\"potentialAction\":[{\"@type\":\"SearchAction\",\"target\":{\"@type\":\"EntryPoint\",\"urlTemplate\":\"https:\\\/\\\/news.save.ch\\\/de\\\/?s={search_term_string}\"},\"query-input\":{\"@type\":\"PropertyValueSpecification\",\"valueRequired\":true,\"valueName\":\"search_term_string\"}}],\"inLanguage\":\"en-US\"},{\"@type\":\"Organization\",\"@id\":\"https:\\\/\\\/news.save.ch\\\/de\\\/#organization\",\"name\":\"Sicherheitsforum\",\"url\":\"https:\\\/\\\/news.save.ch\\\/de\\\/\",\"logo\":{\"@type\":\"ImageObject\",\"inLanguage\":\"en-US\",\"@id\":\"https:\\\/\\\/news.save.ch\\\/de\\\/#\\\/schema\\\/logo\\\/image\\\/\",\"url\":\"https:\\\/\\\/news.save.ch\\\/wp-content\\\/uploads\\\/2022\\\/06\\\/Logo_SF_2012.png\",\"contentUrl\":\"https:\\\/\\\/news.save.ch\\\/wp-content\\\/uploads\\\/2022\\\/06\\\/Logo_SF_2012.png\",\"width\":1100,\"height\":91,\"caption\":\"Sicherheitsforum\"},\"image\":{\"@id\":\"https:\\\/\\\/news.save.ch\\\/de\\\/#\\\/schema\\\/logo\\\/image\\\/\"}},{\"@type\":\"Person\",\"@id\":\"https:\\\/\\\/news.save.ch\\\/de\\\/#\\\/schema\\\/person\\\/ad4ef21102fd6125312409ac57d5296d\",\"name\":\"Simon Gr\u00f6flin\",\"image\":{\"@type\":\"ImageObject\",\"inLanguage\":\"en-US\",\"@id\":\"https:\\\/\\\/secure.gravatar.com\\\/avatar\\\/6ddceb80eb734354635539e0ea5140bb7c41e42de7c45c9a2ab9921b5d5c9a83?s=96&d=mm&r=g\",\"url\":\"https:\\\/\\\/secure.gravatar.com\\\/avatar\\\/6ddceb80eb734354635539e0ea5140bb7c41e42de7c45c9a2ab9921b5d5c9a83?s=96&d=mm&r=g\",\"contentUrl\":\"https:\\\/\\\/secure.gravatar.com\\\/avatar\\\/6ddceb80eb734354635539e0ea5140bb7c41e42de7c45c9a2ab9921b5d5c9a83?s=96&d=mm&r=g\",\"caption\":\"Simon Gr\u00f6flin\"},\"url\":\"https:\\\/\\\/news.save.ch\\\/en\\\/author\\\/simon-groeflin\\\/\"}]}<\/script>\n<!-- \/ Yoast SEO plugin. -->","yoast_head_json":{"title":"Vignette 2022 is purple and costs 40 francs - Save","description":"From December 1, 2021, the new freeway vignette will be available at the usual points of sale. It has the basic color \"metallic violet\". The year on the adhesive side is light blue, the one on the front is white. The vignette still costs CHF 40.","robots":{"index":"index","follow":"follow","max-snippet":"max-snippet:-1","max-image-preview":"max-image-preview:large","max-video-preview":"max-video-preview:-1"},"canonical":"https:\/\/news.save.ch\/en\/vignette-2022-ist-violett-und-kostet-40-franken\/","og_locale":"en_US","og_type":"article","og_title":"Vignette 2022 ist violett und kostet 40 Franken - Save","og_description":"Ab dem 1. Dezember 2021 ist die neue Autobahnvignette an den \u00fcblichen Verkaufsstellen erh\u00e4ltlich. Sie hat die Grundfarbe \u00abViolett metallic\u00bb. Die Jahreszahl auf der Klebeseite ist hellblau, jene auf der Vorderseite weiss. Die Vignette kostet weiterhin 40 Franken.","og_url":"https:\/\/news.save.ch\/en\/vignette-2022-ist-violett-und-kostet-40-franken\/","og_site_name":"Save","article_published_time":"2021-11-22T09:57:01+00:00","article_modified_time":"2023-07-12T16:30:22+00:00","og_image":[{"width":1400,"height":788,"url":"https:\/\/news.save.ch\/wp-content\/uploads\/2021\/11\/vignette_teaser-scaled-1.jpg","type":"image\/jpeg"}],"author":"Simon Gr\u00f6flin","twitter_card":"summary_large_image","twitter_misc":{"Written by":"Simon Gr\u00f6flin","Est. reading time":"2 minutes"},"schema":{"@context":"https:\/\/schema.org","@graph":[{"@type":"Article","@id":"https:\/\/news.save.ch\/vignette-2022-ist-violett-und-kostet-40-franken\/#article","isPartOf":{"@id":"https:\/\/news.save.ch\/vignette-2022-ist-violett-und-kostet-40-franken\/"},"author":{"name":"Simon Gr\u00f6flin","@id":"https:\/\/news.save.ch\/de\/#\/schema\/person\/ad4ef21102fd6125312409ac57d5296d"},"headline":"Vignette 2022 ist violett und kostet 40 Franken","datePublished":"2021-11-22T09:57:01+00:00","dateModified":"2023-07-12T16:30:22+00:00","mainEntityOfPage":{"@id":"https:\/\/news.save.ch\/vignette-2022-ist-violett-und-kostet-40-franken\/"},"wordCount":170,"publisher":{"@id":"https:\/\/news.save.ch\/de\/#organization"},"image":{"@id":"https:\/\/news.save.ch\/vignette-2022-ist-violett-und-kostet-40-franken\/#primaryimage"},"thumbnailUrl":"https:\/\/news.save.ch\/wp-content\/uploads\/2021\/11\/vignette_teaser-scaled-1.jpg","keywords":["40 Franken","Autobahnvignette","Fahrzeug","Strassenverkehr","Vignette","Violett","Windschutzscheibe"],"articleSection":["ALLGEMEIN"],"inLanguage":"en-US"},{"@type":"WebPage","@id":"https:\/\/news.save.ch\/vignette-2022-ist-violett-und-kostet-40-franken\/","url":"https:\/\/news.save.ch\/vignette-2022-ist-violett-und-kostet-40-franken\/","name":"Vignette 2022 is purple and costs 40 francs - Save","isPartOf":{"@id":"https:\/\/news.save.ch\/de\/#website"},"primaryImageOfPage":{"@id":"https:\/\/news.save.ch\/vignette-2022-ist-violett-und-kostet-40-franken\/#primaryimage"},"image":{"@id":"https:\/\/news.save.ch\/vignette-2022-ist-violett-und-kostet-40-franken\/#primaryimage"},"thumbnailUrl":"https:\/\/news.save.ch\/wp-content\/uploads\/2021\/11\/vignette_teaser-scaled-1.jpg","datePublished":"2021-11-22T09:57:01+00:00","dateModified":"2023-07-12T16:30:22+00:00","description":"From December 1, 2021, the new freeway vignette will be available at the usual points of sale. It has the basic color \"metallic violet\". The year on the adhesive side is light blue, the one on the front is white. The vignette still costs CHF 40.","breadcrumb":{"@id":"https:\/\/news.save.ch\/vignette-2022-ist-violett-und-kostet-40-franken\/#breadcrumb"},"inLanguage":"en-US","potentialAction":[{"@type":"ReadAction","target":["https:\/\/news.save.ch\/vignette-2022-ist-violett-und-kostet-40-franken\/"]}]},{"@type":"ImageObject","inLanguage":"en-US","@id":"https:\/\/news.save.ch\/vignette-2022-ist-violett-und-kostet-40-franken\/#primaryimage","url":"https:\/\/news.save.ch\/wp-content\/uploads\/2021\/11\/vignette_teaser-scaled-1.jpg","contentUrl":"https:\/\/news.save.ch\/wp-content\/uploads\/2021\/11\/vignette_teaser-scaled-1.jpg","width":1400,"height":788},{"@type":"BreadcrumbList","@id":"https:\/\/news.save.ch\/vignette-2022-ist-violett-und-kostet-40-franken\/#breadcrumb","itemListElement":[{"@type":"ListItem","position":1,"name":"Home","item":"https:\/\/news.save.ch\/de\/"},{"@type":"ListItem","position":2,"name":"Vignette 2022 ist violett und kostet 40 Franken"}]},{"@type":"WebSite","@id":"https:\/\/news.save.ch\/de\/#website","url":"https:\/\/news.save.ch\/de\/","name":"Save","description":"Swiss trade journal for safety","publisher":{"@id":"https:\/\/news.save.ch\/de\/#organization"},"potentialAction":[{"@type":"SearchAction","target":{"@type":"EntryPoint","urlTemplate":"https:\/\/news.save.ch\/de\/?s={search_term_string}"},"query-input":{"@type":"PropertyValueSpecification","valueRequired":true,"valueName":"search_term_string"}}],"inLanguage":"en-US"},{"@type":"Organization","@id":"https:\/\/news.save.ch\/de\/#organization","name":"Security Forum","url":"https:\/\/news.save.ch\/de\/","logo":{"@type":"ImageObject","inLanguage":"en-US","@id":"https:\/\/news.save.ch\/de\/#\/schema\/logo\/image\/","url":"https:\/\/news.save.ch\/wp-content\/uploads\/2022\/06\/Logo_SF_2012.png","contentUrl":"https:\/\/news.save.ch\/wp-content\/uploads\/2022\/06\/Logo_SF_2012.png","width":1100,"height":91,"caption":"Sicherheitsforum"},"image":{"@id":"https:\/\/news.save.ch\/de\/#\/schema\/logo\/image\/"}},{"@type":"Person","@id":"https:\/\/news.save.ch\/de\/#\/schema\/person\/ad4ef21102fd6125312409ac57d5296d","name":"Simon Gr\u00f6flin","image":{"@type":"ImageObject","inLanguage":"en-US","@id":"https:\/\/secure.gravatar.com\/avatar\/6ddceb80eb734354635539e0ea5140bb7c41e42de7c45c9a2ab9921b5d5c9a83?s=96&d=mm&r=g","url":"https:\/\/secure.gravatar.com\/avatar\/6ddceb80eb734354635539e0ea5140bb7c41e42de7c45c9a2ab9921b5d5c9a83?s=96&d=mm&r=g","contentUrl":"https:\/\/secure.gravatar.com\/avatar\/6ddceb80eb734354635539e0ea5140bb7c41e42de7c45c9a2ab9921b5d5c9a83?s=96&d=mm&r=g","caption":"Simon Gr\u00f6flin"},"url":"https:\/\/news.save.ch\/en\/author\/simon-groeflin\/"}]}},"_links":{"self":[{"href":"https:\/\/news.save.ch\/en\/wp-json\/wp\/v2\/posts\/8058","targetHints":{"allow":["GET"]}}],"collection":[{"href":"https:\/\/news.save.ch\/en\/wp-json\/wp\/v2\/posts"}],"about":[{"href":"https:\/\/news.save.ch\/en\/wp-json\/wp\/v2\/types\/post"}],"author":[{"embeddable":true,"href":"https:\/\/news.save.ch\/en\/wp-json\/wp\/v2\/users\/9"}],"replies":[{"embeddable":true,"href":"https:\/\/news.save.ch\/en\/wp-json\/wp\/v2\/comments?post=8058"}],"version-history":[{"count":2,"href":"https:\/\/news.save.ch\/en\/wp-json\/wp\/v2\/posts\/8058\/revisions"}],"predecessor-version":[{"id":20754,"href":"https:\/\/news.save.ch\/en\/wp-json\/wp\/v2\/posts\/8058\/revisions\/20754"}],"wp:featuredmedia":[{"embeddable":true,"href":"https:\/\/news.save.ch\/en\/wp-json\/wp\/v2\/media\/16504"}],"wp:attachment":[{"href":"https:\/\/news.save.ch\/en\/wp-json\/wp\/v2\/media?parent=8058"}],"wp:term":[{"taxonomy":"category","embeddable":true,"href":"https:\/\/news.save.ch\/en\/wp-json\/wp\/v2\/categories?post=8058"},{"taxonomy":"post_tag","embeddable":true,"href":"https:\/\/news.save.ch\/en\/wp-json\/wp\/v2\/tags?post=8058"}],"curies":[{"name":"wp","href":"https:\/\/api.w.org\/{rel}","templated":true}]}}