{"id":8078,"date":"2019-05-21T17:14:24","date_gmt":"2019-05-21T15:14:24","guid":{"rendered":"https:\/\/news.save.ch\/?p=8078"},"modified":"2019-05-21T17:14:24","modified_gmt":"2019-05-21T15:14:24","slug":"personelle-aenderungen-im-ses-vorstand","status":null,"type":"post","link":"https:\/\/news.save.ch\/en\/personelle-aenderungen-im-ses-vorstand\/","title":{"rendered":"Personnel changes in the SES Board"},"content":{"rendered":"<figure id=\"attachment_8085\" aria-describedby=\"caption-attachment-8085\" style=\"width: 680px\" class=\"wp-caption aligncenter\"><img loading=\"lazy\" decoding=\"async\" class=\"size-medium wp-image-8085\" src=\"https:\/\/news.save.ch\/wp-content\/uploads\/2019\/05\/IMG_9983_bearbeitet-korr-scaled-1.jpg\" alt=\"\" width=\"680\" height=\"447\" \/><figcaption id=\"caption-attachment-8085\" class=\"wp-caption-text\">Bruno Steiner, Natalie Cattaneo from the SES office and SES President Peter Nebiker. (Photo: R. Str\u00e4ssle)<\/figcaption><\/figure>\n<p>Two veteran gentlemen in the <a href=\"https:\/\/www.sicher-ses.ch\/de\">SES<\/a>-Bruno Steiner is a veteran of the security industry and has been a member of the association for over 40 years. He is one of the founding fathers of his company BSW Security. Steiner joined SES in 1977, which was founded in 1972 as the Association of Swiss Manufacturers of Fire Alarm Systems. SES President Peter Nebiker paid tribute to the long-standing member, saying Steiner had accompanied and helped shape almost the entire history of the association. With his know-how, he particularly shaped the work in the Technical Working Committee for Fire Alarm Systems (TAK BMA) in the SES. Steiner has resigned from TAK BMA, his successor is Ren\u00e9 H\u00e4cki, also from the company BSW.<\/p>\n<p><strong>Guido Portmann also resigns<\/strong><\/p>\n<p>Vice President Guido Portmann (Securiton) has also stepped down from the Board. He had been a member of the board since 2004, including several years as president. Nebiker praised Portmann's work in the SES as extremely commendable, as he had been an important driver of the training area. The continuing education <a href=\"https:\/\/news.save.ch\/en\/dieses-diplom-kann-meiner-karriere-nur-foerderlich-sein\/\">Project Manager Safety Engineering<\/a>which the association offered for the first time in 2009, is extremely popular. Every year, the association is able to present various federal certificates of proficiency to its young professionals.<\/p>\n<p>The newly elected members of the SES Board are Jim Steiner (BSW Security) and Martin Altorfer (Securiton), who becomes Vice President. Peter Nebiker was confirmed as SES President with applause.<\/p>\n<p><strong>96 SES members<\/strong><\/p>\n<p>The number of members in the SES association is currently 96 installers, product suppliers, planners and authorities. In the 2018-2019 association year, eight new members joined and five left.\u00a0 <em>(rs)<\/em><\/p>\n<p><em>A detailed report will be published in the <a href=\"https:\/\/news.save.ch\/en\/sicherheitsforum\/\">SafetyForum<\/a> 3\/2019.<\/em><\/p>\n<p>&nbsp;<\/p>","protected":false},"excerpt":{"rendered":"<p>Zwei altgediente Herren im SES-Vorstand treten k\u00fcrzer: Bruno Steiner ist ein Urgestein in der Sicherheitsbranche und seit \u00fcber 40 Jahren Mitglied im Verband. Er geh\u00f6rt zu den Gr\u00fcnderv\u00e4tern seiner Firma BSW Security. Steiner kam im Jahr 1977 zum SES, der 1972 als Vereinigung Schweizerischer Hersteller von Brandmeldeanlagen ins Leben gerufen wurde. SES-Pr\u00e4sident Peter Nebiker w\u00fcrdigte [&hellip;]<\/p>\n","protected":false},"author":8,"featured_media":8085,"comment_status":"open","ping_status":"open","sticky":false,"template":"","format":"standard","meta":{"_acf_changed":false,"pgc_sgb_lightbox_settings":"","footnotes":""},"categories":[1],"tags":[144,450,66],"class_list":["post-8078","post","type-post","status-publish","format-standard","has-post-thumbnail","hentry","category-allgemein","tag-personalien","tag-ses","tag-verbaende"],"acf":[],"hkrextid":null,"publication":null,"issue":null,"workflow":null,"startPage":null,"spitzmarke":null,"_posts_by_tag_page_fields":{"widget_title":"","widget_tags":""},"_at_widget":"1","_yoast_wpseo_primary_category":"1","_yoast_wpseo_focuskw_text_input":"SES-Vorstand","_yoast_wpseo_opengraph-image":null,"_yoast_wpseo_opengraph-description":null,"_yoast_wpseo_opengraph-title":null,"enclosure":null,"_yoast_wpseo_twitter-title":null,"_yoast_wpseo_twitter-description":null,"_yoast_wpseo_twitter-image":null,"_wp_old_slug":null,"_yoast_wpseo_title":null,"_yoast_wpseo_canonical":null,"yoast_head":"<!-- This site is optimized with the Yoast SEO plugin v27.5 - https:\/\/yoast.com\/product\/yoast-seo-wordpress\/ -->\n<title>Personelle \u00c4nderungen im SES-Vorstand - Save<\/title>\n<meta name=\"description\" content=\"Der Verband Schweizerischer Errichter von Sicherheitsanlagen (SES) hat am 21. Mai 2019 seine Mitgliederversammlung in Pf\u00e4ffikon SZ durchgef\u00fchrt.\" \/>\n<meta name=\"robots\" content=\"index, follow, max-snippet:-1, max-image-preview:large, max-video-preview:-1\" \/>\n<link rel=\"canonical\" href=\"https:\/\/news.save.ch\/en\/personelle-aenderungen-im-ses-vorstand\/\" \/>\n<meta property=\"og:locale\" content=\"en_US\" \/>\n<meta property=\"og:type\" content=\"article\" \/>\n<meta property=\"og:title\" content=\"Personelle \u00c4nderungen im SES-Vorstand - Save\" \/>\n<meta property=\"og:description\" content=\"Der Verband Schweizerischer Errichter von Sicherheitsanlagen (SES) hat am 21. Mai 2019 seine Mitgliederversammlung in Pf\u00e4ffikon SZ durchgef\u00fchrt.\" \/>\n<meta property=\"og:url\" content=\"https:\/\/news.save.ch\/en\/personelle-aenderungen-im-ses-vorstand\/\" \/>\n<meta property=\"og:site_name\" content=\"Save\" \/>\n<meta property=\"article:published_time\" content=\"2019-05-21T15:14:24+00:00\" \/>\n<meta property=\"og:image\" content=\"https:\/\/news.save.ch\/wp-content\/uploads\/2019\/05\/IMG_9983_bearbeitet-korr-scaled-1-scaled.jpg\" \/>\n\t<meta property=\"og:image:width\" content=\"1400\" \/>\n\t<meta property=\"og:image:height\" content=\"920\" \/>\n\t<meta property=\"og:image:type\" content=\"image\/jpeg\" \/>\n<meta name=\"author\" content=\"Roger Str\u00e4ssle\" \/>\n<meta name=\"twitter:card\" content=\"summary_large_image\" \/>\n<meta name=\"twitter:label1\" content=\"Written by\" \/>\n\t<meta name=\"twitter:data1\" content=\"Roger Str\u00e4ssle\" \/>\n\t<meta name=\"twitter:label2\" content=\"Est. reading time\" \/>\n\t<meta name=\"twitter:data2\" content=\"1 minute\" \/>\n<script type=\"application\/ld+json\" class=\"yoast-schema-graph\">{\"@context\":\"https:\\\/\\\/schema.org\",\"@graph\":[{\"@type\":\"Article\",\"@id\":\"https:\\\/\\\/news.save.ch\\\/personelle-aenderungen-im-ses-vorstand\\\/#article\",\"isPartOf\":{\"@id\":\"https:\\\/\\\/news.save.ch\\\/personelle-aenderungen-im-ses-vorstand\\\/\"},\"author\":{\"name\":\"Roger Str\u00e4ssle\",\"@id\":\"https:\\\/\\\/news.save.ch\\\/de\\\/#\\\/schema\\\/person\\\/d5022db048e0e2b9785c50e5b24da5aa\"},\"headline\":\"Personelle \u00c4nderungen im SES-Vorstand\",\"datePublished\":\"2019-05-21T15:14:24+00:00\",\"mainEntityOfPage\":{\"@id\":\"https:\\\/\\\/news.save.ch\\\/personelle-aenderungen-im-ses-vorstand\\\/\"},\"wordCount\":281,\"commentCount\":0,\"publisher\":{\"@id\":\"https:\\\/\\\/news.save.ch\\\/de\\\/#organization\"},\"image\":{\"@id\":\"https:\\\/\\\/news.save.ch\\\/personelle-aenderungen-im-ses-vorstand\\\/#primaryimage\"},\"thumbnailUrl\":\"https:\\\/\\\/news.save.ch\\\/wp-content\\\/uploads\\\/2019\\\/05\\\/IMG_9983_bearbeitet-korr-scaled-1-scaled.jpg\",\"keywords\":[\"Personalien\",\"SES\",\"Verb\u00e4nde\"],\"articleSection\":[\"ALLGEMEIN\"],\"inLanguage\":\"en-US\"},{\"@type\":\"WebPage\",\"@id\":\"https:\\\/\\\/news.save.ch\\\/personelle-aenderungen-im-ses-vorstand\\\/\",\"url\":\"https:\\\/\\\/news.save.ch\\\/personelle-aenderungen-im-ses-vorstand\\\/\",\"name\":\"Personelle \u00c4nderungen im SES-Vorstand - Save\",\"isPartOf\":{\"@id\":\"https:\\\/\\\/news.save.ch\\\/de\\\/#website\"},\"primaryImageOfPage\":{\"@id\":\"https:\\\/\\\/news.save.ch\\\/personelle-aenderungen-im-ses-vorstand\\\/#primaryimage\"},\"image\":{\"@id\":\"https:\\\/\\\/news.save.ch\\\/personelle-aenderungen-im-ses-vorstand\\\/#primaryimage\"},\"thumbnailUrl\":\"https:\\\/\\\/news.save.ch\\\/wp-content\\\/uploads\\\/2019\\\/05\\\/IMG_9983_bearbeitet-korr-scaled-1-scaled.jpg\",\"datePublished\":\"2019-05-21T15:14:24+00:00\",\"description\":\"Der Verband Schweizerischer Errichter von Sicherheitsanlagen (SES) hat am 21. Mai 2019 seine Mitgliederversammlung in Pf\u00e4ffikon SZ durchgef\u00fchrt.\",\"breadcrumb\":{\"@id\":\"https:\\\/\\\/news.save.ch\\\/personelle-aenderungen-im-ses-vorstand\\\/#breadcrumb\"},\"inLanguage\":\"en-US\",\"potentialAction\":[{\"@type\":\"ReadAction\",\"target\":[\"https:\\\/\\\/news.save.ch\\\/personelle-aenderungen-im-ses-vorstand\\\/\"]}]},{\"@type\":\"ImageObject\",\"inLanguage\":\"en-US\",\"@id\":\"https:\\\/\\\/news.save.ch\\\/personelle-aenderungen-im-ses-vorstand\\\/#primaryimage\",\"url\":\"https:\\\/\\\/news.save.ch\\\/wp-content\\\/uploads\\\/2019\\\/05\\\/IMG_9983_bearbeitet-korr-scaled-1-scaled.jpg\",\"contentUrl\":\"https:\\\/\\\/news.save.ch\\\/wp-content\\\/uploads\\\/2019\\\/05\\\/IMG_9983_bearbeitet-korr-scaled-1-scaled.jpg\",\"width\":1400,\"height\":920,\"caption\":\"Bruno Steiner, Natalie Cattaneo von der SES-Gesch\u00e4ftsstelle und SES-Pr\u00e4sident Peter Nebiker. (Foto: R. Str\u00e4ssle)\"},{\"@type\":\"BreadcrumbList\",\"@id\":\"https:\\\/\\\/news.save.ch\\\/personelle-aenderungen-im-ses-vorstand\\\/#breadcrumb\",\"itemListElement\":[{\"@type\":\"ListItem\",\"position\":1,\"name\":\"Home\",\"item\":\"https:\\\/\\\/news.save.ch\\\/de\\\/\"},{\"@type\":\"ListItem\",\"position\":2,\"name\":\"Personelle \u00c4nderungen im SES-Vorstand\"}]},{\"@type\":\"WebSite\",\"@id\":\"https:\\\/\\\/news.save.ch\\\/de\\\/#website\",\"url\":\"https:\\\/\\\/news.save.ch\\\/de\\\/\",\"name\":\"Save\",\"description\":\"Schweizer Fachzeitschrift f\u00fcr Sicherheit\",\"publisher\":{\"@id\":\"https:\\\/\\\/news.save.ch\\\/de\\\/#organization\"},\"potentialAction\":[{\"@type\":\"SearchAction\",\"target\":{\"@type\":\"EntryPoint\",\"urlTemplate\":\"https:\\\/\\\/news.save.ch\\\/de\\\/?s={search_term_string}\"},\"query-input\":{\"@type\":\"PropertyValueSpecification\",\"valueRequired\":true,\"valueName\":\"search_term_string\"}}],\"inLanguage\":\"en-US\"},{\"@type\":\"Organization\",\"@id\":\"https:\\\/\\\/news.save.ch\\\/de\\\/#organization\",\"name\":\"Sicherheitsforum\",\"url\":\"https:\\\/\\\/news.save.ch\\\/de\\\/\",\"logo\":{\"@type\":\"ImageObject\",\"inLanguage\":\"en-US\",\"@id\":\"https:\\\/\\\/news.save.ch\\\/de\\\/#\\\/schema\\\/logo\\\/image\\\/\",\"url\":\"https:\\\/\\\/news.save.ch\\\/wp-content\\\/uploads\\\/2022\\\/06\\\/Logo_SF_2012.png\",\"contentUrl\":\"https:\\\/\\\/news.save.ch\\\/wp-content\\\/uploads\\\/2022\\\/06\\\/Logo_SF_2012.png\",\"width\":1100,\"height\":91,\"caption\":\"Sicherheitsforum\"},\"image\":{\"@id\":\"https:\\\/\\\/news.save.ch\\\/de\\\/#\\\/schema\\\/logo\\\/image\\\/\"}},{\"@type\":\"Person\",\"@id\":\"https:\\\/\\\/news.save.ch\\\/de\\\/#\\\/schema\\\/person\\\/d5022db048e0e2b9785c50e5b24da5aa\",\"name\":\"Roger Str\u00e4ssle\",\"image\":{\"@type\":\"ImageObject\",\"inLanguage\":\"en-US\",\"@id\":\"https:\\\/\\\/secure.gravatar.com\\\/avatar\\\/862a5569d087de48e5856e32f45d719a03804c891d6deb8d4f71a660e79e4a47?s=96&d=mm&r=g\",\"url\":\"https:\\\/\\\/secure.gravatar.com\\\/avatar\\\/862a5569d087de48e5856e32f45d719a03804c891d6deb8d4f71a660e79e4a47?s=96&d=mm&r=g\",\"contentUrl\":\"https:\\\/\\\/secure.gravatar.com\\\/avatar\\\/862a5569d087de48e5856e32f45d719a03804c891d6deb8d4f71a660e79e4a47?s=96&d=mm&r=g\",\"caption\":\"Roger Str\u00e4ssle\"},\"url\":\"https:\\\/\\\/news.save.ch\\\/en\\\/author\\\/roger-straessle\\\/\"}]}<\/script>\n<!-- \/ Yoast SEO plugin. -->","yoast_head_json":{"title":"Personnel changes in the SES Board - Save","description":"The Association of Swiss Installers of Security Systems (SES) held its general meeting in Pf\u00e4ffikon SZ on May 21, 2019.","robots":{"index":"index","follow":"follow","max-snippet":"max-snippet:-1","max-image-preview":"max-image-preview:large","max-video-preview":"max-video-preview:-1"},"canonical":"https:\/\/news.save.ch\/en\/personelle-aenderungen-im-ses-vorstand\/","og_locale":"en_US","og_type":"article","og_title":"Personelle \u00c4nderungen im SES-Vorstand - Save","og_description":"Der Verband Schweizerischer Errichter von Sicherheitsanlagen (SES) hat am 21. Mai 2019 seine Mitgliederversammlung in Pf\u00e4ffikon SZ durchgef\u00fchrt.","og_url":"https:\/\/news.save.ch\/en\/personelle-aenderungen-im-ses-vorstand\/","og_site_name":"Save","article_published_time":"2019-05-21T15:14:24+00:00","og_image":[{"width":1400,"height":920,"url":"https:\/\/news.save.ch\/wp-content\/uploads\/2019\/05\/IMG_9983_bearbeitet-korr-scaled-1-scaled.jpg","type":"image\/jpeg"}],"author":"Roger Str\u00e4ssle","twitter_card":"summary_large_image","twitter_misc":{"Written by":"Roger Str\u00e4ssle","Est. reading time":"1 minute"},"schema":{"@context":"https:\/\/schema.org","@graph":[{"@type":"Article","@id":"https:\/\/news.save.ch\/personelle-aenderungen-im-ses-vorstand\/#article","isPartOf":{"@id":"https:\/\/news.save.ch\/personelle-aenderungen-im-ses-vorstand\/"},"author":{"name":"Roger Str\u00e4ssle","@id":"https:\/\/news.save.ch\/de\/#\/schema\/person\/d5022db048e0e2b9785c50e5b24da5aa"},"headline":"Personelle \u00c4nderungen im SES-Vorstand","datePublished":"2019-05-21T15:14:24+00:00","mainEntityOfPage":{"@id":"https:\/\/news.save.ch\/personelle-aenderungen-im-ses-vorstand\/"},"wordCount":281,"commentCount":0,"publisher":{"@id":"https:\/\/news.save.ch\/de\/#organization"},"image":{"@id":"https:\/\/news.save.ch\/personelle-aenderungen-im-ses-vorstand\/#primaryimage"},"thumbnailUrl":"https:\/\/news.save.ch\/wp-content\/uploads\/2019\/05\/IMG_9983_bearbeitet-korr-scaled-1-scaled.jpg","keywords":["Personalien","SES","Verb\u00e4nde"],"articleSection":["ALLGEMEIN"],"inLanguage":"en-US"},{"@type":"WebPage","@id":"https:\/\/news.save.ch\/personelle-aenderungen-im-ses-vorstand\/","url":"https:\/\/news.save.ch\/personelle-aenderungen-im-ses-vorstand\/","name":"Personnel changes in the SES Board - Save","isPartOf":{"@id":"https:\/\/news.save.ch\/de\/#website"},"primaryImageOfPage":{"@id":"https:\/\/news.save.ch\/personelle-aenderungen-im-ses-vorstand\/#primaryimage"},"image":{"@id":"https:\/\/news.save.ch\/personelle-aenderungen-im-ses-vorstand\/#primaryimage"},"thumbnailUrl":"https:\/\/news.save.ch\/wp-content\/uploads\/2019\/05\/IMG_9983_bearbeitet-korr-scaled-1-scaled.jpg","datePublished":"2019-05-21T15:14:24+00:00","description":"The Association of Swiss Installers of Security Systems (SES) held its general meeting in Pf\u00e4ffikon SZ on May 21, 2019.","breadcrumb":{"@id":"https:\/\/news.save.ch\/personelle-aenderungen-im-ses-vorstand\/#breadcrumb"},"inLanguage":"en-US","potentialAction":[{"@type":"ReadAction","target":["https:\/\/news.save.ch\/personelle-aenderungen-im-ses-vorstand\/"]}]},{"@type":"ImageObject","inLanguage":"en-US","@id":"https:\/\/news.save.ch\/personelle-aenderungen-im-ses-vorstand\/#primaryimage","url":"https:\/\/news.save.ch\/wp-content\/uploads\/2019\/05\/IMG_9983_bearbeitet-korr-scaled-1-scaled.jpg","contentUrl":"https:\/\/news.save.ch\/wp-content\/uploads\/2019\/05\/IMG_9983_bearbeitet-korr-scaled-1-scaled.jpg","width":1400,"height":920,"caption":"Bruno Steiner, Natalie Cattaneo von der SES-Gesch\u00e4ftsstelle und SES-Pr\u00e4sident Peter Nebiker. (Foto: R. Str\u00e4ssle)"},{"@type":"BreadcrumbList","@id":"https:\/\/news.save.ch\/personelle-aenderungen-im-ses-vorstand\/#breadcrumb","itemListElement":[{"@type":"ListItem","position":1,"name":"Home","item":"https:\/\/news.save.ch\/de\/"},{"@type":"ListItem","position":2,"name":"Personelle \u00c4nderungen im SES-Vorstand"}]},{"@type":"WebSite","@id":"https:\/\/news.save.ch\/de\/#website","url":"https:\/\/news.save.ch\/de\/","name":"Save","description":"Swiss trade journal for safety","publisher":{"@id":"https:\/\/news.save.ch\/de\/#organization"},"potentialAction":[{"@type":"SearchAction","target":{"@type":"EntryPoint","urlTemplate":"https:\/\/news.save.ch\/de\/?s={search_term_string}"},"query-input":{"@type":"PropertyValueSpecification","valueRequired":true,"valueName":"search_term_string"}}],"inLanguage":"en-US"},{"@type":"Organization","@id":"https:\/\/news.save.ch\/de\/#organization","name":"Security Forum","url":"https:\/\/news.save.ch\/de\/","logo":{"@type":"ImageObject","inLanguage":"en-US","@id":"https:\/\/news.save.ch\/de\/#\/schema\/logo\/image\/","url":"https:\/\/news.save.ch\/wp-content\/uploads\/2022\/06\/Logo_SF_2012.png","contentUrl":"https:\/\/news.save.ch\/wp-content\/uploads\/2022\/06\/Logo_SF_2012.png","width":1100,"height":91,"caption":"Sicherheitsforum"},"image":{"@id":"https:\/\/news.save.ch\/de\/#\/schema\/logo\/image\/"}},{"@type":"Person","@id":"https:\/\/news.save.ch\/de\/#\/schema\/person\/d5022db048e0e2b9785c50e5b24da5aa","name":"Roger Str\u00e4ssle","image":{"@type":"ImageObject","inLanguage":"en-US","@id":"https:\/\/secure.gravatar.com\/avatar\/862a5569d087de48e5856e32f45d719a03804c891d6deb8d4f71a660e79e4a47?s=96&d=mm&r=g","url":"https:\/\/secure.gravatar.com\/avatar\/862a5569d087de48e5856e32f45d719a03804c891d6deb8d4f71a660e79e4a47?s=96&d=mm&r=g","contentUrl":"https:\/\/secure.gravatar.com\/avatar\/862a5569d087de48e5856e32f45d719a03804c891d6deb8d4f71a660e79e4a47?s=96&d=mm&r=g","caption":"Roger Str\u00e4ssle"},"url":"https:\/\/news.save.ch\/en\/author\/roger-straessle\/"}]}},"_links":{"self":[{"href":"https:\/\/news.save.ch\/en\/wp-json\/wp\/v2\/posts\/8078","targetHints":{"allow":["GET"]}}],"collection":[{"href":"https:\/\/news.save.ch\/en\/wp-json\/wp\/v2\/posts"}],"about":[{"href":"https:\/\/news.save.ch\/en\/wp-json\/wp\/v2\/types\/post"}],"author":[{"embeddable":true,"href":"https:\/\/news.save.ch\/en\/wp-json\/wp\/v2\/users\/8"}],"replies":[{"embeddable":true,"href":"https:\/\/news.save.ch\/en\/wp-json\/wp\/v2\/comments?post=8078"}],"version-history":[{"count":0,"href":"https:\/\/news.save.ch\/en\/wp-json\/wp\/v2\/posts\/8078\/revisions"}],"wp:featuredmedia":[{"embeddable":true,"href":"https:\/\/news.save.ch\/en\/wp-json\/wp\/v2\/media\/8085"}],"wp:attachment":[{"href":"https:\/\/news.save.ch\/en\/wp-json\/wp\/v2\/media?parent=8078"}],"wp:term":[{"taxonomy":"category","embeddable":true,"href":"https:\/\/news.save.ch\/en\/wp-json\/wp\/v2\/categories?post=8078"},{"taxonomy":"post_tag","embeddable":true,"href":"https:\/\/news.save.ch\/en\/wp-json\/wp\/v2\/tags?post=8078"}],"curies":[{"name":"wp","href":"https:\/\/api.w.org\/{rel}","templated":true}]}}