{"id":8095,"date":"2019-05-25T06:12:23","date_gmt":"2019-05-25T04:12:23","guid":{"rendered":"https:\/\/news.save.ch\/?p=8095"},"modified":"2023-03-14T08:56:47","modified_gmt":"2023-03-14T07:56:47","slug":"ein-jahr-dsgvo","status":null,"type":"post","link":"https:\/\/news.save.ch\/en\/ein-jahr-dsgvo\/","title":{"rendered":"One year DSGVO"},"content":{"rendered":"<figure id=\"attachment_8096\" aria-describedby=\"caption-attachment-8096\" style=\"width: 680px\" class=\"wp-caption aligncenter\"><img loading=\"lazy\" decoding=\"async\" class=\"size-medium wp-image-8096\" src=\"https:\/\/news.save.ch\/wp-content\/uploads\/2019\/05\/Depositphotos_215270688_l-2015.jpg\" alt=\"\" width=\"680\" height=\"519\" \/><figcaption id=\"caption-attachment-8096\" class=\"wp-caption-text\">\u00a9 depositphotos, lenawurm<\/figcaption><\/figure>\n<p>&nbsp;<\/p>\n<p>Not only the citizens, but also the companies would benefit from the <a href=\"https:\/\/de.wikipedia.org\/wiki\/Datenschutz-Grundverordnung\">GDPR<\/a> The European Commission Vice President Ansip and Justice Commissioner Jourov\u00e1 said in a joint statement that the new regulation would benefit the EU as only one set of rules would apply in the Union. With the GDPR, authorities have an effective tool to take action against infringements, they said. In the first year since the GDPR came into force, the newly created European Data Protection Board had registered more than 400 cross-border cases across Europe. This is proof of the added value of the GDPR, as data protection does not stop at national borders, the Commission said.<br \/>\nIn addition, he said, people's awareness has increased with the new set of rules: New figures showed that almost six out of ten people would know that there was a data protection authority in their country.<\/p>\n<p><strong>Too little clarity <\/strong><\/p>\n<p><a href=\"https:\/\/www.eco.de\">Eco<\/a>the largest association of the Internet industry in Europe, complains that legal certainty for all companies and a uniform interpretation of the GDPR is still a long way off in Europe. \"We call on the data protection commissioners in Germany and the supervisory authorities throughout Europe to interpret these rules uniformly in order to protect companies from bureaucratic arbitrariness,\" emphasizes Alexander Rabe, Managing Director of the Eco Association.<\/p>\n<p>SMEs, associations and businesses in particular need to be protected from high warning fees and fines as a result of the GDPR. According to Eco, the data protection authorities' system of fines must be scrutinized more closely in order to put a stop to excessive fines. However, the association also emphasizes that there has not been a wave of fines so far. Eco fears, however, that this could soon change as soon as the data protection authorities increase their staffing levels and thus more checks have to be expected. Developments in France show that fines of up to 50 million euros are sometimes levied.<\/p>\n<p><strong>Industry-specific best practices take time<\/strong><\/p>\n<p>According to Eco, uncertainty is also caused by the fact that there are still very few court decisions on the GDPR - and certainly no decisions by the highest courts. It will probably take some time before industry-specific best practices become established. <em>(rs)<\/em><\/p>\n<p><em>Compare also article <a href=\"https:\/\/news.save.ch\/en\/sie-gilt-die-neue-dsgvo\/\">\"It applies - the new GDPR!\"<\/a><\/em><\/p>","protected":false},"excerpt":{"rendered":"<p>&nbsp; Nicht nur die B\u00fcrgerinnen und B\u00fcrger, sondern auch die Unternehmen w\u00fcrden von der DSGVO profitieren, da nur ein einziges Regelwerk in der Union gelte, heisst es in einer gemeinsamen Erkl\u00e4rung von EU-Kommissionsvizepr\u00e4sident Ansip und Jusitzkommissarin Jourov\u00e1. Mit der DSGVO h\u00e4tten die Beh\u00f6rden ein wirksames Instrument, um gegen Verst\u00f6sse vorzugehen. Im ersten Jahr, seit die [&hellip;]<\/p>\n","protected":false},"author":8,"featured_media":8096,"comment_status":"open","ping_status":"open","sticky":false,"template":"","format":"standard","meta":{"_acf_changed":false,"pgc_sgb_lightbox_settings":"","footnotes":""},"categories":[3313],"tags":[62,63],"class_list":["post-8095","post","type-post","status-publish","format-standard","has-post-thumbnail","hentry","category-digitalisierung","tag-ict-sicherheit","tag-it-security"],"acf":[],"hkrextid":null,"publication":null,"issue":null,"workflow":null,"startPage":null,"spitzmarke":null,"_posts_by_tag_page_fields":{"widget_title":"","widget_tags":""},"_at_widget":"1","_yoast_wpseo_primary_category":"2","_yoast_wpseo_focuskw_text_input":"DSGVO","_yoast_wpseo_opengraph-image":null,"_yoast_wpseo_opengraph-description":null,"_yoast_wpseo_opengraph-title":null,"enclosure":null,"_yoast_wpseo_twitter-title":null,"_yoast_wpseo_twitter-description":null,"_yoast_wpseo_twitter-image":null,"_wp_old_slug":null,"_yoast_wpseo_title":null,"_yoast_wpseo_canonical":null,"yoast_head":"<!-- This site is optimized with the Yoast SEO plugin v27.5 - https:\/\/yoast.com\/product\/yoast-seo-wordpress\/ -->\n<title>Ein Jahr DSGVO - Save<\/title>\n<meta name=\"description\" content=\"Vor einem Jahr, am 25. Mai 2018, trat die Datenschutz-Grundverordnung (DSGVO) in Kraft. Nicht nur positiv beurteilt der IT-Verband Eco die Umsetzung.\" \/>\n<meta name=\"robots\" content=\"index, follow, max-snippet:-1, max-image-preview:large, max-video-preview:-1\" \/>\n<link rel=\"canonical\" href=\"https:\/\/news.save.ch\/en\/ein-jahr-dsgvo\/\" \/>\n<meta property=\"og:locale\" content=\"en_US\" \/>\n<meta property=\"og:type\" content=\"article\" \/>\n<meta property=\"og:title\" content=\"Ein Jahr DSGVO - Save\" \/>\n<meta property=\"og:description\" content=\"Vor einem Jahr, am 25. Mai 2018, trat die Datenschutz-Grundverordnung (DSGVO) in Kraft. Nicht nur positiv beurteilt der IT-Verband Eco die Umsetzung.\" \/>\n<meta property=\"og:url\" content=\"https:\/\/news.save.ch\/en\/ein-jahr-dsgvo\/\" \/>\n<meta property=\"og:site_name\" content=\"Save\" \/>\n<meta property=\"article:published_time\" content=\"2019-05-25T04:12:23+00:00\" \/>\n<meta property=\"article:modified_time\" content=\"2023-03-14T07:56:47+00:00\" \/>\n<meta property=\"og:image\" content=\"https:\/\/news.save.ch\/wp-content\/uploads\/2019\/05\/Depositphotos_215270688_l-2015-scaled.jpg\" \/>\n\t<meta property=\"og:image:width\" content=\"1400\" \/>\n\t<meta property=\"og:image:height\" content=\"1068\" \/>\n\t<meta property=\"og:image:type\" content=\"image\/jpeg\" \/>\n<meta name=\"author\" content=\"Roger Str\u00e4ssle\" \/>\n<meta name=\"twitter:card\" content=\"summary_large_image\" \/>\n<meta name=\"twitter:label1\" content=\"Written by\" \/>\n\t<meta name=\"twitter:data1\" content=\"Roger Str\u00e4ssle\" \/>\n\t<meta name=\"twitter:label2\" content=\"Est. reading time\" \/>\n\t<meta name=\"twitter:data2\" content=\"2 minutes\" \/>\n<script type=\"application\/ld+json\" class=\"yoast-schema-graph\">{\"@context\":\"https:\\\/\\\/schema.org\",\"@graph\":[{\"@type\":\"Article\",\"@id\":\"https:\\\/\\\/news.save.ch\\\/ein-jahr-dsgvo\\\/#article\",\"isPartOf\":{\"@id\":\"https:\\\/\\\/news.save.ch\\\/ein-jahr-dsgvo\\\/\"},\"author\":{\"name\":\"Roger Str\u00e4ssle\",\"@id\":\"https:\\\/\\\/news.save.ch\\\/de\\\/#\\\/schema\\\/person\\\/d5022db048e0e2b9785c50e5b24da5aa\"},\"headline\":\"Ein Jahr DSGVO\",\"datePublished\":\"2019-05-25T04:12:23+00:00\",\"dateModified\":\"2023-03-14T07:56:47+00:00\",\"mainEntityOfPage\":{\"@id\":\"https:\\\/\\\/news.save.ch\\\/ein-jahr-dsgvo\\\/\"},\"wordCount\":377,\"commentCount\":0,\"publisher\":{\"@id\":\"https:\\\/\\\/news.save.ch\\\/de\\\/#organization\"},\"image\":{\"@id\":\"https:\\\/\\\/news.save.ch\\\/ein-jahr-dsgvo\\\/#primaryimage\"},\"thumbnailUrl\":\"https:\\\/\\\/news.save.ch\\\/wp-content\\\/uploads\\\/2019\\\/05\\\/Depositphotos_215270688_l-2015-scaled.jpg\",\"keywords\":[\"ICT-Sicherheit\",\"IT-SECURITY\"],\"articleSection\":[\"DIGITALISIERUNG\"],\"inLanguage\":\"en-US\"},{\"@type\":\"WebPage\",\"@id\":\"https:\\\/\\\/news.save.ch\\\/ein-jahr-dsgvo\\\/\",\"url\":\"https:\\\/\\\/news.save.ch\\\/ein-jahr-dsgvo\\\/\",\"name\":\"Ein Jahr DSGVO - Save\",\"isPartOf\":{\"@id\":\"https:\\\/\\\/news.save.ch\\\/de\\\/#website\"},\"primaryImageOfPage\":{\"@id\":\"https:\\\/\\\/news.save.ch\\\/ein-jahr-dsgvo\\\/#primaryimage\"},\"image\":{\"@id\":\"https:\\\/\\\/news.save.ch\\\/ein-jahr-dsgvo\\\/#primaryimage\"},\"thumbnailUrl\":\"https:\\\/\\\/news.save.ch\\\/wp-content\\\/uploads\\\/2019\\\/05\\\/Depositphotos_215270688_l-2015-scaled.jpg\",\"datePublished\":\"2019-05-25T04:12:23+00:00\",\"dateModified\":\"2023-03-14T07:56:47+00:00\",\"description\":\"Vor einem Jahr, am 25. Mai 2018, trat die Datenschutz-Grundverordnung (DSGVO) in Kraft. Nicht nur positiv beurteilt der IT-Verband Eco die Umsetzung.\",\"breadcrumb\":{\"@id\":\"https:\\\/\\\/news.save.ch\\\/ein-jahr-dsgvo\\\/#breadcrumb\"},\"inLanguage\":\"en-US\",\"potentialAction\":[{\"@type\":\"ReadAction\",\"target\":[\"https:\\\/\\\/news.save.ch\\\/ein-jahr-dsgvo\\\/\"]}]},{\"@type\":\"ImageObject\",\"inLanguage\":\"en-US\",\"@id\":\"https:\\\/\\\/news.save.ch\\\/ein-jahr-dsgvo\\\/#primaryimage\",\"url\":\"https:\\\/\\\/news.save.ch\\\/wp-content\\\/uploads\\\/2019\\\/05\\\/Depositphotos_215270688_l-2015-scaled.jpg\",\"contentUrl\":\"https:\\\/\\\/news.save.ch\\\/wp-content\\\/uploads\\\/2019\\\/05\\\/Depositphotos_215270688_l-2015-scaled.jpg\",\"width\":1400,\"height\":1068,\"caption\":\"\u00a9 depositphotos, lenawurm\"},{\"@type\":\"BreadcrumbList\",\"@id\":\"https:\\\/\\\/news.save.ch\\\/ein-jahr-dsgvo\\\/#breadcrumb\",\"itemListElement\":[{\"@type\":\"ListItem\",\"position\":1,\"name\":\"Home\",\"item\":\"https:\\\/\\\/news.save.ch\\\/de\\\/\"},{\"@type\":\"ListItem\",\"position\":2,\"name\":\"Ein Jahr DSGVO\"}]},{\"@type\":\"WebSite\",\"@id\":\"https:\\\/\\\/news.save.ch\\\/de\\\/#website\",\"url\":\"https:\\\/\\\/news.save.ch\\\/de\\\/\",\"name\":\"Save\",\"description\":\"Schweizer Fachzeitschrift f\u00fcr Sicherheit\",\"publisher\":{\"@id\":\"https:\\\/\\\/news.save.ch\\\/de\\\/#organization\"},\"potentialAction\":[{\"@type\":\"SearchAction\",\"target\":{\"@type\":\"EntryPoint\",\"urlTemplate\":\"https:\\\/\\\/news.save.ch\\\/de\\\/?s={search_term_string}\"},\"query-input\":{\"@type\":\"PropertyValueSpecification\",\"valueRequired\":true,\"valueName\":\"search_term_string\"}}],\"inLanguage\":\"en-US\"},{\"@type\":\"Organization\",\"@id\":\"https:\\\/\\\/news.save.ch\\\/de\\\/#organization\",\"name\":\"Sicherheitsforum\",\"url\":\"https:\\\/\\\/news.save.ch\\\/de\\\/\",\"logo\":{\"@type\":\"ImageObject\",\"inLanguage\":\"en-US\",\"@id\":\"https:\\\/\\\/news.save.ch\\\/de\\\/#\\\/schema\\\/logo\\\/image\\\/\",\"url\":\"https:\\\/\\\/news.save.ch\\\/wp-content\\\/uploads\\\/2022\\\/06\\\/Logo_SF_2012.png\",\"contentUrl\":\"https:\\\/\\\/news.save.ch\\\/wp-content\\\/uploads\\\/2022\\\/06\\\/Logo_SF_2012.png\",\"width\":1100,\"height\":91,\"caption\":\"Sicherheitsforum\"},\"image\":{\"@id\":\"https:\\\/\\\/news.save.ch\\\/de\\\/#\\\/schema\\\/logo\\\/image\\\/\"}},{\"@type\":\"Person\",\"@id\":\"https:\\\/\\\/news.save.ch\\\/de\\\/#\\\/schema\\\/person\\\/d5022db048e0e2b9785c50e5b24da5aa\",\"name\":\"Roger Str\u00e4ssle\",\"image\":{\"@type\":\"ImageObject\",\"inLanguage\":\"en-US\",\"@id\":\"https:\\\/\\\/secure.gravatar.com\\\/avatar\\\/862a5569d087de48e5856e32f45d719a03804c891d6deb8d4f71a660e79e4a47?s=96&d=mm&r=g\",\"url\":\"https:\\\/\\\/secure.gravatar.com\\\/avatar\\\/862a5569d087de48e5856e32f45d719a03804c891d6deb8d4f71a660e79e4a47?s=96&d=mm&r=g\",\"contentUrl\":\"https:\\\/\\\/secure.gravatar.com\\\/avatar\\\/862a5569d087de48e5856e32f45d719a03804c891d6deb8d4f71a660e79e4a47?s=96&d=mm&r=g\",\"caption\":\"Roger Str\u00e4ssle\"},\"url\":\"https:\\\/\\\/news.save.ch\\\/en\\\/author\\\/roger-straessle\\\/\"}]}<\/script>\n<!-- \/ Yoast SEO plugin. -->","yoast_head_json":{"title":"One year DSGVO - Save","description":"One year ago, on May 25, 2018, the General Data Protection Regulation (GDPR) came into force. The IT association Eco is not only positive about the implementation.","robots":{"index":"index","follow":"follow","max-snippet":"max-snippet:-1","max-image-preview":"max-image-preview:large","max-video-preview":"max-video-preview:-1"},"canonical":"https:\/\/news.save.ch\/en\/ein-jahr-dsgvo\/","og_locale":"en_US","og_type":"article","og_title":"Ein Jahr DSGVO - Save","og_description":"Vor einem Jahr, am 25. Mai 2018, trat die Datenschutz-Grundverordnung (DSGVO) in Kraft. Nicht nur positiv beurteilt der IT-Verband Eco die Umsetzung.","og_url":"https:\/\/news.save.ch\/en\/ein-jahr-dsgvo\/","og_site_name":"Save","article_published_time":"2019-05-25T04:12:23+00:00","article_modified_time":"2023-03-14T07:56:47+00:00","og_image":[{"width":1400,"height":1068,"url":"https:\/\/news.save.ch\/wp-content\/uploads\/2019\/05\/Depositphotos_215270688_l-2015-scaled.jpg","type":"image\/jpeg"}],"author":"Roger Str\u00e4ssle","twitter_card":"summary_large_image","twitter_misc":{"Written by":"Roger Str\u00e4ssle","Est. reading time":"2 minutes"},"schema":{"@context":"https:\/\/schema.org","@graph":[{"@type":"Article","@id":"https:\/\/news.save.ch\/ein-jahr-dsgvo\/#article","isPartOf":{"@id":"https:\/\/news.save.ch\/ein-jahr-dsgvo\/"},"author":{"name":"Roger Str\u00e4ssle","@id":"https:\/\/news.save.ch\/de\/#\/schema\/person\/d5022db048e0e2b9785c50e5b24da5aa"},"headline":"Ein Jahr DSGVO","datePublished":"2019-05-25T04:12:23+00:00","dateModified":"2023-03-14T07:56:47+00:00","mainEntityOfPage":{"@id":"https:\/\/news.save.ch\/ein-jahr-dsgvo\/"},"wordCount":377,"commentCount":0,"publisher":{"@id":"https:\/\/news.save.ch\/de\/#organization"},"image":{"@id":"https:\/\/news.save.ch\/ein-jahr-dsgvo\/#primaryimage"},"thumbnailUrl":"https:\/\/news.save.ch\/wp-content\/uploads\/2019\/05\/Depositphotos_215270688_l-2015-scaled.jpg","keywords":["ICT-Sicherheit","IT-SECURITY"],"articleSection":["DIGITALISIERUNG"],"inLanguage":"en-US"},{"@type":"WebPage","@id":"https:\/\/news.save.ch\/ein-jahr-dsgvo\/","url":"https:\/\/news.save.ch\/ein-jahr-dsgvo\/","name":"One year DSGVO - Save","isPartOf":{"@id":"https:\/\/news.save.ch\/de\/#website"},"primaryImageOfPage":{"@id":"https:\/\/news.save.ch\/ein-jahr-dsgvo\/#primaryimage"},"image":{"@id":"https:\/\/news.save.ch\/ein-jahr-dsgvo\/#primaryimage"},"thumbnailUrl":"https:\/\/news.save.ch\/wp-content\/uploads\/2019\/05\/Depositphotos_215270688_l-2015-scaled.jpg","datePublished":"2019-05-25T04:12:23+00:00","dateModified":"2023-03-14T07:56:47+00:00","description":"One year ago, on May 25, 2018, the General Data Protection Regulation (GDPR) came into force. The IT association Eco is not only positive about the implementation.","breadcrumb":{"@id":"https:\/\/news.save.ch\/ein-jahr-dsgvo\/#breadcrumb"},"inLanguage":"en-US","potentialAction":[{"@type":"ReadAction","target":["https:\/\/news.save.ch\/ein-jahr-dsgvo\/"]}]},{"@type":"ImageObject","inLanguage":"en-US","@id":"https:\/\/news.save.ch\/ein-jahr-dsgvo\/#primaryimage","url":"https:\/\/news.save.ch\/wp-content\/uploads\/2019\/05\/Depositphotos_215270688_l-2015-scaled.jpg","contentUrl":"https:\/\/news.save.ch\/wp-content\/uploads\/2019\/05\/Depositphotos_215270688_l-2015-scaled.jpg","width":1400,"height":1068,"caption":"\u00a9 depositphotos, lenawurm"},{"@type":"BreadcrumbList","@id":"https:\/\/news.save.ch\/ein-jahr-dsgvo\/#breadcrumb","itemListElement":[{"@type":"ListItem","position":1,"name":"Home","item":"https:\/\/news.save.ch\/de\/"},{"@type":"ListItem","position":2,"name":"Ein Jahr DSGVO"}]},{"@type":"WebSite","@id":"https:\/\/news.save.ch\/de\/#website","url":"https:\/\/news.save.ch\/de\/","name":"Save","description":"Swiss trade journal for safety","publisher":{"@id":"https:\/\/news.save.ch\/de\/#organization"},"potentialAction":[{"@type":"SearchAction","target":{"@type":"EntryPoint","urlTemplate":"https:\/\/news.save.ch\/de\/?s={search_term_string}"},"query-input":{"@type":"PropertyValueSpecification","valueRequired":true,"valueName":"search_term_string"}}],"inLanguage":"en-US"},{"@type":"Organization","@id":"https:\/\/news.save.ch\/de\/#organization","name":"Security Forum","url":"https:\/\/news.save.ch\/de\/","logo":{"@type":"ImageObject","inLanguage":"en-US","@id":"https:\/\/news.save.ch\/de\/#\/schema\/logo\/image\/","url":"https:\/\/news.save.ch\/wp-content\/uploads\/2022\/06\/Logo_SF_2012.png","contentUrl":"https:\/\/news.save.ch\/wp-content\/uploads\/2022\/06\/Logo_SF_2012.png","width":1100,"height":91,"caption":"Sicherheitsforum"},"image":{"@id":"https:\/\/news.save.ch\/de\/#\/schema\/logo\/image\/"}},{"@type":"Person","@id":"https:\/\/news.save.ch\/de\/#\/schema\/person\/d5022db048e0e2b9785c50e5b24da5aa","name":"Roger Str\u00e4ssle","image":{"@type":"ImageObject","inLanguage":"en-US","@id":"https:\/\/secure.gravatar.com\/avatar\/862a5569d087de48e5856e32f45d719a03804c891d6deb8d4f71a660e79e4a47?s=96&d=mm&r=g","url":"https:\/\/secure.gravatar.com\/avatar\/862a5569d087de48e5856e32f45d719a03804c891d6deb8d4f71a660e79e4a47?s=96&d=mm&r=g","contentUrl":"https:\/\/secure.gravatar.com\/avatar\/862a5569d087de48e5856e32f45d719a03804c891d6deb8d4f71a660e79e4a47?s=96&d=mm&r=g","caption":"Roger Str\u00e4ssle"},"url":"https:\/\/news.save.ch\/en\/author\/roger-straessle\/"}]}},"_links":{"self":[{"href":"https:\/\/news.save.ch\/en\/wp-json\/wp\/v2\/posts\/8095","targetHints":{"allow":["GET"]}}],"collection":[{"href":"https:\/\/news.save.ch\/en\/wp-json\/wp\/v2\/posts"}],"about":[{"href":"https:\/\/news.save.ch\/en\/wp-json\/wp\/v2\/types\/post"}],"author":[{"embeddable":true,"href":"https:\/\/news.save.ch\/en\/wp-json\/wp\/v2\/users\/8"}],"replies":[{"embeddable":true,"href":"https:\/\/news.save.ch\/en\/wp-json\/wp\/v2\/comments?post=8095"}],"version-history":[{"count":1,"href":"https:\/\/news.save.ch\/en\/wp-json\/wp\/v2\/posts\/8095\/revisions"}],"predecessor-version":[{"id":17392,"href":"https:\/\/news.save.ch\/en\/wp-json\/wp\/v2\/posts\/8095\/revisions\/17392"}],"wp:featuredmedia":[{"embeddable":true,"href":"https:\/\/news.save.ch\/en\/wp-json\/wp\/v2\/media\/8096"}],"wp:attachment":[{"href":"https:\/\/news.save.ch\/en\/wp-json\/wp\/v2\/media?parent=8095"}],"wp:term":[{"taxonomy":"category","embeddable":true,"href":"https:\/\/news.save.ch\/en\/wp-json\/wp\/v2\/categories?post=8095"},{"taxonomy":"post_tag","embeddable":true,"href":"https:\/\/news.save.ch\/en\/wp-json\/wp\/v2\/tags?post=8095"}],"curies":[{"name":"wp","href":"https:\/\/api.w.org\/{rel}","templated":true}]}}