{"id":8135,"date":"2019-05-27T15:05:40","date_gmt":"2019-05-27T13:05:40","guid":{"rendered":"https:\/\/news.save.ch\/?p=8135"},"modified":"2019-05-27T15:05:40","modified_gmt":"2019-05-27T13:05:40","slug":"87-wollen-digitalen-pass-vom-staat","status":null,"type":"post","link":"https:\/\/news.save.ch\/en\/87-wollen-digitalen-pass-vom-staat\/","title":{"rendered":"87% want digital E-ID from the state"},"content":{"rendered":"<figure id=\"attachment_8136\" aria-describedby=\"caption-attachment-8136\" style=\"width: 680px\" class=\"wp-caption aligncenter\"><img loading=\"lazy\" decoding=\"async\" class=\"size-medium wp-image-8136\" src=\"https:\/\/news.save.ch\/wp-content\/uploads\/2019\/05\/Depositphotos_81738528_l-2015.jpg\" alt=\"\" width=\"680\" height=\"453\" \/><figcaption id=\"caption-attachment-8136\" class=\"wp-caption-text\">\u00a9 depositphotos, arnaldo.jr<\/figcaption><\/figure>\n<p>&nbsp;<\/p>\n<p>With their passport or identity card, a person can prove their identity. On the Internet today, such proof is only possible with great difficulty. An electronic proof of identity, or E-ID for short, is intended to solve the problem. If the Federal Council has its way, private companies will issue the E-ID. An alliance consisting of the three major Swiss consumer protection organizations, the Digital Society, the PublicBeta association and the democracy platform WeCollect, has submitted a <a href=\"https:\/\/konsumentenschutz.us7.list-manage.com\/track\/click?u=c30978ed9a831738f1881eb0f&amp;id=58752210c5&amp;e=1160012db8\">Survey<\/a>\u00a0was commissioned for this purpose. The survey was intended to find out the needs and concerns of the Swiss population with regard to the e-ID. The results are more than clear, emphasize the consumer advocates.<\/p>\n<p><strong>Issuer of the E-ID must be the state<\/strong><\/p>\n<p>According to the survey, a clear majority of 87% of the almost 1,000 voters surveyed want the state to issue the e-ID. Only just 2%, on the other hand, want private companies to become the \"passport office\". But this is precisely what the Federal Council is proposing and the National Council has already approved. Interestingly, the \"smartphone generation\", i.e. people aged 18 to 34, is most clearly in favor of a state solution, with 90%, according to the survey. 75% of respondents would trust the state more than private companies when it comes to data protection. 43% of respondents plan to obtain an E-ID in the next three years, while for 39% there is no need yet. The latter figures show that there is already a strong demand for digital identity, writes the consumer protection agency.<\/p>\n<p><strong>Playing with the confidence of the population<\/strong><\/p>\n<p>Securing identity has always been a central task of the state, subject to democratic control. If the bill passes in the Council of States, however, the state itself will not issue an electronic identity. Instead, private companies such as UBS, Cr\u00e9dit Suisse, Swiss Post, SBB and Swisscom would be given great freedom in the storage and use of our data, according to consumer protectionists. The federal government would be left with only a weak control function.<\/p>\n<p><strong>The Council of States is challenged<\/strong><\/p>\n<p>The alliance is in favor of the early creation of the E-ID, but it needs a government solution. The legal regulation of the E-ID is a decision that has a great impact on democracy, privacy and the protection of our personal data.<\/p>\n<p>On June 4, 2019, the Council of States will deal with the e-ID law. Allianz expects that he will send the law back to the sender for correction. In a second attempt, this would clear the way for a state E-ID that actually enjoys the trust of the population.<\/p>\n<p><em>Source: Foundation for Consumer Protection<\/em><\/p>\n<p><a href=\"https:\/\/www.konsumentenschutz.ch\/sks\/content\/uploads\/2019\/05\/DemoSCOPE_BGEID.pdf\"><em>Survey results in detail<\/em><\/a><\/p>","protected":false},"excerpt":{"rendered":"<p>&nbsp; Mit ihrem Pass oder ihrer Identit\u00e4tskarte kann eine Person ihre Identit\u00e4t nachweisen. Im Internet ist ein solcher Nachweis heute nur sehr umst\u00e4ndlich m\u00f6glich. Ein elektronischer Identit\u00e4tsnachweis, kurz E-ID, soll das Problem l\u00f6sen. Geht es nach dem Willen des Bundesrates, sollen Privatunternehmen die E-ID herausgeben. Eine Allianz, bestehend aus den drei grossen Schweizer Konsumentenschutz-Organisationen, der [&hellip;]<\/p>\n","protected":false},"author":8,"featured_media":8136,"comment_status":"open","ping_status":"open","sticky":false,"template":"","format":"standard","meta":{"_acf_changed":false,"pgc_sgb_lightbox_settings":"","footnotes":""},"categories":[1],"tags":[491,490],"class_list":["post-8135","post","type-post","status-publish","format-standard","has-post-thumbnail","hentry","category-allgemein","tag-digitalter-pass","tag-e-id"],"acf":[],"hkrextid":null,"publication":null,"issue":null,"workflow":null,"startPage":null,"spitzmarke":null,"_posts_by_tag_page_fields":{"widget_title":"","widget_tags":""},"_at_widget":"1","_yoast_wpseo_primary_category":"","_yoast_wpseo_focuskw_text_input":"E-ID","_yoast_wpseo_opengraph-image":null,"_yoast_wpseo_opengraph-description":null,"_yoast_wpseo_opengraph-title":null,"enclosure":null,"_yoast_wpseo_twitter-title":null,"_yoast_wpseo_twitter-description":null,"_yoast_wpseo_twitter-image":null,"_wp_old_slug":null,"_yoast_wpseo_title":null,"_yoast_wpseo_canonical":null,"yoast_head":"<!-- This site is optimized with the Yoast SEO plugin v27.5 - https:\/\/yoast.com\/product\/yoast-seo-wordpress\/ -->\n<title>87% wollen digitale E-ID vom Staat - Save<\/title>\n<meta name=\"description\" content=\"Eine Umfrage zeigt nun auf, dass 87% der Bev\u00f6lkerung die E-ID vom Staat beziehen wollen. Beim Datenschutz fehlt das Vertrauen in Privatfirmen.\" \/>\n<meta name=\"robots\" content=\"index, follow, max-snippet:-1, max-image-preview:large, max-video-preview:-1\" \/>\n<link rel=\"canonical\" href=\"https:\/\/news.save.ch\/en\/87-wollen-digitalen-pass-vom-staat\/\" \/>\n<meta property=\"og:locale\" content=\"en_US\" \/>\n<meta property=\"og:type\" content=\"article\" \/>\n<meta property=\"og:title\" content=\"87% wollen digitale E-ID vom Staat - Save\" \/>\n<meta property=\"og:description\" content=\"Eine Umfrage zeigt nun auf, dass 87% der Bev\u00f6lkerung die E-ID vom Staat beziehen wollen. Beim Datenschutz fehlt das Vertrauen in Privatfirmen.\" \/>\n<meta property=\"og:url\" content=\"https:\/\/news.save.ch\/en\/87-wollen-digitalen-pass-vom-staat\/\" \/>\n<meta property=\"og:site_name\" content=\"Save\" \/>\n<meta property=\"article:published_time\" content=\"2019-05-27T13:05:40+00:00\" \/>\n<meta property=\"og:image\" content=\"https:\/\/news.save.ch\/wp-content\/uploads\/2019\/05\/Depositphotos_81738528_l-2015-scaled.jpg\" \/>\n\t<meta property=\"og:image:width\" content=\"1400\" \/>\n\t<meta property=\"og:image:height\" content=\"933\" \/>\n\t<meta property=\"og:image:type\" content=\"image\/jpeg\" \/>\n<meta name=\"author\" content=\"Roger Str\u00e4ssle\" \/>\n<meta name=\"twitter:card\" content=\"summary_large_image\" \/>\n<meta name=\"twitter:label1\" content=\"Written by\" \/>\n\t<meta name=\"twitter:data1\" content=\"Roger Str\u00e4ssle\" \/>\n\t<meta name=\"twitter:label2\" content=\"Est. reading time\" \/>\n\t<meta name=\"twitter:data2\" content=\"2 minutes\" \/>\n<script type=\"application\/ld+json\" class=\"yoast-schema-graph\">{\"@context\":\"https:\\\/\\\/schema.org\",\"@graph\":[{\"@type\":\"Article\",\"@id\":\"https:\\\/\\\/news.save.ch\\\/87-wollen-digitalen-pass-vom-staat\\\/#article\",\"isPartOf\":{\"@id\":\"https:\\\/\\\/news.save.ch\\\/87-wollen-digitalen-pass-vom-staat\\\/\"},\"author\":{\"name\":\"Roger Str\u00e4ssle\",\"@id\":\"https:\\\/\\\/news.save.ch\\\/de\\\/#\\\/schema\\\/person\\\/d5022db048e0e2b9785c50e5b24da5aa\"},\"headline\":\"87% wollen digitale E-ID vom Staat\",\"datePublished\":\"2019-05-27T13:05:40+00:00\",\"mainEntityOfPage\":{\"@id\":\"https:\\\/\\\/news.save.ch\\\/87-wollen-digitalen-pass-vom-staat\\\/\"},\"wordCount\":429,\"commentCount\":0,\"publisher\":{\"@id\":\"https:\\\/\\\/news.save.ch\\\/de\\\/#organization\"},\"image\":{\"@id\":\"https:\\\/\\\/news.save.ch\\\/87-wollen-digitalen-pass-vom-staat\\\/#primaryimage\"},\"thumbnailUrl\":\"https:\\\/\\\/news.save.ch\\\/wp-content\\\/uploads\\\/2019\\\/05\\\/Depositphotos_81738528_l-2015-scaled.jpg\",\"keywords\":[\"digitalter Pass\",\"E-ID\"],\"articleSection\":[\"ALLGEMEIN\"],\"inLanguage\":\"en-US\"},{\"@type\":\"WebPage\",\"@id\":\"https:\\\/\\\/news.save.ch\\\/87-wollen-digitalen-pass-vom-staat\\\/\",\"url\":\"https:\\\/\\\/news.save.ch\\\/87-wollen-digitalen-pass-vom-staat\\\/\",\"name\":\"87% wollen digitale E-ID vom Staat - Save\",\"isPartOf\":{\"@id\":\"https:\\\/\\\/news.save.ch\\\/de\\\/#website\"},\"primaryImageOfPage\":{\"@id\":\"https:\\\/\\\/news.save.ch\\\/87-wollen-digitalen-pass-vom-staat\\\/#primaryimage\"},\"image\":{\"@id\":\"https:\\\/\\\/news.save.ch\\\/87-wollen-digitalen-pass-vom-staat\\\/#primaryimage\"},\"thumbnailUrl\":\"https:\\\/\\\/news.save.ch\\\/wp-content\\\/uploads\\\/2019\\\/05\\\/Depositphotos_81738528_l-2015-scaled.jpg\",\"datePublished\":\"2019-05-27T13:05:40+00:00\",\"description\":\"Eine Umfrage zeigt nun auf, dass 87% der Bev\u00f6lkerung die E-ID vom Staat beziehen wollen. Beim Datenschutz fehlt das Vertrauen in Privatfirmen.\",\"breadcrumb\":{\"@id\":\"https:\\\/\\\/news.save.ch\\\/87-wollen-digitalen-pass-vom-staat\\\/#breadcrumb\"},\"inLanguage\":\"en-US\",\"potentialAction\":[{\"@type\":\"ReadAction\",\"target\":[\"https:\\\/\\\/news.save.ch\\\/87-wollen-digitalen-pass-vom-staat\\\/\"]}]},{\"@type\":\"ImageObject\",\"inLanguage\":\"en-US\",\"@id\":\"https:\\\/\\\/news.save.ch\\\/87-wollen-digitalen-pass-vom-staat\\\/#primaryimage\",\"url\":\"https:\\\/\\\/news.save.ch\\\/wp-content\\\/uploads\\\/2019\\\/05\\\/Depositphotos_81738528_l-2015-scaled.jpg\",\"contentUrl\":\"https:\\\/\\\/news.save.ch\\\/wp-content\\\/uploads\\\/2019\\\/05\\\/Depositphotos_81738528_l-2015-scaled.jpg\",\"width\":1400,\"height\":933,\"caption\":\"\u00a9 depositphotos\"},{\"@type\":\"BreadcrumbList\",\"@id\":\"https:\\\/\\\/news.save.ch\\\/87-wollen-digitalen-pass-vom-staat\\\/#breadcrumb\",\"itemListElement\":[{\"@type\":\"ListItem\",\"position\":1,\"name\":\"Home\",\"item\":\"https:\\\/\\\/news.save.ch\\\/de\\\/\"},{\"@type\":\"ListItem\",\"position\":2,\"name\":\"87% wollen digitale E-ID vom Staat\"}]},{\"@type\":\"WebSite\",\"@id\":\"https:\\\/\\\/news.save.ch\\\/de\\\/#website\",\"url\":\"https:\\\/\\\/news.save.ch\\\/de\\\/\",\"name\":\"Save\",\"description\":\"Schweizer Fachzeitschrift f\u00fcr Sicherheit\",\"publisher\":{\"@id\":\"https:\\\/\\\/news.save.ch\\\/de\\\/#organization\"},\"potentialAction\":[{\"@type\":\"SearchAction\",\"target\":{\"@type\":\"EntryPoint\",\"urlTemplate\":\"https:\\\/\\\/news.save.ch\\\/de\\\/?s={search_term_string}\"},\"query-input\":{\"@type\":\"PropertyValueSpecification\",\"valueRequired\":true,\"valueName\":\"search_term_string\"}}],\"inLanguage\":\"en-US\"},{\"@type\":\"Organization\",\"@id\":\"https:\\\/\\\/news.save.ch\\\/de\\\/#organization\",\"name\":\"Sicherheitsforum\",\"url\":\"https:\\\/\\\/news.save.ch\\\/de\\\/\",\"logo\":{\"@type\":\"ImageObject\",\"inLanguage\":\"en-US\",\"@id\":\"https:\\\/\\\/news.save.ch\\\/de\\\/#\\\/schema\\\/logo\\\/image\\\/\",\"url\":\"https:\\\/\\\/news.save.ch\\\/wp-content\\\/uploads\\\/2022\\\/06\\\/Logo_SF_2012.png\",\"contentUrl\":\"https:\\\/\\\/news.save.ch\\\/wp-content\\\/uploads\\\/2022\\\/06\\\/Logo_SF_2012.png\",\"width\":1100,\"height\":91,\"caption\":\"Sicherheitsforum\"},\"image\":{\"@id\":\"https:\\\/\\\/news.save.ch\\\/de\\\/#\\\/schema\\\/logo\\\/image\\\/\"}},{\"@type\":\"Person\",\"@id\":\"https:\\\/\\\/news.save.ch\\\/de\\\/#\\\/schema\\\/person\\\/d5022db048e0e2b9785c50e5b24da5aa\",\"name\":\"Roger Str\u00e4ssle\",\"image\":{\"@type\":\"ImageObject\",\"inLanguage\":\"en-US\",\"@id\":\"https:\\\/\\\/secure.gravatar.com\\\/avatar\\\/862a5569d087de48e5856e32f45d719a03804c891d6deb8d4f71a660e79e4a47?s=96&d=mm&r=g\",\"url\":\"https:\\\/\\\/secure.gravatar.com\\\/avatar\\\/862a5569d087de48e5856e32f45d719a03804c891d6deb8d4f71a660e79e4a47?s=96&d=mm&r=g\",\"contentUrl\":\"https:\\\/\\\/secure.gravatar.com\\\/avatar\\\/862a5569d087de48e5856e32f45d719a03804c891d6deb8d4f71a660e79e4a47?s=96&d=mm&r=g\",\"caption\":\"Roger Str\u00e4ssle\"},\"url\":\"https:\\\/\\\/news.save.ch\\\/en\\\/author\\\/roger-straessle\\\/\"}]}<\/script>\n<!-- \/ Yoast SEO plugin. -->","yoast_head_json":{"title":"87% want digital E-ID from the state - Save","description":"A survey now shows that 87% of the population want to obtain their e-ID from the state. When it comes to data protection, there is a lack of trust in private companies.","robots":{"index":"index","follow":"follow","max-snippet":"max-snippet:-1","max-image-preview":"max-image-preview:large","max-video-preview":"max-video-preview:-1"},"canonical":"https:\/\/news.save.ch\/en\/87-wollen-digitalen-pass-vom-staat\/","og_locale":"en_US","og_type":"article","og_title":"87% wollen digitale E-ID vom Staat - Save","og_description":"Eine Umfrage zeigt nun auf, dass 87% der Bev\u00f6lkerung die E-ID vom Staat beziehen wollen. Beim Datenschutz fehlt das Vertrauen in Privatfirmen.","og_url":"https:\/\/news.save.ch\/en\/87-wollen-digitalen-pass-vom-staat\/","og_site_name":"Save","article_published_time":"2019-05-27T13:05:40+00:00","og_image":[{"width":1400,"height":933,"url":"https:\/\/news.save.ch\/wp-content\/uploads\/2019\/05\/Depositphotos_81738528_l-2015-scaled.jpg","type":"image\/jpeg"}],"author":"Roger Str\u00e4ssle","twitter_card":"summary_large_image","twitter_misc":{"Written by":"Roger Str\u00e4ssle","Est. reading time":"2 minutes"},"schema":{"@context":"https:\/\/schema.org","@graph":[{"@type":"Article","@id":"https:\/\/news.save.ch\/87-wollen-digitalen-pass-vom-staat\/#article","isPartOf":{"@id":"https:\/\/news.save.ch\/87-wollen-digitalen-pass-vom-staat\/"},"author":{"name":"Roger Str\u00e4ssle","@id":"https:\/\/news.save.ch\/de\/#\/schema\/person\/d5022db048e0e2b9785c50e5b24da5aa"},"headline":"87% wollen digitale E-ID vom Staat","datePublished":"2019-05-27T13:05:40+00:00","mainEntityOfPage":{"@id":"https:\/\/news.save.ch\/87-wollen-digitalen-pass-vom-staat\/"},"wordCount":429,"commentCount":0,"publisher":{"@id":"https:\/\/news.save.ch\/de\/#organization"},"image":{"@id":"https:\/\/news.save.ch\/87-wollen-digitalen-pass-vom-staat\/#primaryimage"},"thumbnailUrl":"https:\/\/news.save.ch\/wp-content\/uploads\/2019\/05\/Depositphotos_81738528_l-2015-scaled.jpg","keywords":["digitalter Pass","E-ID"],"articleSection":["ALLGEMEIN"],"inLanguage":"en-US"},{"@type":"WebPage","@id":"https:\/\/news.save.ch\/87-wollen-digitalen-pass-vom-staat\/","url":"https:\/\/news.save.ch\/87-wollen-digitalen-pass-vom-staat\/","name":"87% want digital E-ID from the state - Save","isPartOf":{"@id":"https:\/\/news.save.ch\/de\/#website"},"primaryImageOfPage":{"@id":"https:\/\/news.save.ch\/87-wollen-digitalen-pass-vom-staat\/#primaryimage"},"image":{"@id":"https:\/\/news.save.ch\/87-wollen-digitalen-pass-vom-staat\/#primaryimage"},"thumbnailUrl":"https:\/\/news.save.ch\/wp-content\/uploads\/2019\/05\/Depositphotos_81738528_l-2015-scaled.jpg","datePublished":"2019-05-27T13:05:40+00:00","description":"A survey now shows that 87% of the population want to obtain their e-ID from the state. When it comes to data protection, there is a lack of trust in private companies.","breadcrumb":{"@id":"https:\/\/news.save.ch\/87-wollen-digitalen-pass-vom-staat\/#breadcrumb"},"inLanguage":"en-US","potentialAction":[{"@type":"ReadAction","target":["https:\/\/news.save.ch\/87-wollen-digitalen-pass-vom-staat\/"]}]},{"@type":"ImageObject","inLanguage":"en-US","@id":"https:\/\/news.save.ch\/87-wollen-digitalen-pass-vom-staat\/#primaryimage","url":"https:\/\/news.save.ch\/wp-content\/uploads\/2019\/05\/Depositphotos_81738528_l-2015-scaled.jpg","contentUrl":"https:\/\/news.save.ch\/wp-content\/uploads\/2019\/05\/Depositphotos_81738528_l-2015-scaled.jpg","width":1400,"height":933,"caption":"\u00a9 depositphotos"},{"@type":"BreadcrumbList","@id":"https:\/\/news.save.ch\/87-wollen-digitalen-pass-vom-staat\/#breadcrumb","itemListElement":[{"@type":"ListItem","position":1,"name":"Home","item":"https:\/\/news.save.ch\/de\/"},{"@type":"ListItem","position":2,"name":"87% wollen digitale E-ID vom Staat"}]},{"@type":"WebSite","@id":"https:\/\/news.save.ch\/de\/#website","url":"https:\/\/news.save.ch\/de\/","name":"Save","description":"Swiss trade journal for safety","publisher":{"@id":"https:\/\/news.save.ch\/de\/#organization"},"potentialAction":[{"@type":"SearchAction","target":{"@type":"EntryPoint","urlTemplate":"https:\/\/news.save.ch\/de\/?s={search_term_string}"},"query-input":{"@type":"PropertyValueSpecification","valueRequired":true,"valueName":"search_term_string"}}],"inLanguage":"en-US"},{"@type":"Organization","@id":"https:\/\/news.save.ch\/de\/#organization","name":"Security Forum","url":"https:\/\/news.save.ch\/de\/","logo":{"@type":"ImageObject","inLanguage":"en-US","@id":"https:\/\/news.save.ch\/de\/#\/schema\/logo\/image\/","url":"https:\/\/news.save.ch\/wp-content\/uploads\/2022\/06\/Logo_SF_2012.png","contentUrl":"https:\/\/news.save.ch\/wp-content\/uploads\/2022\/06\/Logo_SF_2012.png","width":1100,"height":91,"caption":"Sicherheitsforum"},"image":{"@id":"https:\/\/news.save.ch\/de\/#\/schema\/logo\/image\/"}},{"@type":"Person","@id":"https:\/\/news.save.ch\/de\/#\/schema\/person\/d5022db048e0e2b9785c50e5b24da5aa","name":"Roger Str\u00e4ssle","image":{"@type":"ImageObject","inLanguage":"en-US","@id":"https:\/\/secure.gravatar.com\/avatar\/862a5569d087de48e5856e32f45d719a03804c891d6deb8d4f71a660e79e4a47?s=96&d=mm&r=g","url":"https:\/\/secure.gravatar.com\/avatar\/862a5569d087de48e5856e32f45d719a03804c891d6deb8d4f71a660e79e4a47?s=96&d=mm&r=g","contentUrl":"https:\/\/secure.gravatar.com\/avatar\/862a5569d087de48e5856e32f45d719a03804c891d6deb8d4f71a660e79e4a47?s=96&d=mm&r=g","caption":"Roger Str\u00e4ssle"},"url":"https:\/\/news.save.ch\/en\/author\/roger-straessle\/"}]}},"_links":{"self":[{"href":"https:\/\/news.save.ch\/en\/wp-json\/wp\/v2\/posts\/8135","targetHints":{"allow":["GET"]}}],"collection":[{"href":"https:\/\/news.save.ch\/en\/wp-json\/wp\/v2\/posts"}],"about":[{"href":"https:\/\/news.save.ch\/en\/wp-json\/wp\/v2\/types\/post"}],"author":[{"embeddable":true,"href":"https:\/\/news.save.ch\/en\/wp-json\/wp\/v2\/users\/8"}],"replies":[{"embeddable":true,"href":"https:\/\/news.save.ch\/en\/wp-json\/wp\/v2\/comments?post=8135"}],"version-history":[{"count":0,"href":"https:\/\/news.save.ch\/en\/wp-json\/wp\/v2\/posts\/8135\/revisions"}],"wp:featuredmedia":[{"embeddable":true,"href":"https:\/\/news.save.ch\/en\/wp-json\/wp\/v2\/media\/8136"}],"wp:attachment":[{"href":"https:\/\/news.save.ch\/en\/wp-json\/wp\/v2\/media?parent=8135"}],"wp:term":[{"taxonomy":"category","embeddable":true,"href":"https:\/\/news.save.ch\/en\/wp-json\/wp\/v2\/categories?post=8135"},{"taxonomy":"post_tag","embeddable":true,"href":"https:\/\/news.save.ch\/en\/wp-json\/wp\/v2\/tags?post=8135"}],"curies":[{"name":"wp","href":"https:\/\/api.w.org\/{rel}","templated":true}]}}