{"id":8184,"date":"2019-06-06T18:12:47","date_gmt":"2019-06-06T16:12:47","guid":{"rendered":"https:\/\/news.save.ch\/?p=8184"},"modified":"2023-03-14T09:00:00","modified_gmt":"2023-03-14T08:00:00","slug":"fuehrungswechsel-bei-der-salto-systems-ag","status":null,"type":"post","link":"https:\/\/news.save.ch\/en\/fuehrungswechsel-bei-der-salto-systems-ag\/","title":{"rendered":"Change of leadership at Salto Systems"},"content":{"rendered":"<figure id=\"attachment_8185\" aria-describedby=\"caption-attachment-8185\" style=\"width: 680px\" class=\"wp-caption aligncenter\"><img loading=\"lazy\" decoding=\"async\" class=\"wp-image-8185 size-medium\" src=\"https:\/\/news.save.ch\/wp-content\/uploads\/2019\/06\/salto_keller-isler-neher-graf-scaled-1.jpg\" alt=\"Change of leadership\" width=\"680\" height=\"233\" \/><figcaption id=\"caption-attachment-8185\" class=\"wp-caption-text\">New functions at Salto Systems AG (from left to right): Urs Keller, delegate of the board of directors, Roger Isler, managing director, Andreas Neher, sales manager, Daniel Graf, key account manager. (Photo: Salto Systems)<\/figcaption><\/figure>\n<p>The managing director of Salto Systems AG, Urs Keller, will step down from the executive board as of July 1, 2019, the access solutions company writes. However, Keller will remain delegate of the board of directors.<\/p>\n<p><strong>Roger Isler becomes new Managing Director<\/strong><\/p>\n<p>Roger Isler (55) will become the new Managing Director of Salto Systems AG in July. He has been with the company since the beginning of 2014 as sales manager and member of the management board. Prior to that, Isler was managing director of Jomos Rauchschutz AG, Balsthal, and held several management positions at Siemens Schweiz AG. Isler has also been a member of the board of STV (Swiss Engineering), safety technology section, for several years.<\/p>\n<p>According to the announcement, Andreas Neher (39) will succeed Isler as sales manager. Neher has been responsible as key account manager at Salto since the beginning of 2016. Daniel Graf (46), who was previously Key Account Manager at BKW Energie AG, has been recruited to look after major customers in Switzerland.<\/p>\n<p><em>Source: <a href=\"https:\/\/www.saltosystems.de\">Salto Systems AG<\/a><\/em><\/p>","protected":false},"excerpt":{"rendered":"<p>Der Gesch\u00e4ftsleiter der Salto Systems AG, Urs Keller, wird per 1. Juli 2019 die Gesch\u00e4ftsleitung abgeben, wie das im Bereich Zutrittsl\u00f6sungen t\u00e4tige Unternehmen schreibt. Keller bleibe aber weiterhin Delegierter des Verwaltungsrats. Roger Isler wird neuer Gesch\u00e4ftsleiter Neuer Gesch\u00e4ftsleiter der Salto Systems AG werde ab Juli Roger Isler (55). Er arbeite seit Anfang 2014 als Verkaufsleiter [&hellip;]<\/p>\n","protected":false},"author":8,"featured_media":8185,"comment_status":"open","ping_status":"open","sticky":false,"template":"","format":"standard","meta":{"_acf_changed":false,"pgc_sgb_lightbox_settings":"","footnotes":""},"categories":[3312],"tags":[65],"class_list":["post-8184","post","type-post","status-publish","format-standard","has-post-thumbnail","hentry","category-sicherheit","tag-unternehmen"],"acf":[],"hkrextid":null,"publication":null,"issue":null,"workflow":null,"startPage":null,"spitzmarke":null,"_posts_by_tag_page_fields":{"widget_title":"","widget_tags":""},"_at_widget":"1","_yoast_wpseo_primary_category":"3303","_yoast_wpseo_focuskw_text_input":"F\u00fchrungswechsel","_yoast_wpseo_opengraph-image":null,"_yoast_wpseo_opengraph-description":null,"_yoast_wpseo_opengraph-title":null,"enclosure":null,"_yoast_wpseo_twitter-title":null,"_yoast_wpseo_twitter-description":null,"_yoast_wpseo_twitter-image":null,"_wp_old_slug":null,"_yoast_wpseo_title":null,"_yoast_wpseo_canonical":null,"yoast_head":"<!-- This site is optimized with the Yoast SEO plugin v27.5 - https:\/\/yoast.com\/product\/yoast-seo-wordpress\/ -->\n<title>F\u00fchrungswechsel bei Salto Systems - Save<\/title>\n<meta name=\"description\" content=\"Urs Keller, Gesch\u00e4ftsleiter der Salto Systems AG, zieht sich aus der operativen Gesch\u00e4ftsleitung zur\u00fcck. Nachfolger wird Roger Isler.\" \/>\n<meta name=\"robots\" content=\"index, follow, max-snippet:-1, max-image-preview:large, max-video-preview:-1\" \/>\n<link rel=\"canonical\" href=\"https:\/\/news.save.ch\/en\/fuehrungswechsel-bei-der-salto-systems-ag\/\" \/>\n<meta property=\"og:locale\" content=\"en_US\" \/>\n<meta property=\"og:type\" content=\"article\" \/>\n<meta property=\"og:title\" content=\"F\u00fchrungswechsel bei Salto Systems - Save\" \/>\n<meta property=\"og:description\" content=\"Urs Keller, Gesch\u00e4ftsleiter der Salto Systems AG, zieht sich aus der operativen Gesch\u00e4ftsleitung zur\u00fcck. Nachfolger wird Roger Isler.\" \/>\n<meta property=\"og:url\" content=\"https:\/\/news.save.ch\/en\/fuehrungswechsel-bei-der-salto-systems-ag\/\" \/>\n<meta property=\"og:site_name\" content=\"Save\" \/>\n<meta property=\"article:published_time\" content=\"2019-06-06T16:12:47+00:00\" \/>\n<meta property=\"article:modified_time\" content=\"2023-03-14T08:00:00+00:00\" \/>\n<meta property=\"og:image\" content=\"https:\/\/news.save.ch\/wp-content\/uploads\/2019\/06\/salto_keller-isler-neher-graf-scaled-1-scaled.jpg\" \/>\n\t<meta property=\"og:image:width\" content=\"1400\" \/>\n\t<meta property=\"og:image:height\" content=\"479\" \/>\n\t<meta property=\"og:image:type\" content=\"image\/jpeg\" \/>\n<meta name=\"author\" content=\"Roger Str\u00e4ssle\" \/>\n<meta name=\"twitter:card\" content=\"summary_large_image\" \/>\n<meta name=\"twitter:label1\" content=\"Written by\" \/>\n\t<meta name=\"twitter:data1\" content=\"Roger Str\u00e4ssle\" \/>\n\t<meta name=\"twitter:label2\" content=\"Est. reading time\" \/>\n\t<meta name=\"twitter:data2\" content=\"1 minute\" \/>\n<script type=\"application\/ld+json\" class=\"yoast-schema-graph\">{\"@context\":\"https:\\\/\\\/schema.org\",\"@graph\":[{\"@type\":\"Article\",\"@id\":\"https:\\\/\\\/news.save.ch\\\/fuehrungswechsel-bei-der-salto-systems-ag\\\/#article\",\"isPartOf\":{\"@id\":\"https:\\\/\\\/news.save.ch\\\/fuehrungswechsel-bei-der-salto-systems-ag\\\/\"},\"author\":{\"name\":\"Roger Str\u00e4ssle\",\"@id\":\"https:\\\/\\\/news.save.ch\\\/de\\\/#\\\/schema\\\/person\\\/d5022db048e0e2b9785c50e5b24da5aa\"},\"headline\":\"F\u00fchrungswechsel bei Salto Systems\",\"datePublished\":\"2019-06-06T16:12:47+00:00\",\"dateModified\":\"2023-03-14T08:00:00+00:00\",\"mainEntityOfPage\":{\"@id\":\"https:\\\/\\\/news.save.ch\\\/fuehrungswechsel-bei-der-salto-systems-ag\\\/\"},\"wordCount\":203,\"commentCount\":0,\"publisher\":{\"@id\":\"https:\\\/\\\/news.save.ch\\\/de\\\/#organization\"},\"image\":{\"@id\":\"https:\\\/\\\/news.save.ch\\\/fuehrungswechsel-bei-der-salto-systems-ag\\\/#primaryimage\"},\"thumbnailUrl\":\"https:\\\/\\\/news.save.ch\\\/wp-content\\\/uploads\\\/2019\\\/06\\\/salto_keller-isler-neher-graf-scaled-1-scaled.jpg\",\"keywords\":[\"Unternehmen\"],\"articleSection\":[\"SICHERHEIT\"],\"inLanguage\":\"en-US\"},{\"@type\":\"WebPage\",\"@id\":\"https:\\\/\\\/news.save.ch\\\/fuehrungswechsel-bei-der-salto-systems-ag\\\/\",\"url\":\"https:\\\/\\\/news.save.ch\\\/fuehrungswechsel-bei-der-salto-systems-ag\\\/\",\"name\":\"F\u00fchrungswechsel bei Salto Systems - Save\",\"isPartOf\":{\"@id\":\"https:\\\/\\\/news.save.ch\\\/de\\\/#website\"},\"primaryImageOfPage\":{\"@id\":\"https:\\\/\\\/news.save.ch\\\/fuehrungswechsel-bei-der-salto-systems-ag\\\/#primaryimage\"},\"image\":{\"@id\":\"https:\\\/\\\/news.save.ch\\\/fuehrungswechsel-bei-der-salto-systems-ag\\\/#primaryimage\"},\"thumbnailUrl\":\"https:\\\/\\\/news.save.ch\\\/wp-content\\\/uploads\\\/2019\\\/06\\\/salto_keller-isler-neher-graf-scaled-1-scaled.jpg\",\"datePublished\":\"2019-06-06T16:12:47+00:00\",\"dateModified\":\"2023-03-14T08:00:00+00:00\",\"description\":\"Urs Keller, Gesch\u00e4ftsleiter der Salto Systems AG, zieht sich aus der operativen Gesch\u00e4ftsleitung zur\u00fcck. Nachfolger wird Roger Isler.\",\"breadcrumb\":{\"@id\":\"https:\\\/\\\/news.save.ch\\\/fuehrungswechsel-bei-der-salto-systems-ag\\\/#breadcrumb\"},\"inLanguage\":\"en-US\",\"potentialAction\":[{\"@type\":\"ReadAction\",\"target\":[\"https:\\\/\\\/news.save.ch\\\/fuehrungswechsel-bei-der-salto-systems-ag\\\/\"]}]},{\"@type\":\"ImageObject\",\"inLanguage\":\"en-US\",\"@id\":\"https:\\\/\\\/news.save.ch\\\/fuehrungswechsel-bei-der-salto-systems-ag\\\/#primaryimage\",\"url\":\"https:\\\/\\\/news.save.ch\\\/wp-content\\\/uploads\\\/2019\\\/06\\\/salto_keller-isler-neher-graf-scaled-1-scaled.jpg\",\"contentUrl\":\"https:\\\/\\\/news.save.ch\\\/wp-content\\\/uploads\\\/2019\\\/06\\\/salto_keller-isler-neher-graf-scaled-1-scaled.jpg\",\"width\":1400,\"height\":479,\"caption\":\"Neue Funktionen bei der Salto Systems AG (v.l.n.r.): Urs Keller, Delegierter des Verwaltungsrats, Roger Isler, Gesch\u00e4ftsleiter, Andreas Neher, Verkaufsleiter, Daniel Graf, Key Account Manager. (Foto: Salto Systems)\"},{\"@type\":\"BreadcrumbList\",\"@id\":\"https:\\\/\\\/news.save.ch\\\/fuehrungswechsel-bei-der-salto-systems-ag\\\/#breadcrumb\",\"itemListElement\":[{\"@type\":\"ListItem\",\"position\":1,\"name\":\"Home\",\"item\":\"https:\\\/\\\/news.save.ch\\\/de\\\/\"},{\"@type\":\"ListItem\",\"position\":2,\"name\":\"F\u00fchrungswechsel bei Salto Systems\"}]},{\"@type\":\"WebSite\",\"@id\":\"https:\\\/\\\/news.save.ch\\\/de\\\/#website\",\"url\":\"https:\\\/\\\/news.save.ch\\\/de\\\/\",\"name\":\"Save\",\"description\":\"Schweizer Fachzeitschrift f\u00fcr Sicherheit\",\"publisher\":{\"@id\":\"https:\\\/\\\/news.save.ch\\\/de\\\/#organization\"},\"potentialAction\":[{\"@type\":\"SearchAction\",\"target\":{\"@type\":\"EntryPoint\",\"urlTemplate\":\"https:\\\/\\\/news.save.ch\\\/de\\\/?s={search_term_string}\"},\"query-input\":{\"@type\":\"PropertyValueSpecification\",\"valueRequired\":true,\"valueName\":\"search_term_string\"}}],\"inLanguage\":\"en-US\"},{\"@type\":\"Organization\",\"@id\":\"https:\\\/\\\/news.save.ch\\\/de\\\/#organization\",\"name\":\"Sicherheitsforum\",\"url\":\"https:\\\/\\\/news.save.ch\\\/de\\\/\",\"logo\":{\"@type\":\"ImageObject\",\"inLanguage\":\"en-US\",\"@id\":\"https:\\\/\\\/news.save.ch\\\/de\\\/#\\\/schema\\\/logo\\\/image\\\/\",\"url\":\"https:\\\/\\\/news.save.ch\\\/wp-content\\\/uploads\\\/2022\\\/06\\\/Logo_SF_2012.png\",\"contentUrl\":\"https:\\\/\\\/news.save.ch\\\/wp-content\\\/uploads\\\/2022\\\/06\\\/Logo_SF_2012.png\",\"width\":1100,\"height\":91,\"caption\":\"Sicherheitsforum\"},\"image\":{\"@id\":\"https:\\\/\\\/news.save.ch\\\/de\\\/#\\\/schema\\\/logo\\\/image\\\/\"}},{\"@type\":\"Person\",\"@id\":\"https:\\\/\\\/news.save.ch\\\/de\\\/#\\\/schema\\\/person\\\/d5022db048e0e2b9785c50e5b24da5aa\",\"name\":\"Roger Str\u00e4ssle\",\"image\":{\"@type\":\"ImageObject\",\"inLanguage\":\"en-US\",\"@id\":\"https:\\\/\\\/secure.gravatar.com\\\/avatar\\\/862a5569d087de48e5856e32f45d719a03804c891d6deb8d4f71a660e79e4a47?s=96&d=mm&r=g\",\"url\":\"https:\\\/\\\/secure.gravatar.com\\\/avatar\\\/862a5569d087de48e5856e32f45d719a03804c891d6deb8d4f71a660e79e4a47?s=96&d=mm&r=g\",\"contentUrl\":\"https:\\\/\\\/secure.gravatar.com\\\/avatar\\\/862a5569d087de48e5856e32f45d719a03804c891d6deb8d4f71a660e79e4a47?s=96&d=mm&r=g\",\"caption\":\"Roger Str\u00e4ssle\"},\"url\":\"https:\\\/\\\/news.save.ch\\\/en\\\/author\\\/roger-straessle\\\/\"}]}<\/script>\n<!-- \/ Yoast SEO plugin. -->","yoast_head_json":{"title":"Change of leadership at Salto Systems - Save","description":"Urs Keller, Managing Director of Salto Systems AG, is retiring from operational management. His successor is Roger Isler.","robots":{"index":"index","follow":"follow","max-snippet":"max-snippet:-1","max-image-preview":"max-image-preview:large","max-video-preview":"max-video-preview:-1"},"canonical":"https:\/\/news.save.ch\/en\/fuehrungswechsel-bei-der-salto-systems-ag\/","og_locale":"en_US","og_type":"article","og_title":"F\u00fchrungswechsel bei Salto Systems - Save","og_description":"Urs Keller, Gesch\u00e4ftsleiter der Salto Systems AG, zieht sich aus der operativen Gesch\u00e4ftsleitung zur\u00fcck. Nachfolger wird Roger Isler.","og_url":"https:\/\/news.save.ch\/en\/fuehrungswechsel-bei-der-salto-systems-ag\/","og_site_name":"Save","article_published_time":"2019-06-06T16:12:47+00:00","article_modified_time":"2023-03-14T08:00:00+00:00","og_image":[{"width":1400,"height":479,"url":"https:\/\/news.save.ch\/wp-content\/uploads\/2019\/06\/salto_keller-isler-neher-graf-scaled-1-scaled.jpg","type":"image\/jpeg"}],"author":"Roger Str\u00e4ssle","twitter_card":"summary_large_image","twitter_misc":{"Written by":"Roger Str\u00e4ssle","Est. reading time":"1 minute"},"schema":{"@context":"https:\/\/schema.org","@graph":[{"@type":"Article","@id":"https:\/\/news.save.ch\/fuehrungswechsel-bei-der-salto-systems-ag\/#article","isPartOf":{"@id":"https:\/\/news.save.ch\/fuehrungswechsel-bei-der-salto-systems-ag\/"},"author":{"name":"Roger Str\u00e4ssle","@id":"https:\/\/news.save.ch\/de\/#\/schema\/person\/d5022db048e0e2b9785c50e5b24da5aa"},"headline":"F\u00fchrungswechsel bei Salto Systems","datePublished":"2019-06-06T16:12:47+00:00","dateModified":"2023-03-14T08:00:00+00:00","mainEntityOfPage":{"@id":"https:\/\/news.save.ch\/fuehrungswechsel-bei-der-salto-systems-ag\/"},"wordCount":203,"commentCount":0,"publisher":{"@id":"https:\/\/news.save.ch\/de\/#organization"},"image":{"@id":"https:\/\/news.save.ch\/fuehrungswechsel-bei-der-salto-systems-ag\/#primaryimage"},"thumbnailUrl":"https:\/\/news.save.ch\/wp-content\/uploads\/2019\/06\/salto_keller-isler-neher-graf-scaled-1-scaled.jpg","keywords":["Unternehmen"],"articleSection":["SICHERHEIT"],"inLanguage":"en-US"},{"@type":"WebPage","@id":"https:\/\/news.save.ch\/fuehrungswechsel-bei-der-salto-systems-ag\/","url":"https:\/\/news.save.ch\/fuehrungswechsel-bei-der-salto-systems-ag\/","name":"Change of leadership at Salto Systems - Save","isPartOf":{"@id":"https:\/\/news.save.ch\/de\/#website"},"primaryImageOfPage":{"@id":"https:\/\/news.save.ch\/fuehrungswechsel-bei-der-salto-systems-ag\/#primaryimage"},"image":{"@id":"https:\/\/news.save.ch\/fuehrungswechsel-bei-der-salto-systems-ag\/#primaryimage"},"thumbnailUrl":"https:\/\/news.save.ch\/wp-content\/uploads\/2019\/06\/salto_keller-isler-neher-graf-scaled-1-scaled.jpg","datePublished":"2019-06-06T16:12:47+00:00","dateModified":"2023-03-14T08:00:00+00:00","description":"Urs Keller, Managing Director of Salto Systems AG, is retiring from operational management. His successor is Roger Isler.","breadcrumb":{"@id":"https:\/\/news.save.ch\/fuehrungswechsel-bei-der-salto-systems-ag\/#breadcrumb"},"inLanguage":"en-US","potentialAction":[{"@type":"ReadAction","target":["https:\/\/news.save.ch\/fuehrungswechsel-bei-der-salto-systems-ag\/"]}]},{"@type":"ImageObject","inLanguage":"en-US","@id":"https:\/\/news.save.ch\/fuehrungswechsel-bei-der-salto-systems-ag\/#primaryimage","url":"https:\/\/news.save.ch\/wp-content\/uploads\/2019\/06\/salto_keller-isler-neher-graf-scaled-1-scaled.jpg","contentUrl":"https:\/\/news.save.ch\/wp-content\/uploads\/2019\/06\/salto_keller-isler-neher-graf-scaled-1-scaled.jpg","width":1400,"height":479,"caption":"Neue Funktionen bei der Salto Systems AG (v.l.n.r.): Urs Keller, Delegierter des Verwaltungsrats, Roger Isler, Gesch\u00e4ftsleiter, Andreas Neher, Verkaufsleiter, Daniel Graf, Key Account Manager. (Foto: Salto Systems)"},{"@type":"BreadcrumbList","@id":"https:\/\/news.save.ch\/fuehrungswechsel-bei-der-salto-systems-ag\/#breadcrumb","itemListElement":[{"@type":"ListItem","position":1,"name":"Home","item":"https:\/\/news.save.ch\/de\/"},{"@type":"ListItem","position":2,"name":"F\u00fchrungswechsel bei Salto Systems"}]},{"@type":"WebSite","@id":"https:\/\/news.save.ch\/de\/#website","url":"https:\/\/news.save.ch\/de\/","name":"Save","description":"Swiss trade journal for safety","publisher":{"@id":"https:\/\/news.save.ch\/de\/#organization"},"potentialAction":[{"@type":"SearchAction","target":{"@type":"EntryPoint","urlTemplate":"https:\/\/news.save.ch\/de\/?s={search_term_string}"},"query-input":{"@type":"PropertyValueSpecification","valueRequired":true,"valueName":"search_term_string"}}],"inLanguage":"en-US"},{"@type":"Organization","@id":"https:\/\/news.save.ch\/de\/#organization","name":"Security Forum","url":"https:\/\/news.save.ch\/de\/","logo":{"@type":"ImageObject","inLanguage":"en-US","@id":"https:\/\/news.save.ch\/de\/#\/schema\/logo\/image\/","url":"https:\/\/news.save.ch\/wp-content\/uploads\/2022\/06\/Logo_SF_2012.png","contentUrl":"https:\/\/news.save.ch\/wp-content\/uploads\/2022\/06\/Logo_SF_2012.png","width":1100,"height":91,"caption":"Sicherheitsforum"},"image":{"@id":"https:\/\/news.save.ch\/de\/#\/schema\/logo\/image\/"}},{"@type":"Person","@id":"https:\/\/news.save.ch\/de\/#\/schema\/person\/d5022db048e0e2b9785c50e5b24da5aa","name":"Roger Str\u00e4ssle","image":{"@type":"ImageObject","inLanguage":"en-US","@id":"https:\/\/secure.gravatar.com\/avatar\/862a5569d087de48e5856e32f45d719a03804c891d6deb8d4f71a660e79e4a47?s=96&d=mm&r=g","url":"https:\/\/secure.gravatar.com\/avatar\/862a5569d087de48e5856e32f45d719a03804c891d6deb8d4f71a660e79e4a47?s=96&d=mm&r=g","contentUrl":"https:\/\/secure.gravatar.com\/avatar\/862a5569d087de48e5856e32f45d719a03804c891d6deb8d4f71a660e79e4a47?s=96&d=mm&r=g","caption":"Roger Str\u00e4ssle"},"url":"https:\/\/news.save.ch\/en\/author\/roger-straessle\/"}]}},"_links":{"self":[{"href":"https:\/\/news.save.ch\/en\/wp-json\/wp\/v2\/posts\/8184","targetHints":{"allow":["GET"]}}],"collection":[{"href":"https:\/\/news.save.ch\/en\/wp-json\/wp\/v2\/posts"}],"about":[{"href":"https:\/\/news.save.ch\/en\/wp-json\/wp\/v2\/types\/post"}],"author":[{"embeddable":true,"href":"https:\/\/news.save.ch\/en\/wp-json\/wp\/v2\/users\/8"}],"replies":[{"embeddable":true,"href":"https:\/\/news.save.ch\/en\/wp-json\/wp\/v2\/comments?post=8184"}],"version-history":[{"count":1,"href":"https:\/\/news.save.ch\/en\/wp-json\/wp\/v2\/posts\/8184\/revisions"}],"predecessor-version":[{"id":17983,"href":"https:\/\/news.save.ch\/en\/wp-json\/wp\/v2\/posts\/8184\/revisions\/17983"}],"wp:featuredmedia":[{"embeddable":true,"href":"https:\/\/news.save.ch\/en\/wp-json\/wp\/v2\/media\/8185"}],"wp:attachment":[{"href":"https:\/\/news.save.ch\/en\/wp-json\/wp\/v2\/media?parent=8184"}],"wp:term":[{"taxonomy":"category","embeddable":true,"href":"https:\/\/news.save.ch\/en\/wp-json\/wp\/v2\/categories?post=8184"},{"taxonomy":"post_tag","embeddable":true,"href":"https:\/\/news.save.ch\/en\/wp-json\/wp\/v2\/tags?post=8184"}],"curies":[{"name":"wp","href":"https:\/\/api.w.org\/{rel}","templated":true}]}}