{"id":8316,"date":"2019-07-08T10:00:39","date_gmt":"2019-07-08T08:00:39","guid":{"rendered":"https:\/\/news.save.ch\/?p=8316"},"modified":"2023-03-14T08:58:57","modified_gmt":"2023-03-14T07:58:57","slug":"naturgefahren-praevention","status":null,"type":"post","link":"https:\/\/news.save.ch\/en\/naturgefahren-praevention\/","title":{"rendered":"Natural Hazard Prevention"},"content":{"rendered":"<figure id=\"attachment_8317\" aria-describedby=\"caption-attachment-8317\" style=\"width: 680px\" class=\"wp-caption alignleft\"><img loading=\"lazy\" decoding=\"async\" class=\"wp-image-8317 size-medium\" src=\"https:\/\/news.save.ch\/wp-content\/uploads\/2019\/07\/Bild-Zurich-Versicherung-1.jpg\" alt=\"Natural Hazard Prevention\" width=\"680\" height=\"510\" \/><figcaption id=\"caption-attachment-8317\" class=\"wp-caption-text\">\u00a9 Kapo St.Gallen<\/figcaption><\/figure>\n<p>The curve in the statistics of the Federal Office for the Environment has been pointing steeply upward for years: There is more and more damage caused by natural hazards in Switzerland (cf. <a href=\"https:\/\/news.save.ch\/en\/category\/naturgefahren\/\">here<\/a>). In 2017, for example, the figure was over three billion Swiss francs. Experts predict that the frequency and intensity of extreme events will increase even more as climate change progresses. In the Alpine region, the permafrost line is rising, leading to increased landslides, debris flows, and rock and mountain falls. In the lowlands, storms, floods and inundations will increase. Earthquakes and radon radiation are also natural hazards that should not be underestimated.<\/p>\n<p><strong>Assessing risks correctly<\/strong><\/p>\n<p>Homeowners, entrepreneurs, architects, real estate managers or real estate and facility managers are well advised to consider the possible natural hazards in Switzerland. Only those who are aware of their effects can reduce or even prevent damage. But correctly assessing the risks of natural hazards requires a great deal of specialist knowledge.<\/p>\n<p>That is why Zurich Insurance, in collaboration with the Swiss Society of Engineers and Architects (sia), the Swiss Association for Facility Management and Maintenance (fmpro), the Swiss Homeowners Association (HEV) and the trade journal SicherheitsForum, is launching a new series of events on natural hazard prevention in the \"Umwelt Arena\" (see box).<\/p>\n<p><strong>Expertise from experts<\/strong><\/p>\n<p>At the event, industry experts and damage specialists will show how to protect their properties from natural hazards such as floods, landslides, avalanches or debris flows and how vulnerable a site is. Participants will also learn the \"<a href=\"https:\/\/www.zurich.ch\/de\/services\/naturgefahren\">Zurich Natural Hazards Radar<\/a>\": The web-based analysis tool was developed in cooperation with the engineers and geologists of Geotest AG and the support of the federal government and the cantons.<\/p>\n<p>Real estate, home and apartment owners, as well as builders, architects and planners, property managers, real estate and facility managers use the tool to analyze hazards and recommend and implement necessary protective measures.<\/p>\n<p>&nbsp;<\/p>\n<blockquote>\n<p>The series of events organized by Zurich Insurance in the \"Umwelt Arena Schweiz\" in Spreitenbach is free of charge. In addition to the presentations, there will be a guided tour of the \"Umwelt Arena\" beforehand. A networking aperitif is offered after the presentations.<\/p>\n<p><strong>Event dates 2019<\/strong><\/p>\n<ul>\n<li>Wednesday, September 4, 5:45 p.m. - Guest host: sia<\/li>\n<li>Thursday, September 26, 5:45 p.m. - Guest host: SecurityForum<\/li>\n<li>Thursday, October 3, 5:45 p.m. - Guest host: FMpro<\/li>\n<li>Saturday, October 26, 09.30 - Guest host: HEV<\/li>\n<li>Wednesday, November 20, 5:45 p.m. - Guest host: sia<\/li>\n<\/ul>\n<p><em>For registration, program, presentations and more information:<\/em><\/p>\n<p><em>\u00a0<\/em><em><a href=\"https:\/\/www.change-the-picture.ch\">www.change-the-picture.ch<\/a><\/em><\/p>\n<p>&nbsp;<\/p>\n<\/blockquote>\n<p>&nbsp;<\/p>","protected":false},"excerpt":{"rendered":"<p>Die Kurve in der Statistik des Bundesamtes f\u00fcr Umwelt zeigt seit Jahren steil nach oben: Es gibt immer mehr Sch\u00e4den durch Naturgefahren in der Schweiz (vgl. hier). Im Jahr 2017 waren es beispielsweise \u00fcber drei Milliarden Franken. Experten prognostizieren, dass mit fortschreitendem Klimawandel die H\u00e4ufigkeit und Intensit\u00e4t von Extremereignissen noch mehr zunehmen wird. Im Alpenraum [&hellip;]<\/p>\n","protected":false},"author":8,"featured_media":8317,"comment_status":"open","ping_status":"open","sticky":false,"template":"","format":"standard","meta":{"_acf_changed":false,"pgc_sgb_lightbox_settings":"","footnotes":""},"categories":[3312],"tags":[509,170,160,86],"class_list":["post-8316","post","type-post","status-publish","format-standard","has-post-thumbnail","hentry","category-sicherheit","tag-immobilien","tag-naturgefahren","tag-veranstaltungen","tag-veranstaltungsreihe"],"acf":[],"hkrextid":null,"publication":null,"issue":null,"workflow":null,"startPage":null,"spitzmarke":null,"_posts_by_tag_page_fields":{"widget_title":"","widget_tags":""},"_at_widget":"1","_yoast_wpseo_primary_category":"5","_yoast_wpseo_focuskw_text_input":"Naturgefahren-Pr\u00e4vention","_yoast_wpseo_opengraph-image":null,"_yoast_wpseo_opengraph-description":null,"_yoast_wpseo_opengraph-title":null,"enclosure":null,"_yoast_wpseo_twitter-title":null,"_yoast_wpseo_twitter-description":null,"_yoast_wpseo_twitter-image":null,"_wp_old_slug":null,"_yoast_wpseo_title":null,"_yoast_wpseo_canonical":null,"yoast_head":"<!-- This site is optimized with the Yoast SEO plugin v27.5 - https:\/\/yoast.com\/product\/yoast-seo-wordpress\/ -->\n<title>Naturgefahren-Pr\u00e4vention - Save<\/title>\n<meta name=\"robots\" content=\"index, follow, max-snippet:-1, max-image-preview:large, max-video-preview:-1\" \/>\n<link rel=\"canonical\" href=\"https:\/\/news.save.ch\/en\/naturgefahren-praevention\/\" \/>\n<meta property=\"og:locale\" content=\"en_US\" \/>\n<meta property=\"og:type\" content=\"article\" \/>\n<meta property=\"og:title\" content=\"Naturgefahren-Pr\u00e4vention - Save\" \/>\n<meta property=\"og:description\" content=\"Die Kurve in der Statistik des Bundesamtes f\u00fcr Umwelt zeigt seit Jahren steil nach oben: Es gibt immer mehr Sch\u00e4den durch Naturgefahren in der Schweiz (vgl. hier). Im Jahr 2017 waren es beispielsweise \u00fcber drei Milliarden Franken. Experten prognostizieren, dass mit fortschreitendem Klimawandel die H\u00e4ufigkeit und Intensit\u00e4t von Extremereignissen noch mehr zunehmen wird. Im Alpenraum [&hellip;]\" \/>\n<meta property=\"og:url\" content=\"https:\/\/news.save.ch\/en\/naturgefahren-praevention\/\" \/>\n<meta property=\"og:site_name\" content=\"Save\" \/>\n<meta property=\"article:published_time\" content=\"2019-07-08T08:00:39+00:00\" \/>\n<meta property=\"article:modified_time\" content=\"2023-03-14T07:58:57+00:00\" \/>\n<meta property=\"og:image\" content=\"https:\/\/news.save.ch\/wp-content\/uploads\/2019\/07\/Bild-Zurich-Versicherung-1-scaled.jpg\" \/>\n\t<meta property=\"og:image:width\" content=\"1400\" \/>\n\t<meta property=\"og:image:height\" content=\"1050\" \/>\n\t<meta property=\"og:image:type\" content=\"image\/jpeg\" \/>\n<meta name=\"author\" content=\"Roger Str\u00e4ssle\" \/>\n<meta name=\"twitter:card\" content=\"summary_large_image\" \/>\n<meta name=\"twitter:label1\" content=\"Written by\" \/>\n\t<meta name=\"twitter:data1\" content=\"Roger Str\u00e4ssle\" \/>\n\t<meta name=\"twitter:label2\" content=\"Est. reading time\" \/>\n\t<meta name=\"twitter:data2\" content=\"2 minutes\" \/>\n<script type=\"application\/ld+json\" class=\"yoast-schema-graph\">{\"@context\":\"https:\\\/\\\/schema.org\",\"@graph\":[{\"@type\":\"Article\",\"@id\":\"https:\\\/\\\/news.save.ch\\\/naturgefahren-praevention\\\/#article\",\"isPartOf\":{\"@id\":\"https:\\\/\\\/news.save.ch\\\/naturgefahren-praevention\\\/\"},\"author\":{\"name\":\"Roger Str\u00e4ssle\",\"@id\":\"https:\\\/\\\/news.save.ch\\\/de\\\/#\\\/schema\\\/person\\\/d5022db048e0e2b9785c50e5b24da5aa\"},\"headline\":\"Naturgefahren-Pr\u00e4vention\",\"datePublished\":\"2019-07-08T08:00:39+00:00\",\"dateModified\":\"2023-03-14T07:58:57+00:00\",\"mainEntityOfPage\":{\"@id\":\"https:\\\/\\\/news.save.ch\\\/naturgefahren-praevention\\\/\"},\"wordCount\":389,\"commentCount\":0,\"publisher\":{\"@id\":\"https:\\\/\\\/news.save.ch\\\/de\\\/#organization\"},\"image\":{\"@id\":\"https:\\\/\\\/news.save.ch\\\/naturgefahren-praevention\\\/#primaryimage\"},\"thumbnailUrl\":\"https:\\\/\\\/news.save.ch\\\/wp-content\\\/uploads\\\/2019\\\/07\\\/Bild-Zurich-Versicherung-1-scaled.jpg\",\"keywords\":[\"Immobilien\",\"Naturgefahren\",\"Veranstaltungen\",\"Veranstaltungsreihe\"],\"articleSection\":[\"SICHERHEIT\"],\"inLanguage\":\"en-US\"},{\"@type\":\"WebPage\",\"@id\":\"https:\\\/\\\/news.save.ch\\\/naturgefahren-praevention\\\/\",\"url\":\"https:\\\/\\\/news.save.ch\\\/naturgefahren-praevention\\\/\",\"name\":\"Naturgefahren-Pr\u00e4vention - Save\",\"isPartOf\":{\"@id\":\"https:\\\/\\\/news.save.ch\\\/de\\\/#website\"},\"primaryImageOfPage\":{\"@id\":\"https:\\\/\\\/news.save.ch\\\/naturgefahren-praevention\\\/#primaryimage\"},\"image\":{\"@id\":\"https:\\\/\\\/news.save.ch\\\/naturgefahren-praevention\\\/#primaryimage\"},\"thumbnailUrl\":\"https:\\\/\\\/news.save.ch\\\/wp-content\\\/uploads\\\/2019\\\/07\\\/Bild-Zurich-Versicherung-1-scaled.jpg\",\"datePublished\":\"2019-07-08T08:00:39+00:00\",\"dateModified\":\"2023-03-14T07:58:57+00:00\",\"breadcrumb\":{\"@id\":\"https:\\\/\\\/news.save.ch\\\/naturgefahren-praevention\\\/#breadcrumb\"},\"inLanguage\":\"en-US\",\"potentialAction\":[{\"@type\":\"ReadAction\",\"target\":[\"https:\\\/\\\/news.save.ch\\\/naturgefahren-praevention\\\/\"]}]},{\"@type\":\"ImageObject\",\"inLanguage\":\"en-US\",\"@id\":\"https:\\\/\\\/news.save.ch\\\/naturgefahren-praevention\\\/#primaryimage\",\"url\":\"https:\\\/\\\/news.save.ch\\\/wp-content\\\/uploads\\\/2019\\\/07\\\/Bild-Zurich-Versicherung-1-scaled.jpg\",\"contentUrl\":\"https:\\\/\\\/news.save.ch\\\/wp-content\\\/uploads\\\/2019\\\/07\\\/Bild-Zurich-Versicherung-1-scaled.jpg\",\"width\":1400,\"height\":1050,\"caption\":\"\u00a9 Kapo St.Gallen\"},{\"@type\":\"BreadcrumbList\",\"@id\":\"https:\\\/\\\/news.save.ch\\\/naturgefahren-praevention\\\/#breadcrumb\",\"itemListElement\":[{\"@type\":\"ListItem\",\"position\":1,\"name\":\"Home\",\"item\":\"https:\\\/\\\/news.save.ch\\\/de\\\/\"},{\"@type\":\"ListItem\",\"position\":2,\"name\":\"Naturgefahren-Pr\u00e4vention\"}]},{\"@type\":\"WebSite\",\"@id\":\"https:\\\/\\\/news.save.ch\\\/de\\\/#website\",\"url\":\"https:\\\/\\\/news.save.ch\\\/de\\\/\",\"name\":\"Save\",\"description\":\"Schweizer Fachzeitschrift f\u00fcr Sicherheit\",\"publisher\":{\"@id\":\"https:\\\/\\\/news.save.ch\\\/de\\\/#organization\"},\"potentialAction\":[{\"@type\":\"SearchAction\",\"target\":{\"@type\":\"EntryPoint\",\"urlTemplate\":\"https:\\\/\\\/news.save.ch\\\/de\\\/?s={search_term_string}\"},\"query-input\":{\"@type\":\"PropertyValueSpecification\",\"valueRequired\":true,\"valueName\":\"search_term_string\"}}],\"inLanguage\":\"en-US\"},{\"@type\":\"Organization\",\"@id\":\"https:\\\/\\\/news.save.ch\\\/de\\\/#organization\",\"name\":\"Sicherheitsforum\",\"url\":\"https:\\\/\\\/news.save.ch\\\/de\\\/\",\"logo\":{\"@type\":\"ImageObject\",\"inLanguage\":\"en-US\",\"@id\":\"https:\\\/\\\/news.save.ch\\\/de\\\/#\\\/schema\\\/logo\\\/image\\\/\",\"url\":\"https:\\\/\\\/news.save.ch\\\/wp-content\\\/uploads\\\/2022\\\/06\\\/Logo_SF_2012.png\",\"contentUrl\":\"https:\\\/\\\/news.save.ch\\\/wp-content\\\/uploads\\\/2022\\\/06\\\/Logo_SF_2012.png\",\"width\":1100,\"height\":91,\"caption\":\"Sicherheitsforum\"},\"image\":{\"@id\":\"https:\\\/\\\/news.save.ch\\\/de\\\/#\\\/schema\\\/logo\\\/image\\\/\"}},{\"@type\":\"Person\",\"@id\":\"https:\\\/\\\/news.save.ch\\\/de\\\/#\\\/schema\\\/person\\\/d5022db048e0e2b9785c50e5b24da5aa\",\"name\":\"Roger Str\u00e4ssle\",\"image\":{\"@type\":\"ImageObject\",\"inLanguage\":\"en-US\",\"@id\":\"https:\\\/\\\/secure.gravatar.com\\\/avatar\\\/862a5569d087de48e5856e32f45d719a03804c891d6deb8d4f71a660e79e4a47?s=96&d=mm&r=g\",\"url\":\"https:\\\/\\\/secure.gravatar.com\\\/avatar\\\/862a5569d087de48e5856e32f45d719a03804c891d6deb8d4f71a660e79e4a47?s=96&d=mm&r=g\",\"contentUrl\":\"https:\\\/\\\/secure.gravatar.com\\\/avatar\\\/862a5569d087de48e5856e32f45d719a03804c891d6deb8d4f71a660e79e4a47?s=96&d=mm&r=g\",\"caption\":\"Roger Str\u00e4ssle\"},\"url\":\"https:\\\/\\\/news.save.ch\\\/en\\\/author\\\/roger-straessle\\\/\"}]}<\/script>\n<!-- \/ Yoast SEO plugin. -->","yoast_head_json":{"title":"Natural hazards prevention - Save","robots":{"index":"index","follow":"follow","max-snippet":"max-snippet:-1","max-image-preview":"max-image-preview:large","max-video-preview":"max-video-preview:-1"},"canonical":"https:\/\/news.save.ch\/en\/naturgefahren-praevention\/","og_locale":"en_US","og_type":"article","og_title":"Naturgefahren-Pr\u00e4vention - Save","og_description":"Die Kurve in der Statistik des Bundesamtes f\u00fcr Umwelt zeigt seit Jahren steil nach oben: Es gibt immer mehr Sch\u00e4den durch Naturgefahren in der Schweiz (vgl. hier). Im Jahr 2017 waren es beispielsweise \u00fcber drei Milliarden Franken. Experten prognostizieren, dass mit fortschreitendem Klimawandel die H\u00e4ufigkeit und Intensit\u00e4t von Extremereignissen noch mehr zunehmen wird. Im Alpenraum [&hellip;]","og_url":"https:\/\/news.save.ch\/en\/naturgefahren-praevention\/","og_site_name":"Save","article_published_time":"2019-07-08T08:00:39+00:00","article_modified_time":"2023-03-14T07:58:57+00:00","og_image":[{"width":1400,"height":1050,"url":"https:\/\/news.save.ch\/wp-content\/uploads\/2019\/07\/Bild-Zurich-Versicherung-1-scaled.jpg","type":"image\/jpeg"}],"author":"Roger Str\u00e4ssle","twitter_card":"summary_large_image","twitter_misc":{"Written by":"Roger Str\u00e4ssle","Est. reading time":"2 minutes"},"schema":{"@context":"https:\/\/schema.org","@graph":[{"@type":"Article","@id":"https:\/\/news.save.ch\/naturgefahren-praevention\/#article","isPartOf":{"@id":"https:\/\/news.save.ch\/naturgefahren-praevention\/"},"author":{"name":"Roger Str\u00e4ssle","@id":"https:\/\/news.save.ch\/de\/#\/schema\/person\/d5022db048e0e2b9785c50e5b24da5aa"},"headline":"Naturgefahren-Pr\u00e4vention","datePublished":"2019-07-08T08:00:39+00:00","dateModified":"2023-03-14T07:58:57+00:00","mainEntityOfPage":{"@id":"https:\/\/news.save.ch\/naturgefahren-praevention\/"},"wordCount":389,"commentCount":0,"publisher":{"@id":"https:\/\/news.save.ch\/de\/#organization"},"image":{"@id":"https:\/\/news.save.ch\/naturgefahren-praevention\/#primaryimage"},"thumbnailUrl":"https:\/\/news.save.ch\/wp-content\/uploads\/2019\/07\/Bild-Zurich-Versicherung-1-scaled.jpg","keywords":["Immobilien","Naturgefahren","Veranstaltungen","Veranstaltungsreihe"],"articleSection":["SICHERHEIT"],"inLanguage":"en-US"},{"@type":"WebPage","@id":"https:\/\/news.save.ch\/naturgefahren-praevention\/","url":"https:\/\/news.save.ch\/naturgefahren-praevention\/","name":"Natural hazards prevention - Save","isPartOf":{"@id":"https:\/\/news.save.ch\/de\/#website"},"primaryImageOfPage":{"@id":"https:\/\/news.save.ch\/naturgefahren-praevention\/#primaryimage"},"image":{"@id":"https:\/\/news.save.ch\/naturgefahren-praevention\/#primaryimage"},"thumbnailUrl":"https:\/\/news.save.ch\/wp-content\/uploads\/2019\/07\/Bild-Zurich-Versicherung-1-scaled.jpg","datePublished":"2019-07-08T08:00:39+00:00","dateModified":"2023-03-14T07:58:57+00:00","breadcrumb":{"@id":"https:\/\/news.save.ch\/naturgefahren-praevention\/#breadcrumb"},"inLanguage":"en-US","potentialAction":[{"@type":"ReadAction","target":["https:\/\/news.save.ch\/naturgefahren-praevention\/"]}]},{"@type":"ImageObject","inLanguage":"en-US","@id":"https:\/\/news.save.ch\/naturgefahren-praevention\/#primaryimage","url":"https:\/\/news.save.ch\/wp-content\/uploads\/2019\/07\/Bild-Zurich-Versicherung-1-scaled.jpg","contentUrl":"https:\/\/news.save.ch\/wp-content\/uploads\/2019\/07\/Bild-Zurich-Versicherung-1-scaled.jpg","width":1400,"height":1050,"caption":"\u00a9 Kapo St.Gallen"},{"@type":"BreadcrumbList","@id":"https:\/\/news.save.ch\/naturgefahren-praevention\/#breadcrumb","itemListElement":[{"@type":"ListItem","position":1,"name":"Home","item":"https:\/\/news.save.ch\/de\/"},{"@type":"ListItem","position":2,"name":"Naturgefahren-Pr\u00e4vention"}]},{"@type":"WebSite","@id":"https:\/\/news.save.ch\/de\/#website","url":"https:\/\/news.save.ch\/de\/","name":"Save","description":"Swiss trade journal for safety","publisher":{"@id":"https:\/\/news.save.ch\/de\/#organization"},"potentialAction":[{"@type":"SearchAction","target":{"@type":"EntryPoint","urlTemplate":"https:\/\/news.save.ch\/de\/?s={search_term_string}"},"query-input":{"@type":"PropertyValueSpecification","valueRequired":true,"valueName":"search_term_string"}}],"inLanguage":"en-US"},{"@type":"Organization","@id":"https:\/\/news.save.ch\/de\/#organization","name":"Security Forum","url":"https:\/\/news.save.ch\/de\/","logo":{"@type":"ImageObject","inLanguage":"en-US","@id":"https:\/\/news.save.ch\/de\/#\/schema\/logo\/image\/","url":"https:\/\/news.save.ch\/wp-content\/uploads\/2022\/06\/Logo_SF_2012.png","contentUrl":"https:\/\/news.save.ch\/wp-content\/uploads\/2022\/06\/Logo_SF_2012.png","width":1100,"height":91,"caption":"Sicherheitsforum"},"image":{"@id":"https:\/\/news.save.ch\/de\/#\/schema\/logo\/image\/"}},{"@type":"Person","@id":"https:\/\/news.save.ch\/de\/#\/schema\/person\/d5022db048e0e2b9785c50e5b24da5aa","name":"Roger Str\u00e4ssle","image":{"@type":"ImageObject","inLanguage":"en-US","@id":"https:\/\/secure.gravatar.com\/avatar\/862a5569d087de48e5856e32f45d719a03804c891d6deb8d4f71a660e79e4a47?s=96&d=mm&r=g","url":"https:\/\/secure.gravatar.com\/avatar\/862a5569d087de48e5856e32f45d719a03804c891d6deb8d4f71a660e79e4a47?s=96&d=mm&r=g","contentUrl":"https:\/\/secure.gravatar.com\/avatar\/862a5569d087de48e5856e32f45d719a03804c891d6deb8d4f71a660e79e4a47?s=96&d=mm&r=g","caption":"Roger Str\u00e4ssle"},"url":"https:\/\/news.save.ch\/en\/author\/roger-straessle\/"}]}},"_links":{"self":[{"href":"https:\/\/news.save.ch\/en\/wp-json\/wp\/v2\/posts\/8316","targetHints":{"allow":["GET"]}}],"collection":[{"href":"https:\/\/news.save.ch\/en\/wp-json\/wp\/v2\/posts"}],"about":[{"href":"https:\/\/news.save.ch\/en\/wp-json\/wp\/v2\/types\/post"}],"author":[{"embeddable":true,"href":"https:\/\/news.save.ch\/en\/wp-json\/wp\/v2\/users\/8"}],"replies":[{"embeddable":true,"href":"https:\/\/news.save.ch\/en\/wp-json\/wp\/v2\/comments?post=8316"}],"version-history":[{"count":1,"href":"https:\/\/news.save.ch\/en\/wp-json\/wp\/v2\/posts\/8316\/revisions"}],"predecessor-version":[{"id":17856,"href":"https:\/\/news.save.ch\/en\/wp-json\/wp\/v2\/posts\/8316\/revisions\/17856"}],"wp:featuredmedia":[{"embeddable":true,"href":"https:\/\/news.save.ch\/en\/wp-json\/wp\/v2\/media\/8317"}],"wp:attachment":[{"href":"https:\/\/news.save.ch\/en\/wp-json\/wp\/v2\/media?parent=8316"}],"wp:term":[{"taxonomy":"category","embeddable":true,"href":"https:\/\/news.save.ch\/en\/wp-json\/wp\/v2\/categories?post=8316"},{"taxonomy":"post_tag","embeddable":true,"href":"https:\/\/news.save.ch\/en\/wp-json\/wp\/v2\/tags?post=8316"}],"curies":[{"name":"wp","href":"https:\/\/api.w.org\/{rel}","templated":true}]}}