{"id":8323,"date":"2019-07-05T10:29:20","date_gmt":"2019-07-05T08:29:20","guid":{"rendered":"https:\/\/news.save.ch\/?p=8323"},"modified":"2019-07-05T10:29:20","modified_gmt":"2019-07-05T08:29:20","slug":"tempo-30-nachts-weniger-laerm","status":null,"type":"post","link":"https:\/\/news.save.ch\/en\/tempo-30-nachts-weniger-laerm\/","title":{"rendered":"\"Speed limit 30 at night\": less noise"},"content":{"rendered":"<figure id=\"attachment_8324\" aria-describedby=\"caption-attachment-8324\" style=\"width: 680px\" class=\"wp-caption aligncenter\"><img loading=\"lazy\" decoding=\"async\" class=\"size-medium wp-image-8324\" src=\"https:\/\/news.save.ch\/wp-content\/uploads\/2019\/07\/Depositphotos_8547100_l-2015.jpg\" alt=\"\" width=\"680\" height=\"453\" \/><figcaption id=\"caption-attachment-8324\" class=\"wp-caption-text\">\u00a9 depositphotos, yellow2j<\/figcaption><\/figure>\n<p>For three months (July to September 2018), \"Tempo 30\" was in effect between 10 p.m. and 6 a.m. on four supra-municipal pilot routes in the city of Zurich. On all routes, a reduction in noise pollution of about 1 to 3 decibels was observed, which is classified as perceptible, as the City of Zurich, Traffic Department, writes. The maximum levels of pass-by traffic had decreased even more significantly. Consequently, such a measure would be effective in reducing road noise and especially the disturbing noise peaks.<\/p>\n<p><strong>Driving speed significantly reduced<\/strong><\/p>\n<p>The test led to a significant reduction in average driving speed at the four road sections at night between 9 and 12 km\/h, it is further said. The average speed was between 32 km\/h and 36 km\/h. On longer stretches, the speed was kept very constant. On the driven speed during the day the signalization \"Tempo 30 at night\" had no influence. This allows the assumption that the signaling was understood, as the city writes.<\/p>\n<p>According to the information, the test had no negative impact on the traffic flow. No disruptions were detected, not even for public transport. Travel times were extended by a few seconds, but this had no effect on the timetable or on any connections.<\/p>\n<p><strong>Great acceptance by residents <\/strong><\/p>\n<p>According to the city, the speed reduction and its positive effects were also perceived by residents. In a survey, a majority of residents were in favor of a permanent \"30 km\/h speed limit at night\". A slight majority even advocated extending this 30 km\/h speed limit to daytime and nighttime. According to the city, around two-thirds of those surveyed said that road noise at night had been slightly or even greatly reduced during the trial phase. Slightly less than half of the respondents had noticed an improvement in the quality of sleep.<\/p>\n<p><strong>Significant differences<\/strong><\/p>\n<p>However, there are significant differences between the four road segments:<\/p>\n<ul>\n<li>For the residents on D\u00fcbendorfstrasse, the noise of the streetcars, which were not affected by the lower speed limit on their own route, predominated - and aircraft noise also seems to have played a certain role. On D\u00fcbendorfstrasse, \"Speed limit 30 at night\" was therefore only approved by one third of the respondents.<\/li>\n<li>On Albisstrasse, Breitensteinstrasse\/Am Wasser and Hardstrasse, a clear majority were in favor of the measure; on Breitensteinstrasse\/Am Wasser, over 80 percent of respondents were in favor.<\/li>\n<\/ul>\n<p><strong>Traffic and noise measured <\/strong><\/p>\n<p>In order to obtain meaningful findings, various measurements (vehicle volumes, speeds and noise levels) were carried out by independent experts prior to the trial - and repeated during the trial phase. In addition, the lost times of public transport were recorded.<\/p>\n<p>The findings from the trial are now being discussed at the political level. At the moment, it is not possible to say whether, when and where \"Tempo 30 at night\" will be definitively introduced, writes the city of Zurich in its media release.<\/p>\n<p><em>Further information on the subject of \"Tempo 30\" in the neighborhood <a href=\"https:\/\/www.bfu.ch\/sites\/assets\/Shop\/bfu_2.002.01_Tempo-30-Zonen.pdf\">here<\/a><\/em><\/p>","protected":false},"excerpt":{"rendered":"<p>W\u00e4hrend dreier Monate (Juli bis September 2018) galt in der Stadt Z\u00fcrich zwischen 22 und 6 Uhr \u00abTempo 30\u00bb auf vier \u00fcberkommunalen Pilotstrecken. Auf allen Strecken konnte eine geringere L\u00e4rmbelastung um etwa 1 bis 3 Dezibel festgestellt werden, was als wahrnehmbar eingestuft wird, wie die Stadt Z\u00fcrich, Dienstabteilung Verkehr, schreibt. Noch deutlicher h\u00e4tten die Maximalpegel [&hellip;]<\/p>\n","protected":false},"author":8,"featured_media":8324,"comment_status":"open","ping_status":"open","sticky":false,"template":"","format":"standard","meta":{"_acf_changed":false,"pgc_sgb_lightbox_settings":"","footnotes":""},"categories":[1],"tags":[201],"class_list":["post-8323","post","type-post","status-publish","format-standard","has-post-thumbnail","hentry","category-allgemein","tag-mobilitaet"],"acf":[],"hkrextid":null,"publication":null,"issue":null,"workflow":null,"startPage":null,"spitzmarke":null,"_posts_by_tag_page_fields":{"widget_title":"","widget_tags":""},"_at_widget":"1","_yoast_wpseo_primary_category":"","_yoast_wpseo_focuskw_text_input":"Tempo 30 nachts","_yoast_wpseo_opengraph-image":null,"_yoast_wpseo_opengraph-description":null,"_yoast_wpseo_opengraph-title":null,"enclosure":null,"_yoast_wpseo_twitter-title":null,"_yoast_wpseo_twitter-description":null,"_yoast_wpseo_twitter-image":null,"_wp_old_slug":null,"_yoast_wpseo_title":null,"_yoast_wpseo_canonical":null,"yoast_head":"<!-- This site is optimized with the Yoast SEO plugin v27.4 - https:\/\/yoast.com\/product\/yoast-seo-wordpress\/ -->\n<title>\u00abTempo 30 nachts\u00bb: weniger L\u00e4rm - Save<\/title>\n<meta name=\"description\" content=\"Ein Versuch auf vier \u00fcberkommunalen Strassenabschnitten zeigt, dass \u00abTempo 30 nachts\u00bb zu einer wahrnehmbaren L\u00e4rmreduktion f\u00fchrt.\" \/>\n<meta name=\"robots\" content=\"index, follow, max-snippet:-1, max-image-preview:large, max-video-preview:-1\" \/>\n<link rel=\"canonical\" href=\"https:\/\/news.save.ch\/en\/tempo-30-nachts-weniger-laerm\/\" \/>\n<meta property=\"og:locale\" content=\"en_US\" \/>\n<meta property=\"og:type\" content=\"article\" \/>\n<meta property=\"og:title\" content=\"\u00abTempo 30 nachts\u00bb: weniger L\u00e4rm - Save\" \/>\n<meta property=\"og:description\" content=\"Ein Versuch auf vier \u00fcberkommunalen Strassenabschnitten zeigt, dass \u00abTempo 30 nachts\u00bb zu einer wahrnehmbaren L\u00e4rmreduktion f\u00fchrt.\" \/>\n<meta property=\"og:url\" content=\"https:\/\/news.save.ch\/en\/tempo-30-nachts-weniger-laerm\/\" \/>\n<meta property=\"og:site_name\" content=\"Save\" \/>\n<meta property=\"article:published_time\" content=\"2019-07-05T08:29:20+00:00\" \/>\n<meta property=\"og:image\" content=\"https:\/\/news.save.ch\/wp-content\/uploads\/2019\/07\/Depositphotos_8547100_l-2015-scaled.jpg\" \/>\n\t<meta property=\"og:image:width\" content=\"1400\" \/>\n\t<meta property=\"og:image:height\" content=\"933\" \/>\n\t<meta property=\"og:image:type\" content=\"image\/jpeg\" \/>\n<meta name=\"author\" content=\"Roger Str\u00e4ssle\" \/>\n<meta name=\"twitter:card\" content=\"summary_large_image\" \/>\n<meta name=\"twitter:label1\" content=\"Written by\" \/>\n\t<meta name=\"twitter:data1\" content=\"Roger Str\u00e4ssle\" \/>\n\t<meta name=\"twitter:label2\" content=\"Est. reading time\" \/>\n\t<meta name=\"twitter:data2\" content=\"3 minutes\" \/>\n<script type=\"application\/ld+json\" class=\"yoast-schema-graph\">{\"@context\":\"https:\\\/\\\/schema.org\",\"@graph\":[{\"@type\":\"Article\",\"@id\":\"https:\\\/\\\/news.save.ch\\\/tempo-30-nachts-weniger-laerm\\\/#article\",\"isPartOf\":{\"@id\":\"https:\\\/\\\/news.save.ch\\\/tempo-30-nachts-weniger-laerm\\\/\"},\"author\":{\"name\":\"Roger Str\u00e4ssle\",\"@id\":\"https:\\\/\\\/news.save.ch\\\/de\\\/#\\\/schema\\\/person\\\/d5022db048e0e2b9785c50e5b24da5aa\"},\"headline\":\"\u00abTempo 30 nachts\u00bb: weniger L\u00e4rm\",\"datePublished\":\"2019-07-05T08:29:20+00:00\",\"mainEntityOfPage\":{\"@id\":\"https:\\\/\\\/news.save.ch\\\/tempo-30-nachts-weniger-laerm\\\/\"},\"wordCount\":509,\"commentCount\":0,\"publisher\":{\"@id\":\"https:\\\/\\\/news.save.ch\\\/de\\\/#organization\"},\"image\":{\"@id\":\"https:\\\/\\\/news.save.ch\\\/tempo-30-nachts-weniger-laerm\\\/#primaryimage\"},\"thumbnailUrl\":\"https:\\\/\\\/news.save.ch\\\/wp-content\\\/uploads\\\/2019\\\/07\\\/Depositphotos_8547100_l-2015-scaled.jpg\",\"keywords\":[\"Mobilit\u00e4t\"],\"articleSection\":[\"ALLGEMEIN\"],\"inLanguage\":\"en-US\"},{\"@type\":\"WebPage\",\"@id\":\"https:\\\/\\\/news.save.ch\\\/tempo-30-nachts-weniger-laerm\\\/\",\"url\":\"https:\\\/\\\/news.save.ch\\\/tempo-30-nachts-weniger-laerm\\\/\",\"name\":\"\u00abTempo 30 nachts\u00bb: weniger L\u00e4rm - Save\",\"isPartOf\":{\"@id\":\"https:\\\/\\\/news.save.ch\\\/de\\\/#website\"},\"primaryImageOfPage\":{\"@id\":\"https:\\\/\\\/news.save.ch\\\/tempo-30-nachts-weniger-laerm\\\/#primaryimage\"},\"image\":{\"@id\":\"https:\\\/\\\/news.save.ch\\\/tempo-30-nachts-weniger-laerm\\\/#primaryimage\"},\"thumbnailUrl\":\"https:\\\/\\\/news.save.ch\\\/wp-content\\\/uploads\\\/2019\\\/07\\\/Depositphotos_8547100_l-2015-scaled.jpg\",\"datePublished\":\"2019-07-05T08:29:20+00:00\",\"description\":\"Ein Versuch auf vier \u00fcberkommunalen Strassenabschnitten zeigt, dass \u00abTempo 30 nachts\u00bb zu einer wahrnehmbaren L\u00e4rmreduktion f\u00fchrt.\",\"breadcrumb\":{\"@id\":\"https:\\\/\\\/news.save.ch\\\/tempo-30-nachts-weniger-laerm\\\/#breadcrumb\"},\"inLanguage\":\"en-US\",\"potentialAction\":[{\"@type\":\"ReadAction\",\"target\":[\"https:\\\/\\\/news.save.ch\\\/tempo-30-nachts-weniger-laerm\\\/\"]}]},{\"@type\":\"ImageObject\",\"inLanguage\":\"en-US\",\"@id\":\"https:\\\/\\\/news.save.ch\\\/tempo-30-nachts-weniger-laerm\\\/#primaryimage\",\"url\":\"https:\\\/\\\/news.save.ch\\\/wp-content\\\/uploads\\\/2019\\\/07\\\/Depositphotos_8547100_l-2015-scaled.jpg\",\"contentUrl\":\"https:\\\/\\\/news.save.ch\\\/wp-content\\\/uploads\\\/2019\\\/07\\\/Depositphotos_8547100_l-2015-scaled.jpg\",\"width\":1400,\"height\":933,\"caption\":\"\u00a9 depositphotos, yellow2j\"},{\"@type\":\"BreadcrumbList\",\"@id\":\"https:\\\/\\\/news.save.ch\\\/tempo-30-nachts-weniger-laerm\\\/#breadcrumb\",\"itemListElement\":[{\"@type\":\"ListItem\",\"position\":1,\"name\":\"Home\",\"item\":\"https:\\\/\\\/news.save.ch\\\/de\\\/\"},{\"@type\":\"ListItem\",\"position\":2,\"name\":\"\u00abTempo 30 nachts\u00bb: weniger L\u00e4rm\"}]},{\"@type\":\"WebSite\",\"@id\":\"https:\\\/\\\/news.save.ch\\\/de\\\/#website\",\"url\":\"https:\\\/\\\/news.save.ch\\\/de\\\/\",\"name\":\"Save\",\"description\":\"Schweizer Fachzeitschrift f\u00fcr Sicherheit\",\"publisher\":{\"@id\":\"https:\\\/\\\/news.save.ch\\\/de\\\/#organization\"},\"potentialAction\":[{\"@type\":\"SearchAction\",\"target\":{\"@type\":\"EntryPoint\",\"urlTemplate\":\"https:\\\/\\\/news.save.ch\\\/de\\\/?s={search_term_string}\"},\"query-input\":{\"@type\":\"PropertyValueSpecification\",\"valueRequired\":true,\"valueName\":\"search_term_string\"}}],\"inLanguage\":\"en-US\"},{\"@type\":\"Organization\",\"@id\":\"https:\\\/\\\/news.save.ch\\\/de\\\/#organization\",\"name\":\"Sicherheitsforum\",\"url\":\"https:\\\/\\\/news.save.ch\\\/de\\\/\",\"logo\":{\"@type\":\"ImageObject\",\"inLanguage\":\"en-US\",\"@id\":\"https:\\\/\\\/news.save.ch\\\/de\\\/#\\\/schema\\\/logo\\\/image\\\/\",\"url\":\"https:\\\/\\\/news.save.ch\\\/wp-content\\\/uploads\\\/2022\\\/06\\\/Logo_SF_2012.png\",\"contentUrl\":\"https:\\\/\\\/news.save.ch\\\/wp-content\\\/uploads\\\/2022\\\/06\\\/Logo_SF_2012.png\",\"width\":1100,\"height\":91,\"caption\":\"Sicherheitsforum\"},\"image\":{\"@id\":\"https:\\\/\\\/news.save.ch\\\/de\\\/#\\\/schema\\\/logo\\\/image\\\/\"}},{\"@type\":\"Person\",\"@id\":\"https:\\\/\\\/news.save.ch\\\/de\\\/#\\\/schema\\\/person\\\/d5022db048e0e2b9785c50e5b24da5aa\",\"name\":\"Roger Str\u00e4ssle\",\"image\":{\"@type\":\"ImageObject\",\"inLanguage\":\"en-US\",\"@id\":\"https:\\\/\\\/secure.gravatar.com\\\/avatar\\\/862a5569d087de48e5856e32f45d719a03804c891d6deb8d4f71a660e79e4a47?s=96&d=mm&r=g\",\"url\":\"https:\\\/\\\/secure.gravatar.com\\\/avatar\\\/862a5569d087de48e5856e32f45d719a03804c891d6deb8d4f71a660e79e4a47?s=96&d=mm&r=g\",\"contentUrl\":\"https:\\\/\\\/secure.gravatar.com\\\/avatar\\\/862a5569d087de48e5856e32f45d719a03804c891d6deb8d4f71a660e79e4a47?s=96&d=mm&r=g\",\"caption\":\"Roger Str\u00e4ssle\"},\"url\":\"https:\\\/\\\/news.save.ch\\\/en\\\/author\\\/roger-straessle\\\/\"}]}<\/script>\n<!-- \/ Yoast SEO plugin. -->","yoast_head_json":{"title":"\"Tempo 30 at night\": less noise - Save","description":"A trial on four supra-municipal road sections shows that \"Tempo 30 at night\" leads to a perceptible noise reduction.","robots":{"index":"index","follow":"follow","max-snippet":"max-snippet:-1","max-image-preview":"max-image-preview:large","max-video-preview":"max-video-preview:-1"},"canonical":"https:\/\/news.save.ch\/en\/tempo-30-nachts-weniger-laerm\/","og_locale":"en_US","og_type":"article","og_title":"\u00abTempo 30 nachts\u00bb: weniger L\u00e4rm - Save","og_description":"Ein Versuch auf vier \u00fcberkommunalen Strassenabschnitten zeigt, dass \u00abTempo 30 nachts\u00bb zu einer wahrnehmbaren L\u00e4rmreduktion f\u00fchrt.","og_url":"https:\/\/news.save.ch\/en\/tempo-30-nachts-weniger-laerm\/","og_site_name":"Save","article_published_time":"2019-07-05T08:29:20+00:00","og_image":[{"width":1400,"height":933,"url":"https:\/\/news.save.ch\/wp-content\/uploads\/2019\/07\/Depositphotos_8547100_l-2015-scaled.jpg","type":"image\/jpeg"}],"author":"Roger Str\u00e4ssle","twitter_card":"summary_large_image","twitter_misc":{"Written by":"Roger Str\u00e4ssle","Est. reading time":"3 minutes"},"schema":{"@context":"https:\/\/schema.org","@graph":[{"@type":"Article","@id":"https:\/\/news.save.ch\/tempo-30-nachts-weniger-laerm\/#article","isPartOf":{"@id":"https:\/\/news.save.ch\/tempo-30-nachts-weniger-laerm\/"},"author":{"name":"Roger Str\u00e4ssle","@id":"https:\/\/news.save.ch\/de\/#\/schema\/person\/d5022db048e0e2b9785c50e5b24da5aa"},"headline":"\u00abTempo 30 nachts\u00bb: weniger L\u00e4rm","datePublished":"2019-07-05T08:29:20+00:00","mainEntityOfPage":{"@id":"https:\/\/news.save.ch\/tempo-30-nachts-weniger-laerm\/"},"wordCount":509,"commentCount":0,"publisher":{"@id":"https:\/\/news.save.ch\/de\/#organization"},"image":{"@id":"https:\/\/news.save.ch\/tempo-30-nachts-weniger-laerm\/#primaryimage"},"thumbnailUrl":"https:\/\/news.save.ch\/wp-content\/uploads\/2019\/07\/Depositphotos_8547100_l-2015-scaled.jpg","keywords":["Mobilit\u00e4t"],"articleSection":["ALLGEMEIN"],"inLanguage":"en-US"},{"@type":"WebPage","@id":"https:\/\/news.save.ch\/tempo-30-nachts-weniger-laerm\/","url":"https:\/\/news.save.ch\/tempo-30-nachts-weniger-laerm\/","name":"\"Tempo 30 at night\": less noise - Save","isPartOf":{"@id":"https:\/\/news.save.ch\/de\/#website"},"primaryImageOfPage":{"@id":"https:\/\/news.save.ch\/tempo-30-nachts-weniger-laerm\/#primaryimage"},"image":{"@id":"https:\/\/news.save.ch\/tempo-30-nachts-weniger-laerm\/#primaryimage"},"thumbnailUrl":"https:\/\/news.save.ch\/wp-content\/uploads\/2019\/07\/Depositphotos_8547100_l-2015-scaled.jpg","datePublished":"2019-07-05T08:29:20+00:00","description":"A trial on four supra-municipal road sections shows that \"Tempo 30 at night\" leads to a perceptible noise reduction.","breadcrumb":{"@id":"https:\/\/news.save.ch\/tempo-30-nachts-weniger-laerm\/#breadcrumb"},"inLanguage":"en-US","potentialAction":[{"@type":"ReadAction","target":["https:\/\/news.save.ch\/tempo-30-nachts-weniger-laerm\/"]}]},{"@type":"ImageObject","inLanguage":"en-US","@id":"https:\/\/news.save.ch\/tempo-30-nachts-weniger-laerm\/#primaryimage","url":"https:\/\/news.save.ch\/wp-content\/uploads\/2019\/07\/Depositphotos_8547100_l-2015-scaled.jpg","contentUrl":"https:\/\/news.save.ch\/wp-content\/uploads\/2019\/07\/Depositphotos_8547100_l-2015-scaled.jpg","width":1400,"height":933,"caption":"\u00a9 depositphotos, yellow2j"},{"@type":"BreadcrumbList","@id":"https:\/\/news.save.ch\/tempo-30-nachts-weniger-laerm\/#breadcrumb","itemListElement":[{"@type":"ListItem","position":1,"name":"Home","item":"https:\/\/news.save.ch\/de\/"},{"@type":"ListItem","position":2,"name":"\u00abTempo 30 nachts\u00bb: weniger L\u00e4rm"}]},{"@type":"WebSite","@id":"https:\/\/news.save.ch\/de\/#website","url":"https:\/\/news.save.ch\/de\/","name":"Save","description":"Swiss trade journal for safety","publisher":{"@id":"https:\/\/news.save.ch\/de\/#organization"},"potentialAction":[{"@type":"SearchAction","target":{"@type":"EntryPoint","urlTemplate":"https:\/\/news.save.ch\/de\/?s={search_term_string}"},"query-input":{"@type":"PropertyValueSpecification","valueRequired":true,"valueName":"search_term_string"}}],"inLanguage":"en-US"},{"@type":"Organization","@id":"https:\/\/news.save.ch\/de\/#organization","name":"Security Forum","url":"https:\/\/news.save.ch\/de\/","logo":{"@type":"ImageObject","inLanguage":"en-US","@id":"https:\/\/news.save.ch\/de\/#\/schema\/logo\/image\/","url":"https:\/\/news.save.ch\/wp-content\/uploads\/2022\/06\/Logo_SF_2012.png","contentUrl":"https:\/\/news.save.ch\/wp-content\/uploads\/2022\/06\/Logo_SF_2012.png","width":1100,"height":91,"caption":"Sicherheitsforum"},"image":{"@id":"https:\/\/news.save.ch\/de\/#\/schema\/logo\/image\/"}},{"@type":"Person","@id":"https:\/\/news.save.ch\/de\/#\/schema\/person\/d5022db048e0e2b9785c50e5b24da5aa","name":"Roger Str\u00e4ssle","image":{"@type":"ImageObject","inLanguage":"en-US","@id":"https:\/\/secure.gravatar.com\/avatar\/862a5569d087de48e5856e32f45d719a03804c891d6deb8d4f71a660e79e4a47?s=96&d=mm&r=g","url":"https:\/\/secure.gravatar.com\/avatar\/862a5569d087de48e5856e32f45d719a03804c891d6deb8d4f71a660e79e4a47?s=96&d=mm&r=g","contentUrl":"https:\/\/secure.gravatar.com\/avatar\/862a5569d087de48e5856e32f45d719a03804c891d6deb8d4f71a660e79e4a47?s=96&d=mm&r=g","caption":"Roger Str\u00e4ssle"},"url":"https:\/\/news.save.ch\/en\/author\/roger-straessle\/"}]}},"_links":{"self":[{"href":"https:\/\/news.save.ch\/en\/wp-json\/wp\/v2\/posts\/8323","targetHints":{"allow":["GET"]}}],"collection":[{"href":"https:\/\/news.save.ch\/en\/wp-json\/wp\/v2\/posts"}],"about":[{"href":"https:\/\/news.save.ch\/en\/wp-json\/wp\/v2\/types\/post"}],"author":[{"embeddable":true,"href":"https:\/\/news.save.ch\/en\/wp-json\/wp\/v2\/users\/8"}],"replies":[{"embeddable":true,"href":"https:\/\/news.save.ch\/en\/wp-json\/wp\/v2\/comments?post=8323"}],"version-history":[{"count":0,"href":"https:\/\/news.save.ch\/en\/wp-json\/wp\/v2\/posts\/8323\/revisions"}],"wp:featuredmedia":[{"embeddable":true,"href":"https:\/\/news.save.ch\/en\/wp-json\/wp\/v2\/media\/8324"}],"wp:attachment":[{"href":"https:\/\/news.save.ch\/en\/wp-json\/wp\/v2\/media?parent=8323"}],"wp:term":[{"taxonomy":"category","embeddable":true,"href":"https:\/\/news.save.ch\/en\/wp-json\/wp\/v2\/categories?post=8323"},{"taxonomy":"post_tag","embeddable":true,"href":"https:\/\/news.save.ch\/en\/wp-json\/wp\/v2\/tags?post=8323"}],"curies":[{"name":"wp","href":"https:\/\/api.w.org\/{rel}","templated":true}]}}