{"id":8336,"date":"2022-01-11T09:39:00","date_gmt":"2022-01-11T08:39:00","guid":{"rendered":"https:\/\/news.save.ch\/?p=8336"},"modified":"2023-07-08T12:53:44","modified_gmt":"2023-07-08T10:53:44","slug":"niemals-ohne-helm","status":null,"type":"post","link":"https:\/\/news.save.ch\/en\/niemals-ohne-helm\/","title":{"rendered":"Never without helmet!"},"content":{"rendered":"<figure id=\"attachment_8340\" aria-describedby=\"caption-attachment-8340\" style=\"width: 680px\" class=\"wp-caption alignnone\"><img loading=\"lazy\" decoding=\"async\" class=\"wp-image-8340 size-medium\" src=\"https:\/\/news.save.ch\/wp-content\/uploads\/2022\/01\/96_Helme-680x456.jpg\" alt=\"Safety helmet\" width=\"680\" height=\"456\" srcset=\"https:\/\/news.save.ch\/wp-content\/uploads\/2022\/01\/96_Helme-680x456.jpg 680w, https:\/\/news.save.ch\/wp-content\/uploads\/2022\/01\/96_Helme-768x515.jpg 768w, https:\/\/news.save.ch\/wp-content\/uploads\/2022\/01\/96_Helme-18x12.jpg 18w, https:\/\/news.save.ch\/wp-content\/uploads\/2022\/01\/96_Helme-375x251.jpg 375w, https:\/\/news.save.ch\/wp-content\/uploads\/2022\/01\/96_Helme-522x350.jpg 522w, https:\/\/news.save.ch\/wp-content\/uploads\/2022\/01\/96_Helme.jpg 982w\" sizes=\"auto, (max-width: 680px) 100vw, 680px\" \/><figcaption id=\"caption-attachment-8340\" class=\"wp-caption-text\">There is a suitable head protection for every job. When in doubt, it is mandatory to wear a hard hat. \u00a9 depositphotos.com<\/figcaption><\/figure>\n<p>The construction worker's helmet is the classic example of personal protective equipment (PPE) and the importance of wearing it is undisputed. The specifications are clear, because according to Art. 5 BauAV, a hard hat must be worn for all work \"where there is a risk from falling objects or materials\". This will not change in 2022 as a result of the new BauAV. Enforcing the obligation to wear PPE will remain a permanent task for occupational health and safety officers, and not only on the construction site.<\/p>\n<h2>Inform and involve employees<\/h2>\n<p>Where employees are required to wear PPE, the reason must be clear. Supervisors should consistently counter the attitude that a helmet must be worn \"because of Suva\" or a regulatory agency. Even if it seems obvious when it comes to helmets, everyone must be made aware of the risks of serious head injuries - e.g. during crane operation or scaffolding - and why a bump cap is not enough.<\/p>\n<p>Protective clothing is more likely to be accepted if employees are involved in the selection process. Supervisors encourage positive attitudes toward PPE by explicitly praising consistent wearing. In teams, veterans should pay attention to newcomers and apprentices.<\/p>\n<h2>Staying consistent, even as a boss<\/h2>\n<p>A PPE wearing requirement always applies to everyone, without exception. Even the managing director who gives tours of the company to business associates or politicians must wear a helmet, hairnet or noise protection if this is prescribed on site, as must all his guests. Similarly, the requirement to wear a helmet on a construction site also applies to architects and site managers. Anyone who, as the \"boss,\" allows himself a private exemption here is acting irresponsibly, lacks credibility and undermines the safety commitment of everyone else.<\/p>\n<h2>Investigate causes of rejection ...<\/h2>\n<p>Anyone who takes off their helmet has a reason for doing so. Is it uncomfortable? Does it get too warm or too cold on the head? Does the helmet pinch or cause itching? Or is there a lack of understanding of the necessity of head protection? Only those who ask these questions can take targeted action against non-wearing. Maybe it's just a question of convenience, because it's tedious to always have to fetch your helmet from the other end of a large construction site. Then this can be organized differently so that helmets are ready where the employees arrive and the workday begins.<\/p>\n<h2>... and actively find solutions<\/h2>\n<p>It is understandable that the tendency to take off the helmet \"just for a moment\" increases in the summer heat on the construction site. Instead of tolerating this, supervisors should insist on the wearing of helmets, but at the same time take the sensitivities of their employees seriously. It is always necessary to clarify how strains can be avoided without losing protection, e.g.:<\/p>\n<p>Is the helmet suitable for summer heat? Does it have ventilation slots or individually adjustable ventilation zones that prevent heavy sweating?<br \/>\nIs the helmet properly adjusted and fitted to the employee? When was the welding band last replaced?<\/p>\n<p>Can helmet accessories be used, e.g. a neck protector with active cooling effect through evaporative cooling in summer or a helmet undercoat (thin cap) for protection against the cold in winter?<\/p>\n<p>Independently of this, it should be checked whether the work can be moved to a cooler time of day or carried out under a shady sun awning or similar. Often, creative approaches at different levels (technical + organizational + high-quality PPE) can defuse conflict situations over wearing requirements. And even if a simple solution is not found immediately, employees receive the signal that employers and supervisors are seriously concerned about their well-being. This alone solidifies acceptance to use protective equipment.<\/p>\n<p><em>This technical article appeared in the printed edition SAFETY-PLUS 4-2021.<\/em><br \/>\n<em>You want to read the articles of this issue? Then close right now\u00a0<a href=\"https:\/\/news.save.ch\/en\/abo-bestellung\/\" target=\"_blank\" rel=\"noopener\">here<\/a>\u00a0a subscription.<\/em><\/p>","protected":false},"excerpt":{"rendered":"<p>Der Bauarbeiterhelm ist das klassische Beispiel f\u00fcr eine pers\u00f6nliche Schutzausr\u00fcstung (PSA) und die Bedeutung der Trageakzeptanz ist unbestritten. Die Vorgaben sind eindeutig, denn laut Art.\u00a05 BauAV muss bei allen Arbeiten, \u00abbei denen eine Gefahr durch herunterfallende Gegenst\u00e4nde oder Materialien besteht\u00bb, ein Schutzhelm getragen werden. Daran wird sich auch 2022 durch die neue BauAV nichts \u00e4ndern. [&hellip;]<\/p>\n","protected":false},"author":9,"featured_media":8340,"comment_status":"closed","ping_status":"closed","sticky":false,"template":"","format":"standard","meta":{"_acf_changed":false,"pgc_sgb_lightbox_settings":"","footnotes":""},"categories":[1,3314],"tags":[4975,445,4973,310,4974],"class_list":["post-8336","post","type-post","status-publish","format-standard","has-post-thumbnail","hentry","category-allgemein","category-health-safety","tag-mitarbeiter","tag-risiken","tag-schutzhelm","tag-sicherheit","tag-trageakzeptanz"],"acf":[],"hkrextid":null,"publication":null,"issue":null,"workflow":null,"startPage":null,"spitzmarke":null,"_posts_by_tag_page_fields":{"widget_title":"","widget_tags":""},"_at_widget":"1","_yoast_wpseo_primary_category":"1","_yoast_wpseo_focuskw_text_input":null,"_yoast_wpseo_opengraph-image":null,"_yoast_wpseo_opengraph-description":null,"_yoast_wpseo_opengraph-title":null,"enclosure":null,"_yoast_wpseo_twitter-title":null,"_yoast_wpseo_twitter-description":null,"_yoast_wpseo_twitter-image":null,"_wp_old_slug":null,"_yoast_wpseo_title":null,"_yoast_wpseo_canonical":null,"yoast_head":"<!-- This site is optimized with the Yoast SEO plugin v27.5 - https:\/\/yoast.com\/product\/yoast-seo-wordpress\/ -->\n<title>Niemals ohne Helm! - Save<\/title>\n<meta name=\"description\" content=\"Kein Eishockeyspieler oder Formel-1-Fahrer w\u00fcrde ohne Schutzhelm das Spielfeld betreten bzw. in seinen Wagen steigen. Doch auf Baustellen sieht man trotz Helmpflicht immer wieder Arbeiter \u00aboben ohne\u00bb. Was k\u00f6nnen Sicherheitsverantwortliche tun, um die Trageakzeptanz zu f\u00f6rdern?\" \/>\n<meta name=\"robots\" content=\"index, follow, max-snippet:-1, max-image-preview:large, max-video-preview:-1\" \/>\n<link rel=\"canonical\" href=\"https:\/\/news.save.ch\/en\/niemals-ohne-helm\/\" \/>\n<meta property=\"og:locale\" content=\"en_US\" \/>\n<meta property=\"og:type\" content=\"article\" \/>\n<meta property=\"og:title\" content=\"Niemals ohne Helm! - Save\" \/>\n<meta property=\"og:description\" content=\"Kein Eishockeyspieler oder Formel-1-Fahrer w\u00fcrde ohne Schutzhelm das Spielfeld betreten bzw. in seinen Wagen steigen. Doch auf Baustellen sieht man trotz Helmpflicht immer wieder Arbeiter \u00aboben ohne\u00bb. Was k\u00f6nnen Sicherheitsverantwortliche tun, um die Trageakzeptanz zu f\u00f6rdern?\" \/>\n<meta property=\"og:url\" content=\"https:\/\/news.save.ch\/en\/niemals-ohne-helm\/\" \/>\n<meta property=\"og:site_name\" content=\"Save\" \/>\n<meta property=\"article:published_time\" content=\"2022-01-11T08:39:00+00:00\" \/>\n<meta property=\"article:modified_time\" content=\"2023-07-08T10:53:44+00:00\" \/>\n<meta property=\"og:image\" content=\"https:\/\/news.save.ch\/wp-content\/uploads\/2022\/01\/96_Helme.jpg\" \/>\n\t<meta property=\"og:image:width\" content=\"982\" \/>\n\t<meta property=\"og:image:height\" content=\"658\" \/>\n\t<meta property=\"og:image:type\" content=\"image\/jpeg\" \/>\n<meta name=\"author\" content=\"Simon Gr\u00f6flin\" \/>\n<meta name=\"twitter:card\" content=\"summary_large_image\" \/>\n<meta name=\"twitter:label1\" content=\"Written by\" \/>\n\t<meta name=\"twitter:data1\" content=\"Simon Gr\u00f6flin\" \/>\n\t<meta name=\"twitter:label2\" content=\"Est. reading time\" \/>\n\t<meta name=\"twitter:data2\" content=\"4 minutes\" \/>\n<script type=\"application\/ld+json\" class=\"yoast-schema-graph\">{\"@context\":\"https:\\\/\\\/schema.org\",\"@graph\":[{\"@type\":\"Article\",\"@id\":\"https:\\\/\\\/news.save.ch\\\/niemals-ohne-helm\\\/#article\",\"isPartOf\":{\"@id\":\"https:\\\/\\\/news.save.ch\\\/niemals-ohne-helm\\\/\"},\"author\":{\"name\":\"Simon Gr\u00f6flin\",\"@id\":\"https:\\\/\\\/news.save.ch\\\/de\\\/#\\\/schema\\\/person\\\/ad4ef21102fd6125312409ac57d5296d\"},\"headline\":\"Niemals ohne Helm!\",\"datePublished\":\"2022-01-11T08:39:00+00:00\",\"dateModified\":\"2023-07-08T10:53:44+00:00\",\"mainEntityOfPage\":{\"@id\":\"https:\\\/\\\/news.save.ch\\\/niemals-ohne-helm\\\/\"},\"wordCount\":615,\"publisher\":{\"@id\":\"https:\\\/\\\/news.save.ch\\\/de\\\/#organization\"},\"image\":{\"@id\":\"https:\\\/\\\/news.save.ch\\\/niemals-ohne-helm\\\/#primaryimage\"},\"thumbnailUrl\":\"https:\\\/\\\/news.save.ch\\\/wp-content\\\/uploads\\\/2022\\\/01\\\/96_Helme.jpg\",\"keywords\":[\"Mitarbeiter\",\"Risiken\",\"Schutzhelm\",\"Sicherheit\",\"Trageakzeptanz\"],\"articleSection\":[\"ALLGEMEIN\",\"HEALTH &amp; SAFETY\"],\"inLanguage\":\"en-US\"},{\"@type\":\"WebPage\",\"@id\":\"https:\\\/\\\/news.save.ch\\\/niemals-ohne-helm\\\/\",\"url\":\"https:\\\/\\\/news.save.ch\\\/niemals-ohne-helm\\\/\",\"name\":\"Niemals ohne Helm! - Save\",\"isPartOf\":{\"@id\":\"https:\\\/\\\/news.save.ch\\\/de\\\/#website\"},\"primaryImageOfPage\":{\"@id\":\"https:\\\/\\\/news.save.ch\\\/niemals-ohne-helm\\\/#primaryimage\"},\"image\":{\"@id\":\"https:\\\/\\\/news.save.ch\\\/niemals-ohne-helm\\\/#primaryimage\"},\"thumbnailUrl\":\"https:\\\/\\\/news.save.ch\\\/wp-content\\\/uploads\\\/2022\\\/01\\\/96_Helme.jpg\",\"datePublished\":\"2022-01-11T08:39:00+00:00\",\"dateModified\":\"2023-07-08T10:53:44+00:00\",\"description\":\"Kein Eishockeyspieler oder Formel-1-Fahrer w\u00fcrde ohne Schutzhelm das Spielfeld betreten bzw. in seinen Wagen steigen. Doch auf Baustellen sieht man trotz Helmpflicht immer wieder Arbeiter \u00aboben ohne\u00bb. Was k\u00f6nnen Sicherheitsverantwortliche tun, um die Trageakzeptanz zu f\u00f6rdern?\",\"breadcrumb\":{\"@id\":\"https:\\\/\\\/news.save.ch\\\/niemals-ohne-helm\\\/#breadcrumb\"},\"inLanguage\":\"en-US\",\"potentialAction\":[{\"@type\":\"ReadAction\",\"target\":[\"https:\\\/\\\/news.save.ch\\\/niemals-ohne-helm\\\/\"]}]},{\"@type\":\"ImageObject\",\"inLanguage\":\"en-US\",\"@id\":\"https:\\\/\\\/news.save.ch\\\/niemals-ohne-helm\\\/#primaryimage\",\"url\":\"https:\\\/\\\/news.save.ch\\\/wp-content\\\/uploads\\\/2022\\\/01\\\/96_Helme.jpg\",\"contentUrl\":\"https:\\\/\\\/news.save.ch\\\/wp-content\\\/uploads\\\/2022\\\/01\\\/96_Helme.jpg\",\"width\":982,\"height\":658,\"caption\":\"Niemals ohne Helm!\"},{\"@type\":\"BreadcrumbList\",\"@id\":\"https:\\\/\\\/news.save.ch\\\/niemals-ohne-helm\\\/#breadcrumb\",\"itemListElement\":[{\"@type\":\"ListItem\",\"position\":1,\"name\":\"Home\",\"item\":\"https:\\\/\\\/news.save.ch\\\/de\\\/\"},{\"@type\":\"ListItem\",\"position\":2,\"name\":\"Niemals ohne Helm!\"}]},{\"@type\":\"WebSite\",\"@id\":\"https:\\\/\\\/news.save.ch\\\/de\\\/#website\",\"url\":\"https:\\\/\\\/news.save.ch\\\/de\\\/\",\"name\":\"Save\",\"description\":\"Schweizer Fachzeitschrift f\u00fcr Sicherheit\",\"publisher\":{\"@id\":\"https:\\\/\\\/news.save.ch\\\/de\\\/#organization\"},\"potentialAction\":[{\"@type\":\"SearchAction\",\"target\":{\"@type\":\"EntryPoint\",\"urlTemplate\":\"https:\\\/\\\/news.save.ch\\\/de\\\/?s={search_term_string}\"},\"query-input\":{\"@type\":\"PropertyValueSpecification\",\"valueRequired\":true,\"valueName\":\"search_term_string\"}}],\"inLanguage\":\"en-US\"},{\"@type\":\"Organization\",\"@id\":\"https:\\\/\\\/news.save.ch\\\/de\\\/#organization\",\"name\":\"Sicherheitsforum\",\"url\":\"https:\\\/\\\/news.save.ch\\\/de\\\/\",\"logo\":{\"@type\":\"ImageObject\",\"inLanguage\":\"en-US\",\"@id\":\"https:\\\/\\\/news.save.ch\\\/de\\\/#\\\/schema\\\/logo\\\/image\\\/\",\"url\":\"https:\\\/\\\/news.save.ch\\\/wp-content\\\/uploads\\\/2022\\\/06\\\/Logo_SF_2012.png\",\"contentUrl\":\"https:\\\/\\\/news.save.ch\\\/wp-content\\\/uploads\\\/2022\\\/06\\\/Logo_SF_2012.png\",\"width\":1100,\"height\":91,\"caption\":\"Sicherheitsforum\"},\"image\":{\"@id\":\"https:\\\/\\\/news.save.ch\\\/de\\\/#\\\/schema\\\/logo\\\/image\\\/\"}},{\"@type\":\"Person\",\"@id\":\"https:\\\/\\\/news.save.ch\\\/de\\\/#\\\/schema\\\/person\\\/ad4ef21102fd6125312409ac57d5296d\",\"name\":\"Simon Gr\u00f6flin\",\"image\":{\"@type\":\"ImageObject\",\"inLanguage\":\"en-US\",\"@id\":\"https:\\\/\\\/secure.gravatar.com\\\/avatar\\\/6ddceb80eb734354635539e0ea5140bb7c41e42de7c45c9a2ab9921b5d5c9a83?s=96&d=mm&r=g\",\"url\":\"https:\\\/\\\/secure.gravatar.com\\\/avatar\\\/6ddceb80eb734354635539e0ea5140bb7c41e42de7c45c9a2ab9921b5d5c9a83?s=96&d=mm&r=g\",\"contentUrl\":\"https:\\\/\\\/secure.gravatar.com\\\/avatar\\\/6ddceb80eb734354635539e0ea5140bb7c41e42de7c45c9a2ab9921b5d5c9a83?s=96&d=mm&r=g\",\"caption\":\"Simon Gr\u00f6flin\"},\"url\":\"https:\\\/\\\/news.save.ch\\\/en\\\/author\\\/simon-groeflin\\\/\"}]}<\/script>\n<!-- \/ Yoast SEO plugin. -->","yoast_head_json":{"title":"Never without helmet! - Save","description":"No ice hockey player or Formula 1 driver would enter the playing field or get into his car without a hard hat. But on construction sites, despite the obligation to wear a helmet, you see workers \"topless\" time and again. What can safety managers do to promote acceptance of wearing a helmet?","robots":{"index":"index","follow":"follow","max-snippet":"max-snippet:-1","max-image-preview":"max-image-preview:large","max-video-preview":"max-video-preview:-1"},"canonical":"https:\/\/news.save.ch\/en\/niemals-ohne-helm\/","og_locale":"en_US","og_type":"article","og_title":"Niemals ohne Helm! - Save","og_description":"Kein Eishockeyspieler oder Formel-1-Fahrer w\u00fcrde ohne Schutzhelm das Spielfeld betreten bzw. in seinen Wagen steigen. Doch auf Baustellen sieht man trotz Helmpflicht immer wieder Arbeiter \u00aboben ohne\u00bb. Was k\u00f6nnen Sicherheitsverantwortliche tun, um die Trageakzeptanz zu f\u00f6rdern?","og_url":"https:\/\/news.save.ch\/en\/niemals-ohne-helm\/","og_site_name":"Save","article_published_time":"2022-01-11T08:39:00+00:00","article_modified_time":"2023-07-08T10:53:44+00:00","og_image":[{"width":982,"height":658,"url":"https:\/\/news.save.ch\/wp-content\/uploads\/2022\/01\/96_Helme.jpg","type":"image\/jpeg"}],"author":"Simon Gr\u00f6flin","twitter_card":"summary_large_image","twitter_misc":{"Written by":"Simon Gr\u00f6flin","Est. reading time":"4 minutes"},"schema":{"@context":"https:\/\/schema.org","@graph":[{"@type":"Article","@id":"https:\/\/news.save.ch\/niemals-ohne-helm\/#article","isPartOf":{"@id":"https:\/\/news.save.ch\/niemals-ohne-helm\/"},"author":{"name":"Simon Gr\u00f6flin","@id":"https:\/\/news.save.ch\/de\/#\/schema\/person\/ad4ef21102fd6125312409ac57d5296d"},"headline":"Niemals ohne Helm!","datePublished":"2022-01-11T08:39:00+00:00","dateModified":"2023-07-08T10:53:44+00:00","mainEntityOfPage":{"@id":"https:\/\/news.save.ch\/niemals-ohne-helm\/"},"wordCount":615,"publisher":{"@id":"https:\/\/news.save.ch\/de\/#organization"},"image":{"@id":"https:\/\/news.save.ch\/niemals-ohne-helm\/#primaryimage"},"thumbnailUrl":"https:\/\/news.save.ch\/wp-content\/uploads\/2022\/01\/96_Helme.jpg","keywords":["Mitarbeiter","Risiken","Schutzhelm","Sicherheit","Trageakzeptanz"],"articleSection":["ALLGEMEIN","HEALTH &amp; SAFETY"],"inLanguage":"en-US"},{"@type":"WebPage","@id":"https:\/\/news.save.ch\/niemals-ohne-helm\/","url":"https:\/\/news.save.ch\/niemals-ohne-helm\/","name":"Never without helmet! - Save","isPartOf":{"@id":"https:\/\/news.save.ch\/de\/#website"},"primaryImageOfPage":{"@id":"https:\/\/news.save.ch\/niemals-ohne-helm\/#primaryimage"},"image":{"@id":"https:\/\/news.save.ch\/niemals-ohne-helm\/#primaryimage"},"thumbnailUrl":"https:\/\/news.save.ch\/wp-content\/uploads\/2022\/01\/96_Helme.jpg","datePublished":"2022-01-11T08:39:00+00:00","dateModified":"2023-07-08T10:53:44+00:00","description":"No ice hockey player or Formula 1 driver would enter the playing field or get into his car without a hard hat. But on construction sites, despite the obligation to wear a helmet, you see workers \"topless\" time and again. What can safety managers do to promote acceptance of wearing a helmet?","breadcrumb":{"@id":"https:\/\/news.save.ch\/niemals-ohne-helm\/#breadcrumb"},"inLanguage":"en-US","potentialAction":[{"@type":"ReadAction","target":["https:\/\/news.save.ch\/niemals-ohne-helm\/"]}]},{"@type":"ImageObject","inLanguage":"en-US","@id":"https:\/\/news.save.ch\/niemals-ohne-helm\/#primaryimage","url":"https:\/\/news.save.ch\/wp-content\/uploads\/2022\/01\/96_Helme.jpg","contentUrl":"https:\/\/news.save.ch\/wp-content\/uploads\/2022\/01\/96_Helme.jpg","width":982,"height":658,"caption":"Niemals ohne Helm!"},{"@type":"BreadcrumbList","@id":"https:\/\/news.save.ch\/niemals-ohne-helm\/#breadcrumb","itemListElement":[{"@type":"ListItem","position":1,"name":"Home","item":"https:\/\/news.save.ch\/de\/"},{"@type":"ListItem","position":2,"name":"Niemals ohne Helm!"}]},{"@type":"WebSite","@id":"https:\/\/news.save.ch\/de\/#website","url":"https:\/\/news.save.ch\/de\/","name":"Save","description":"Swiss trade journal for safety","publisher":{"@id":"https:\/\/news.save.ch\/de\/#organization"},"potentialAction":[{"@type":"SearchAction","target":{"@type":"EntryPoint","urlTemplate":"https:\/\/news.save.ch\/de\/?s={search_term_string}"},"query-input":{"@type":"PropertyValueSpecification","valueRequired":true,"valueName":"search_term_string"}}],"inLanguage":"en-US"},{"@type":"Organization","@id":"https:\/\/news.save.ch\/de\/#organization","name":"Security Forum","url":"https:\/\/news.save.ch\/de\/","logo":{"@type":"ImageObject","inLanguage":"en-US","@id":"https:\/\/news.save.ch\/de\/#\/schema\/logo\/image\/","url":"https:\/\/news.save.ch\/wp-content\/uploads\/2022\/06\/Logo_SF_2012.png","contentUrl":"https:\/\/news.save.ch\/wp-content\/uploads\/2022\/06\/Logo_SF_2012.png","width":1100,"height":91,"caption":"Sicherheitsforum"},"image":{"@id":"https:\/\/news.save.ch\/de\/#\/schema\/logo\/image\/"}},{"@type":"Person","@id":"https:\/\/news.save.ch\/de\/#\/schema\/person\/ad4ef21102fd6125312409ac57d5296d","name":"Simon Gr\u00f6flin","image":{"@type":"ImageObject","inLanguage":"en-US","@id":"https:\/\/secure.gravatar.com\/avatar\/6ddceb80eb734354635539e0ea5140bb7c41e42de7c45c9a2ab9921b5d5c9a83?s=96&d=mm&r=g","url":"https:\/\/secure.gravatar.com\/avatar\/6ddceb80eb734354635539e0ea5140bb7c41e42de7c45c9a2ab9921b5d5c9a83?s=96&d=mm&r=g","contentUrl":"https:\/\/secure.gravatar.com\/avatar\/6ddceb80eb734354635539e0ea5140bb7c41e42de7c45c9a2ab9921b5d5c9a83?s=96&d=mm&r=g","caption":"Simon Gr\u00f6flin"},"url":"https:\/\/news.save.ch\/en\/author\/simon-groeflin\/"}]}},"_links":{"self":[{"href":"https:\/\/news.save.ch\/en\/wp-json\/wp\/v2\/posts\/8336","targetHints":{"allow":["GET"]}}],"collection":[{"href":"https:\/\/news.save.ch\/en\/wp-json\/wp\/v2\/posts"}],"about":[{"href":"https:\/\/news.save.ch\/en\/wp-json\/wp\/v2\/types\/post"}],"author":[{"embeddable":true,"href":"https:\/\/news.save.ch\/en\/wp-json\/wp\/v2\/users\/9"}],"replies":[{"embeddable":true,"href":"https:\/\/news.save.ch\/en\/wp-json\/wp\/v2\/comments?post=8336"}],"version-history":[{"count":3,"href":"https:\/\/news.save.ch\/en\/wp-json\/wp\/v2\/posts\/8336\/revisions"}],"predecessor-version":[{"id":20668,"href":"https:\/\/news.save.ch\/en\/wp-json\/wp\/v2\/posts\/8336\/revisions\/20668"}],"wp:featuredmedia":[{"embeddable":true,"href":"https:\/\/news.save.ch\/en\/wp-json\/wp\/v2\/media\/8340"}],"wp:attachment":[{"href":"https:\/\/news.save.ch\/en\/wp-json\/wp\/v2\/media?parent=8336"}],"wp:term":[{"taxonomy":"category","embeddable":true,"href":"https:\/\/news.save.ch\/en\/wp-json\/wp\/v2\/categories?post=8336"},{"taxonomy":"post_tag","embeddable":true,"href":"https:\/\/news.save.ch\/en\/wp-json\/wp\/v2\/tags?post=8336"}],"curies":[{"name":"wp","href":"https:\/\/api.w.org\/{rel}","templated":true}]}}