{"id":8425,"date":"2022-01-25T08:18:58","date_gmt":"2022-01-25T07:18:58","guid":{"rendered":"https:\/\/news.save.ch\/?p=8425"},"modified":"2023-08-16T06:13:17","modified_gmt":"2023-08-16T04:13:17","slug":"am-mittwoch-heulen-die-sirenen-2","status":null,"type":"post","link":"https:\/\/news.save.ch\/en\/am-mittwoch-heulen-die-sirenen-2\/","title":{"rendered":"Wednesday the sirens wail"},"content":{"rendered":"<figure id=\"attachment_8428\" aria-describedby=\"caption-attachment-8428\" style=\"width: 680px\" class=\"wp-caption alignnone\"><img loading=\"lazy\" decoding=\"async\" class=\"wp-image-8428 size-medium\" src=\"http:\/\/develop.safety-plus.ch\/wp-content\/uploads\/2022\/01\/Sirenen_fotolia_teaser.jpg\" alt=\"Sirens\" width=\"680\" height=\"452\" \/><figcaption id=\"caption-attachment-8428\" class=\"wp-caption-text\">Image: Tony Baggett, Fotolia<\/figcaption><\/figure>\n<p>On Wednesday, February 2, 2022, the annual siren test will take place throughout Switzerland. 5000 stationary and 2200 mobile sirens will be tested. The alerting capabilities of the Alertswiss app will also be tested by sending notifications.<\/p>\n<p>The test will take place at 13:30 in the afternoon. From then on, the sirens will wail regularly for one minute and emit an ascending and descending wail. This is the so-called general alarm. In the areas near the dams, a water alarm will also sound between 2:15 and 3 pm. According to the federal government, this signal consists of twelve low continuous tones of 20 seconds each at intervals of 10 seconds.<\/p>\n<p>In addition, the mobile application Alertswiss is also being tested through notifications, which 1.2 million users have now installed on their cell phones. With Alertswiss, it is possible to send the population a message with behavioral recommendations even in the case of small-scale events such as an imminent debris flow or contaminated drinking water.<\/p>\n<h2>What applies in the event of a real siren alarm?<\/h2>\n<p>In the event of a general alarm outside an announced siren test, the population is asked to listen to the radio or get information via the Alertswiss channels, follow the instructions of the authorities and inform neighbors, the Federal Office for Civil Protection (FOCP) writes. In the event of a water alarm, the population should leave the endangered area immediately.<\/p>\n<blockquote><p><strong>Useful links:<\/strong><\/p>\n<ul class=\"list-unstyled\">\n<li><a class=\"icon icon--after icon--external\" title=\"\" href=\"https:\/\/www.alertswiss.ch\/\" target=\"_blank\" rel=\"noopener\">Alertswiss\u00a0<\/a><\/li>\n<li><a class=\"icon icon--after icon--external\" title=\"\" href=\"https:\/\/www.sirenentest.ch\/\" target=\"_blank\" rel=\"noopener\">Siren test\u00a0<\/a><\/li>\n<li><a class=\"icon icon--after icon--external\" title=\"\" href=\"https:\/\/www.babs.admin.ch\/de\/alarm\/alarmierung.html\" target=\"_blank\" rel=\"noopener\">Alerting the population\u00a0<\/a><\/li>\n<li><a class=\"icon icon--after icon--external\" title=\"\" href=\"https:\/\/apps.apple.com\/ch\/app\/alertswiss\/id957339177\" target=\"_blank\" rel=\"noopener\">App Store Apple\u00a0<\/a><\/li>\n<li><a class=\"icon icon--after icon--external\" title=\"\" href=\"https:\/\/play.google.com\/store\/apps\/details?id=ch.admin.babs.alertswiss\" target=\"_blank\" rel=\"noopener\">Google Play Store\u00a0<\/a><\/li>\n<\/ul>\n<p>&nbsp;<\/p><\/blockquote>\n<p><em>Source: FOCP<\/em><\/p>","protected":false},"excerpt":{"rendered":"<p>Am Mittwoch, 2. Februar 2022, findet in der Schweiz landesweit der j\u00e4hrliche Sirenentest statt. Getestet werden 5000 station\u00e4re und 2200 mobile Sirenen. Auch die Alarmierungsm\u00f6glichkeiten der Alertswiss-App werden mittels Versenden von Benachrichtigungen \u00fcberpr\u00fcft. Getestet wird am 13:30 Uhr nachmittags. Ab dann heulen die Sirenen w\u00e4hrend einer Minute regelm\u00e4ssig und geben einen jeweils auf- und absteigenden [&hellip;]<\/p>\n","protected":false},"author":9,"featured_media":16515,"comment_status":"closed","ping_status":"closed","sticky":false,"template":"","format":"standard","meta":{"_acf_changed":false,"pgc_sgb_lightbox_settings":"","footnotes":""},"categories":[1],"tags":[1361,151,663,6264,73,1079,75,665],"class_list":["post-8425","post","type-post","status-publish","format-standard","has-post-thumbnail","hentry","category-allgemein","tag-alarmanlagen","tag-alarmierung","tag-alertswiss","tag-allgemeinen-alarm","tag-babs","tag-schweiz","tag-sirenentest","tag-wasseralarm"],"acf":[],"hkrextid":null,"publication":null,"issue":null,"workflow":null,"startPage":null,"spitzmarke":null,"_posts_by_tag_page_fields":{"widget_title":"","widget_tags":""},"_at_widget":"1","_yoast_wpseo_primary_category":"","_yoast_wpseo_focuskw_text_input":null,"_yoast_wpseo_opengraph-image":null,"_yoast_wpseo_opengraph-description":null,"_yoast_wpseo_opengraph-title":null,"enclosure":null,"_yoast_wpseo_twitter-title":null,"_yoast_wpseo_twitter-description":null,"_yoast_wpseo_twitter-image":null,"_wp_old_slug":null,"_yoast_wpseo_title":null,"_yoast_wpseo_canonical":null,"yoast_head":"<!-- This site is optimized with the Yoast SEO plugin v27.4 - https:\/\/yoast.com\/product\/yoast-seo-wordpress\/ -->\n<title>Am Mittwoch heulen die Sirenen - Save<\/title>\n<meta name=\"description\" content=\"In der Schweiz werden einmal wieder landesweit am Mittwoch 5000 Sirenen f\u00fcr den Allgemeinen Alarm und 2200 mobile Sirenen getestet. Wie in den letzten Jahren werden auch die Alertswiss-Kan\u00e4le \u00fcberpr\u00fcft. Die Zahl der Alertswiss-Nutzerinnen und -Nutzer betr\u00e4gt mittlerweile 1,2 Millionen.\" \/>\n<meta name=\"robots\" content=\"index, follow, max-snippet:-1, max-image-preview:large, max-video-preview:-1\" \/>\n<link rel=\"canonical\" href=\"https:\/\/news.save.ch\/en\/am-mittwoch-heulen-die-sirenen-2\/\" \/>\n<meta property=\"og:locale\" content=\"en_US\" \/>\n<meta property=\"og:type\" content=\"article\" \/>\n<meta property=\"og:title\" content=\"Am Mittwoch heulen die Sirenen - Save\" \/>\n<meta property=\"og:description\" content=\"In der Schweiz werden einmal wieder landesweit am Mittwoch 5000 Sirenen f\u00fcr den Allgemeinen Alarm und 2200 mobile Sirenen getestet. Wie in den letzten Jahren werden auch die Alertswiss-Kan\u00e4le \u00fcberpr\u00fcft. Die Zahl der Alertswiss-Nutzerinnen und -Nutzer betr\u00e4gt mittlerweile 1,2 Millionen.\" \/>\n<meta property=\"og:url\" content=\"https:\/\/news.save.ch\/en\/am-mittwoch-heulen-die-sirenen-2\/\" \/>\n<meta property=\"og:site_name\" content=\"Save\" \/>\n<meta property=\"article:published_time\" content=\"2022-01-25T07:18:58+00:00\" \/>\n<meta property=\"article:modified_time\" content=\"2023-08-16T04:13:17+00:00\" \/>\n<meta property=\"og:image\" content=\"https:\/\/news.save.ch\/wp-content\/uploads\/2022\/01\/Sirenen_fotolia_teaser-1.jpg\" \/>\n\t<meta property=\"og:image:width\" content=\"680\" \/>\n\t<meta property=\"og:image:height\" content=\"452\" \/>\n\t<meta property=\"og:image:type\" content=\"image\/jpeg\" \/>\n<meta name=\"author\" content=\"Simon Gr\u00f6flin\" \/>\n<meta name=\"twitter:card\" content=\"summary_large_image\" \/>\n<meta name=\"twitter:label1\" content=\"Written by\" \/>\n\t<meta name=\"twitter:data1\" content=\"Simon Gr\u00f6flin\" \/>\n\t<meta name=\"twitter:label2\" content=\"Est. reading time\" \/>\n\t<meta name=\"twitter:data2\" content=\"2 minutes\" \/>\n<script type=\"application\/ld+json\" class=\"yoast-schema-graph\">{\"@context\":\"https:\\\/\\\/schema.org\",\"@graph\":[{\"@type\":\"Article\",\"@id\":\"https:\\\/\\\/news.save.ch\\\/am-mittwoch-heulen-die-sirenen-2\\\/#article\",\"isPartOf\":{\"@id\":\"https:\\\/\\\/news.save.ch\\\/am-mittwoch-heulen-die-sirenen-2\\\/\"},\"author\":{\"name\":\"Simon Gr\u00f6flin\",\"@id\":\"https:\\\/\\\/news.save.ch\\\/de\\\/#\\\/schema\\\/person\\\/ad4ef21102fd6125312409ac57d5296d\"},\"headline\":\"Am Mittwoch heulen die Sirenen\",\"datePublished\":\"2022-01-25T07:18:58+00:00\",\"dateModified\":\"2023-08-16T04:13:17+00:00\",\"mainEntityOfPage\":{\"@id\":\"https:\\\/\\\/news.save.ch\\\/am-mittwoch-heulen-die-sirenen-2\\\/\"},\"wordCount\":252,\"publisher\":{\"@id\":\"https:\\\/\\\/news.save.ch\\\/de\\\/#organization\"},\"image\":{\"@id\":\"https:\\\/\\\/news.save.ch\\\/am-mittwoch-heulen-die-sirenen-2\\\/#primaryimage\"},\"thumbnailUrl\":\"https:\\\/\\\/news.save.ch\\\/wp-content\\\/uploads\\\/2022\\\/01\\\/Sirenen_fotolia_teaser-1.jpg\",\"keywords\":[\"Alarmanlagen\",\"Alarmierung\",\"Alertswiss\",\"Allgemeinen Alarm\",\"BABS\",\"Schweiz\",\"Sirenentest\",\"Wasseralarm\"],\"articleSection\":[\"ALLGEMEIN\"],\"inLanguage\":\"en-US\"},{\"@type\":\"WebPage\",\"@id\":\"https:\\\/\\\/news.save.ch\\\/am-mittwoch-heulen-die-sirenen-2\\\/\",\"url\":\"https:\\\/\\\/news.save.ch\\\/am-mittwoch-heulen-die-sirenen-2\\\/\",\"name\":\"Am Mittwoch heulen die Sirenen - Save\",\"isPartOf\":{\"@id\":\"https:\\\/\\\/news.save.ch\\\/de\\\/#website\"},\"primaryImageOfPage\":{\"@id\":\"https:\\\/\\\/news.save.ch\\\/am-mittwoch-heulen-die-sirenen-2\\\/#primaryimage\"},\"image\":{\"@id\":\"https:\\\/\\\/news.save.ch\\\/am-mittwoch-heulen-die-sirenen-2\\\/#primaryimage\"},\"thumbnailUrl\":\"https:\\\/\\\/news.save.ch\\\/wp-content\\\/uploads\\\/2022\\\/01\\\/Sirenen_fotolia_teaser-1.jpg\",\"datePublished\":\"2022-01-25T07:18:58+00:00\",\"dateModified\":\"2023-08-16T04:13:17+00:00\",\"description\":\"In der Schweiz werden einmal wieder landesweit am Mittwoch 5000 Sirenen f\u00fcr den Allgemeinen Alarm und 2200 mobile Sirenen getestet. Wie in den letzten Jahren werden auch die Alertswiss-Kan\u00e4le \u00fcberpr\u00fcft. Die Zahl der Alertswiss-Nutzerinnen und -Nutzer betr\u00e4gt mittlerweile 1,2 Millionen.\",\"breadcrumb\":{\"@id\":\"https:\\\/\\\/news.save.ch\\\/am-mittwoch-heulen-die-sirenen-2\\\/#breadcrumb\"},\"inLanguage\":\"en-US\",\"potentialAction\":[{\"@type\":\"ReadAction\",\"target\":[\"https:\\\/\\\/news.save.ch\\\/am-mittwoch-heulen-die-sirenen-2\\\/\"]}]},{\"@type\":\"ImageObject\",\"inLanguage\":\"en-US\",\"@id\":\"https:\\\/\\\/news.save.ch\\\/am-mittwoch-heulen-die-sirenen-2\\\/#primaryimage\",\"url\":\"https:\\\/\\\/news.save.ch\\\/wp-content\\\/uploads\\\/2022\\\/01\\\/Sirenen_fotolia_teaser-1.jpg\",\"contentUrl\":\"https:\\\/\\\/news.save.ch\\\/wp-content\\\/uploads\\\/2022\\\/01\\\/Sirenen_fotolia_teaser-1.jpg\",\"width\":680,\"height\":452,\"caption\":\"Bild: Tony Baggett, Fotolia\"},{\"@type\":\"BreadcrumbList\",\"@id\":\"https:\\\/\\\/news.save.ch\\\/am-mittwoch-heulen-die-sirenen-2\\\/#breadcrumb\",\"itemListElement\":[{\"@type\":\"ListItem\",\"position\":1,\"name\":\"Home\",\"item\":\"https:\\\/\\\/news.save.ch\\\/de\\\/\"},{\"@type\":\"ListItem\",\"position\":2,\"name\":\"Am Mittwoch heulen die Sirenen\"}]},{\"@type\":\"WebSite\",\"@id\":\"https:\\\/\\\/news.save.ch\\\/de\\\/#website\",\"url\":\"https:\\\/\\\/news.save.ch\\\/de\\\/\",\"name\":\"Save\",\"description\":\"Schweizer Fachzeitschrift f\u00fcr Sicherheit\",\"publisher\":{\"@id\":\"https:\\\/\\\/news.save.ch\\\/de\\\/#organization\"},\"potentialAction\":[{\"@type\":\"SearchAction\",\"target\":{\"@type\":\"EntryPoint\",\"urlTemplate\":\"https:\\\/\\\/news.save.ch\\\/de\\\/?s={search_term_string}\"},\"query-input\":{\"@type\":\"PropertyValueSpecification\",\"valueRequired\":true,\"valueName\":\"search_term_string\"}}],\"inLanguage\":\"en-US\"},{\"@type\":\"Organization\",\"@id\":\"https:\\\/\\\/news.save.ch\\\/de\\\/#organization\",\"name\":\"Sicherheitsforum\",\"url\":\"https:\\\/\\\/news.save.ch\\\/de\\\/\",\"logo\":{\"@type\":\"ImageObject\",\"inLanguage\":\"en-US\",\"@id\":\"https:\\\/\\\/news.save.ch\\\/de\\\/#\\\/schema\\\/logo\\\/image\\\/\",\"url\":\"https:\\\/\\\/news.save.ch\\\/wp-content\\\/uploads\\\/2022\\\/06\\\/Logo_SF_2012.png\",\"contentUrl\":\"https:\\\/\\\/news.save.ch\\\/wp-content\\\/uploads\\\/2022\\\/06\\\/Logo_SF_2012.png\",\"width\":1100,\"height\":91,\"caption\":\"Sicherheitsforum\"},\"image\":{\"@id\":\"https:\\\/\\\/news.save.ch\\\/de\\\/#\\\/schema\\\/logo\\\/image\\\/\"}},{\"@type\":\"Person\",\"@id\":\"https:\\\/\\\/news.save.ch\\\/de\\\/#\\\/schema\\\/person\\\/ad4ef21102fd6125312409ac57d5296d\",\"name\":\"Simon Gr\u00f6flin\",\"image\":{\"@type\":\"ImageObject\",\"inLanguage\":\"en-US\",\"@id\":\"https:\\\/\\\/secure.gravatar.com\\\/avatar\\\/6ddceb80eb734354635539e0ea5140bb7c41e42de7c45c9a2ab9921b5d5c9a83?s=96&d=mm&r=g\",\"url\":\"https:\\\/\\\/secure.gravatar.com\\\/avatar\\\/6ddceb80eb734354635539e0ea5140bb7c41e42de7c45c9a2ab9921b5d5c9a83?s=96&d=mm&r=g\",\"contentUrl\":\"https:\\\/\\\/secure.gravatar.com\\\/avatar\\\/6ddceb80eb734354635539e0ea5140bb7c41e42de7c45c9a2ab9921b5d5c9a83?s=96&d=mm&r=g\",\"caption\":\"Simon Gr\u00f6flin\"},\"url\":\"https:\\\/\\\/news.save.ch\\\/en\\\/author\\\/simon-groeflin\\\/\"}]}<\/script>\n<!-- \/ Yoast SEO plugin. -->","yoast_head_json":{"title":"On Wednesday the sirens wail - Save","description":"In Switzerland, once again, 5000 General Alarm sirens and 2200 mobile sirens will be tested nationwide on Wednesday. As in previous years, the Alertswiss channels will also be checked. The number of Alertswiss users is now 1.2 million.","robots":{"index":"index","follow":"follow","max-snippet":"max-snippet:-1","max-image-preview":"max-image-preview:large","max-video-preview":"max-video-preview:-1"},"canonical":"https:\/\/news.save.ch\/en\/am-mittwoch-heulen-die-sirenen-2\/","og_locale":"en_US","og_type":"article","og_title":"Am Mittwoch heulen die Sirenen - Save","og_description":"In der Schweiz werden einmal wieder landesweit am Mittwoch 5000 Sirenen f\u00fcr den Allgemeinen Alarm und 2200 mobile Sirenen getestet. Wie in den letzten Jahren werden auch die Alertswiss-Kan\u00e4le \u00fcberpr\u00fcft. Die Zahl der Alertswiss-Nutzerinnen und -Nutzer betr\u00e4gt mittlerweile 1,2 Millionen.","og_url":"https:\/\/news.save.ch\/en\/am-mittwoch-heulen-die-sirenen-2\/","og_site_name":"Save","article_published_time":"2022-01-25T07:18:58+00:00","article_modified_time":"2023-08-16T04:13:17+00:00","og_image":[{"width":680,"height":452,"url":"https:\/\/news.save.ch\/wp-content\/uploads\/2022\/01\/Sirenen_fotolia_teaser-1.jpg","type":"image\/jpeg"}],"author":"Simon Gr\u00f6flin","twitter_card":"summary_large_image","twitter_misc":{"Written by":"Simon Gr\u00f6flin","Est. reading time":"2 minutes"},"schema":{"@context":"https:\/\/schema.org","@graph":[{"@type":"Article","@id":"https:\/\/news.save.ch\/am-mittwoch-heulen-die-sirenen-2\/#article","isPartOf":{"@id":"https:\/\/news.save.ch\/am-mittwoch-heulen-die-sirenen-2\/"},"author":{"name":"Simon Gr\u00f6flin","@id":"https:\/\/news.save.ch\/de\/#\/schema\/person\/ad4ef21102fd6125312409ac57d5296d"},"headline":"Am Mittwoch heulen die Sirenen","datePublished":"2022-01-25T07:18:58+00:00","dateModified":"2023-08-16T04:13:17+00:00","mainEntityOfPage":{"@id":"https:\/\/news.save.ch\/am-mittwoch-heulen-die-sirenen-2\/"},"wordCount":252,"publisher":{"@id":"https:\/\/news.save.ch\/de\/#organization"},"image":{"@id":"https:\/\/news.save.ch\/am-mittwoch-heulen-die-sirenen-2\/#primaryimage"},"thumbnailUrl":"https:\/\/news.save.ch\/wp-content\/uploads\/2022\/01\/Sirenen_fotolia_teaser-1.jpg","keywords":["Alarmanlagen","Alarmierung","Alertswiss","Allgemeinen Alarm","BABS","Schweiz","Sirenentest","Wasseralarm"],"articleSection":["ALLGEMEIN"],"inLanguage":"en-US"},{"@type":"WebPage","@id":"https:\/\/news.save.ch\/am-mittwoch-heulen-die-sirenen-2\/","url":"https:\/\/news.save.ch\/am-mittwoch-heulen-die-sirenen-2\/","name":"On Wednesday the sirens wail - Save","isPartOf":{"@id":"https:\/\/news.save.ch\/de\/#website"},"primaryImageOfPage":{"@id":"https:\/\/news.save.ch\/am-mittwoch-heulen-die-sirenen-2\/#primaryimage"},"image":{"@id":"https:\/\/news.save.ch\/am-mittwoch-heulen-die-sirenen-2\/#primaryimage"},"thumbnailUrl":"https:\/\/news.save.ch\/wp-content\/uploads\/2022\/01\/Sirenen_fotolia_teaser-1.jpg","datePublished":"2022-01-25T07:18:58+00:00","dateModified":"2023-08-16T04:13:17+00:00","description":"In Switzerland, once again, 5000 General Alarm sirens and 2200 mobile sirens will be tested nationwide on Wednesday. As in previous years, the Alertswiss channels will also be checked. The number of Alertswiss users is now 1.2 million.","breadcrumb":{"@id":"https:\/\/news.save.ch\/am-mittwoch-heulen-die-sirenen-2\/#breadcrumb"},"inLanguage":"en-US","potentialAction":[{"@type":"ReadAction","target":["https:\/\/news.save.ch\/am-mittwoch-heulen-die-sirenen-2\/"]}]},{"@type":"ImageObject","inLanguage":"en-US","@id":"https:\/\/news.save.ch\/am-mittwoch-heulen-die-sirenen-2\/#primaryimage","url":"https:\/\/news.save.ch\/wp-content\/uploads\/2022\/01\/Sirenen_fotolia_teaser-1.jpg","contentUrl":"https:\/\/news.save.ch\/wp-content\/uploads\/2022\/01\/Sirenen_fotolia_teaser-1.jpg","width":680,"height":452,"caption":"Bild: Tony Baggett, Fotolia"},{"@type":"BreadcrumbList","@id":"https:\/\/news.save.ch\/am-mittwoch-heulen-die-sirenen-2\/#breadcrumb","itemListElement":[{"@type":"ListItem","position":1,"name":"Home","item":"https:\/\/news.save.ch\/de\/"},{"@type":"ListItem","position":2,"name":"Am Mittwoch heulen die Sirenen"}]},{"@type":"WebSite","@id":"https:\/\/news.save.ch\/de\/#website","url":"https:\/\/news.save.ch\/de\/","name":"Save","description":"Swiss trade journal for safety","publisher":{"@id":"https:\/\/news.save.ch\/de\/#organization"},"potentialAction":[{"@type":"SearchAction","target":{"@type":"EntryPoint","urlTemplate":"https:\/\/news.save.ch\/de\/?s={search_term_string}"},"query-input":{"@type":"PropertyValueSpecification","valueRequired":true,"valueName":"search_term_string"}}],"inLanguage":"en-US"},{"@type":"Organization","@id":"https:\/\/news.save.ch\/de\/#organization","name":"Security Forum","url":"https:\/\/news.save.ch\/de\/","logo":{"@type":"ImageObject","inLanguage":"en-US","@id":"https:\/\/news.save.ch\/de\/#\/schema\/logo\/image\/","url":"https:\/\/news.save.ch\/wp-content\/uploads\/2022\/06\/Logo_SF_2012.png","contentUrl":"https:\/\/news.save.ch\/wp-content\/uploads\/2022\/06\/Logo_SF_2012.png","width":1100,"height":91,"caption":"Sicherheitsforum"},"image":{"@id":"https:\/\/news.save.ch\/de\/#\/schema\/logo\/image\/"}},{"@type":"Person","@id":"https:\/\/news.save.ch\/de\/#\/schema\/person\/ad4ef21102fd6125312409ac57d5296d","name":"Simon Gr\u00f6flin","image":{"@type":"ImageObject","inLanguage":"en-US","@id":"https:\/\/secure.gravatar.com\/avatar\/6ddceb80eb734354635539e0ea5140bb7c41e42de7c45c9a2ab9921b5d5c9a83?s=96&d=mm&r=g","url":"https:\/\/secure.gravatar.com\/avatar\/6ddceb80eb734354635539e0ea5140bb7c41e42de7c45c9a2ab9921b5d5c9a83?s=96&d=mm&r=g","contentUrl":"https:\/\/secure.gravatar.com\/avatar\/6ddceb80eb734354635539e0ea5140bb7c41e42de7c45c9a2ab9921b5d5c9a83?s=96&d=mm&r=g","caption":"Simon Gr\u00f6flin"},"url":"https:\/\/news.save.ch\/en\/author\/simon-groeflin\/"}]}},"_links":{"self":[{"href":"https:\/\/news.save.ch\/en\/wp-json\/wp\/v2\/posts\/8425","targetHints":{"allow":["GET"]}}],"collection":[{"href":"https:\/\/news.save.ch\/en\/wp-json\/wp\/v2\/posts"}],"about":[{"href":"https:\/\/news.save.ch\/en\/wp-json\/wp\/v2\/types\/post"}],"author":[{"embeddable":true,"href":"https:\/\/news.save.ch\/en\/wp-json\/wp\/v2\/users\/9"}],"replies":[{"embeddable":true,"href":"https:\/\/news.save.ch\/en\/wp-json\/wp\/v2\/comments?post=8425"}],"version-history":[{"count":3,"href":"https:\/\/news.save.ch\/en\/wp-json\/wp\/v2\/posts\/8425\/revisions"}],"predecessor-version":[{"id":21882,"href":"https:\/\/news.save.ch\/en\/wp-json\/wp\/v2\/posts\/8425\/revisions\/21882"}],"wp:featuredmedia":[{"embeddable":true,"href":"https:\/\/news.save.ch\/en\/wp-json\/wp\/v2\/media\/16515"}],"wp:attachment":[{"href":"https:\/\/news.save.ch\/en\/wp-json\/wp\/v2\/media?parent=8425"}],"wp:term":[{"taxonomy":"category","embeddable":true,"href":"https:\/\/news.save.ch\/en\/wp-json\/wp\/v2\/categories?post=8425"},{"taxonomy":"post_tag","embeddable":true,"href":"https:\/\/news.save.ch\/en\/wp-json\/wp\/v2\/tags?post=8425"}],"curies":[{"name":"wp","href":"https:\/\/api.w.org\/{rel}","templated":true}]}}