{"id":8504,"date":"2019-08-19T07:00:47","date_gmt":"2019-08-19T05:00:47","guid":{"rendered":"https:\/\/news.save.ch\/?p=8504"},"modified":"2019-08-19T07:00:47","modified_gmt":"2019-08-19T05:00:47","slug":"private-sicherheitsdienstleistungen-im-ausland","status":null,"type":"post","link":"https:\/\/news.save.ch\/en\/private-sicherheitsdienstleistungen-im-ausland\/","title":{"rendered":"Private security services abroad"},"content":{"rendered":"<figure id=\"attachment_8505\" aria-describedby=\"caption-attachment-8505\" style=\"width: 571px\" class=\"wp-caption aligncenter\"><img loading=\"lazy\" decoding=\"async\" class=\"wp-image-8505\" src=\"https:\/\/news.save.ch\/wp-content\/uploads\/2019\/08\/Depositphotos_56726101_l-2015.jpg\" alt=\"\" width=\"571\" height=\"571\" \/><figcaption id=\"caption-attachment-8505\" class=\"wp-caption-text\">\u00a9 depositphotos, YadvigaGr<\/figcaption><\/figure>\n<p>&nbsp;<\/p>\n<p>The Federal Act on Private Security Services Provided Abroad (BPS) came into force on September 1, 2015. Since then, companies wishing to provide private security services from Switzerland are required to notify the competent authority in advance. The Private Security Services Section (SPSD) of the Political Directorate of the Federal Department of Foreign Affairs (FDFA) is responsible for implementing the new law. In accordance with Article 37 of the FPS, the competent authority draws up an annual activity report for the attention of the Federal Council. The report can be viewed on the FDFA website.<\/p>\n<p><strong>Geographic concentration<\/strong><\/p>\n<p>In 2018, the competent authority received 479 notifications. They mainly concerned three groups of activities: Personal protection and guarding of goods and properties in a complex environment, private intelligence activities, and support to armed or security forces. There is a geographical concentration of activities in North Africa and the Middle East, where more than half of the reported activities were carried out, as well as in Europe and Central Asia.<\/p>\n<p>In the reporting period, the competent authority initiated 16 investigation procedures under Article 13 BPS. In three cases, the notified activity could be carried out. In seven cases, the authority prohibited the reported activity in whole or in part. Six cases are pending.<\/p>\n<p>The legal decisions taken or communicated in 2019 are set out in the <a href=\"https:\/\/www.newsd.admin.ch\/newsd\/message\/attachments\/57994.pdf\">Activity Report 2018<\/a> not taken into account. Moreover, the annual activity reports are general in nature and do not include information on individual cases.<\/p>\n<p><strong>No prohibited activities<\/strong><\/p>\n<p>The competent authority has not become aware of any activities prohibited under Articles 8 and 9 of the BPS. Consequently, no private security services were reported that could constitute direct participation in hostilities or lead to serious human rights violations. In its report, the competent authority gives a positive assessment of its activities in 2018, and the importance of the control mechanism established by the new law is increasingly widely recognized internationally.<\/p>\n<p>Another important activity, in addition to the processing of notifications, was the continuous information and sensitization of companies that could be affected by the law. The information and awareness-raising work carried out by the competent authority was extended to other companies and also helped to increase companies' awareness of their obligations under the BPS.<\/p>\n<p>At the international level, the agency participated in the dialogue on binding standards for private security companies and on the mechanisms for controlling their activities.<\/p>\n<p>In the course of 2019, the competent authority intends to consolidate the processes for implementing the BPS, consolidate the coordination and information procedures developed with Seco, and publish the new versions of the guidance and the fact sheet on the BPS.<\/p>\n<p>The competent authority will continue to face the challenges posed by new technologies and the increasing role of cyberspace.<\/p>\n<p><em>Press release EDA<\/em><\/p>\n<p>&nbsp;<\/p>","protected":false},"excerpt":{"rendered":"<p>&nbsp; Das Bundesgesetz \u00fcber die im Ausland erbrachten privaten Sicherheitsdienstleistungen (BPS) trat am 1. September 2015 in Kraft. Seither sind Unternehmen, die von der Schweiz aus private Sicherheitsdienstleistungen anbieten wollen, verpflichtet, diese vorg\u00e4ngig der zust\u00e4ndigen Beh\u00f6rde zu melden. F\u00fcr die Umsetzung des neuen Gesetzes ist die Sektion Private Sicherheitsdienste (SPSD) der Politischen Direktion des Eidgen\u00f6ssischen [&hellip;]<\/p>\n","protected":false},"author":8,"featured_media":8505,"comment_status":"open","ping_status":"open","sticky":false,"template":"","format":"standard","meta":{"_acf_changed":false,"pgc_sgb_lightbox_settings":"","footnotes":""},"categories":[1],"tags":[522],"class_list":["post-8504","post","type-post","status-publish","format-standard","has-post-thumbnail","hentry","category-allgemein","tag-sicherheitsdienstleistungen"],"acf":[],"hkrextid":null,"publication":null,"issue":null,"workflow":null,"startPage":null,"spitzmarke":null,"_posts_by_tag_page_fields":{"widget_title":"","widget_tags":""},"_at_widget":"1","_yoast_wpseo_primary_category":"1","_yoast_wpseo_focuskw_text_input":"Sicherheitsdienstleistungen","_yoast_wpseo_opengraph-image":null,"_yoast_wpseo_opengraph-description":null,"_yoast_wpseo_opengraph-title":null,"enclosure":null,"_yoast_wpseo_twitter-title":null,"_yoast_wpseo_twitter-description":null,"_yoast_wpseo_twitter-image":null,"_wp_old_slug":null,"_yoast_wpseo_title":null,"_yoast_wpseo_canonical":null,"yoast_head":"<!-- This site is optimized with the Yoast SEO plugin v27.5 - https:\/\/yoast.com\/product\/yoast-seo-wordpress\/ -->\n<title>Private Sicherheitsdienstleistungen im Ausland - Save<\/title>\n<meta name=\"description\" content=\"Die Beh\u00f6rde hat ihren dritten T\u00e4tigkeitsbericht bez\u00fcglich der im Ausland erbrachten privaten Sicherheitsdienstleistungen ver\u00f6ffentlicht.\" \/>\n<meta name=\"robots\" content=\"index, follow, max-snippet:-1, max-image-preview:large, max-video-preview:-1\" \/>\n<link rel=\"canonical\" href=\"https:\/\/news.save.ch\/en\/private-sicherheitsdienstleistungen-im-ausland\/\" \/>\n<meta property=\"og:locale\" content=\"en_US\" \/>\n<meta property=\"og:type\" content=\"article\" \/>\n<meta property=\"og:title\" content=\"Private Sicherheitsdienstleistungen im Ausland - Save\" \/>\n<meta property=\"og:description\" content=\"Die Beh\u00f6rde hat ihren dritten T\u00e4tigkeitsbericht bez\u00fcglich der im Ausland erbrachten privaten Sicherheitsdienstleistungen ver\u00f6ffentlicht.\" \/>\n<meta property=\"og:url\" content=\"https:\/\/news.save.ch\/en\/private-sicherheitsdienstleistungen-im-ausland\/\" \/>\n<meta property=\"og:site_name\" content=\"Save\" \/>\n<meta property=\"article:published_time\" content=\"2019-08-19T05:00:47+00:00\" \/>\n<meta property=\"og:image\" content=\"https:\/\/news.save.ch\/wp-content\/uploads\/2019\/08\/Depositphotos_56726101_l-2015-scaled.jpg\" \/>\n\t<meta property=\"og:image:width\" content=\"1400\" \/>\n\t<meta property=\"og:image:height\" content=\"1400\" \/>\n\t<meta property=\"og:image:type\" content=\"image\/jpeg\" \/>\n<meta name=\"author\" content=\"Roger Str\u00e4ssle\" \/>\n<meta name=\"twitter:card\" content=\"summary_large_image\" \/>\n<meta name=\"twitter:label1\" content=\"Written by\" \/>\n\t<meta name=\"twitter:data1\" content=\"Roger Str\u00e4ssle\" \/>\n\t<meta name=\"twitter:label2\" content=\"Est. reading time\" \/>\n\t<meta name=\"twitter:data2\" content=\"2 minutes\" \/>\n<script type=\"application\/ld+json\" class=\"yoast-schema-graph\">{\"@context\":\"https:\\\/\\\/schema.org\",\"@graph\":[{\"@type\":\"Article\",\"@id\":\"https:\\\/\\\/news.save.ch\\\/private-sicherheitsdienstleistungen-im-ausland\\\/#article\",\"isPartOf\":{\"@id\":\"https:\\\/\\\/news.save.ch\\\/private-sicherheitsdienstleistungen-im-ausland\\\/\"},\"author\":{\"name\":\"Roger Str\u00e4ssle\",\"@id\":\"https:\\\/\\\/news.save.ch\\\/de\\\/#\\\/schema\\\/person\\\/d5022db048e0e2b9785c50e5b24da5aa\"},\"headline\":\"Private Sicherheitsdienstleistungen im Ausland\",\"datePublished\":\"2019-08-19T05:00:47+00:00\",\"mainEntityOfPage\":{\"@id\":\"https:\\\/\\\/news.save.ch\\\/private-sicherheitsdienstleistungen-im-ausland\\\/\"},\"wordCount\":490,\"commentCount\":0,\"publisher\":{\"@id\":\"https:\\\/\\\/news.save.ch\\\/de\\\/#organization\"},\"image\":{\"@id\":\"https:\\\/\\\/news.save.ch\\\/private-sicherheitsdienstleistungen-im-ausland\\\/#primaryimage\"},\"thumbnailUrl\":\"https:\\\/\\\/news.save.ch\\\/wp-content\\\/uploads\\\/2019\\\/08\\\/Depositphotos_56726101_l-2015-scaled.jpg\",\"keywords\":[\"Sicherheitsdienstleistungen\"],\"articleSection\":[\"ALLGEMEIN\"],\"inLanguage\":\"en-US\"},{\"@type\":\"WebPage\",\"@id\":\"https:\\\/\\\/news.save.ch\\\/private-sicherheitsdienstleistungen-im-ausland\\\/\",\"url\":\"https:\\\/\\\/news.save.ch\\\/private-sicherheitsdienstleistungen-im-ausland\\\/\",\"name\":\"Private Sicherheitsdienstleistungen im Ausland - Save\",\"isPartOf\":{\"@id\":\"https:\\\/\\\/news.save.ch\\\/de\\\/#website\"},\"primaryImageOfPage\":{\"@id\":\"https:\\\/\\\/news.save.ch\\\/private-sicherheitsdienstleistungen-im-ausland\\\/#primaryimage\"},\"image\":{\"@id\":\"https:\\\/\\\/news.save.ch\\\/private-sicherheitsdienstleistungen-im-ausland\\\/#primaryimage\"},\"thumbnailUrl\":\"https:\\\/\\\/news.save.ch\\\/wp-content\\\/uploads\\\/2019\\\/08\\\/Depositphotos_56726101_l-2015-scaled.jpg\",\"datePublished\":\"2019-08-19T05:00:47+00:00\",\"description\":\"Die Beh\u00f6rde hat ihren dritten T\u00e4tigkeitsbericht bez\u00fcglich der im Ausland erbrachten privaten Sicherheitsdienstleistungen ver\u00f6ffentlicht.\",\"breadcrumb\":{\"@id\":\"https:\\\/\\\/news.save.ch\\\/private-sicherheitsdienstleistungen-im-ausland\\\/#breadcrumb\"},\"inLanguage\":\"en-US\",\"potentialAction\":[{\"@type\":\"ReadAction\",\"target\":[\"https:\\\/\\\/news.save.ch\\\/private-sicherheitsdienstleistungen-im-ausland\\\/\"]}]},{\"@type\":\"ImageObject\",\"inLanguage\":\"en-US\",\"@id\":\"https:\\\/\\\/news.save.ch\\\/private-sicherheitsdienstleistungen-im-ausland\\\/#primaryimage\",\"url\":\"https:\\\/\\\/news.save.ch\\\/wp-content\\\/uploads\\\/2019\\\/08\\\/Depositphotos_56726101_l-2015-scaled.jpg\",\"contentUrl\":\"https:\\\/\\\/news.save.ch\\\/wp-content\\\/uploads\\\/2019\\\/08\\\/Depositphotos_56726101_l-2015-scaled.jpg\",\"width\":1400,\"height\":1400,\"caption\":\"\u00a9 depositphotos, YadvigaGr\"},{\"@type\":\"BreadcrumbList\",\"@id\":\"https:\\\/\\\/news.save.ch\\\/private-sicherheitsdienstleistungen-im-ausland\\\/#breadcrumb\",\"itemListElement\":[{\"@type\":\"ListItem\",\"position\":1,\"name\":\"Home\",\"item\":\"https:\\\/\\\/news.save.ch\\\/de\\\/\"},{\"@type\":\"ListItem\",\"position\":2,\"name\":\"Private Sicherheitsdienstleistungen im Ausland\"}]},{\"@type\":\"WebSite\",\"@id\":\"https:\\\/\\\/news.save.ch\\\/de\\\/#website\",\"url\":\"https:\\\/\\\/news.save.ch\\\/de\\\/\",\"name\":\"Save\",\"description\":\"Schweizer Fachzeitschrift f\u00fcr Sicherheit\",\"publisher\":{\"@id\":\"https:\\\/\\\/news.save.ch\\\/de\\\/#organization\"},\"potentialAction\":[{\"@type\":\"SearchAction\",\"target\":{\"@type\":\"EntryPoint\",\"urlTemplate\":\"https:\\\/\\\/news.save.ch\\\/de\\\/?s={search_term_string}\"},\"query-input\":{\"@type\":\"PropertyValueSpecification\",\"valueRequired\":true,\"valueName\":\"search_term_string\"}}],\"inLanguage\":\"en-US\"},{\"@type\":\"Organization\",\"@id\":\"https:\\\/\\\/news.save.ch\\\/de\\\/#organization\",\"name\":\"Sicherheitsforum\",\"url\":\"https:\\\/\\\/news.save.ch\\\/de\\\/\",\"logo\":{\"@type\":\"ImageObject\",\"inLanguage\":\"en-US\",\"@id\":\"https:\\\/\\\/news.save.ch\\\/de\\\/#\\\/schema\\\/logo\\\/image\\\/\",\"url\":\"https:\\\/\\\/news.save.ch\\\/wp-content\\\/uploads\\\/2022\\\/06\\\/Logo_SF_2012.png\",\"contentUrl\":\"https:\\\/\\\/news.save.ch\\\/wp-content\\\/uploads\\\/2022\\\/06\\\/Logo_SF_2012.png\",\"width\":1100,\"height\":91,\"caption\":\"Sicherheitsforum\"},\"image\":{\"@id\":\"https:\\\/\\\/news.save.ch\\\/de\\\/#\\\/schema\\\/logo\\\/image\\\/\"}},{\"@type\":\"Person\",\"@id\":\"https:\\\/\\\/news.save.ch\\\/de\\\/#\\\/schema\\\/person\\\/d5022db048e0e2b9785c50e5b24da5aa\",\"name\":\"Roger Str\u00e4ssle\",\"image\":{\"@type\":\"ImageObject\",\"inLanguage\":\"en-US\",\"@id\":\"https:\\\/\\\/secure.gravatar.com\\\/avatar\\\/862a5569d087de48e5856e32f45d719a03804c891d6deb8d4f71a660e79e4a47?s=96&d=mm&r=g\",\"url\":\"https:\\\/\\\/secure.gravatar.com\\\/avatar\\\/862a5569d087de48e5856e32f45d719a03804c891d6deb8d4f71a660e79e4a47?s=96&d=mm&r=g\",\"contentUrl\":\"https:\\\/\\\/secure.gravatar.com\\\/avatar\\\/862a5569d087de48e5856e32f45d719a03804c891d6deb8d4f71a660e79e4a47?s=96&d=mm&r=g\",\"caption\":\"Roger Str\u00e4ssle\"},\"url\":\"https:\\\/\\\/news.save.ch\\\/en\\\/author\\\/roger-straessle\\\/\"}]}<\/script>\n<!-- \/ Yoast SEO plugin. -->","yoast_head_json":{"title":"Private security services abroad - Save","description":"The agency has published its third activity report regarding private security services provided abroad.","robots":{"index":"index","follow":"follow","max-snippet":"max-snippet:-1","max-image-preview":"max-image-preview:large","max-video-preview":"max-video-preview:-1"},"canonical":"https:\/\/news.save.ch\/en\/private-sicherheitsdienstleistungen-im-ausland\/","og_locale":"en_US","og_type":"article","og_title":"Private Sicherheitsdienstleistungen im Ausland - Save","og_description":"Die Beh\u00f6rde hat ihren dritten T\u00e4tigkeitsbericht bez\u00fcglich der im Ausland erbrachten privaten Sicherheitsdienstleistungen ver\u00f6ffentlicht.","og_url":"https:\/\/news.save.ch\/en\/private-sicherheitsdienstleistungen-im-ausland\/","og_site_name":"Save","article_published_time":"2019-08-19T05:00:47+00:00","og_image":[{"width":1400,"height":1400,"url":"https:\/\/news.save.ch\/wp-content\/uploads\/2019\/08\/Depositphotos_56726101_l-2015-scaled.jpg","type":"image\/jpeg"}],"author":"Roger Str\u00e4ssle","twitter_card":"summary_large_image","twitter_misc":{"Written by":"Roger Str\u00e4ssle","Est. reading time":"2 minutes"},"schema":{"@context":"https:\/\/schema.org","@graph":[{"@type":"Article","@id":"https:\/\/news.save.ch\/private-sicherheitsdienstleistungen-im-ausland\/#article","isPartOf":{"@id":"https:\/\/news.save.ch\/private-sicherheitsdienstleistungen-im-ausland\/"},"author":{"name":"Roger Str\u00e4ssle","@id":"https:\/\/news.save.ch\/de\/#\/schema\/person\/d5022db048e0e2b9785c50e5b24da5aa"},"headline":"Private Sicherheitsdienstleistungen im Ausland","datePublished":"2019-08-19T05:00:47+00:00","mainEntityOfPage":{"@id":"https:\/\/news.save.ch\/private-sicherheitsdienstleistungen-im-ausland\/"},"wordCount":490,"commentCount":0,"publisher":{"@id":"https:\/\/news.save.ch\/de\/#organization"},"image":{"@id":"https:\/\/news.save.ch\/private-sicherheitsdienstleistungen-im-ausland\/#primaryimage"},"thumbnailUrl":"https:\/\/news.save.ch\/wp-content\/uploads\/2019\/08\/Depositphotos_56726101_l-2015-scaled.jpg","keywords":["Sicherheitsdienstleistungen"],"articleSection":["ALLGEMEIN"],"inLanguage":"en-US"},{"@type":"WebPage","@id":"https:\/\/news.save.ch\/private-sicherheitsdienstleistungen-im-ausland\/","url":"https:\/\/news.save.ch\/private-sicherheitsdienstleistungen-im-ausland\/","name":"Private security services abroad - Save","isPartOf":{"@id":"https:\/\/news.save.ch\/de\/#website"},"primaryImageOfPage":{"@id":"https:\/\/news.save.ch\/private-sicherheitsdienstleistungen-im-ausland\/#primaryimage"},"image":{"@id":"https:\/\/news.save.ch\/private-sicherheitsdienstleistungen-im-ausland\/#primaryimage"},"thumbnailUrl":"https:\/\/news.save.ch\/wp-content\/uploads\/2019\/08\/Depositphotos_56726101_l-2015-scaled.jpg","datePublished":"2019-08-19T05:00:47+00:00","description":"The agency has published its third activity report regarding private security services provided abroad.","breadcrumb":{"@id":"https:\/\/news.save.ch\/private-sicherheitsdienstleistungen-im-ausland\/#breadcrumb"},"inLanguage":"en-US","potentialAction":[{"@type":"ReadAction","target":["https:\/\/news.save.ch\/private-sicherheitsdienstleistungen-im-ausland\/"]}]},{"@type":"ImageObject","inLanguage":"en-US","@id":"https:\/\/news.save.ch\/private-sicherheitsdienstleistungen-im-ausland\/#primaryimage","url":"https:\/\/news.save.ch\/wp-content\/uploads\/2019\/08\/Depositphotos_56726101_l-2015-scaled.jpg","contentUrl":"https:\/\/news.save.ch\/wp-content\/uploads\/2019\/08\/Depositphotos_56726101_l-2015-scaled.jpg","width":1400,"height":1400,"caption":"\u00a9 depositphotos, YadvigaGr"},{"@type":"BreadcrumbList","@id":"https:\/\/news.save.ch\/private-sicherheitsdienstleistungen-im-ausland\/#breadcrumb","itemListElement":[{"@type":"ListItem","position":1,"name":"Home","item":"https:\/\/news.save.ch\/de\/"},{"@type":"ListItem","position":2,"name":"Private Sicherheitsdienstleistungen im Ausland"}]},{"@type":"WebSite","@id":"https:\/\/news.save.ch\/de\/#website","url":"https:\/\/news.save.ch\/de\/","name":"Save","description":"Swiss trade journal for safety","publisher":{"@id":"https:\/\/news.save.ch\/de\/#organization"},"potentialAction":[{"@type":"SearchAction","target":{"@type":"EntryPoint","urlTemplate":"https:\/\/news.save.ch\/de\/?s={search_term_string}"},"query-input":{"@type":"PropertyValueSpecification","valueRequired":true,"valueName":"search_term_string"}}],"inLanguage":"en-US"},{"@type":"Organization","@id":"https:\/\/news.save.ch\/de\/#organization","name":"Security Forum","url":"https:\/\/news.save.ch\/de\/","logo":{"@type":"ImageObject","inLanguage":"en-US","@id":"https:\/\/news.save.ch\/de\/#\/schema\/logo\/image\/","url":"https:\/\/news.save.ch\/wp-content\/uploads\/2022\/06\/Logo_SF_2012.png","contentUrl":"https:\/\/news.save.ch\/wp-content\/uploads\/2022\/06\/Logo_SF_2012.png","width":1100,"height":91,"caption":"Sicherheitsforum"},"image":{"@id":"https:\/\/news.save.ch\/de\/#\/schema\/logo\/image\/"}},{"@type":"Person","@id":"https:\/\/news.save.ch\/de\/#\/schema\/person\/d5022db048e0e2b9785c50e5b24da5aa","name":"Roger Str\u00e4ssle","image":{"@type":"ImageObject","inLanguage":"en-US","@id":"https:\/\/secure.gravatar.com\/avatar\/862a5569d087de48e5856e32f45d719a03804c891d6deb8d4f71a660e79e4a47?s=96&d=mm&r=g","url":"https:\/\/secure.gravatar.com\/avatar\/862a5569d087de48e5856e32f45d719a03804c891d6deb8d4f71a660e79e4a47?s=96&d=mm&r=g","contentUrl":"https:\/\/secure.gravatar.com\/avatar\/862a5569d087de48e5856e32f45d719a03804c891d6deb8d4f71a660e79e4a47?s=96&d=mm&r=g","caption":"Roger Str\u00e4ssle"},"url":"https:\/\/news.save.ch\/en\/author\/roger-straessle\/"}]}},"_links":{"self":[{"href":"https:\/\/news.save.ch\/en\/wp-json\/wp\/v2\/posts\/8504","targetHints":{"allow":["GET"]}}],"collection":[{"href":"https:\/\/news.save.ch\/en\/wp-json\/wp\/v2\/posts"}],"about":[{"href":"https:\/\/news.save.ch\/en\/wp-json\/wp\/v2\/types\/post"}],"author":[{"embeddable":true,"href":"https:\/\/news.save.ch\/en\/wp-json\/wp\/v2\/users\/8"}],"replies":[{"embeddable":true,"href":"https:\/\/news.save.ch\/en\/wp-json\/wp\/v2\/comments?post=8504"}],"version-history":[{"count":0,"href":"https:\/\/news.save.ch\/en\/wp-json\/wp\/v2\/posts\/8504\/revisions"}],"wp:featuredmedia":[{"embeddable":true,"href":"https:\/\/news.save.ch\/en\/wp-json\/wp\/v2\/media\/8505"}],"wp:attachment":[{"href":"https:\/\/news.save.ch\/en\/wp-json\/wp\/v2\/media?parent=8504"}],"wp:term":[{"taxonomy":"category","embeddable":true,"href":"https:\/\/news.save.ch\/en\/wp-json\/wp\/v2\/categories?post=8504"},{"taxonomy":"post_tag","embeddable":true,"href":"https:\/\/news.save.ch\/en\/wp-json\/wp\/v2\/tags?post=8504"}],"curies":[{"name":"wp","href":"https:\/\/api.w.org\/{rel}","templated":true}]}}