{"id":8563,"date":"2022-02-22T09:47:06","date_gmt":"2022-02-22T08:47:06","guid":{"rendered":"https:\/\/news.save.ch\/?p=8563"},"modified":"2023-07-07T12:59:12","modified_gmt":"2023-07-07T10:59:12","slug":"fasnacht-das-gehoer-optimal-schuetzen","status":null,"type":"post","link":"https:\/\/news.save.ch\/en\/fasnacht-das-gehoer-optimal-schuetzen\/","title":{"rendered":"Fasnacht: Optimal protection of hearing"},"content":{"rendered":"<div class=\"mceTemp\"><\/div>\n<figure id=\"attachment_8565\" aria-describedby=\"caption-attachment-8565\" style=\"width: 680px\" class=\"wp-caption alignnone\"><img loading=\"lazy\" decoding=\"async\" class=\"wp-image-8565 size-medium\" src=\"https:\/\/news.save.ch\/wp-content\/uploads\/2022\/02\/SUVA-GEHOERSCHUTZ-012-scaled-1-680x454.jpg\" alt=\"Guggenmusik\" width=\"680\" height=\"454\" srcset=\"https:\/\/news.save.ch\/wp-content\/uploads\/2022\/02\/SUVA-GEHOERSCHUTZ-012-scaled-1-680x454.jpg 680w, https:\/\/news.save.ch\/wp-content\/uploads\/2022\/02\/SUVA-GEHOERSCHUTZ-012-scaled-1-1024x683.jpg 1024w, https:\/\/news.save.ch\/wp-content\/uploads\/2022\/02\/SUVA-GEHOERSCHUTZ-012-scaled-1-768x512.jpg 768w, https:\/\/news.save.ch\/wp-content\/uploads\/2022\/02\/SUVA-GEHOERSCHUTZ-012-scaled-1-18x12.jpg 18w, https:\/\/news.save.ch\/wp-content\/uploads\/2022\/02\/SUVA-GEHOERSCHUTZ-012-scaled-1-375x250.jpg 375w, https:\/\/news.save.ch\/wp-content\/uploads\/2022\/02\/SUVA-GEHOERSCHUTZ-012-scaled-1-525x350.jpg 525w, https:\/\/news.save.ch\/wp-content\/uploads\/2022\/02\/SUVA-GEHOERSCHUTZ-012-scaled-1-1000x667.jpg 1000w, https:\/\/news.save.ch\/wp-content\/uploads\/2022\/02\/SUVA-GEHOERSCHUTZ-012-scaled-1.jpg 1400w\" sizes=\"auto, (max-width: 680px) 100vw, 680px\" \/><figcaption id=\"caption-attachment-8565\" class=\"wp-caption-text\">A member of the Schlochthueueler Neuenkirch plays with hearing protection at the BTS Ball on Saturday, Feb. 12, 2022 in Schwarzenbach. (SUVA\/KEYSTONE\/Philipp Schmidli)<\/figcaption><\/figure>\n<p>After more than two years, the carnival can finally take place again. However, the rude time can also become a nightmare for some people's hearing, because the performances of the Guggenmusik can always cause great noise pollution. If it becomes too much for the hearing, it reacts with a disturbance of the hearing function, which can become noticeable by a continuous whistling or humming in the ear. If the noise in the ear does not subside after 24 hours, Suva says a medical assessment should be made. In the long term, strong noise can not only lead to such hearing disorders, but also cause hearing loss in the long term.<\/p>\n<p>According to Suva's acoustics experts, a Guggenmusik quickly reaches a sound level of 95 decibels in narrow alleys. Especially in closed pubs, values of up to 105 decibels can be recorded. For children or animals, such levels can also lead to stress reactions. For this reason, children in particular should wear hearing protection during carnival, while pets should be kept in a quiet place at this time.<\/p>\n<p>In this context, Suva recalls some important tips:<\/p>\n<ul>\n<li>Use hearing protection (earplugs, pamir, etc.) if the noise is so loud that you cannot have a normal conversation.<\/li>\n<li>Keep your distance from loud sound sources (loudspeakers, wind instruments).<\/li>\n<li>Deliberately take breaks from noise to allow your hearing to recover.<\/li>\n<li>If you experience a feeling of pressure in the ear or dull hearing after loud noise, or even notice persistent ringing in the ears, you should urgently give your hearing a rest.<\/li>\n<li>If the symptoms have not subsided after 24 hours, it is advisable to consult an ear specialist.<\/li>\n<\/ul>\n<p><em>Source: Suva<\/em><\/p>","protected":false},"excerpt":{"rendered":"<p>Nach mehr als zwei Jahren kann auch endlich wieder einmal die Fasnacht stattfinden. Die r\u00fc\u00fcdige Zeit kann aber auch f\u00fcr einige Menschen zum Geh\u00f6r-Albtraum werden, denn bei Auftritten der Guggenmusiken k\u00f6nnen immer grosse L\u00e4rmbelastungen entstehen. Wird es dem Geh\u00f6r zu viel, reagiert es mit einer St\u00f6rung der H\u00f6rfunktion, die sich durch ein anhaltendes Pfeifen oder [&hellip;]<\/p>\n","protected":false},"author":9,"featured_media":8565,"comment_status":"closed","ping_status":"closed","sticky":false,"template":"","format":"standard","meta":{"_acf_changed":false,"pgc_sgb_lightbox_settings":"","footnotes":""},"categories":[1,3314],"tags":[336,2142,4769,2429,167],"class_list":["post-8563","post","type-post","status-publish","format-standard","has-post-thumbnail","hentry","category-allgemein","category-health-safety","tag-fasnacht","tag-gehoerschutz","tag-guggenmusik","tag-laermbelastung","tag-suva"],"acf":[],"hkrextid":null,"publication":null,"issue":null,"workflow":null,"startPage":null,"spitzmarke":null,"_posts_by_tag_page_fields":{"widget_title":"","widget_tags":""},"_at_widget":"1","_yoast_wpseo_primary_category":"1","_yoast_wpseo_focuskw_text_input":null,"_yoast_wpseo_opengraph-image":null,"_yoast_wpseo_opengraph-description":null,"_yoast_wpseo_opengraph-title":null,"enclosure":null,"_yoast_wpseo_twitter-title":null,"_yoast_wpseo_twitter-description":null,"_yoast_wpseo_twitter-image":null,"_wp_old_slug":null,"_yoast_wpseo_title":null,"_yoast_wpseo_canonical":null,"yoast_head":"<!-- This site is optimized with the Yoast SEO plugin v27.5 - https:\/\/yoast.com\/product\/yoast-seo-wordpress\/ -->\n<title>Fasnacht: Das Geh\u00f6r optimal sch\u00fctzen - Save<\/title>\n<meta name=\"description\" content=\"Eine gef\u00fchlte Ewigkeit ist es her, seit das letzte Mal \u00abdie f\u00fcnfte Jahreszeit\u00bb gefeiert werden konnte. Viele Guggenmusiken verursachen aber auch viel laute Musik. Mit ein paar wenigen Vorkehrungen l\u00e4sst sich jedoch einer Geh\u00f6rsch\u00e4digung vorbeugen.\" \/>\n<meta name=\"robots\" content=\"index, follow, max-snippet:-1, max-image-preview:large, max-video-preview:-1\" \/>\n<link rel=\"canonical\" href=\"https:\/\/news.save.ch\/en\/fasnacht-das-gehoer-optimal-schuetzen\/\" \/>\n<meta property=\"og:locale\" content=\"en_US\" \/>\n<meta property=\"og:type\" content=\"article\" \/>\n<meta property=\"og:title\" content=\"Fasnacht: Das Geh\u00f6r optimal sch\u00fctzen - Save\" \/>\n<meta property=\"og:description\" content=\"Eine gef\u00fchlte Ewigkeit ist es her, seit das letzte Mal \u00abdie f\u00fcnfte Jahreszeit\u00bb gefeiert werden konnte. Viele Guggenmusiken verursachen aber auch viel laute Musik. Mit ein paar wenigen Vorkehrungen l\u00e4sst sich jedoch einer Geh\u00f6rsch\u00e4digung vorbeugen.\" \/>\n<meta property=\"og:url\" content=\"https:\/\/news.save.ch\/en\/fasnacht-das-gehoer-optimal-schuetzen\/\" \/>\n<meta property=\"og:site_name\" content=\"Save\" \/>\n<meta property=\"article:published_time\" content=\"2022-02-22T08:47:06+00:00\" \/>\n<meta property=\"article:modified_time\" content=\"2023-07-07T10:59:12+00:00\" \/>\n<meta property=\"og:image\" content=\"https:\/\/news.save.ch\/wp-content\/uploads\/2022\/02\/SUVA-GEHOERSCHUTZ-012-scaled-1.jpg\" \/>\n\t<meta property=\"og:image:width\" content=\"1400\" \/>\n\t<meta property=\"og:image:height\" content=\"934\" \/>\n\t<meta property=\"og:image:type\" content=\"image\/jpeg\" \/>\n<meta name=\"author\" content=\"Simon Gr\u00f6flin\" \/>\n<meta name=\"twitter:card\" content=\"summary_large_image\" \/>\n<meta name=\"twitter:label1\" content=\"Written by\" \/>\n\t<meta name=\"twitter:data1\" content=\"Simon Gr\u00f6flin\" \/>\n\t<meta name=\"twitter:label2\" content=\"Est. reading time\" \/>\n\t<meta name=\"twitter:data2\" content=\"2 minutes\" \/>\n<script type=\"application\/ld+json\" class=\"yoast-schema-graph\">{\"@context\":\"https:\\\/\\\/schema.org\",\"@graph\":[{\"@type\":\"Article\",\"@id\":\"https:\\\/\\\/news.save.ch\\\/fasnacht-das-gehoer-optimal-schuetzen\\\/#article\",\"isPartOf\":{\"@id\":\"https:\\\/\\\/news.save.ch\\\/fasnacht-das-gehoer-optimal-schuetzen\\\/\"},\"author\":{\"name\":\"Simon Gr\u00f6flin\",\"@id\":\"https:\\\/\\\/news.save.ch\\\/de\\\/#\\\/schema\\\/person\\\/ad4ef21102fd6125312409ac57d5296d\"},\"headline\":\"Fasnacht: Das Geh\u00f6r optimal sch\u00fctzen\",\"datePublished\":\"2022-02-22T08:47:06+00:00\",\"dateModified\":\"2023-07-07T10:59:12+00:00\",\"mainEntityOfPage\":{\"@id\":\"https:\\\/\\\/news.save.ch\\\/fasnacht-das-gehoer-optimal-schuetzen\\\/\"},\"wordCount\":317,\"publisher\":{\"@id\":\"https:\\\/\\\/news.save.ch\\\/de\\\/#organization\"},\"image\":{\"@id\":\"https:\\\/\\\/news.save.ch\\\/fasnacht-das-gehoer-optimal-schuetzen\\\/#primaryimage\"},\"thumbnailUrl\":\"https:\\\/\\\/news.save.ch\\\/wp-content\\\/uploads\\\/2022\\\/02\\\/SUVA-GEHOERSCHUTZ-012-scaled-1.jpg\",\"keywords\":[\"Fasnacht\",\"Geh\u00f6rschutz\",\"Guggenmusik\",\"L\u00e4rmbelastung\",\"SUVA\"],\"articleSection\":[\"ALLGEMEIN\",\"HEALTH &amp; SAFETY\"],\"inLanguage\":\"en-US\"},{\"@type\":\"WebPage\",\"@id\":\"https:\\\/\\\/news.save.ch\\\/fasnacht-das-gehoer-optimal-schuetzen\\\/\",\"url\":\"https:\\\/\\\/news.save.ch\\\/fasnacht-das-gehoer-optimal-schuetzen\\\/\",\"name\":\"Fasnacht: Das Geh\u00f6r optimal sch\u00fctzen - Save\",\"isPartOf\":{\"@id\":\"https:\\\/\\\/news.save.ch\\\/de\\\/#website\"},\"primaryImageOfPage\":{\"@id\":\"https:\\\/\\\/news.save.ch\\\/fasnacht-das-gehoer-optimal-schuetzen\\\/#primaryimage\"},\"image\":{\"@id\":\"https:\\\/\\\/news.save.ch\\\/fasnacht-das-gehoer-optimal-schuetzen\\\/#primaryimage\"},\"thumbnailUrl\":\"https:\\\/\\\/news.save.ch\\\/wp-content\\\/uploads\\\/2022\\\/02\\\/SUVA-GEHOERSCHUTZ-012-scaled-1.jpg\",\"datePublished\":\"2022-02-22T08:47:06+00:00\",\"dateModified\":\"2023-07-07T10:59:12+00:00\",\"description\":\"Eine gef\u00fchlte Ewigkeit ist es her, seit das letzte Mal \u00abdie f\u00fcnfte Jahreszeit\u00bb gefeiert werden konnte. Viele Guggenmusiken verursachen aber auch viel laute Musik. Mit ein paar wenigen Vorkehrungen l\u00e4sst sich jedoch einer Geh\u00f6rsch\u00e4digung vorbeugen.\",\"breadcrumb\":{\"@id\":\"https:\\\/\\\/news.save.ch\\\/fasnacht-das-gehoer-optimal-schuetzen\\\/#breadcrumb\"},\"inLanguage\":\"en-US\",\"potentialAction\":[{\"@type\":\"ReadAction\",\"target\":[\"https:\\\/\\\/news.save.ch\\\/fasnacht-das-gehoer-optimal-schuetzen\\\/\"]}]},{\"@type\":\"ImageObject\",\"inLanguage\":\"en-US\",\"@id\":\"https:\\\/\\\/news.save.ch\\\/fasnacht-das-gehoer-optimal-schuetzen\\\/#primaryimage\",\"url\":\"https:\\\/\\\/news.save.ch\\\/wp-content\\\/uploads\\\/2022\\\/02\\\/SUVA-GEHOERSCHUTZ-012-scaled-1.jpg\",\"contentUrl\":\"https:\\\/\\\/news.save.ch\\\/wp-content\\\/uploads\\\/2022\\\/02\\\/SUVA-GEHOERSCHUTZ-012-scaled-1.jpg\",\"width\":1400,\"height\":934,\"caption\":\"Ein Mitglied der Schlochthueueler Neuenkirch spielt mit Gehoerschutz am BTS Ball am Samstag, 12. Februar 2022 in Schwarzenbach. (SUVA\\\/KEYSTONE\\\/Philipp Schmidli)\"},{\"@type\":\"BreadcrumbList\",\"@id\":\"https:\\\/\\\/news.save.ch\\\/fasnacht-das-gehoer-optimal-schuetzen\\\/#breadcrumb\",\"itemListElement\":[{\"@type\":\"ListItem\",\"position\":1,\"name\":\"Home\",\"item\":\"https:\\\/\\\/news.save.ch\\\/de\\\/\"},{\"@type\":\"ListItem\",\"position\":2,\"name\":\"Fasnacht: Das Geh\u00f6r optimal sch\u00fctzen\"}]},{\"@type\":\"WebSite\",\"@id\":\"https:\\\/\\\/news.save.ch\\\/de\\\/#website\",\"url\":\"https:\\\/\\\/news.save.ch\\\/de\\\/\",\"name\":\"Save\",\"description\":\"Schweizer Fachzeitschrift f\u00fcr Sicherheit\",\"publisher\":{\"@id\":\"https:\\\/\\\/news.save.ch\\\/de\\\/#organization\"},\"potentialAction\":[{\"@type\":\"SearchAction\",\"target\":{\"@type\":\"EntryPoint\",\"urlTemplate\":\"https:\\\/\\\/news.save.ch\\\/de\\\/?s={search_term_string}\"},\"query-input\":{\"@type\":\"PropertyValueSpecification\",\"valueRequired\":true,\"valueName\":\"search_term_string\"}}],\"inLanguage\":\"en-US\"},{\"@type\":\"Organization\",\"@id\":\"https:\\\/\\\/news.save.ch\\\/de\\\/#organization\",\"name\":\"Sicherheitsforum\",\"url\":\"https:\\\/\\\/news.save.ch\\\/de\\\/\",\"logo\":{\"@type\":\"ImageObject\",\"inLanguage\":\"en-US\",\"@id\":\"https:\\\/\\\/news.save.ch\\\/de\\\/#\\\/schema\\\/logo\\\/image\\\/\",\"url\":\"https:\\\/\\\/news.save.ch\\\/wp-content\\\/uploads\\\/2022\\\/06\\\/Logo_SF_2012.png\",\"contentUrl\":\"https:\\\/\\\/news.save.ch\\\/wp-content\\\/uploads\\\/2022\\\/06\\\/Logo_SF_2012.png\",\"width\":1100,\"height\":91,\"caption\":\"Sicherheitsforum\"},\"image\":{\"@id\":\"https:\\\/\\\/news.save.ch\\\/de\\\/#\\\/schema\\\/logo\\\/image\\\/\"}},{\"@type\":\"Person\",\"@id\":\"https:\\\/\\\/news.save.ch\\\/de\\\/#\\\/schema\\\/person\\\/ad4ef21102fd6125312409ac57d5296d\",\"name\":\"Simon Gr\u00f6flin\",\"image\":{\"@type\":\"ImageObject\",\"inLanguage\":\"en-US\",\"@id\":\"https:\\\/\\\/secure.gravatar.com\\\/avatar\\\/6ddceb80eb734354635539e0ea5140bb7c41e42de7c45c9a2ab9921b5d5c9a83?s=96&d=mm&r=g\",\"url\":\"https:\\\/\\\/secure.gravatar.com\\\/avatar\\\/6ddceb80eb734354635539e0ea5140bb7c41e42de7c45c9a2ab9921b5d5c9a83?s=96&d=mm&r=g\",\"contentUrl\":\"https:\\\/\\\/secure.gravatar.com\\\/avatar\\\/6ddceb80eb734354635539e0ea5140bb7c41e42de7c45c9a2ab9921b5d5c9a83?s=96&d=mm&r=g\",\"caption\":\"Simon Gr\u00f6flin\"},\"url\":\"https:\\\/\\\/news.save.ch\\\/en\\\/author\\\/simon-groeflin\\\/\"}]}<\/script>\n<!-- \/ Yoast SEO plugin. -->","yoast_head_json":{"title":"Fasnacht: Protect your hearing optimally - Save","description":"It feels like an eternity since the last time \"the fifth season\" could be celebrated. However, many Guggenmusik also cause a lot of loud music. With a few precautions, however, hearing damage can be prevented.","robots":{"index":"index","follow":"follow","max-snippet":"max-snippet:-1","max-image-preview":"max-image-preview:large","max-video-preview":"max-video-preview:-1"},"canonical":"https:\/\/news.save.ch\/en\/fasnacht-das-gehoer-optimal-schuetzen\/","og_locale":"en_US","og_type":"article","og_title":"Fasnacht: Das Geh\u00f6r optimal sch\u00fctzen - Save","og_description":"Eine gef\u00fchlte Ewigkeit ist es her, seit das letzte Mal \u00abdie f\u00fcnfte Jahreszeit\u00bb gefeiert werden konnte. Viele Guggenmusiken verursachen aber auch viel laute Musik. Mit ein paar wenigen Vorkehrungen l\u00e4sst sich jedoch einer Geh\u00f6rsch\u00e4digung vorbeugen.","og_url":"https:\/\/news.save.ch\/en\/fasnacht-das-gehoer-optimal-schuetzen\/","og_site_name":"Save","article_published_time":"2022-02-22T08:47:06+00:00","article_modified_time":"2023-07-07T10:59:12+00:00","og_image":[{"width":1400,"height":934,"url":"https:\/\/news.save.ch\/wp-content\/uploads\/2022\/02\/SUVA-GEHOERSCHUTZ-012-scaled-1.jpg","type":"image\/jpeg"}],"author":"Simon Gr\u00f6flin","twitter_card":"summary_large_image","twitter_misc":{"Written by":"Simon Gr\u00f6flin","Est. reading time":"2 minutes"},"schema":{"@context":"https:\/\/schema.org","@graph":[{"@type":"Article","@id":"https:\/\/news.save.ch\/fasnacht-das-gehoer-optimal-schuetzen\/#article","isPartOf":{"@id":"https:\/\/news.save.ch\/fasnacht-das-gehoer-optimal-schuetzen\/"},"author":{"name":"Simon Gr\u00f6flin","@id":"https:\/\/news.save.ch\/de\/#\/schema\/person\/ad4ef21102fd6125312409ac57d5296d"},"headline":"Fasnacht: Das Geh\u00f6r optimal sch\u00fctzen","datePublished":"2022-02-22T08:47:06+00:00","dateModified":"2023-07-07T10:59:12+00:00","mainEntityOfPage":{"@id":"https:\/\/news.save.ch\/fasnacht-das-gehoer-optimal-schuetzen\/"},"wordCount":317,"publisher":{"@id":"https:\/\/news.save.ch\/de\/#organization"},"image":{"@id":"https:\/\/news.save.ch\/fasnacht-das-gehoer-optimal-schuetzen\/#primaryimage"},"thumbnailUrl":"https:\/\/news.save.ch\/wp-content\/uploads\/2022\/02\/SUVA-GEHOERSCHUTZ-012-scaled-1.jpg","keywords":["Fasnacht","Geh\u00f6rschutz","Guggenmusik","L\u00e4rmbelastung","SUVA"],"articleSection":["ALLGEMEIN","HEALTH &amp; SAFETY"],"inLanguage":"en-US"},{"@type":"WebPage","@id":"https:\/\/news.save.ch\/fasnacht-das-gehoer-optimal-schuetzen\/","url":"https:\/\/news.save.ch\/fasnacht-das-gehoer-optimal-schuetzen\/","name":"Fasnacht: Protect your hearing optimally - Save","isPartOf":{"@id":"https:\/\/news.save.ch\/de\/#website"},"primaryImageOfPage":{"@id":"https:\/\/news.save.ch\/fasnacht-das-gehoer-optimal-schuetzen\/#primaryimage"},"image":{"@id":"https:\/\/news.save.ch\/fasnacht-das-gehoer-optimal-schuetzen\/#primaryimage"},"thumbnailUrl":"https:\/\/news.save.ch\/wp-content\/uploads\/2022\/02\/SUVA-GEHOERSCHUTZ-012-scaled-1.jpg","datePublished":"2022-02-22T08:47:06+00:00","dateModified":"2023-07-07T10:59:12+00:00","description":"It feels like an eternity since the last time \"the fifth season\" could be celebrated. However, many Guggenmusik also cause a lot of loud music. With a few precautions, however, hearing damage can be prevented.","breadcrumb":{"@id":"https:\/\/news.save.ch\/fasnacht-das-gehoer-optimal-schuetzen\/#breadcrumb"},"inLanguage":"en-US","potentialAction":[{"@type":"ReadAction","target":["https:\/\/news.save.ch\/fasnacht-das-gehoer-optimal-schuetzen\/"]}]},{"@type":"ImageObject","inLanguage":"en-US","@id":"https:\/\/news.save.ch\/fasnacht-das-gehoer-optimal-schuetzen\/#primaryimage","url":"https:\/\/news.save.ch\/wp-content\/uploads\/2022\/02\/SUVA-GEHOERSCHUTZ-012-scaled-1.jpg","contentUrl":"https:\/\/news.save.ch\/wp-content\/uploads\/2022\/02\/SUVA-GEHOERSCHUTZ-012-scaled-1.jpg","width":1400,"height":934,"caption":"Ein Mitglied der Schlochthueueler Neuenkirch spielt mit Gehoerschutz am BTS Ball am Samstag, 12. Februar 2022 in Schwarzenbach. (SUVA\/KEYSTONE\/Philipp Schmidli)"},{"@type":"BreadcrumbList","@id":"https:\/\/news.save.ch\/fasnacht-das-gehoer-optimal-schuetzen\/#breadcrumb","itemListElement":[{"@type":"ListItem","position":1,"name":"Home","item":"https:\/\/news.save.ch\/de\/"},{"@type":"ListItem","position":2,"name":"Fasnacht: Das Geh\u00f6r optimal sch\u00fctzen"}]},{"@type":"WebSite","@id":"https:\/\/news.save.ch\/de\/#website","url":"https:\/\/news.save.ch\/de\/","name":"Save","description":"Swiss trade journal for safety","publisher":{"@id":"https:\/\/news.save.ch\/de\/#organization"},"potentialAction":[{"@type":"SearchAction","target":{"@type":"EntryPoint","urlTemplate":"https:\/\/news.save.ch\/de\/?s={search_term_string}"},"query-input":{"@type":"PropertyValueSpecification","valueRequired":true,"valueName":"search_term_string"}}],"inLanguage":"en-US"},{"@type":"Organization","@id":"https:\/\/news.save.ch\/de\/#organization","name":"Security Forum","url":"https:\/\/news.save.ch\/de\/","logo":{"@type":"ImageObject","inLanguage":"en-US","@id":"https:\/\/news.save.ch\/de\/#\/schema\/logo\/image\/","url":"https:\/\/news.save.ch\/wp-content\/uploads\/2022\/06\/Logo_SF_2012.png","contentUrl":"https:\/\/news.save.ch\/wp-content\/uploads\/2022\/06\/Logo_SF_2012.png","width":1100,"height":91,"caption":"Sicherheitsforum"},"image":{"@id":"https:\/\/news.save.ch\/de\/#\/schema\/logo\/image\/"}},{"@type":"Person","@id":"https:\/\/news.save.ch\/de\/#\/schema\/person\/ad4ef21102fd6125312409ac57d5296d","name":"Simon Gr\u00f6flin","image":{"@type":"ImageObject","inLanguage":"en-US","@id":"https:\/\/secure.gravatar.com\/avatar\/6ddceb80eb734354635539e0ea5140bb7c41e42de7c45c9a2ab9921b5d5c9a83?s=96&d=mm&r=g","url":"https:\/\/secure.gravatar.com\/avatar\/6ddceb80eb734354635539e0ea5140bb7c41e42de7c45c9a2ab9921b5d5c9a83?s=96&d=mm&r=g","contentUrl":"https:\/\/secure.gravatar.com\/avatar\/6ddceb80eb734354635539e0ea5140bb7c41e42de7c45c9a2ab9921b5d5c9a83?s=96&d=mm&r=g","caption":"Simon Gr\u00f6flin"},"url":"https:\/\/news.save.ch\/en\/author\/simon-groeflin\/"}]}},"_links":{"self":[{"href":"https:\/\/news.save.ch\/en\/wp-json\/wp\/v2\/posts\/8563","targetHints":{"allow":["GET"]}}],"collection":[{"href":"https:\/\/news.save.ch\/en\/wp-json\/wp\/v2\/posts"}],"about":[{"href":"https:\/\/news.save.ch\/en\/wp-json\/wp\/v2\/types\/post"}],"author":[{"embeddable":true,"href":"https:\/\/news.save.ch\/en\/wp-json\/wp\/v2\/users\/9"}],"replies":[{"embeddable":true,"href":"https:\/\/news.save.ch\/en\/wp-json\/wp\/v2\/comments?post=8563"}],"version-history":[{"count":2,"href":"https:\/\/news.save.ch\/en\/wp-json\/wp\/v2\/posts\/8563\/revisions"}],"predecessor-version":[{"id":20542,"href":"https:\/\/news.save.ch\/en\/wp-json\/wp\/v2\/posts\/8563\/revisions\/20542"}],"wp:featuredmedia":[{"embeddable":true,"href":"https:\/\/news.save.ch\/en\/wp-json\/wp\/v2\/media\/8565"}],"wp:attachment":[{"href":"https:\/\/news.save.ch\/en\/wp-json\/wp\/v2\/media?parent=8563"}],"wp:term":[{"taxonomy":"category","embeddable":true,"href":"https:\/\/news.save.ch\/en\/wp-json\/wp\/v2\/categories?post=8563"},{"taxonomy":"post_tag","embeddable":true,"href":"https:\/\/news.save.ch\/en\/wp-json\/wp\/v2\/tags?post=8563"}],"curies":[{"name":"wp","href":"https:\/\/api.w.org\/{rel}","templated":true}]}}