{"id":8701,"date":"2019-09-19T09:35:00","date_gmt":"2019-09-19T07:35:00","guid":{"rendered":"https:\/\/news.save.ch\/?p=8701"},"modified":"2019-09-19T09:35:00","modified_gmt":"2019-09-19T07:35:00","slug":"uebernahme-im-gebaeudetechnologiebereich","status":null,"type":"post","link":"https:\/\/news.save.ch\/en\/uebernahme-im-gebaeudetechnologiebereich\/","title":{"rendered":"Acquisition in building technology"},"content":{"rendered":"<figure id=\"attachment_8702\" aria-describedby=\"caption-attachment-8702\" style=\"width: 680px\" class=\"wp-caption aligncenter\"><img loading=\"lazy\" decoding=\"async\" class=\"wp-image-8702 size-medium\" src=\"https:\/\/news.save.ch\/wp-content\/uploads\/2019\/09\/swisspro_dienstleistung_cloud__datacenter_bearbeitet-1.jpg\" alt=\"Swisspro\" width=\"680\" height=\"357\" srcset=\"https:\/\/news.save.ch\/wp-content\/uploads\/2019\/09\/swisspro_dienstleistung_cloud__datacenter_bearbeitet-1.jpg 1143w, https:\/\/news.save.ch\/wp-content\/uploads\/2019\/09\/swisspro_dienstleistung_cloud__datacenter_bearbeitet-1-375x197.jpg 375w\" sizes=\"auto, (max-width: 680px) 100vw, 680px\" \/><figcaption id=\"caption-attachment-8702\" class=\"wp-caption-text\">\u00a9 BKW<\/figcaption><\/figure>\n<p>BKW acquires 100 percent of the <a href=\"https:\/\/www.swisspro.ch\/\">Swisspro Group AG<\/a> headquartered in Urdorf, Zurich. The transaction still has to be approved by the WeKo.<\/p>\n<p>The merger of the two companies will create a Swiss alternative to the large international competitors in the field of building technology, BKW emphasizes in its press release. This is because the growing market for the digitalization and automation of industrial and commercial properties is currently dominated by large corporations headquartered abroad.<\/p>\n<p><strong>Also active in building security<\/strong><\/p>\n<p>With the acquisition of Swisspro, the <a href=\"https:\/\/www.gebaeudetechnikgruppe.ch\">BKW Building Solutions<\/a> is expanding its business field in this technology-driven and future-oriented area. In one step, it will become a leading provider of ICT and building automation solutions as well as electrical engineering, BKW said. The building technology division of technology company Swisspro also includes video surveillance, access control and other building security topics.<\/p>\n<p><strong>210 million Swiss francs in sales - brand remains<\/strong><\/p>\n<p>According to information, the large company Swisspro currently employs a good 1100 people at its headquarters in Urdorf and its 18 locations in Switzerland. Sales in 2018 amounted to around 210 million Swiss francs.<\/p>\n<p>In line with the previous acquisition strategy, Swisspro will be integrated into the BKW company network as an independent brand, it further states. The two current owners, Johann Jann and Mauro Dal Bosco, as well as the other members of the Executive Board, Bernard Frossard and Peter Winkler, will continue to manage the operational business of Swisspro, BKW also announced.\u00a0<em>(rs)<\/em><\/p>\n<p>&nbsp;<\/p>","protected":false},"excerpt":{"rendered":"<p>Die BKW \u00fcbernimmt 100 Prozent der Swisspro Group AG mit Hauptsitz im z\u00fcrcherischen Urdorf. Der Transaktion muss noch die WeKo zustimmen. Durch den Zusammenschluss der\u00a0zwei Unternehmen entstehe eine Schweizer Alternative zu den grossen internationalen Mitbewerbern im Bereich der Geb\u00e4udetechnik, betont die BKW in ihrer Mitteilung. Denn der wachsende Markt f\u00fcr die Digitalisierung und Automatisierung von [&hellip;]<\/p>\n","protected":false},"author":8,"featured_media":8702,"comment_status":"open","ping_status":"open","sticky":false,"template":"","format":"standard","meta":{"_acf_changed":false,"pgc_sgb_lightbox_settings":"","footnotes":""},"categories":[1],"tags":[506,107,444,79],"class_list":["post-8701","post","type-post","status-publish","format-standard","has-post-thumbnail","hentry","category-allgemein","tag-gebaeudeautomation","tag-gebaeudeschutz","tag-gebaeudetechnik","tag-uebernahme"],"acf":[],"hkrextid":null,"publication":null,"issue":null,"workflow":null,"startPage":null,"spitzmarke":null,"_posts_by_tag_page_fields":{"widget_title":"","widget_tags":""},"_at_widget":"1","_yoast_wpseo_primary_category":"1","_yoast_wpseo_focuskw_text_input":"Swisspro","_yoast_wpseo_opengraph-image":null,"_yoast_wpseo_opengraph-description":null,"_yoast_wpseo_opengraph-title":null,"enclosure":null,"_yoast_wpseo_twitter-title":null,"_yoast_wpseo_twitter-description":null,"_yoast_wpseo_twitter-image":null,"_wp_old_slug":null,"_yoast_wpseo_title":null,"_yoast_wpseo_canonical":null,"yoast_head":"<!-- This site is optimized with the Yoast SEO plugin v27.5 - https:\/\/yoast.com\/product\/yoast-seo-wordpress\/ -->\n<title>\u00dcbernahme in der Geb\u00e4udetechnologie - Save<\/title>\n<meta name=\"description\" content=\"Die BKW \u00fcbernimmt 100 Prozent der in der Geb\u00e4udeautomation und -technik t\u00e4tigen Swisspro Group AG mit Hauptsitz in Urdorf ZH.\" \/>\n<meta name=\"robots\" content=\"index, follow, max-snippet:-1, max-image-preview:large, max-video-preview:-1\" \/>\n<link rel=\"canonical\" href=\"https:\/\/news.save.ch\/en\/uebernahme-im-gebaeudetechnologiebereich\/\" \/>\n<meta property=\"og:locale\" content=\"en_US\" \/>\n<meta property=\"og:type\" content=\"article\" \/>\n<meta property=\"og:title\" content=\"\u00dcbernahme in der Geb\u00e4udetechnologie - Save\" \/>\n<meta property=\"og:description\" content=\"Die BKW \u00fcbernimmt 100 Prozent der in der Geb\u00e4udeautomation und -technik t\u00e4tigen Swisspro Group AG mit Hauptsitz in Urdorf ZH.\" \/>\n<meta property=\"og:url\" content=\"https:\/\/news.save.ch\/en\/uebernahme-im-gebaeudetechnologiebereich\/\" \/>\n<meta property=\"og:site_name\" content=\"Save\" \/>\n<meta property=\"article:published_time\" content=\"2019-09-19T07:35:00+00:00\" \/>\n<meta property=\"og:image\" content=\"https:\/\/news.save.ch\/wp-content\/uploads\/2019\/09\/swisspro_dienstleistung_cloud__datacenter_bearbeitet-1.jpg\" \/>\n\t<meta property=\"og:image:width\" content=\"1143\" \/>\n\t<meta property=\"og:image:height\" content=\"600\" \/>\n\t<meta property=\"og:image:type\" content=\"image\/jpeg\" \/>\n<meta name=\"author\" content=\"Roger Str\u00e4ssle\" \/>\n<meta name=\"twitter:card\" content=\"summary_large_image\" \/>\n<meta name=\"twitter:label1\" content=\"Written by\" \/>\n\t<meta name=\"twitter:data1\" content=\"Roger Str\u00e4ssle\" \/>\n\t<meta name=\"twitter:label2\" content=\"Est. reading time\" \/>\n\t<meta name=\"twitter:data2\" content=\"1 minute\" \/>\n<script type=\"application\/ld+json\" class=\"yoast-schema-graph\">{\"@context\":\"https:\\\/\\\/schema.org\",\"@graph\":[{\"@type\":\"Article\",\"@id\":\"https:\\\/\\\/news.save.ch\\\/uebernahme-im-gebaeudetechnologiebereich\\\/#article\",\"isPartOf\":{\"@id\":\"https:\\\/\\\/news.save.ch\\\/uebernahme-im-gebaeudetechnologiebereich\\\/\"},\"author\":{\"name\":\"Roger Str\u00e4ssle\",\"@id\":\"https:\\\/\\\/news.save.ch\\\/de\\\/#\\\/schema\\\/person\\\/d5022db048e0e2b9785c50e5b24da5aa\"},\"headline\":\"\u00dcbernahme in der Geb\u00e4udetechnologie\",\"datePublished\":\"2019-09-19T07:35:00+00:00\",\"mainEntityOfPage\":{\"@id\":\"https:\\\/\\\/news.save.ch\\\/uebernahme-im-gebaeudetechnologiebereich\\\/\"},\"wordCount\":252,\"commentCount\":0,\"publisher\":{\"@id\":\"https:\\\/\\\/news.save.ch\\\/de\\\/#organization\"},\"image\":{\"@id\":\"https:\\\/\\\/news.save.ch\\\/uebernahme-im-gebaeudetechnologiebereich\\\/#primaryimage\"},\"thumbnailUrl\":\"https:\\\/\\\/news.save.ch\\\/wp-content\\\/uploads\\\/2019\\\/09\\\/swisspro_dienstleistung_cloud__datacenter_bearbeitet-1.jpg\",\"keywords\":[\"Geb\u00e4udeautomation\",\"Geb\u00e4udeschutz\",\"Geb\u00e4udetechnik\",\"\u00dcbernahme\"],\"articleSection\":[\"ALLGEMEIN\"],\"inLanguage\":\"en-US\"},{\"@type\":\"WebPage\",\"@id\":\"https:\\\/\\\/news.save.ch\\\/uebernahme-im-gebaeudetechnologiebereich\\\/\",\"url\":\"https:\\\/\\\/news.save.ch\\\/uebernahme-im-gebaeudetechnologiebereich\\\/\",\"name\":\"\u00dcbernahme in der Geb\u00e4udetechnologie - Save\",\"isPartOf\":{\"@id\":\"https:\\\/\\\/news.save.ch\\\/de\\\/#website\"},\"primaryImageOfPage\":{\"@id\":\"https:\\\/\\\/news.save.ch\\\/uebernahme-im-gebaeudetechnologiebereich\\\/#primaryimage\"},\"image\":{\"@id\":\"https:\\\/\\\/news.save.ch\\\/uebernahme-im-gebaeudetechnologiebereich\\\/#primaryimage\"},\"thumbnailUrl\":\"https:\\\/\\\/news.save.ch\\\/wp-content\\\/uploads\\\/2019\\\/09\\\/swisspro_dienstleistung_cloud__datacenter_bearbeitet-1.jpg\",\"datePublished\":\"2019-09-19T07:35:00+00:00\",\"description\":\"Die BKW \u00fcbernimmt 100 Prozent der in der Geb\u00e4udeautomation und -technik t\u00e4tigen Swisspro Group AG mit Hauptsitz in Urdorf ZH.\",\"breadcrumb\":{\"@id\":\"https:\\\/\\\/news.save.ch\\\/uebernahme-im-gebaeudetechnologiebereich\\\/#breadcrumb\"},\"inLanguage\":\"en-US\",\"potentialAction\":[{\"@type\":\"ReadAction\",\"target\":[\"https:\\\/\\\/news.save.ch\\\/uebernahme-im-gebaeudetechnologiebereich\\\/\"]}]},{\"@type\":\"ImageObject\",\"inLanguage\":\"en-US\",\"@id\":\"https:\\\/\\\/news.save.ch\\\/uebernahme-im-gebaeudetechnologiebereich\\\/#primaryimage\",\"url\":\"https:\\\/\\\/news.save.ch\\\/wp-content\\\/uploads\\\/2019\\\/09\\\/swisspro_dienstleistung_cloud__datacenter_bearbeitet-1.jpg\",\"contentUrl\":\"https:\\\/\\\/news.save.ch\\\/wp-content\\\/uploads\\\/2019\\\/09\\\/swisspro_dienstleistung_cloud__datacenter_bearbeitet-1.jpg\",\"width\":1143,\"height\":600,\"caption\":\"\u00a9 BKW\"},{\"@type\":\"BreadcrumbList\",\"@id\":\"https:\\\/\\\/news.save.ch\\\/uebernahme-im-gebaeudetechnologiebereich\\\/#breadcrumb\",\"itemListElement\":[{\"@type\":\"ListItem\",\"position\":1,\"name\":\"Home\",\"item\":\"https:\\\/\\\/news.save.ch\\\/de\\\/\"},{\"@type\":\"ListItem\",\"position\":2,\"name\":\"\u00dcbernahme in der Geb\u00e4udetechnologie\"}]},{\"@type\":\"WebSite\",\"@id\":\"https:\\\/\\\/news.save.ch\\\/de\\\/#website\",\"url\":\"https:\\\/\\\/news.save.ch\\\/de\\\/\",\"name\":\"Save\",\"description\":\"Schweizer Fachzeitschrift f\u00fcr Sicherheit\",\"publisher\":{\"@id\":\"https:\\\/\\\/news.save.ch\\\/de\\\/#organization\"},\"potentialAction\":[{\"@type\":\"SearchAction\",\"target\":{\"@type\":\"EntryPoint\",\"urlTemplate\":\"https:\\\/\\\/news.save.ch\\\/de\\\/?s={search_term_string}\"},\"query-input\":{\"@type\":\"PropertyValueSpecification\",\"valueRequired\":true,\"valueName\":\"search_term_string\"}}],\"inLanguage\":\"en-US\"},{\"@type\":\"Organization\",\"@id\":\"https:\\\/\\\/news.save.ch\\\/de\\\/#organization\",\"name\":\"Sicherheitsforum\",\"url\":\"https:\\\/\\\/news.save.ch\\\/de\\\/\",\"logo\":{\"@type\":\"ImageObject\",\"inLanguage\":\"en-US\",\"@id\":\"https:\\\/\\\/news.save.ch\\\/de\\\/#\\\/schema\\\/logo\\\/image\\\/\",\"url\":\"https:\\\/\\\/news.save.ch\\\/wp-content\\\/uploads\\\/2022\\\/06\\\/Logo_SF_2012.png\",\"contentUrl\":\"https:\\\/\\\/news.save.ch\\\/wp-content\\\/uploads\\\/2022\\\/06\\\/Logo_SF_2012.png\",\"width\":1100,\"height\":91,\"caption\":\"Sicherheitsforum\"},\"image\":{\"@id\":\"https:\\\/\\\/news.save.ch\\\/de\\\/#\\\/schema\\\/logo\\\/image\\\/\"}},{\"@type\":\"Person\",\"@id\":\"https:\\\/\\\/news.save.ch\\\/de\\\/#\\\/schema\\\/person\\\/d5022db048e0e2b9785c50e5b24da5aa\",\"name\":\"Roger Str\u00e4ssle\",\"image\":{\"@type\":\"ImageObject\",\"inLanguage\":\"en-US\",\"@id\":\"https:\\\/\\\/secure.gravatar.com\\\/avatar\\\/862a5569d087de48e5856e32f45d719a03804c891d6deb8d4f71a660e79e4a47?s=96&d=mm&r=g\",\"url\":\"https:\\\/\\\/secure.gravatar.com\\\/avatar\\\/862a5569d087de48e5856e32f45d719a03804c891d6deb8d4f71a660e79e4a47?s=96&d=mm&r=g\",\"contentUrl\":\"https:\\\/\\\/secure.gravatar.com\\\/avatar\\\/862a5569d087de48e5856e32f45d719a03804c891d6deb8d4f71a660e79e4a47?s=96&d=mm&r=g\",\"caption\":\"Roger Str\u00e4ssle\"},\"url\":\"https:\\\/\\\/news.save.ch\\\/en\\\/author\\\/roger-straessle\\\/\"}]}<\/script>\n<!-- \/ Yoast SEO plugin. -->","yoast_head_json":{"title":"Takeover in building technology - Save","description":"BKW acquires 100 percent of Swisspro Group AG, headquartered in Urdorf ZH, which is active in building automation and technology.","robots":{"index":"index","follow":"follow","max-snippet":"max-snippet:-1","max-image-preview":"max-image-preview:large","max-video-preview":"max-video-preview:-1"},"canonical":"https:\/\/news.save.ch\/en\/uebernahme-im-gebaeudetechnologiebereich\/","og_locale":"en_US","og_type":"article","og_title":"\u00dcbernahme in der Geb\u00e4udetechnologie - Save","og_description":"Die BKW \u00fcbernimmt 100 Prozent der in der Geb\u00e4udeautomation und -technik t\u00e4tigen Swisspro Group AG mit Hauptsitz in Urdorf ZH.","og_url":"https:\/\/news.save.ch\/en\/uebernahme-im-gebaeudetechnologiebereich\/","og_site_name":"Save","article_published_time":"2019-09-19T07:35:00+00:00","og_image":[{"width":1143,"height":600,"url":"https:\/\/news.save.ch\/wp-content\/uploads\/2019\/09\/swisspro_dienstleistung_cloud__datacenter_bearbeitet-1.jpg","type":"image\/jpeg"}],"author":"Roger Str\u00e4ssle","twitter_card":"summary_large_image","twitter_misc":{"Written by":"Roger Str\u00e4ssle","Est. reading time":"1 minute"},"schema":{"@context":"https:\/\/schema.org","@graph":[{"@type":"Article","@id":"https:\/\/news.save.ch\/uebernahme-im-gebaeudetechnologiebereich\/#article","isPartOf":{"@id":"https:\/\/news.save.ch\/uebernahme-im-gebaeudetechnologiebereich\/"},"author":{"name":"Roger Str\u00e4ssle","@id":"https:\/\/news.save.ch\/de\/#\/schema\/person\/d5022db048e0e2b9785c50e5b24da5aa"},"headline":"\u00dcbernahme in der Geb\u00e4udetechnologie","datePublished":"2019-09-19T07:35:00+00:00","mainEntityOfPage":{"@id":"https:\/\/news.save.ch\/uebernahme-im-gebaeudetechnologiebereich\/"},"wordCount":252,"commentCount":0,"publisher":{"@id":"https:\/\/news.save.ch\/de\/#organization"},"image":{"@id":"https:\/\/news.save.ch\/uebernahme-im-gebaeudetechnologiebereich\/#primaryimage"},"thumbnailUrl":"https:\/\/news.save.ch\/wp-content\/uploads\/2019\/09\/swisspro_dienstleistung_cloud__datacenter_bearbeitet-1.jpg","keywords":["Geb\u00e4udeautomation","Geb\u00e4udeschutz","Geb\u00e4udetechnik","\u00dcbernahme"],"articleSection":["ALLGEMEIN"],"inLanguage":"en-US"},{"@type":"WebPage","@id":"https:\/\/news.save.ch\/uebernahme-im-gebaeudetechnologiebereich\/","url":"https:\/\/news.save.ch\/uebernahme-im-gebaeudetechnologiebereich\/","name":"Takeover in building technology - Save","isPartOf":{"@id":"https:\/\/news.save.ch\/de\/#website"},"primaryImageOfPage":{"@id":"https:\/\/news.save.ch\/uebernahme-im-gebaeudetechnologiebereich\/#primaryimage"},"image":{"@id":"https:\/\/news.save.ch\/uebernahme-im-gebaeudetechnologiebereich\/#primaryimage"},"thumbnailUrl":"https:\/\/news.save.ch\/wp-content\/uploads\/2019\/09\/swisspro_dienstleistung_cloud__datacenter_bearbeitet-1.jpg","datePublished":"2019-09-19T07:35:00+00:00","description":"BKW acquires 100 percent of Swisspro Group AG, headquartered in Urdorf ZH, which is active in building automation and technology.","breadcrumb":{"@id":"https:\/\/news.save.ch\/uebernahme-im-gebaeudetechnologiebereich\/#breadcrumb"},"inLanguage":"en-US","potentialAction":[{"@type":"ReadAction","target":["https:\/\/news.save.ch\/uebernahme-im-gebaeudetechnologiebereich\/"]}]},{"@type":"ImageObject","inLanguage":"en-US","@id":"https:\/\/news.save.ch\/uebernahme-im-gebaeudetechnologiebereich\/#primaryimage","url":"https:\/\/news.save.ch\/wp-content\/uploads\/2019\/09\/swisspro_dienstleistung_cloud__datacenter_bearbeitet-1.jpg","contentUrl":"https:\/\/news.save.ch\/wp-content\/uploads\/2019\/09\/swisspro_dienstleistung_cloud__datacenter_bearbeitet-1.jpg","width":1143,"height":600,"caption":"\u00a9 BKW"},{"@type":"BreadcrumbList","@id":"https:\/\/news.save.ch\/uebernahme-im-gebaeudetechnologiebereich\/#breadcrumb","itemListElement":[{"@type":"ListItem","position":1,"name":"Home","item":"https:\/\/news.save.ch\/de\/"},{"@type":"ListItem","position":2,"name":"\u00dcbernahme in der Geb\u00e4udetechnologie"}]},{"@type":"WebSite","@id":"https:\/\/news.save.ch\/de\/#website","url":"https:\/\/news.save.ch\/de\/","name":"Save","description":"Swiss trade journal for safety","publisher":{"@id":"https:\/\/news.save.ch\/de\/#organization"},"potentialAction":[{"@type":"SearchAction","target":{"@type":"EntryPoint","urlTemplate":"https:\/\/news.save.ch\/de\/?s={search_term_string}"},"query-input":{"@type":"PropertyValueSpecification","valueRequired":true,"valueName":"search_term_string"}}],"inLanguage":"en-US"},{"@type":"Organization","@id":"https:\/\/news.save.ch\/de\/#organization","name":"Security Forum","url":"https:\/\/news.save.ch\/de\/","logo":{"@type":"ImageObject","inLanguage":"en-US","@id":"https:\/\/news.save.ch\/de\/#\/schema\/logo\/image\/","url":"https:\/\/news.save.ch\/wp-content\/uploads\/2022\/06\/Logo_SF_2012.png","contentUrl":"https:\/\/news.save.ch\/wp-content\/uploads\/2022\/06\/Logo_SF_2012.png","width":1100,"height":91,"caption":"Sicherheitsforum"},"image":{"@id":"https:\/\/news.save.ch\/de\/#\/schema\/logo\/image\/"}},{"@type":"Person","@id":"https:\/\/news.save.ch\/de\/#\/schema\/person\/d5022db048e0e2b9785c50e5b24da5aa","name":"Roger Str\u00e4ssle","image":{"@type":"ImageObject","inLanguage":"en-US","@id":"https:\/\/secure.gravatar.com\/avatar\/862a5569d087de48e5856e32f45d719a03804c891d6deb8d4f71a660e79e4a47?s=96&d=mm&r=g","url":"https:\/\/secure.gravatar.com\/avatar\/862a5569d087de48e5856e32f45d719a03804c891d6deb8d4f71a660e79e4a47?s=96&d=mm&r=g","contentUrl":"https:\/\/secure.gravatar.com\/avatar\/862a5569d087de48e5856e32f45d719a03804c891d6deb8d4f71a660e79e4a47?s=96&d=mm&r=g","caption":"Roger Str\u00e4ssle"},"url":"https:\/\/news.save.ch\/en\/author\/roger-straessle\/"}]}},"_links":{"self":[{"href":"https:\/\/news.save.ch\/en\/wp-json\/wp\/v2\/posts\/8701","targetHints":{"allow":["GET"]}}],"collection":[{"href":"https:\/\/news.save.ch\/en\/wp-json\/wp\/v2\/posts"}],"about":[{"href":"https:\/\/news.save.ch\/en\/wp-json\/wp\/v2\/types\/post"}],"author":[{"embeddable":true,"href":"https:\/\/news.save.ch\/en\/wp-json\/wp\/v2\/users\/8"}],"replies":[{"embeddable":true,"href":"https:\/\/news.save.ch\/en\/wp-json\/wp\/v2\/comments?post=8701"}],"version-history":[{"count":0,"href":"https:\/\/news.save.ch\/en\/wp-json\/wp\/v2\/posts\/8701\/revisions"}],"wp:featuredmedia":[{"embeddable":true,"href":"https:\/\/news.save.ch\/en\/wp-json\/wp\/v2\/media\/8702"}],"wp:attachment":[{"href":"https:\/\/news.save.ch\/en\/wp-json\/wp\/v2\/media?parent=8701"}],"wp:term":[{"taxonomy":"category","embeddable":true,"href":"https:\/\/news.save.ch\/en\/wp-json\/wp\/v2\/categories?post=8701"},{"taxonomy":"post_tag","embeddable":true,"href":"https:\/\/news.save.ch\/en\/wp-json\/wp\/v2\/tags?post=8701"}],"curies":[{"name":"wp","href":"https:\/\/api.w.org\/{rel}","templated":true}]}}