{"id":8800,"date":"2019-10-07T10:52:21","date_gmt":"2019-10-07T08:52:21","guid":{"rendered":"https:\/\/news.save.ch\/?p=8800"},"modified":"2019-10-07T10:52:21","modified_gmt":"2019-10-07T08:52:21","slug":"svti-neue-leiterin-marketing-kommunikation-und-schulung","status":null,"type":"post","link":"https:\/\/news.save.ch\/en\/svti-neue-leiterin-marketing-kommunikation-und-schulung\/","title":{"rendered":"SVTI: New Head of Marketing, Communication and Training"},"content":{"rendered":"<figure id=\"attachment_8801\" aria-describedby=\"caption-attachment-8801\" style=\"width: 602px\" class=\"wp-caption aligncenter\"><img loading=\"lazy\" decoding=\"async\" class=\"size-full wp-image-8801\" src=\"https:\/\/news.save.ch\/wp-content\/uploads\/2019\/10\/Foto-Andrea-Krugfahrt_Leiterin-Marketing-Kommunikation-und-Schulung-Swiss-Safety-Center.jpg\" alt=\"\" width=\"602\" height=\"827\" srcset=\"https:\/\/news.save.ch\/wp-content\/uploads\/2019\/10\/Foto-Andrea-Krugfahrt_Leiterin-Marketing-Kommunikation-und-Schulung-Swiss-Safety-Center.jpg 602w, https:\/\/news.save.ch\/wp-content\/uploads\/2019\/10\/Foto-Andrea-Krugfahrt_Leiterin-Marketing-Kommunikation-und-Schulung-Swiss-Safety-Center-218x300.jpg 218w\" sizes=\"auto, (max-width: 602px) 100vw, 602px\" \/><figcaption id=\"caption-attachment-8801\" class=\"wp-caption-text\">Andrea Krugfahrt, new head of marketing, communications and training at the <a href=\"https:\/\/www.safetycenter.ch\/de\/\">Swiss Safety Centers<\/a>.<\/figcaption><\/figure>\n<p>Andrea Krugfahrt succeeds Franco Brunner, who has successfully built up this area and will remain with the company as project manager for marketing and communications, SVTI writes.<\/p>\n<p>Andrea Krugfahrt is a qualified marketing manager and marketing and sales manager NDS HF. According to the press release, she has many years of management experience in marketing and sales, which she gained in well-known companies in various industries such as education and training, publishing, IT, hotel and event management.<\/p>\n<p>She takes on the task with the aim of developing the future-oriented marketing strategy for the growth course of the <a href=\"https:\/\/www.svti.ch\/de\/\">SVTI<\/a> Group and to further develop the training area in a targeted manner, as the media release concludes.<\/p>\n<p><em>Here you will find <a href=\"https:\/\/news.save.ch\/en\/svti-neues-akademie-und-tagungszentrums-eroeffnet\/\">more articles<\/a> to the SVTI \/ Swiss Safety Center.<\/em><\/p>\n<p>&nbsp;<\/p>\n<p>&nbsp;<\/p>\n<p>&nbsp;<\/p>","protected":false},"excerpt":{"rendered":"<p>Andrea Krugfahrt folgt auf Franco Brunner, welcher diesen Bereich erfolgreich aufgebaut hat und dem Unternehmen als Projektleiter Marketing und Kommunikation erhalten bleibt, wie der SVTI schreibt. Andrea Krugfahrt ist diplomierte Marketingleiterin sowie Marketing- und Verkaufsmanagerin NDS HF. Sie verf\u00fcgt laut Mitteilung \u00fcber langj\u00e4hrige F\u00fchrungserfahrung im Marketing und Verkauf, die sie in namhaften Unternehmen in unterschiedlichen [&hellip;]<\/p>\n","protected":false},"author":8,"featured_media":8801,"comment_status":"open","ping_status":"open","sticky":false,"template":"","format":"standard","meta":{"_acf_changed":false,"pgc_sgb_lightbox_settings":"","footnotes":""},"categories":[1],"tags":[144,65],"class_list":["post-8800","post","type-post","status-publish","format-standard","has-post-thumbnail","hentry","category-allgemein","tag-personalien","tag-unternehmen"],"acf":[],"hkrextid":null,"publication":null,"issue":null,"workflow":null,"startPage":null,"spitzmarke":null,"_posts_by_tag_page_fields":{"widget_title":"","widget_tags":""},"_at_widget":"1","_yoast_wpseo_primary_category":"1","_yoast_wpseo_focuskw_text_input":"Andrea Krugfahrt","_yoast_wpseo_opengraph-image":null,"_yoast_wpseo_opengraph-description":null,"_yoast_wpseo_opengraph-title":null,"enclosure":null,"_yoast_wpseo_twitter-title":null,"_yoast_wpseo_twitter-description":null,"_yoast_wpseo_twitter-image":null,"_wp_old_slug":null,"_yoast_wpseo_title":null,"_yoast_wpseo_canonical":null,"yoast_head":"<!-- This site is optimized with the Yoast SEO plugin v27.5 - https:\/\/yoast.com\/product\/yoast-seo-wordpress\/ -->\n<title>SVTI: Neue Leiterin Marketing, Kommunikation und Schulung - Save<\/title>\n<meta name=\"description\" content=\"Andrea Krugfahrt leitet seit dem 1. September 2019 den Bereich Marketing, Kommunikation und Schulung des Swiss Safety Centers.\" \/>\n<meta name=\"robots\" content=\"index, follow, max-snippet:-1, max-image-preview:large, max-video-preview:-1\" \/>\n<link rel=\"canonical\" href=\"https:\/\/news.save.ch\/en\/svti-neue-leiterin-marketing-kommunikation-und-schulung\/\" \/>\n<meta property=\"og:locale\" content=\"en_US\" \/>\n<meta property=\"og:type\" content=\"article\" \/>\n<meta property=\"og:title\" content=\"SVTI: Neue Leiterin Marketing, Kommunikation und Schulung - Save\" \/>\n<meta property=\"og:description\" content=\"Andrea Krugfahrt leitet seit dem 1. September 2019 den Bereich Marketing, Kommunikation und Schulung des Swiss Safety Centers.\" \/>\n<meta property=\"og:url\" content=\"https:\/\/news.save.ch\/en\/svti-neue-leiterin-marketing-kommunikation-und-schulung\/\" \/>\n<meta property=\"og:site_name\" content=\"Save\" \/>\n<meta property=\"article:published_time\" content=\"2019-10-07T08:52:21+00:00\" \/>\n<meta property=\"og:image\" content=\"https:\/\/news.save.ch\/wp-content\/uploads\/2019\/10\/Foto-Andrea-Krugfahrt_Leiterin-Marketing-Kommunikation-und-Schulung-Swiss-Safety-Center.jpg\" \/>\n\t<meta property=\"og:image:width\" content=\"602\" \/>\n\t<meta property=\"og:image:height\" content=\"827\" \/>\n\t<meta property=\"og:image:type\" content=\"image\/jpeg\" \/>\n<meta name=\"author\" content=\"Roger Str\u00e4ssle\" \/>\n<meta name=\"twitter:card\" content=\"summary_large_image\" \/>\n<meta name=\"twitter:label1\" content=\"Written by\" \/>\n\t<meta name=\"twitter:data1\" content=\"Roger Str\u00e4ssle\" \/>\n\t<meta name=\"twitter:label2\" content=\"Est. reading time\" \/>\n\t<meta name=\"twitter:data2\" content=\"1 minute\" \/>\n<script type=\"application\/ld+json\" class=\"yoast-schema-graph\">{\"@context\":\"https:\\\/\\\/schema.org\",\"@graph\":[{\"@type\":\"Article\",\"@id\":\"https:\\\/\\\/news.save.ch\\\/svti-neue-leiterin-marketing-kommunikation-und-schulung\\\/#article\",\"isPartOf\":{\"@id\":\"https:\\\/\\\/news.save.ch\\\/svti-neue-leiterin-marketing-kommunikation-und-schulung\\\/\"},\"author\":{\"name\":\"Roger Str\u00e4ssle\",\"@id\":\"https:\\\/\\\/news.save.ch\\\/de\\\/#\\\/schema\\\/person\\\/d5022db048e0e2b9785c50e5b24da5aa\"},\"headline\":\"SVTI: Neue Leiterin Marketing, Kommunikation und Schulung\",\"datePublished\":\"2019-10-07T08:52:21+00:00\",\"mainEntityOfPage\":{\"@id\":\"https:\\\/\\\/news.save.ch\\\/svti-neue-leiterin-marketing-kommunikation-und-schulung\\\/\"},\"wordCount\":141,\"commentCount\":0,\"publisher\":{\"@id\":\"https:\\\/\\\/news.save.ch\\\/de\\\/#organization\"},\"image\":{\"@id\":\"https:\\\/\\\/news.save.ch\\\/svti-neue-leiterin-marketing-kommunikation-und-schulung\\\/#primaryimage\"},\"thumbnailUrl\":\"https:\\\/\\\/news.save.ch\\\/wp-content\\\/uploads\\\/2019\\\/10\\\/Foto-Andrea-Krugfahrt_Leiterin-Marketing-Kommunikation-und-Schulung-Swiss-Safety-Center.jpg\",\"keywords\":[\"Personalien\",\"Unternehmen\"],\"articleSection\":[\"ALLGEMEIN\"],\"inLanguage\":\"en-US\"},{\"@type\":\"WebPage\",\"@id\":\"https:\\\/\\\/news.save.ch\\\/svti-neue-leiterin-marketing-kommunikation-und-schulung\\\/\",\"url\":\"https:\\\/\\\/news.save.ch\\\/svti-neue-leiterin-marketing-kommunikation-und-schulung\\\/\",\"name\":\"SVTI: Neue Leiterin Marketing, Kommunikation und Schulung - Save\",\"isPartOf\":{\"@id\":\"https:\\\/\\\/news.save.ch\\\/de\\\/#website\"},\"primaryImageOfPage\":{\"@id\":\"https:\\\/\\\/news.save.ch\\\/svti-neue-leiterin-marketing-kommunikation-und-schulung\\\/#primaryimage\"},\"image\":{\"@id\":\"https:\\\/\\\/news.save.ch\\\/svti-neue-leiterin-marketing-kommunikation-und-schulung\\\/#primaryimage\"},\"thumbnailUrl\":\"https:\\\/\\\/news.save.ch\\\/wp-content\\\/uploads\\\/2019\\\/10\\\/Foto-Andrea-Krugfahrt_Leiterin-Marketing-Kommunikation-und-Schulung-Swiss-Safety-Center.jpg\",\"datePublished\":\"2019-10-07T08:52:21+00:00\",\"description\":\"Andrea Krugfahrt leitet seit dem 1. September 2019 den Bereich Marketing, Kommunikation und Schulung des Swiss Safety Centers.\",\"breadcrumb\":{\"@id\":\"https:\\\/\\\/news.save.ch\\\/svti-neue-leiterin-marketing-kommunikation-und-schulung\\\/#breadcrumb\"},\"inLanguage\":\"en-US\",\"potentialAction\":[{\"@type\":\"ReadAction\",\"target\":[\"https:\\\/\\\/news.save.ch\\\/svti-neue-leiterin-marketing-kommunikation-und-schulung\\\/\"]}]},{\"@type\":\"ImageObject\",\"inLanguage\":\"en-US\",\"@id\":\"https:\\\/\\\/news.save.ch\\\/svti-neue-leiterin-marketing-kommunikation-und-schulung\\\/#primaryimage\",\"url\":\"https:\\\/\\\/news.save.ch\\\/wp-content\\\/uploads\\\/2019\\\/10\\\/Foto-Andrea-Krugfahrt_Leiterin-Marketing-Kommunikation-und-Schulung-Swiss-Safety-Center.jpg\",\"contentUrl\":\"https:\\\/\\\/news.save.ch\\\/wp-content\\\/uploads\\\/2019\\\/10\\\/Foto-Andrea-Krugfahrt_Leiterin-Marketing-Kommunikation-und-Schulung-Swiss-Safety-Center.jpg\",\"width\":602,\"height\":827,\"caption\":\"Andrea Krugfahrt\"},{\"@type\":\"BreadcrumbList\",\"@id\":\"https:\\\/\\\/news.save.ch\\\/svti-neue-leiterin-marketing-kommunikation-und-schulung\\\/#breadcrumb\",\"itemListElement\":[{\"@type\":\"ListItem\",\"position\":1,\"name\":\"Home\",\"item\":\"https:\\\/\\\/news.save.ch\\\/de\\\/\"},{\"@type\":\"ListItem\",\"position\":2,\"name\":\"SVTI: Neue Leiterin Marketing, Kommunikation und Schulung\"}]},{\"@type\":\"WebSite\",\"@id\":\"https:\\\/\\\/news.save.ch\\\/de\\\/#website\",\"url\":\"https:\\\/\\\/news.save.ch\\\/de\\\/\",\"name\":\"Save\",\"description\":\"Schweizer Fachzeitschrift f\u00fcr Sicherheit\",\"publisher\":{\"@id\":\"https:\\\/\\\/news.save.ch\\\/de\\\/#organization\"},\"potentialAction\":[{\"@type\":\"SearchAction\",\"target\":{\"@type\":\"EntryPoint\",\"urlTemplate\":\"https:\\\/\\\/news.save.ch\\\/de\\\/?s={search_term_string}\"},\"query-input\":{\"@type\":\"PropertyValueSpecification\",\"valueRequired\":true,\"valueName\":\"search_term_string\"}}],\"inLanguage\":\"en-US\"},{\"@type\":\"Organization\",\"@id\":\"https:\\\/\\\/news.save.ch\\\/de\\\/#organization\",\"name\":\"Sicherheitsforum\",\"url\":\"https:\\\/\\\/news.save.ch\\\/de\\\/\",\"logo\":{\"@type\":\"ImageObject\",\"inLanguage\":\"en-US\",\"@id\":\"https:\\\/\\\/news.save.ch\\\/de\\\/#\\\/schema\\\/logo\\\/image\\\/\",\"url\":\"https:\\\/\\\/news.save.ch\\\/wp-content\\\/uploads\\\/2022\\\/06\\\/Logo_SF_2012.png\",\"contentUrl\":\"https:\\\/\\\/news.save.ch\\\/wp-content\\\/uploads\\\/2022\\\/06\\\/Logo_SF_2012.png\",\"width\":1100,\"height\":91,\"caption\":\"Sicherheitsforum\"},\"image\":{\"@id\":\"https:\\\/\\\/news.save.ch\\\/de\\\/#\\\/schema\\\/logo\\\/image\\\/\"}},{\"@type\":\"Person\",\"@id\":\"https:\\\/\\\/news.save.ch\\\/de\\\/#\\\/schema\\\/person\\\/d5022db048e0e2b9785c50e5b24da5aa\",\"name\":\"Roger Str\u00e4ssle\",\"image\":{\"@type\":\"ImageObject\",\"inLanguage\":\"en-US\",\"@id\":\"https:\\\/\\\/secure.gravatar.com\\\/avatar\\\/862a5569d087de48e5856e32f45d719a03804c891d6deb8d4f71a660e79e4a47?s=96&d=mm&r=g\",\"url\":\"https:\\\/\\\/secure.gravatar.com\\\/avatar\\\/862a5569d087de48e5856e32f45d719a03804c891d6deb8d4f71a660e79e4a47?s=96&d=mm&r=g\",\"contentUrl\":\"https:\\\/\\\/secure.gravatar.com\\\/avatar\\\/862a5569d087de48e5856e32f45d719a03804c891d6deb8d4f71a660e79e4a47?s=96&d=mm&r=g\",\"caption\":\"Roger Str\u00e4ssle\"},\"url\":\"https:\\\/\\\/news.save.ch\\\/en\\\/author\\\/roger-straessle\\\/\"}]}<\/script>\n<!-- \/ Yoast SEO plugin. -->","yoast_head_json":{"title":"SVTI: New Head of Marketing, Communication and Training - Save","description":"Andrea Krugfahrt has been head of marketing, communications and training at the Swiss Safety Center since September 1, 2019.","robots":{"index":"index","follow":"follow","max-snippet":"max-snippet:-1","max-image-preview":"max-image-preview:large","max-video-preview":"max-video-preview:-1"},"canonical":"https:\/\/news.save.ch\/en\/svti-neue-leiterin-marketing-kommunikation-und-schulung\/","og_locale":"en_US","og_type":"article","og_title":"SVTI: Neue Leiterin Marketing, Kommunikation und Schulung - Save","og_description":"Andrea Krugfahrt leitet seit dem 1. September 2019 den Bereich Marketing, Kommunikation und Schulung des Swiss Safety Centers.","og_url":"https:\/\/news.save.ch\/en\/svti-neue-leiterin-marketing-kommunikation-und-schulung\/","og_site_name":"Save","article_published_time":"2019-10-07T08:52:21+00:00","og_image":[{"width":602,"height":827,"url":"https:\/\/news.save.ch\/wp-content\/uploads\/2019\/10\/Foto-Andrea-Krugfahrt_Leiterin-Marketing-Kommunikation-und-Schulung-Swiss-Safety-Center.jpg","type":"image\/jpeg"}],"author":"Roger Str\u00e4ssle","twitter_card":"summary_large_image","twitter_misc":{"Written by":"Roger Str\u00e4ssle","Est. reading time":"1 minute"},"schema":{"@context":"https:\/\/schema.org","@graph":[{"@type":"Article","@id":"https:\/\/news.save.ch\/svti-neue-leiterin-marketing-kommunikation-und-schulung\/#article","isPartOf":{"@id":"https:\/\/news.save.ch\/svti-neue-leiterin-marketing-kommunikation-und-schulung\/"},"author":{"name":"Roger Str\u00e4ssle","@id":"https:\/\/news.save.ch\/de\/#\/schema\/person\/d5022db048e0e2b9785c50e5b24da5aa"},"headline":"SVTI: Neue Leiterin Marketing, Kommunikation und Schulung","datePublished":"2019-10-07T08:52:21+00:00","mainEntityOfPage":{"@id":"https:\/\/news.save.ch\/svti-neue-leiterin-marketing-kommunikation-und-schulung\/"},"wordCount":141,"commentCount":0,"publisher":{"@id":"https:\/\/news.save.ch\/de\/#organization"},"image":{"@id":"https:\/\/news.save.ch\/svti-neue-leiterin-marketing-kommunikation-und-schulung\/#primaryimage"},"thumbnailUrl":"https:\/\/news.save.ch\/wp-content\/uploads\/2019\/10\/Foto-Andrea-Krugfahrt_Leiterin-Marketing-Kommunikation-und-Schulung-Swiss-Safety-Center.jpg","keywords":["Personalien","Unternehmen"],"articleSection":["ALLGEMEIN"],"inLanguage":"en-US"},{"@type":"WebPage","@id":"https:\/\/news.save.ch\/svti-neue-leiterin-marketing-kommunikation-und-schulung\/","url":"https:\/\/news.save.ch\/svti-neue-leiterin-marketing-kommunikation-und-schulung\/","name":"SVTI: New Head of Marketing, Communication and Training - Save","isPartOf":{"@id":"https:\/\/news.save.ch\/de\/#website"},"primaryImageOfPage":{"@id":"https:\/\/news.save.ch\/svti-neue-leiterin-marketing-kommunikation-und-schulung\/#primaryimage"},"image":{"@id":"https:\/\/news.save.ch\/svti-neue-leiterin-marketing-kommunikation-und-schulung\/#primaryimage"},"thumbnailUrl":"https:\/\/news.save.ch\/wp-content\/uploads\/2019\/10\/Foto-Andrea-Krugfahrt_Leiterin-Marketing-Kommunikation-und-Schulung-Swiss-Safety-Center.jpg","datePublished":"2019-10-07T08:52:21+00:00","description":"Andrea Krugfahrt has been head of marketing, communications and training at the Swiss Safety Center since September 1, 2019.","breadcrumb":{"@id":"https:\/\/news.save.ch\/svti-neue-leiterin-marketing-kommunikation-und-schulung\/#breadcrumb"},"inLanguage":"en-US","potentialAction":[{"@type":"ReadAction","target":["https:\/\/news.save.ch\/svti-neue-leiterin-marketing-kommunikation-und-schulung\/"]}]},{"@type":"ImageObject","inLanguage":"en-US","@id":"https:\/\/news.save.ch\/svti-neue-leiterin-marketing-kommunikation-und-schulung\/#primaryimage","url":"https:\/\/news.save.ch\/wp-content\/uploads\/2019\/10\/Foto-Andrea-Krugfahrt_Leiterin-Marketing-Kommunikation-und-Schulung-Swiss-Safety-Center.jpg","contentUrl":"https:\/\/news.save.ch\/wp-content\/uploads\/2019\/10\/Foto-Andrea-Krugfahrt_Leiterin-Marketing-Kommunikation-und-Schulung-Swiss-Safety-Center.jpg","width":602,"height":827,"caption":"Andrea Krugfahrt"},{"@type":"BreadcrumbList","@id":"https:\/\/news.save.ch\/svti-neue-leiterin-marketing-kommunikation-und-schulung\/#breadcrumb","itemListElement":[{"@type":"ListItem","position":1,"name":"Home","item":"https:\/\/news.save.ch\/de\/"},{"@type":"ListItem","position":2,"name":"SVTI: Neue Leiterin Marketing, Kommunikation und Schulung"}]},{"@type":"WebSite","@id":"https:\/\/news.save.ch\/de\/#website","url":"https:\/\/news.save.ch\/de\/","name":"Save","description":"Swiss trade journal for safety","publisher":{"@id":"https:\/\/news.save.ch\/de\/#organization"},"potentialAction":[{"@type":"SearchAction","target":{"@type":"EntryPoint","urlTemplate":"https:\/\/news.save.ch\/de\/?s={search_term_string}"},"query-input":{"@type":"PropertyValueSpecification","valueRequired":true,"valueName":"search_term_string"}}],"inLanguage":"en-US"},{"@type":"Organization","@id":"https:\/\/news.save.ch\/de\/#organization","name":"Security Forum","url":"https:\/\/news.save.ch\/de\/","logo":{"@type":"ImageObject","inLanguage":"en-US","@id":"https:\/\/news.save.ch\/de\/#\/schema\/logo\/image\/","url":"https:\/\/news.save.ch\/wp-content\/uploads\/2022\/06\/Logo_SF_2012.png","contentUrl":"https:\/\/news.save.ch\/wp-content\/uploads\/2022\/06\/Logo_SF_2012.png","width":1100,"height":91,"caption":"Sicherheitsforum"},"image":{"@id":"https:\/\/news.save.ch\/de\/#\/schema\/logo\/image\/"}},{"@type":"Person","@id":"https:\/\/news.save.ch\/de\/#\/schema\/person\/d5022db048e0e2b9785c50e5b24da5aa","name":"Roger Str\u00e4ssle","image":{"@type":"ImageObject","inLanguage":"en-US","@id":"https:\/\/secure.gravatar.com\/avatar\/862a5569d087de48e5856e32f45d719a03804c891d6deb8d4f71a660e79e4a47?s=96&d=mm&r=g","url":"https:\/\/secure.gravatar.com\/avatar\/862a5569d087de48e5856e32f45d719a03804c891d6deb8d4f71a660e79e4a47?s=96&d=mm&r=g","contentUrl":"https:\/\/secure.gravatar.com\/avatar\/862a5569d087de48e5856e32f45d719a03804c891d6deb8d4f71a660e79e4a47?s=96&d=mm&r=g","caption":"Roger Str\u00e4ssle"},"url":"https:\/\/news.save.ch\/en\/author\/roger-straessle\/"}]}},"_links":{"self":[{"href":"https:\/\/news.save.ch\/en\/wp-json\/wp\/v2\/posts\/8800","targetHints":{"allow":["GET"]}}],"collection":[{"href":"https:\/\/news.save.ch\/en\/wp-json\/wp\/v2\/posts"}],"about":[{"href":"https:\/\/news.save.ch\/en\/wp-json\/wp\/v2\/types\/post"}],"author":[{"embeddable":true,"href":"https:\/\/news.save.ch\/en\/wp-json\/wp\/v2\/users\/8"}],"replies":[{"embeddable":true,"href":"https:\/\/news.save.ch\/en\/wp-json\/wp\/v2\/comments?post=8800"}],"version-history":[{"count":0,"href":"https:\/\/news.save.ch\/en\/wp-json\/wp\/v2\/posts\/8800\/revisions"}],"wp:featuredmedia":[{"embeddable":true,"href":"https:\/\/news.save.ch\/en\/wp-json\/wp\/v2\/media\/8801"}],"wp:attachment":[{"href":"https:\/\/news.save.ch\/en\/wp-json\/wp\/v2\/media?parent=8800"}],"wp:term":[{"taxonomy":"category","embeddable":true,"href":"https:\/\/news.save.ch\/en\/wp-json\/wp\/v2\/categories?post=8800"},{"taxonomy":"post_tag","embeddable":true,"href":"https:\/\/news.save.ch\/en\/wp-json\/wp\/v2\/tags?post=8800"}],"curies":[{"name":"wp","href":"https:\/\/api.w.org\/{rel}","templated":true}]}}