{"id":8901,"date":"2019-10-21T13:30:14","date_gmt":"2019-10-21T11:30:14","guid":{"rendered":"https:\/\/news.save.ch\/?p=8901"},"modified":"2019-10-21T13:30:14","modified_gmt":"2019-10-21T11:30:14","slug":"probleme-mit-dem-bewacherregister","status":null,"type":"post","link":"https:\/\/news.save.ch\/en\/probleme-mit-dem-bewacherregister\/","title":{"rendered":"Problems with the guard register"},"content":{"rendered":"<figure id=\"attachment_8902\" aria-describedby=\"caption-attachment-8902\" style=\"width: 680px\" class=\"wp-caption aligncenter\"><img loading=\"lazy\" decoding=\"async\" class=\"size-medium wp-image-8902\" src=\"https:\/\/news.save.ch\/wp-content\/uploads\/2019\/10\/Bewacherregister.jpg\" alt=\"\" width=\"680\" height=\"510\" srcset=\"https:\/\/news.save.ch\/wp-content\/uploads\/2019\/10\/Bewacherregister.jpg 774w, https:\/\/news.save.ch\/wp-content\/uploads\/2019\/10\/Bewacherregister-375x281.jpg 375w\" sizes=\"auto, (max-width: 680px) 100vw, 680px\" \/><figcaption id=\"caption-attachment-8902\" class=\"wp-caption-text\">\u00a9 BDSW<\/figcaption><\/figure>\n<p>&nbsp;<\/p>\n<p>The new nationwide <a href=\"https:\/\/news.save.ch\/en\/bewacherregister-wird-freigeschaltet\/\">Guard register<\/a> was supposed to simplify processes, provide more transparency and reduce bureaucracy in background checks for employees of private security companies. \"A quarter of a year after the official launch of the register, however, the reality unfortunately looks completely different. The registry is not fully functional. Data collection and filling of the register have simply been shifted to the security companies with a deadline that is far too short. Many representatives of the authorities in the municipalities are not adequately prepared for their task. At the moment, a bureaucracy monster and a growth brake for the security industry has been created,\" said BDSW President Gregor Lehnert, President of the German Security Industry Association (<a href=\"https:\/\/www.bdsw.de\/\">BDSW<\/a>) recently at a press briefing in Berlin.<\/p>\n<p>Security providers have not yet received clearance for about 75% of the nearly 270,000 security workers, or the workers have been \"rejected\" for unexplained reasons. Meanwhile, however, all security companies must use their employees to provide security for their customers. \"Unfortunately, however, we are still miles away from a truly functional guard register that actually corresponds to its intended function,\" Lehnert said.<\/p>\n<p><strong>Association still in favor of a register<\/strong><\/p>\n<p>In principle, the association continues to welcome the register. \"In the long term, it will help to reduce bureaucracy and speed up reliability checks for traders and employees,\" said Lehnert. However, it is now important that something is changed immediately in the process and the currently completely unstructured situation through a joint effort by the Federal Ministry of Economics and the states. \"For a comprehensive solution to the problem, we once again propose a round table to the Federal Ministry of Economics, in which we will participate at any time,\" said Lehnert.<\/p>\n<p>Through no fault of their own, our member companies are currently often unable to comply with all the legal requirements of the guarding law due to inaction on the part of the state. New orders cannot be accepted despite great demand for security services. \"Increasingly, black sheep are entering the market, bringing their personnel to work without clearance from the authorities. Reputable security companies and transparency suffer as a result. This government failure is creating security gaps in Germany,\" Lehnert further opined.<\/p>\n<p><strong>BDSW key issues paper<\/strong><\/p>\n<p>According to Lehnert, however, the problems with the guard register must not be allowed to delay work on the security services law planned by the grand coalition. The BDSW presented its key points on this a few days ago, he said. The <a href=\"https:\/\/www.bdsw.de\/images\/aktuell\/2019\/DSD_03-2019_Beilage_BDSW_Eckpunktepapier.pdf\">Key Issues Paper<\/a> contains the most important demands and proposals of the association. \"We are the experts and at the same time those directly affected by the planned law. With our key points paper, we are offering politicians expert support in this urgently needed reorganization process to improve the framework conditions for the private security industry,\" Lehnert emphasized.<\/p>\n<p>Future regulations for the industry must focus on further increasing security in Germany. Freedom of trade for security service providers is the wrong approach, he said. The federal government has recognized that trade law can no longer be the basis of our trade, he said. \"With our key points paper, we are taking up the statements in the coalition agreement and presenting requirements for a security services law to be passed before the end of this legislative period,\" Lehnert concluded.<\/p>\n<p><em>BDSW press release<\/em><\/p>\n<p><em>Further article on the topic: <a href=\"https:\/\/news.save.ch\/en\/falsches-bewacherregister\/\">\"False guard register\"<\/a><\/em><\/p>\n<p>&nbsp;<\/p>","protected":false},"excerpt":{"rendered":"<p>&nbsp; Das neue bundesweite Bewacherregister sollte Prozesse vereinfachen, f\u00fcr mehr Transparenz sowie B\u00fcrokratieabbau bei der Zuverl\u00e4ssigkeits\u00fcberpr\u00fcfung der Besch\u00e4ftigten der privaten Sicherheitsunternehmen sorgen. \u00abEin Vierteljahr nach dem offiziellen Start des Registers sieht die Realit\u00e4t aber leider v\u00f6llig anders aus. Das Register ist nicht voll funktionsf\u00e4hig. Datenerfassung und Bef\u00fcllung des Registers wurden mit einer viel zu kurzen [&hellip;]<\/p>\n","protected":false},"author":8,"featured_media":8902,"comment_status":"open","ping_status":"open","sticky":false,"template":"","format":"standard","meta":{"_acf_changed":false,"pgc_sgb_lightbox_settings":"","footnotes":""},"categories":[1],"tags":[563,103,522],"class_list":["post-8901","post","type-post","status-publish","format-standard","has-post-thumbnail","hentry","category-allgemein","tag-bewacherregister","tag-private-sicherheitsfirma","tag-sicherheitsdienstleistungen"],"acf":[],"hkrextid":null,"publication":null,"issue":null,"workflow":null,"startPage":null,"spitzmarke":null,"_posts_by_tag_page_fields":{"widget_title":"","widget_tags":""},"_at_widget":"1","_yoast_wpseo_primary_category":"1","_yoast_wpseo_focuskw_text_input":"Bewacherregister","_yoast_wpseo_opengraph-image":null,"_yoast_wpseo_opengraph-description":null,"_yoast_wpseo_opengraph-title":null,"enclosure":null,"_yoast_wpseo_twitter-title":null,"_yoast_wpseo_twitter-description":null,"_yoast_wpseo_twitter-image":null,"_wp_old_slug":null,"_yoast_wpseo_title":null,"_yoast_wpseo_canonical":null,"yoast_head":"<!-- This site is optimized with the Yoast SEO plugin v27.4 - https:\/\/yoast.com\/product\/yoast-seo-wordpress\/ -->\n<title>Probleme mit dem Bewacherregister - Save<\/title>\n<meta name=\"description\" content=\"Mit dem zentralen Bewacherregister in Deutschland, in dem alle privaten Sicherheitskr\u00e4fte eingetragen sind, gibt laut Sicherheitsverband BDSW Probleme.\" \/>\n<meta name=\"robots\" content=\"index, follow, max-snippet:-1, max-image-preview:large, max-video-preview:-1\" \/>\n<link rel=\"canonical\" href=\"https:\/\/news.save.ch\/en\/probleme-mit-dem-bewacherregister\/\" \/>\n<meta property=\"og:locale\" content=\"en_US\" \/>\n<meta property=\"og:type\" content=\"article\" \/>\n<meta property=\"og:title\" content=\"Probleme mit dem Bewacherregister - Save\" \/>\n<meta property=\"og:description\" content=\"Mit dem zentralen Bewacherregister in Deutschland, in dem alle privaten Sicherheitskr\u00e4fte eingetragen sind, gibt laut Sicherheitsverband BDSW Probleme.\" \/>\n<meta property=\"og:url\" content=\"https:\/\/news.save.ch\/en\/probleme-mit-dem-bewacherregister\/\" \/>\n<meta property=\"og:site_name\" content=\"Save\" \/>\n<meta property=\"article:published_time\" content=\"2019-10-21T11:30:14+00:00\" \/>\n<meta property=\"og:image\" content=\"https:\/\/news.save.ch\/wp-content\/uploads\/2019\/10\/Bewacherregister.jpg\" \/>\n\t<meta property=\"og:image:width\" content=\"774\" \/>\n\t<meta property=\"og:image:height\" content=\"581\" \/>\n\t<meta property=\"og:image:type\" content=\"image\/jpeg\" \/>\n<meta name=\"author\" content=\"Roger Str\u00e4ssle\" \/>\n<meta name=\"twitter:card\" content=\"summary_large_image\" \/>\n<meta name=\"twitter:label1\" content=\"Written by\" \/>\n\t<meta name=\"twitter:data1\" content=\"Roger Str\u00e4ssle\" \/>\n\t<meta name=\"twitter:label2\" content=\"Est. reading time\" \/>\n\t<meta name=\"twitter:data2\" content=\"3 minutes\" \/>\n<script type=\"application\/ld+json\" class=\"yoast-schema-graph\">{\"@context\":\"https:\\\/\\\/schema.org\",\"@graph\":[{\"@type\":\"Article\",\"@id\":\"https:\\\/\\\/news.save.ch\\\/probleme-mit-dem-bewacherregister\\\/#article\",\"isPartOf\":{\"@id\":\"https:\\\/\\\/news.save.ch\\\/probleme-mit-dem-bewacherregister\\\/\"},\"author\":{\"name\":\"Roger Str\u00e4ssle\",\"@id\":\"https:\\\/\\\/news.save.ch\\\/de\\\/#\\\/schema\\\/person\\\/d5022db048e0e2b9785c50e5b24da5aa\"},\"headline\":\"Probleme mit dem Bewacherregister\",\"datePublished\":\"2019-10-21T11:30:14+00:00\",\"mainEntityOfPage\":{\"@id\":\"https:\\\/\\\/news.save.ch\\\/probleme-mit-dem-bewacherregister\\\/\"},\"wordCount\":528,\"commentCount\":0,\"publisher\":{\"@id\":\"https:\\\/\\\/news.save.ch\\\/de\\\/#organization\"},\"image\":{\"@id\":\"https:\\\/\\\/news.save.ch\\\/probleme-mit-dem-bewacherregister\\\/#primaryimage\"},\"thumbnailUrl\":\"https:\\\/\\\/news.save.ch\\\/wp-content\\\/uploads\\\/2019\\\/10\\\/Bewacherregister.jpg\",\"keywords\":[\"Bewacherregister\",\"Private Sicherheitsfirma\",\"Sicherheitsdienstleistungen\"],\"articleSection\":[\"ALLGEMEIN\"],\"inLanguage\":\"en-US\"},{\"@type\":\"WebPage\",\"@id\":\"https:\\\/\\\/news.save.ch\\\/probleme-mit-dem-bewacherregister\\\/\",\"url\":\"https:\\\/\\\/news.save.ch\\\/probleme-mit-dem-bewacherregister\\\/\",\"name\":\"Probleme mit dem Bewacherregister - Save\",\"isPartOf\":{\"@id\":\"https:\\\/\\\/news.save.ch\\\/de\\\/#website\"},\"primaryImageOfPage\":{\"@id\":\"https:\\\/\\\/news.save.ch\\\/probleme-mit-dem-bewacherregister\\\/#primaryimage\"},\"image\":{\"@id\":\"https:\\\/\\\/news.save.ch\\\/probleme-mit-dem-bewacherregister\\\/#primaryimage\"},\"thumbnailUrl\":\"https:\\\/\\\/news.save.ch\\\/wp-content\\\/uploads\\\/2019\\\/10\\\/Bewacherregister.jpg\",\"datePublished\":\"2019-10-21T11:30:14+00:00\",\"description\":\"Mit dem zentralen Bewacherregister in Deutschland, in dem alle privaten Sicherheitskr\u00e4fte eingetragen sind, gibt laut Sicherheitsverband BDSW Probleme.\",\"breadcrumb\":{\"@id\":\"https:\\\/\\\/news.save.ch\\\/probleme-mit-dem-bewacherregister\\\/#breadcrumb\"},\"inLanguage\":\"en-US\",\"potentialAction\":[{\"@type\":\"ReadAction\",\"target\":[\"https:\\\/\\\/news.save.ch\\\/probleme-mit-dem-bewacherregister\\\/\"]}]},{\"@type\":\"ImageObject\",\"inLanguage\":\"en-US\",\"@id\":\"https:\\\/\\\/news.save.ch\\\/probleme-mit-dem-bewacherregister\\\/#primaryimage\",\"url\":\"https:\\\/\\\/news.save.ch\\\/wp-content\\\/uploads\\\/2019\\\/10\\\/Bewacherregister.jpg\",\"contentUrl\":\"https:\\\/\\\/news.save.ch\\\/wp-content\\\/uploads\\\/2019\\\/10\\\/Bewacherregister.jpg\",\"width\":774,\"height\":581,\"caption\":\"\u00a9 BDSW\"},{\"@type\":\"BreadcrumbList\",\"@id\":\"https:\\\/\\\/news.save.ch\\\/probleme-mit-dem-bewacherregister\\\/#breadcrumb\",\"itemListElement\":[{\"@type\":\"ListItem\",\"position\":1,\"name\":\"Home\",\"item\":\"https:\\\/\\\/news.save.ch\\\/de\\\/\"},{\"@type\":\"ListItem\",\"position\":2,\"name\":\"Probleme mit dem Bewacherregister\"}]},{\"@type\":\"WebSite\",\"@id\":\"https:\\\/\\\/news.save.ch\\\/de\\\/#website\",\"url\":\"https:\\\/\\\/news.save.ch\\\/de\\\/\",\"name\":\"Save\",\"description\":\"Schweizer Fachzeitschrift f\u00fcr Sicherheit\",\"publisher\":{\"@id\":\"https:\\\/\\\/news.save.ch\\\/de\\\/#organization\"},\"potentialAction\":[{\"@type\":\"SearchAction\",\"target\":{\"@type\":\"EntryPoint\",\"urlTemplate\":\"https:\\\/\\\/news.save.ch\\\/de\\\/?s={search_term_string}\"},\"query-input\":{\"@type\":\"PropertyValueSpecification\",\"valueRequired\":true,\"valueName\":\"search_term_string\"}}],\"inLanguage\":\"en-US\"},{\"@type\":\"Organization\",\"@id\":\"https:\\\/\\\/news.save.ch\\\/de\\\/#organization\",\"name\":\"Sicherheitsforum\",\"url\":\"https:\\\/\\\/news.save.ch\\\/de\\\/\",\"logo\":{\"@type\":\"ImageObject\",\"inLanguage\":\"en-US\",\"@id\":\"https:\\\/\\\/news.save.ch\\\/de\\\/#\\\/schema\\\/logo\\\/image\\\/\",\"url\":\"https:\\\/\\\/news.save.ch\\\/wp-content\\\/uploads\\\/2022\\\/06\\\/Logo_SF_2012.png\",\"contentUrl\":\"https:\\\/\\\/news.save.ch\\\/wp-content\\\/uploads\\\/2022\\\/06\\\/Logo_SF_2012.png\",\"width\":1100,\"height\":91,\"caption\":\"Sicherheitsforum\"},\"image\":{\"@id\":\"https:\\\/\\\/news.save.ch\\\/de\\\/#\\\/schema\\\/logo\\\/image\\\/\"}},{\"@type\":\"Person\",\"@id\":\"https:\\\/\\\/news.save.ch\\\/de\\\/#\\\/schema\\\/person\\\/d5022db048e0e2b9785c50e5b24da5aa\",\"name\":\"Roger Str\u00e4ssle\",\"image\":{\"@type\":\"ImageObject\",\"inLanguage\":\"en-US\",\"@id\":\"https:\\\/\\\/secure.gravatar.com\\\/avatar\\\/862a5569d087de48e5856e32f45d719a03804c891d6deb8d4f71a660e79e4a47?s=96&d=mm&r=g\",\"url\":\"https:\\\/\\\/secure.gravatar.com\\\/avatar\\\/862a5569d087de48e5856e32f45d719a03804c891d6deb8d4f71a660e79e4a47?s=96&d=mm&r=g\",\"contentUrl\":\"https:\\\/\\\/secure.gravatar.com\\\/avatar\\\/862a5569d087de48e5856e32f45d719a03804c891d6deb8d4f71a660e79e4a47?s=96&d=mm&r=g\",\"caption\":\"Roger Str\u00e4ssle\"},\"url\":\"https:\\\/\\\/news.save.ch\\\/en\\\/author\\\/roger-straessle\\\/\"}]}<\/script>\n<!-- \/ Yoast SEO plugin. -->","yoast_head_json":{"title":"Problems with the guard register - Save","description":"According to the security association BDSW, there are problems with the central guard register in Germany, in which all private security guards are registered.","robots":{"index":"index","follow":"follow","max-snippet":"max-snippet:-1","max-image-preview":"max-image-preview:large","max-video-preview":"max-video-preview:-1"},"canonical":"https:\/\/news.save.ch\/en\/probleme-mit-dem-bewacherregister\/","og_locale":"en_US","og_type":"article","og_title":"Probleme mit dem Bewacherregister - Save","og_description":"Mit dem zentralen Bewacherregister in Deutschland, in dem alle privaten Sicherheitskr\u00e4fte eingetragen sind, gibt laut Sicherheitsverband BDSW Probleme.","og_url":"https:\/\/news.save.ch\/en\/probleme-mit-dem-bewacherregister\/","og_site_name":"Save","article_published_time":"2019-10-21T11:30:14+00:00","og_image":[{"width":774,"height":581,"url":"https:\/\/news.save.ch\/wp-content\/uploads\/2019\/10\/Bewacherregister.jpg","type":"image\/jpeg"}],"author":"Roger Str\u00e4ssle","twitter_card":"summary_large_image","twitter_misc":{"Written by":"Roger Str\u00e4ssle","Est. reading time":"3 minutes"},"schema":{"@context":"https:\/\/schema.org","@graph":[{"@type":"Article","@id":"https:\/\/news.save.ch\/probleme-mit-dem-bewacherregister\/#article","isPartOf":{"@id":"https:\/\/news.save.ch\/probleme-mit-dem-bewacherregister\/"},"author":{"name":"Roger Str\u00e4ssle","@id":"https:\/\/news.save.ch\/de\/#\/schema\/person\/d5022db048e0e2b9785c50e5b24da5aa"},"headline":"Probleme mit dem Bewacherregister","datePublished":"2019-10-21T11:30:14+00:00","mainEntityOfPage":{"@id":"https:\/\/news.save.ch\/probleme-mit-dem-bewacherregister\/"},"wordCount":528,"commentCount":0,"publisher":{"@id":"https:\/\/news.save.ch\/de\/#organization"},"image":{"@id":"https:\/\/news.save.ch\/probleme-mit-dem-bewacherregister\/#primaryimage"},"thumbnailUrl":"https:\/\/news.save.ch\/wp-content\/uploads\/2019\/10\/Bewacherregister.jpg","keywords":["Bewacherregister","Private Sicherheitsfirma","Sicherheitsdienstleistungen"],"articleSection":["ALLGEMEIN"],"inLanguage":"en-US"},{"@type":"WebPage","@id":"https:\/\/news.save.ch\/probleme-mit-dem-bewacherregister\/","url":"https:\/\/news.save.ch\/probleme-mit-dem-bewacherregister\/","name":"Problems with the guard register - Save","isPartOf":{"@id":"https:\/\/news.save.ch\/de\/#website"},"primaryImageOfPage":{"@id":"https:\/\/news.save.ch\/probleme-mit-dem-bewacherregister\/#primaryimage"},"image":{"@id":"https:\/\/news.save.ch\/probleme-mit-dem-bewacherregister\/#primaryimage"},"thumbnailUrl":"https:\/\/news.save.ch\/wp-content\/uploads\/2019\/10\/Bewacherregister.jpg","datePublished":"2019-10-21T11:30:14+00:00","description":"According to the security association BDSW, there are problems with the central guard register in Germany, in which all private security guards are registered.","breadcrumb":{"@id":"https:\/\/news.save.ch\/probleme-mit-dem-bewacherregister\/#breadcrumb"},"inLanguage":"en-US","potentialAction":[{"@type":"ReadAction","target":["https:\/\/news.save.ch\/probleme-mit-dem-bewacherregister\/"]}]},{"@type":"ImageObject","inLanguage":"en-US","@id":"https:\/\/news.save.ch\/probleme-mit-dem-bewacherregister\/#primaryimage","url":"https:\/\/news.save.ch\/wp-content\/uploads\/2019\/10\/Bewacherregister.jpg","contentUrl":"https:\/\/news.save.ch\/wp-content\/uploads\/2019\/10\/Bewacherregister.jpg","width":774,"height":581,"caption":"\u00a9 BDSW"},{"@type":"BreadcrumbList","@id":"https:\/\/news.save.ch\/probleme-mit-dem-bewacherregister\/#breadcrumb","itemListElement":[{"@type":"ListItem","position":1,"name":"Home","item":"https:\/\/news.save.ch\/de\/"},{"@type":"ListItem","position":2,"name":"Probleme mit dem Bewacherregister"}]},{"@type":"WebSite","@id":"https:\/\/news.save.ch\/de\/#website","url":"https:\/\/news.save.ch\/de\/","name":"Save","description":"Swiss trade journal for safety","publisher":{"@id":"https:\/\/news.save.ch\/de\/#organization"},"potentialAction":[{"@type":"SearchAction","target":{"@type":"EntryPoint","urlTemplate":"https:\/\/news.save.ch\/de\/?s={search_term_string}"},"query-input":{"@type":"PropertyValueSpecification","valueRequired":true,"valueName":"search_term_string"}}],"inLanguage":"en-US"},{"@type":"Organization","@id":"https:\/\/news.save.ch\/de\/#organization","name":"Security Forum","url":"https:\/\/news.save.ch\/de\/","logo":{"@type":"ImageObject","inLanguage":"en-US","@id":"https:\/\/news.save.ch\/de\/#\/schema\/logo\/image\/","url":"https:\/\/news.save.ch\/wp-content\/uploads\/2022\/06\/Logo_SF_2012.png","contentUrl":"https:\/\/news.save.ch\/wp-content\/uploads\/2022\/06\/Logo_SF_2012.png","width":1100,"height":91,"caption":"Sicherheitsforum"},"image":{"@id":"https:\/\/news.save.ch\/de\/#\/schema\/logo\/image\/"}},{"@type":"Person","@id":"https:\/\/news.save.ch\/de\/#\/schema\/person\/d5022db048e0e2b9785c50e5b24da5aa","name":"Roger Str\u00e4ssle","image":{"@type":"ImageObject","inLanguage":"en-US","@id":"https:\/\/secure.gravatar.com\/avatar\/862a5569d087de48e5856e32f45d719a03804c891d6deb8d4f71a660e79e4a47?s=96&d=mm&r=g","url":"https:\/\/secure.gravatar.com\/avatar\/862a5569d087de48e5856e32f45d719a03804c891d6deb8d4f71a660e79e4a47?s=96&d=mm&r=g","contentUrl":"https:\/\/secure.gravatar.com\/avatar\/862a5569d087de48e5856e32f45d719a03804c891d6deb8d4f71a660e79e4a47?s=96&d=mm&r=g","caption":"Roger Str\u00e4ssle"},"url":"https:\/\/news.save.ch\/en\/author\/roger-straessle\/"}]}},"_links":{"self":[{"href":"https:\/\/news.save.ch\/en\/wp-json\/wp\/v2\/posts\/8901","targetHints":{"allow":["GET"]}}],"collection":[{"href":"https:\/\/news.save.ch\/en\/wp-json\/wp\/v2\/posts"}],"about":[{"href":"https:\/\/news.save.ch\/en\/wp-json\/wp\/v2\/types\/post"}],"author":[{"embeddable":true,"href":"https:\/\/news.save.ch\/en\/wp-json\/wp\/v2\/users\/8"}],"replies":[{"embeddable":true,"href":"https:\/\/news.save.ch\/en\/wp-json\/wp\/v2\/comments?post=8901"}],"version-history":[{"count":0,"href":"https:\/\/news.save.ch\/en\/wp-json\/wp\/v2\/posts\/8901\/revisions"}],"wp:featuredmedia":[{"embeddable":true,"href":"https:\/\/news.save.ch\/en\/wp-json\/wp\/v2\/media\/8902"}],"wp:attachment":[{"href":"https:\/\/news.save.ch\/en\/wp-json\/wp\/v2\/media?parent=8901"}],"wp:term":[{"taxonomy":"category","embeddable":true,"href":"https:\/\/news.save.ch\/en\/wp-json\/wp\/v2\/categories?post=8901"},{"taxonomy":"post_tag","embeddable":true,"href":"https:\/\/news.save.ch\/en\/wp-json\/wp\/v2\/tags?post=8901"}],"curies":[{"name":"wp","href":"https:\/\/api.w.org\/{rel}","templated":true}]}}