{"id":9042,"date":"2019-11-21T06:00:26","date_gmt":"2019-11-21T05:00:26","guid":{"rendered":"https:\/\/news.save.ch\/?p=9042"},"modified":"2023-03-14T08:56:42","modified_gmt":"2023-03-14T07:56:42","slug":"der-isss-praesident-tritt-bald-zurueck","status":null,"type":"post","link":"https:\/\/news.save.ch\/en\/der-isss-praesident-tritt-bald-zurueck\/","title":{"rendered":"The ISSS president will soon step down"},"content":{"rendered":"<figure id=\"attachment_9043\" aria-describedby=\"caption-attachment-9043\" style=\"width: 370px\" class=\"wp-caption alignleft\"><img loading=\"lazy\" decoding=\"async\" class=\"wp-image-9043\" src=\"https:\/\/news.save.ch\/wp-content\/uploads\/2019\/11\/OF_Annino.jpg\" alt=\"Umberto Annino\" width=\"370\" height=\"456\" srcset=\"https:\/\/news.save.ch\/wp-content\/uploads\/2019\/11\/OF_Annino.jpg 709w, https:\/\/news.save.ch\/wp-content\/uploads\/2019\/11\/OF_Annino-243x300.jpg 243w\" sizes=\"auto, (max-width: 370px) 100vw, 370px\" \/><figcaption id=\"caption-attachment-9043\" class=\"wp-caption-text\">Umberto Annino. \u00a9 InfoGuard<\/figcaption><\/figure>\n<p>What applies to a U.S. president also applies to Switzerland's leading information security association: Umberto Annino has co-chaired the ISSS association with dedication for eight years and will hand over the scepter at the next general meeting in April 2020. This was announced by the cyber security expert at the traditional <a href=\"https:\/\/news.save.ch\/en\/sicherheitsaspekte-bei-it-beschaffung-beachten\/\">Bern conference<\/a> of November 19, 2019. No names of possible successors have yet been announced, but the board has almost completed the search phase. Today, more than 1200 security professionals and people interested in security from business, administration and science belong to the ISSS.<\/p>\n<p><strong>A \"new\" employer<\/strong><\/p>\n<p>Annino has returned to his former employer InfoGuard as Principal Cyber Security Consultant at the beginning of November 2019. Previously, he was Head Security Governance at SIX Group. In addition to his ISSS activities, Annino is also active in other organizations: He lectures at various universities and educational institutions. The IT security expert has also recently obtained the federal diploma \"ICT Security Expert\". <em>(rs)<\/em><\/p>\n<p><em>A few days ago, the ISSS once again held its\u00a0<a href=\"https:\/\/www.isss.ch\/de\/agenda\/isss-excellence-award\/\">Excellence Award<\/a> awarded.<\/em><\/p>\n<p>&nbsp;<\/p>\n<p>&nbsp;<\/p>\n<p>&nbsp;<\/p>\n<p>&nbsp;<\/p>\n<p>&nbsp;<\/p>\n<p>&nbsp;<\/p>\n<p>&nbsp;<\/p>\n<p>&nbsp;<\/p>\n<p>&nbsp;<\/p>","protected":false},"excerpt":{"rendered":"<p>Was f\u00fcr einen US-Pr\u00e4sidenten gilt, gilt auch f\u00fcr den f\u00fchrenden Schweizer Fachverband f\u00fcr Informationssicherheit: Umberto Annino hat den Verein ISSS acht Jahre mit Engagement mitgeleitet und wird auf die n\u00e4chste Mitgliederversammlung im April 2020 das Zepter \u00fcbergeben. Das hat der Cyber-Security-Experte an der traditionellen Berner Tagung vom 19. November 2019 erkl\u00e4rt. Namen von m\u00f6glichen Nachfolgern [&hellip;]<\/p>\n","protected":false},"author":8,"featured_media":9043,"comment_status":"closed","ping_status":"closed","sticky":false,"template":"","format":"standard","meta":{"_acf_changed":false,"pgc_sgb_lightbox_settings":"","footnotes":""},"categories":[3313],"tags":[65,143],"class_list":["post-9042","post","type-post","status-publish","format-standard","has-post-thumbnail","hentry","category-digitalisierung","tag-unternehmen","tag-vereine"],"acf":[],"hkrextid":null,"publication":null,"issue":null,"workflow":null,"startPage":null,"spitzmarke":null,"_posts_by_tag_page_fields":{"widget_title":"","widget_tags":""},"_at_widget":"1","_yoast_wpseo_primary_category":"2","_yoast_wpseo_focuskw_text_input":"Umberto Annino","_yoast_wpseo_opengraph-image":null,"_yoast_wpseo_opengraph-description":null,"_yoast_wpseo_opengraph-title":null,"enclosure":null,"_yoast_wpseo_twitter-title":null,"_yoast_wpseo_twitter-description":null,"_yoast_wpseo_twitter-image":null,"_wp_old_slug":null,"_yoast_wpseo_title":null,"_yoast_wpseo_canonical":null,"yoast_head":"<!-- This site is optimized with the Yoast SEO plugin v27.5 - https:\/\/yoast.com\/product\/yoast-seo-wordpress\/ -->\n<title>Der ISSS-Pr\u00e4sident tritt bald zur\u00fcck - Save<\/title>\n<meta name=\"description\" content=\"Umberto Annino, langj\u00e4hriger Pr\u00e4sident der Information Security Society Switzerland, kurz ISSS, wird per April 2020 von seinem Amt zur\u00fccktreten.\" \/>\n<meta name=\"robots\" content=\"index, follow, max-snippet:-1, max-image-preview:large, max-video-preview:-1\" \/>\n<link rel=\"canonical\" href=\"https:\/\/news.save.ch\/en\/der-isss-praesident-tritt-bald-zurueck\/\" \/>\n<meta property=\"og:locale\" content=\"en_US\" \/>\n<meta property=\"og:type\" content=\"article\" \/>\n<meta property=\"og:title\" content=\"Der ISSS-Pr\u00e4sident tritt bald zur\u00fcck - Save\" \/>\n<meta property=\"og:description\" content=\"Umberto Annino, langj\u00e4hriger Pr\u00e4sident der Information Security Society Switzerland, kurz ISSS, wird per April 2020 von seinem Amt zur\u00fccktreten.\" \/>\n<meta property=\"og:url\" content=\"https:\/\/news.save.ch\/en\/der-isss-praesident-tritt-bald-zurueck\/\" \/>\n<meta property=\"og:site_name\" content=\"Save\" \/>\n<meta property=\"article:published_time\" content=\"2019-11-21T05:00:26+00:00\" \/>\n<meta property=\"article:modified_time\" content=\"2023-03-14T07:56:42+00:00\" \/>\n<meta property=\"og:image\" content=\"https:\/\/news.save.ch\/wp-content\/uploads\/2019\/11\/OF_Annino.jpg\" \/>\n\t<meta property=\"og:image:width\" content=\"709\" \/>\n\t<meta property=\"og:image:height\" content=\"874\" \/>\n\t<meta property=\"og:image:type\" content=\"image\/jpeg\" \/>\n<meta name=\"author\" content=\"Roger Str\u00e4ssle\" \/>\n<meta name=\"twitter:card\" content=\"summary_large_image\" \/>\n<meta name=\"twitter:label1\" content=\"Written by\" \/>\n\t<meta name=\"twitter:data1\" content=\"Roger Str\u00e4ssle\" \/>\n\t<meta name=\"twitter:label2\" content=\"Est. reading time\" \/>\n\t<meta name=\"twitter:data2\" content=\"1 minute\" \/>\n<script type=\"application\/ld+json\" class=\"yoast-schema-graph\">{\"@context\":\"https:\\\/\\\/schema.org\",\"@graph\":[{\"@type\":\"Article\",\"@id\":\"https:\\\/\\\/news.save.ch\\\/der-isss-praesident-tritt-bald-zurueck\\\/#article\",\"isPartOf\":{\"@id\":\"https:\\\/\\\/news.save.ch\\\/der-isss-praesident-tritt-bald-zurueck\\\/\"},\"author\":{\"name\":\"Roger Str\u00e4ssle\",\"@id\":\"https:\\\/\\\/news.save.ch\\\/de\\\/#\\\/schema\\\/person\\\/d5022db048e0e2b9785c50e5b24da5aa\"},\"headline\":\"Der ISSS-Pr\u00e4sident tritt bald zur\u00fcck\",\"datePublished\":\"2019-11-21T05:00:26+00:00\",\"dateModified\":\"2023-03-14T07:56:42+00:00\",\"mainEntityOfPage\":{\"@id\":\"https:\\\/\\\/news.save.ch\\\/der-isss-praesident-tritt-bald-zurueck\\\/\"},\"wordCount\":196,\"publisher\":{\"@id\":\"https:\\\/\\\/news.save.ch\\\/de\\\/#organization\"},\"image\":{\"@id\":\"https:\\\/\\\/news.save.ch\\\/der-isss-praesident-tritt-bald-zurueck\\\/#primaryimage\"},\"thumbnailUrl\":\"https:\\\/\\\/news.save.ch\\\/wp-content\\\/uploads\\\/2019\\\/11\\\/OF_Annino.jpg\",\"keywords\":[\"Unternehmen\",\"Vereine\"],\"articleSection\":[\"DIGITALISIERUNG\"],\"inLanguage\":\"en-US\"},{\"@type\":\"WebPage\",\"@id\":\"https:\\\/\\\/news.save.ch\\\/der-isss-praesident-tritt-bald-zurueck\\\/\",\"url\":\"https:\\\/\\\/news.save.ch\\\/der-isss-praesident-tritt-bald-zurueck\\\/\",\"name\":\"Der ISSS-Pr\u00e4sident tritt bald zur\u00fcck - Save\",\"isPartOf\":{\"@id\":\"https:\\\/\\\/news.save.ch\\\/de\\\/#website\"},\"primaryImageOfPage\":{\"@id\":\"https:\\\/\\\/news.save.ch\\\/der-isss-praesident-tritt-bald-zurueck\\\/#primaryimage\"},\"image\":{\"@id\":\"https:\\\/\\\/news.save.ch\\\/der-isss-praesident-tritt-bald-zurueck\\\/#primaryimage\"},\"thumbnailUrl\":\"https:\\\/\\\/news.save.ch\\\/wp-content\\\/uploads\\\/2019\\\/11\\\/OF_Annino.jpg\",\"datePublished\":\"2019-11-21T05:00:26+00:00\",\"dateModified\":\"2023-03-14T07:56:42+00:00\",\"description\":\"Umberto Annino, langj\u00e4hriger Pr\u00e4sident der Information Security Society Switzerland, kurz ISSS, wird per April 2020 von seinem Amt zur\u00fccktreten.\",\"breadcrumb\":{\"@id\":\"https:\\\/\\\/news.save.ch\\\/der-isss-praesident-tritt-bald-zurueck\\\/#breadcrumb\"},\"inLanguage\":\"en-US\",\"potentialAction\":[{\"@type\":\"ReadAction\",\"target\":[\"https:\\\/\\\/news.save.ch\\\/der-isss-praesident-tritt-bald-zurueck\\\/\"]}]},{\"@type\":\"ImageObject\",\"inLanguage\":\"en-US\",\"@id\":\"https:\\\/\\\/news.save.ch\\\/der-isss-praesident-tritt-bald-zurueck\\\/#primaryimage\",\"url\":\"https:\\\/\\\/news.save.ch\\\/wp-content\\\/uploads\\\/2019\\\/11\\\/OF_Annino.jpg\",\"contentUrl\":\"https:\\\/\\\/news.save.ch\\\/wp-content\\\/uploads\\\/2019\\\/11\\\/OF_Annino.jpg\",\"width\":709,\"height\":874,\"caption\":\"\u00a9 InfoGuard\"},{\"@type\":\"BreadcrumbList\",\"@id\":\"https:\\\/\\\/news.save.ch\\\/der-isss-praesident-tritt-bald-zurueck\\\/#breadcrumb\",\"itemListElement\":[{\"@type\":\"ListItem\",\"position\":1,\"name\":\"Home\",\"item\":\"https:\\\/\\\/news.save.ch\\\/de\\\/\"},{\"@type\":\"ListItem\",\"position\":2,\"name\":\"Der ISSS-Pr\u00e4sident tritt bald zur\u00fcck\"}]},{\"@type\":\"WebSite\",\"@id\":\"https:\\\/\\\/news.save.ch\\\/de\\\/#website\",\"url\":\"https:\\\/\\\/news.save.ch\\\/de\\\/\",\"name\":\"Save\",\"description\":\"Schweizer Fachzeitschrift f\u00fcr Sicherheit\",\"publisher\":{\"@id\":\"https:\\\/\\\/news.save.ch\\\/de\\\/#organization\"},\"potentialAction\":[{\"@type\":\"SearchAction\",\"target\":{\"@type\":\"EntryPoint\",\"urlTemplate\":\"https:\\\/\\\/news.save.ch\\\/de\\\/?s={search_term_string}\"},\"query-input\":{\"@type\":\"PropertyValueSpecification\",\"valueRequired\":true,\"valueName\":\"search_term_string\"}}],\"inLanguage\":\"en-US\"},{\"@type\":\"Organization\",\"@id\":\"https:\\\/\\\/news.save.ch\\\/de\\\/#organization\",\"name\":\"Sicherheitsforum\",\"url\":\"https:\\\/\\\/news.save.ch\\\/de\\\/\",\"logo\":{\"@type\":\"ImageObject\",\"inLanguage\":\"en-US\",\"@id\":\"https:\\\/\\\/news.save.ch\\\/de\\\/#\\\/schema\\\/logo\\\/image\\\/\",\"url\":\"https:\\\/\\\/news.save.ch\\\/wp-content\\\/uploads\\\/2022\\\/06\\\/Logo_SF_2012.png\",\"contentUrl\":\"https:\\\/\\\/news.save.ch\\\/wp-content\\\/uploads\\\/2022\\\/06\\\/Logo_SF_2012.png\",\"width\":1100,\"height\":91,\"caption\":\"Sicherheitsforum\"},\"image\":{\"@id\":\"https:\\\/\\\/news.save.ch\\\/de\\\/#\\\/schema\\\/logo\\\/image\\\/\"}},{\"@type\":\"Person\",\"@id\":\"https:\\\/\\\/news.save.ch\\\/de\\\/#\\\/schema\\\/person\\\/d5022db048e0e2b9785c50e5b24da5aa\",\"name\":\"Roger Str\u00e4ssle\",\"image\":{\"@type\":\"ImageObject\",\"inLanguage\":\"en-US\",\"@id\":\"https:\\\/\\\/secure.gravatar.com\\\/avatar\\\/862a5569d087de48e5856e32f45d719a03804c891d6deb8d4f71a660e79e4a47?s=96&d=mm&r=g\",\"url\":\"https:\\\/\\\/secure.gravatar.com\\\/avatar\\\/862a5569d087de48e5856e32f45d719a03804c891d6deb8d4f71a660e79e4a47?s=96&d=mm&r=g\",\"contentUrl\":\"https:\\\/\\\/secure.gravatar.com\\\/avatar\\\/862a5569d087de48e5856e32f45d719a03804c891d6deb8d4f71a660e79e4a47?s=96&d=mm&r=g\",\"caption\":\"Roger Str\u00e4ssle\"},\"url\":\"https:\\\/\\\/news.save.ch\\\/en\\\/author\\\/roger-straessle\\\/\"}]}<\/script>\n<!-- \/ Yoast SEO plugin. -->","yoast_head_json":{"title":"The ISSS president will soon step down - Save","description":"Umberto Annino, long-time president of the Information Security Society Switzerland, or ISSS, will step down from his position as of April 2020.","robots":{"index":"index","follow":"follow","max-snippet":"max-snippet:-1","max-image-preview":"max-image-preview:large","max-video-preview":"max-video-preview:-1"},"canonical":"https:\/\/news.save.ch\/en\/der-isss-praesident-tritt-bald-zurueck\/","og_locale":"en_US","og_type":"article","og_title":"Der ISSS-Pr\u00e4sident tritt bald zur\u00fcck - Save","og_description":"Umberto Annino, langj\u00e4hriger Pr\u00e4sident der Information Security Society Switzerland, kurz ISSS, wird per April 2020 von seinem Amt zur\u00fccktreten.","og_url":"https:\/\/news.save.ch\/en\/der-isss-praesident-tritt-bald-zurueck\/","og_site_name":"Save","article_published_time":"2019-11-21T05:00:26+00:00","article_modified_time":"2023-03-14T07:56:42+00:00","og_image":[{"width":709,"height":874,"url":"https:\/\/news.save.ch\/wp-content\/uploads\/2019\/11\/OF_Annino.jpg","type":"image\/jpeg"}],"author":"Roger Str\u00e4ssle","twitter_card":"summary_large_image","twitter_misc":{"Written by":"Roger Str\u00e4ssle","Est. reading time":"1 minute"},"schema":{"@context":"https:\/\/schema.org","@graph":[{"@type":"Article","@id":"https:\/\/news.save.ch\/der-isss-praesident-tritt-bald-zurueck\/#article","isPartOf":{"@id":"https:\/\/news.save.ch\/der-isss-praesident-tritt-bald-zurueck\/"},"author":{"name":"Roger Str\u00e4ssle","@id":"https:\/\/news.save.ch\/de\/#\/schema\/person\/d5022db048e0e2b9785c50e5b24da5aa"},"headline":"Der ISSS-Pr\u00e4sident tritt bald zur\u00fcck","datePublished":"2019-11-21T05:00:26+00:00","dateModified":"2023-03-14T07:56:42+00:00","mainEntityOfPage":{"@id":"https:\/\/news.save.ch\/der-isss-praesident-tritt-bald-zurueck\/"},"wordCount":196,"publisher":{"@id":"https:\/\/news.save.ch\/de\/#organization"},"image":{"@id":"https:\/\/news.save.ch\/der-isss-praesident-tritt-bald-zurueck\/#primaryimage"},"thumbnailUrl":"https:\/\/news.save.ch\/wp-content\/uploads\/2019\/11\/OF_Annino.jpg","keywords":["Unternehmen","Vereine"],"articleSection":["DIGITALISIERUNG"],"inLanguage":"en-US"},{"@type":"WebPage","@id":"https:\/\/news.save.ch\/der-isss-praesident-tritt-bald-zurueck\/","url":"https:\/\/news.save.ch\/der-isss-praesident-tritt-bald-zurueck\/","name":"The ISSS president will soon step down - Save","isPartOf":{"@id":"https:\/\/news.save.ch\/de\/#website"},"primaryImageOfPage":{"@id":"https:\/\/news.save.ch\/der-isss-praesident-tritt-bald-zurueck\/#primaryimage"},"image":{"@id":"https:\/\/news.save.ch\/der-isss-praesident-tritt-bald-zurueck\/#primaryimage"},"thumbnailUrl":"https:\/\/news.save.ch\/wp-content\/uploads\/2019\/11\/OF_Annino.jpg","datePublished":"2019-11-21T05:00:26+00:00","dateModified":"2023-03-14T07:56:42+00:00","description":"Umberto Annino, long-time president of the Information Security Society Switzerland, or ISSS, will step down from his position as of April 2020.","breadcrumb":{"@id":"https:\/\/news.save.ch\/der-isss-praesident-tritt-bald-zurueck\/#breadcrumb"},"inLanguage":"en-US","potentialAction":[{"@type":"ReadAction","target":["https:\/\/news.save.ch\/der-isss-praesident-tritt-bald-zurueck\/"]}]},{"@type":"ImageObject","inLanguage":"en-US","@id":"https:\/\/news.save.ch\/der-isss-praesident-tritt-bald-zurueck\/#primaryimage","url":"https:\/\/news.save.ch\/wp-content\/uploads\/2019\/11\/OF_Annino.jpg","contentUrl":"https:\/\/news.save.ch\/wp-content\/uploads\/2019\/11\/OF_Annino.jpg","width":709,"height":874,"caption":"\u00a9 InfoGuard"},{"@type":"BreadcrumbList","@id":"https:\/\/news.save.ch\/der-isss-praesident-tritt-bald-zurueck\/#breadcrumb","itemListElement":[{"@type":"ListItem","position":1,"name":"Home","item":"https:\/\/news.save.ch\/de\/"},{"@type":"ListItem","position":2,"name":"Der ISSS-Pr\u00e4sident tritt bald zur\u00fcck"}]},{"@type":"WebSite","@id":"https:\/\/news.save.ch\/de\/#website","url":"https:\/\/news.save.ch\/de\/","name":"Save","description":"Swiss trade journal for safety","publisher":{"@id":"https:\/\/news.save.ch\/de\/#organization"},"potentialAction":[{"@type":"SearchAction","target":{"@type":"EntryPoint","urlTemplate":"https:\/\/news.save.ch\/de\/?s={search_term_string}"},"query-input":{"@type":"PropertyValueSpecification","valueRequired":true,"valueName":"search_term_string"}}],"inLanguage":"en-US"},{"@type":"Organization","@id":"https:\/\/news.save.ch\/de\/#organization","name":"Security Forum","url":"https:\/\/news.save.ch\/de\/","logo":{"@type":"ImageObject","inLanguage":"en-US","@id":"https:\/\/news.save.ch\/de\/#\/schema\/logo\/image\/","url":"https:\/\/news.save.ch\/wp-content\/uploads\/2022\/06\/Logo_SF_2012.png","contentUrl":"https:\/\/news.save.ch\/wp-content\/uploads\/2022\/06\/Logo_SF_2012.png","width":1100,"height":91,"caption":"Sicherheitsforum"},"image":{"@id":"https:\/\/news.save.ch\/de\/#\/schema\/logo\/image\/"}},{"@type":"Person","@id":"https:\/\/news.save.ch\/de\/#\/schema\/person\/d5022db048e0e2b9785c50e5b24da5aa","name":"Roger Str\u00e4ssle","image":{"@type":"ImageObject","inLanguage":"en-US","@id":"https:\/\/secure.gravatar.com\/avatar\/862a5569d087de48e5856e32f45d719a03804c891d6deb8d4f71a660e79e4a47?s=96&d=mm&r=g","url":"https:\/\/secure.gravatar.com\/avatar\/862a5569d087de48e5856e32f45d719a03804c891d6deb8d4f71a660e79e4a47?s=96&d=mm&r=g","contentUrl":"https:\/\/secure.gravatar.com\/avatar\/862a5569d087de48e5856e32f45d719a03804c891d6deb8d4f71a660e79e4a47?s=96&d=mm&r=g","caption":"Roger Str\u00e4ssle"},"url":"https:\/\/news.save.ch\/en\/author\/roger-straessle\/"}]}},"_links":{"self":[{"href":"https:\/\/news.save.ch\/en\/wp-json\/wp\/v2\/posts\/9042","targetHints":{"allow":["GET"]}}],"collection":[{"href":"https:\/\/news.save.ch\/en\/wp-json\/wp\/v2\/posts"}],"about":[{"href":"https:\/\/news.save.ch\/en\/wp-json\/wp\/v2\/types\/post"}],"author":[{"embeddable":true,"href":"https:\/\/news.save.ch\/en\/wp-json\/wp\/v2\/users\/8"}],"replies":[{"embeddable":true,"href":"https:\/\/news.save.ch\/en\/wp-json\/wp\/v2\/comments?post=9042"}],"version-history":[{"count":1,"href":"https:\/\/news.save.ch\/en\/wp-json\/wp\/v2\/posts\/9042\/revisions"}],"predecessor-version":[{"id":17362,"href":"https:\/\/news.save.ch\/en\/wp-json\/wp\/v2\/posts\/9042\/revisions\/17362"}],"wp:featuredmedia":[{"embeddable":true,"href":"https:\/\/news.save.ch\/en\/wp-json\/wp\/v2\/media\/9043"}],"wp:attachment":[{"href":"https:\/\/news.save.ch\/en\/wp-json\/wp\/v2\/media?parent=9042"}],"wp:term":[{"taxonomy":"category","embeddable":true,"href":"https:\/\/news.save.ch\/en\/wp-json\/wp\/v2\/categories?post=9042"},{"taxonomy":"post_tag","embeddable":true,"href":"https:\/\/news.save.ch\/en\/wp-json\/wp\/v2\/tags?post=9042"}],"curies":[{"name":"wp","href":"https:\/\/api.w.org\/{rel}","templated":true}]}}