{"id":9239,"date":"2019-12-20T05:00:13","date_gmt":"2019-12-20T04:00:13","guid":{"rendered":"https:\/\/news.save.ch\/?p=9239"},"modified":"2019-12-20T05:00:13","modified_gmt":"2019-12-20T04:00:13","slug":"lichterloeschen-in-muehleberg","status":null,"type":"post","link":"https:\/\/news.save.ch\/en\/lichterloeschen-in-muehleberg\/","title":{"rendered":"M\u00fchleberg is history"},"content":{"rendered":"<figure id=\"attachment_9240\" aria-describedby=\"caption-attachment-9240\" style=\"width: 680px\" class=\"wp-caption aligncenter\"><img loading=\"lazy\" decoding=\"async\" class=\"wp-image-9240 size-medium\" src=\"https:\/\/news.save.ch\/wp-content\/uploads\/2019\/12\/05_Muehleberg.jpg\" alt=\"AKW\" width=\"680\" height=\"509\" srcset=\"https:\/\/news.save.ch\/wp-content\/uploads\/2019\/12\/05_Muehleberg.jpg 1190w, https:\/\/news.save.ch\/wp-content\/uploads\/2019\/12\/05_Muehleberg-375x281.jpg 375w\" sizes=\"auto, (max-width: 680px) 100vw, 680px\" \/><figcaption id=\"caption-attachment-9240\" class=\"wp-caption-text\">Hat ausgedient &#8211; das AKW M\u00fchleberg. \u00a9 BKW<\/figcaption><\/figure>\n<p>Unmittelbar nach der Stilllegung von <a href=\"https:\/\/de.wikipedia.org\/wiki\/Kernkraftwerk_M%C3%BChleberg\">M\u00fchleberg<\/a> wird der R\u00fcckbau in Angriff genommen. Gem\u00e4ss dem Berner Energiekonzern dauert dies rund 15 Jahre.\u00a0Das AKW bleibt noch lange eine Atomanlage, f\u00fcr die strenge Strahlen- und Brandschutzbestimmungen gelten. Gest\u00fctzt auf den Plan will man bis 2024 die Brennelemente vom Lagerbecken ins Zwischenlager in W\u00fcrenlingen transportiert haben. Ab 2025 werden s\u00e4mtliche noch verbliebenen Anlageteile, die mit Radioaktivit\u00e4t in Kontakt gekommen sind, demontiert. Die stark radioaktiven Anlageteile werden laut BKW im Reaktorgeb\u00e4ude unter Wasser zerlegt und verpackt. Verl\u00e4uft alles nach Plan, ist M\u00fchleberg erst Ende 2030 frei von radioaktivem Material. Das mehrere Jahre dauernde Verfahren ist <a href=\"https:\/\/www.bkw.ch\/stilllegung\">hier<\/a> einsehbar. Das Ensi beaufsichtigt die nukleare Sicherheit und Sicherung w\u00e4hrend der Stilllegung des AKW M\u00fchleberg (<a href=\"https:\/\/www.ensi.ch\/de\/themen\/stilllegung-kkw-muehleberg\/\">siehe hier<\/a>).<\/p>\n<p><strong>Teure Stilllegung<\/strong><\/p>\n<p>Gem\u00e4ss aktuellster Kostenstudie aus dem Jahr 2016 belaufen sich die Kosten f\u00fcr die Stilllegung und die Entsorgung gesamthaft auf 3 Milliarden Franken, davon seien 80% bereits gedeckt, so die BKW. Die verbleibenden 20 Prozent w\u00fcrden bis ins Jahr 2126 anfallen und seinen durch weitere Fondsbeitr\u00e4ge sowie Anlagenertr\u00e4ge gedeckt.<\/p>\n<p>Der R\u00fcckbau aller f\u00fcnf AKW in der Schweiz und die Zwischenlagerung des radioaktiven Materials im <a href=\"https:\/\/www.zwilag.ch\/\">Zwilag<\/a> in W\u00fcrenlingen wird gem\u00e4ss den letzten offiziellen Sch\u00e4tzungen \u00fcber 24 Milliarden Franken verschlingen.<\/p>\n<p><strong>Stromzusammensetzung<\/strong><\/p>\n<p>Das AKW M\u00fchleberg produzierte j\u00e4hrlich rund 5% des gesamten Strombedarfs der Schweiz.\u00a0Seit der Inbetriebnahme am 6. November 1972 lieferte das Kraftwerk rund 130 Milliarden Kilowattstunden (kWh) Strom.<\/p>\n<p>Gem\u00e4ss Bundesamt f\u00fcr Energie (<a href=\"https:\/\/www.bfe.admin.ch\">BFE<\/a>) stammte der Strom aus Schweizer Steckdosen zu rund 68% (2016: 62%) aus erneuerbaren Energien (Statistik 2017, Daten zur Stromkennzeichnung): Zu 60% aus Grosswasserkraft und zu rund 7% aus Photovoltaik, Wind, Kleinwasserkraft und Biomasse. 15% stammten aus Kernenergie und etwa ein Prozent aus Abf\u00e4llen und fossilen Energietr\u00e4gern. F\u00fcr 16% des gelieferten Stroms seien Herkunft und Zusammensetzung nicht \u00fcberpr\u00fcfbar, so das BFE.<\/p>\n<p><a href=\"https:\/\/www.swissolar.ch\">Swissolar<\/a> weist darauf hin, dass das AKW M\u00fchleberg j\u00e4hrlich knapp 3 Milliarden Kilowattstunden (kWh) Strom produziert habe. Die heute in der Schweiz installierten Photovoltaikanlagen erreichten eine Jahresproduktion von 2,4 Milliarden kWh, also mindestens 80 Prozent der wegfallenden Produktion von M\u00fchleberg.<\/p>\n<p>Wer den Freunden der Solartechnik antwortet, ihre Produktion sei insbesondere in den sonnigen Monaten intensiv, in den k\u00fchlen Jahreszeiten jedoch gering, erh\u00e4lt von einer anderen Energiebranche eine Antwort: Mit der Windenergie habe die Schweiz eine verl\u00e4ssliche, sichere und einheimische erneuerbare Winterstromquelle. Zweidrittel dieser Stromproduktion falle in den Wintermonaten an, weil dann die Winde h\u00e4ufiger und st\u00e4rker wehen, sagt Isabelle Chevalley, Pr\u00e4sidentin von <a href=\"https:\/\/www.suisse-eole.ch\">Suisse Eole<\/a> und Nationalr\u00e4tin. Damit erg\u00e4nze Windenergie die Solar- und Wasserkraft in idealer Weise, denn diese beiden Energiequellen produzierten in der Heizsaison weniger als sonst. Chevalley weist zudem darauf hin, dass Windstrom heute deutlich g\u00fcnstiger als Strom aus neuen Atomkraftwerken sei.<\/p>\n<p><strong>Augenmass bei Einsprachen<\/strong><\/p>\n<p>Suisse Eole betont ferner, dass die Windenergiebranche ihre Hausaufgaben gemacht habe: Die Windenergieziele 2020 der Energiestrategie k\u00f6nnten erreicht, diejenigen f\u00fcr 2035 sogar \u00fcbertroffen werden. \u00abDoch leider werden Windenergieprojekte durch Einsprachen von einzelnen Personen und einigen Umweltverb\u00e4nden zum Teil massiv verz\u00f6gert\u00bb, bedauert Reto Rigassi, Gesch\u00e4ftsf\u00fchrer von Suisse Eole. \u00abDas steht im klaren Widerspruch zu den Entscheiden der Gemeinden: Seit 2012 haben sich 19 von 22 Gemeinden f\u00fcr konkrete Windenergieprojekte in ihrem Gebiet ausgesprochen.\u00bb Man sei jedoch optimistisch, dass sich die juristischen Verfahren nach den anstehenden Gerichtsentscheiden u. a. durch das Bundesgericht beschleunigen w\u00fcrden. Suisse Eole fordert aber gleichzeitig die Umweltverb\u00e4nde auf, bei Einsprachen Augenmass zu halten und gemeinsam mit der Branche der Umsetzung der Energiewende in der Schweiz mehr Schub zu verleihen.<\/p>\n<p><strong>Blick ins nahe Ausland<\/strong><\/p>\n<p>Dass der Ausbau von Windenergie eine wichtige St\u00fctze der Energiewende sei, zeigten neueste Zahlen aus Deutschland: Dort habe der Windstromanteil von praktisch 0% vor rund 20 Jahren auf \u00fcber 26% im Jahr 2019 gesteigert werden k\u00f6nnen. Damit habe in Deutschland die Windenergie die Stromerzeugung aus Braunkohle auf den zweiten Platz der wichtigsten Stromquellen verwiesen. In \u00d6sterreich sei der Anteil der Windenergie in den vergangenen 20 Jahren von praktisch 0% auf rund 11% gestiegen. <em>(rs)<\/em><\/p>\n<p>&nbsp;<\/p>\n<blockquote>\n<p><strong>Tschernobil ist in der Schweiz noch heute messbar <\/strong><\/p>\n<p>Die Nationale Alarmzentrale (<a href=\"https:\/\/www.naz.ch\/de\/aktuell\/messwerte.html\">NAZ<\/a>) betreibt ein eigenes Radioaktivit\u00e4ts-Messnetz (NADAM). 76 im gesamten Land verteilte Sonden \u00fcbermitteln alle zehn Minuten den aktuellen Messwert an die NAZ. Bei \u00fcberschreiten einer bestimmten Schwelle (1000 nano-Sievert pro Stunde [nSv\/h]) wird automatisch Alarm ausgel\u00f6st.<\/p>\n<p>Die t\u00e4glichen Durchschnittswerte (Tagesmittelwerte) variierten in der Schweiz je nach Standort zwischen 80 und 260 nano-Sievert pro Stunde, so die NAZ. Dies sei prim\u00e4r auf Unterschiede in der nat\u00fcrlichen Strahlung zur\u00fcckzuf\u00fchren. Dabei sei einerseits die geologische Bodenzusammensetzung massgebend, anderseits die Intensit\u00e4t der kosmischen Strahlung. Diese nimmt mit zunehmender H\u00f6he \u00fcber Meer zu. Der Anteil k\u00fcnstlicher Strahlung liege bei allen NADAM-Stationen bei wenigen Prozenten. Dieser k\u00fcnstliche Anteil stamme vor allem vom Reaktorunfall in Tschernobyl im Jahre 1986 sowie von Atomwaffenversuchen in den 60er Jahren, heisst es auf der NAZ-Website.<\/p>\n<p><strong>Messnetz um die Kernkraftwerke<\/strong><\/p>\n<p>Das Nuklearsicherheitsinspektorat betreibt das Messnetz f\u00fcr die automatische Dosisleistungs\u00fcberwachung in der Umgebung der Kernkraftwerke (MADUK). An insgesamt 57 Stellen im Umkreis von jeweils rund 5 km um die AKW werde die Ortsdosisleistung gemessen. Das MADUK-Netz diene also f\u00fcr die kleinr\u00e4umigen \u00dcberwachung der externen Strahlung rund um die AKW. Selbstverst\u00e4ndlich verf\u00fcge auch dieses Netz \u00fcber eine Alarmeinrichtung. Die Daten und allf\u00e4llige Alarmmeldungen fliessen direkt an die NAZ.<\/p>\n<\/blockquote>\n","protected":false},"excerpt":{"rendered":"<p>Unmittelbar nach der Stilllegung von M\u00fchleberg wird der R\u00fcckbau in Angriff genommen. Gem\u00e4ss dem Berner Energiekonzern dauert dies rund 15 Jahre.\u00a0Das AKW bleibt noch lange eine Atomanlage, f\u00fcr die strenge Strahlen- und Brandschutzbestimmungen gelten. Gest\u00fctzt auf den Plan will man bis 2024 die Brennelemente vom Lagerbecken ins Zwischenlager in W\u00fcrenlingen transportiert haben. Ab 2025 werden [&hellip;]<\/p>\n","protected":false},"author":8,"featured_media":9240,"comment_status":"closed","ping_status":"closed","sticky":false,"template":"","format":"standard","meta":{"_acf_changed":false,"pgc_sgb_lightbox_settings":"","footnotes":""},"categories":[1],"tags":[599,600,601,602,604,603,605,606,387,607,608,609],"class_list":["post-9239","post","type-post","status-publish","format-standard","has-post-thumbnail","hentry","category-allgemein","tag-akw","tag-erneuerbare-energie","tag-kernkraftwerk","tag-muehleberg","tag-nationale-alarmzentrale","tag-naz","tag-solarstrom","tag-stilllegung","tag-stromversorgung","tag-suisse-eole","tag-swissolar","tag-windenergie"],"acf":[],"hkrextid":null,"publication":null,"issue":null,"workflow":null,"startPage":null,"spitzmarke":null,"_posts_by_tag_page_fields":{"widget_title":"","widget_tags":""},"_at_widget":"1","_yoast_wpseo_primary_category":"1","_yoast_wpseo_focuskw_text_input":"AKW","_yoast_wpseo_opengraph-image":null,"_yoast_wpseo_opengraph-description":null,"_yoast_wpseo_opengraph-title":null,"enclosure":null,"_yoast_wpseo_twitter-title":null,"_yoast_wpseo_twitter-description":null,"_yoast_wpseo_twitter-image":null,"_wp_old_slug":null,"_yoast_wpseo_title":null,"_yoast_wpseo_canonical":null,"yoast_head":"<!-- This site is optimized with the Yoast SEO plugin v27.5 - https:\/\/yoast.com\/product\/yoast-seo-wordpress\/ -->\n<title>M\u00fchleberg ist Geschichte - Save<\/title>\n<meta name=\"robots\" content=\"index, follow, max-snippet:-1, max-image-preview:large, max-video-preview:-1\" \/>\n<link rel=\"canonical\" href=\"https:\/\/news.save.ch\/en\/lichterloeschen-in-muehleberg\/\" \/>\n<meta property=\"og:locale\" content=\"en_US\" \/>\n<meta property=\"og:type\" content=\"article\" \/>\n<meta property=\"og:title\" content=\"M\u00fchleberg ist Geschichte - Save\" \/>\n<meta property=\"og:description\" content=\"Unmittelbar nach der Stilllegung von M\u00fchleberg wird der R\u00fcckbau in Angriff genommen. Gem\u00e4ss dem Berner Energiekonzern dauert dies rund 15 Jahre.\u00a0Das AKW bleibt noch lange eine Atomanlage, f\u00fcr die strenge Strahlen- und Brandschutzbestimmungen gelten. Gest\u00fctzt auf den Plan will man bis 2024 die Brennelemente vom Lagerbecken ins Zwischenlager in W\u00fcrenlingen transportiert haben. Ab 2025 werden [&hellip;]\" \/>\n<meta property=\"og:url\" content=\"https:\/\/news.save.ch\/en\/lichterloeschen-in-muehleberg\/\" \/>\n<meta property=\"og:site_name\" content=\"Save\" \/>\n<meta property=\"article:published_time\" content=\"2019-12-20T04:00:13+00:00\" \/>\n<meta property=\"og:image\" content=\"https:\/\/news.save.ch\/wp-content\/uploads\/2019\/12\/05_Muehleberg.jpg\" \/>\n\t<meta property=\"og:image:width\" content=\"1190\" \/>\n\t<meta property=\"og:image:height\" content=\"891\" \/>\n\t<meta property=\"og:image:type\" content=\"image\/jpeg\" \/>\n<meta name=\"author\" content=\"Roger Str\u00e4ssle\" \/>\n<meta name=\"twitter:card\" content=\"summary_large_image\" \/>\n<meta name=\"twitter:label1\" content=\"Written by\" \/>\n\t<meta name=\"twitter:data1\" content=\"Roger Str\u00e4ssle\" \/>\n\t<meta name=\"twitter:label2\" content=\"Est. reading time\" \/>\n\t<meta name=\"twitter:data2\" content=\"4 minutes\" \/>\n<script type=\"application\/ld+json\" class=\"yoast-schema-graph\">{\"@context\":\"https:\\\/\\\/schema.org\",\"@graph\":[{\"@type\":\"Article\",\"@id\":\"https:\\\/\\\/news.save.ch\\\/lichterloeschen-in-muehleberg\\\/#article\",\"isPartOf\":{\"@id\":\"https:\\\/\\\/news.save.ch\\\/lichterloeschen-in-muehleberg\\\/\"},\"author\":{\"name\":\"Roger Str\u00e4ssle\",\"@id\":\"https:\\\/\\\/news.save.ch\\\/de\\\/#\\\/schema\\\/person\\\/d5022db048e0e2b9785c50e5b24da5aa\"},\"headline\":\"M\u00fchleberg ist Geschichte\",\"datePublished\":\"2019-12-20T04:00:13+00:00\",\"mainEntityOfPage\":{\"@id\":\"https:\\\/\\\/news.save.ch\\\/lichterloeschen-in-muehleberg\\\/\"},\"wordCount\":891,\"publisher\":{\"@id\":\"https:\\\/\\\/news.save.ch\\\/de\\\/#organization\"},\"image\":{\"@id\":\"https:\\\/\\\/news.save.ch\\\/lichterloeschen-in-muehleberg\\\/#primaryimage\"},\"thumbnailUrl\":\"https:\\\/\\\/news.save.ch\\\/wp-content\\\/uploads\\\/2019\\\/12\\\/05_Muehleberg.jpg\",\"keywords\":[\"AKW\",\"Erneuerbare Energie\",\"Kernkraftwerk\",\"M\u00fchleberg\",\"Nationale Alarmzentrale\",\"NAZ\",\"Solarstrom\",\"Stilllegung\",\"Stromversorgung\",\"Suisse Eole\",\"Swissolar\",\"Windenergie\"],\"articleSection\":[\"ALLGEMEIN\"],\"inLanguage\":\"en-US\"},{\"@type\":\"WebPage\",\"@id\":\"https:\\\/\\\/news.save.ch\\\/lichterloeschen-in-muehleberg\\\/\",\"url\":\"https:\\\/\\\/news.save.ch\\\/lichterloeschen-in-muehleberg\\\/\",\"name\":\"M\u00fchleberg ist Geschichte - Save\",\"isPartOf\":{\"@id\":\"https:\\\/\\\/news.save.ch\\\/de\\\/#website\"},\"primaryImageOfPage\":{\"@id\":\"https:\\\/\\\/news.save.ch\\\/lichterloeschen-in-muehleberg\\\/#primaryimage\"},\"image\":{\"@id\":\"https:\\\/\\\/news.save.ch\\\/lichterloeschen-in-muehleberg\\\/#primaryimage\"},\"thumbnailUrl\":\"https:\\\/\\\/news.save.ch\\\/wp-content\\\/uploads\\\/2019\\\/12\\\/05_Muehleberg.jpg\",\"datePublished\":\"2019-12-20T04:00:13+00:00\",\"breadcrumb\":{\"@id\":\"https:\\\/\\\/news.save.ch\\\/lichterloeschen-in-muehleberg\\\/#breadcrumb\"},\"inLanguage\":\"en-US\",\"potentialAction\":[{\"@type\":\"ReadAction\",\"target\":[\"https:\\\/\\\/news.save.ch\\\/lichterloeschen-in-muehleberg\\\/\"]}]},{\"@type\":\"ImageObject\",\"inLanguage\":\"en-US\",\"@id\":\"https:\\\/\\\/news.save.ch\\\/lichterloeschen-in-muehleberg\\\/#primaryimage\",\"url\":\"https:\\\/\\\/news.save.ch\\\/wp-content\\\/uploads\\\/2019\\\/12\\\/05_Muehleberg.jpg\",\"contentUrl\":\"https:\\\/\\\/news.save.ch\\\/wp-content\\\/uploads\\\/2019\\\/12\\\/05_Muehleberg.jpg\",\"width\":1190,\"height\":891,\"caption\":\"\u00a9 BKW\"},{\"@type\":\"BreadcrumbList\",\"@id\":\"https:\\\/\\\/news.save.ch\\\/lichterloeschen-in-muehleberg\\\/#breadcrumb\",\"itemListElement\":[{\"@type\":\"ListItem\",\"position\":1,\"name\":\"Home\",\"item\":\"https:\\\/\\\/news.save.ch\\\/de\\\/\"},{\"@type\":\"ListItem\",\"position\":2,\"name\":\"M\u00fchleberg ist Geschichte\"}]},{\"@type\":\"WebSite\",\"@id\":\"https:\\\/\\\/news.save.ch\\\/de\\\/#website\",\"url\":\"https:\\\/\\\/news.save.ch\\\/de\\\/\",\"name\":\"Save\",\"description\":\"Schweizer Fachzeitschrift f\u00fcr Sicherheit\",\"publisher\":{\"@id\":\"https:\\\/\\\/news.save.ch\\\/de\\\/#organization\"},\"potentialAction\":[{\"@type\":\"SearchAction\",\"target\":{\"@type\":\"EntryPoint\",\"urlTemplate\":\"https:\\\/\\\/news.save.ch\\\/de\\\/?s={search_term_string}\"},\"query-input\":{\"@type\":\"PropertyValueSpecification\",\"valueRequired\":true,\"valueName\":\"search_term_string\"}}],\"inLanguage\":\"en-US\"},{\"@type\":\"Organization\",\"@id\":\"https:\\\/\\\/news.save.ch\\\/de\\\/#organization\",\"name\":\"Sicherheitsforum\",\"url\":\"https:\\\/\\\/news.save.ch\\\/de\\\/\",\"logo\":{\"@type\":\"ImageObject\",\"inLanguage\":\"en-US\",\"@id\":\"https:\\\/\\\/news.save.ch\\\/de\\\/#\\\/schema\\\/logo\\\/image\\\/\",\"url\":\"https:\\\/\\\/news.save.ch\\\/wp-content\\\/uploads\\\/2022\\\/06\\\/Logo_SF_2012.png\",\"contentUrl\":\"https:\\\/\\\/news.save.ch\\\/wp-content\\\/uploads\\\/2022\\\/06\\\/Logo_SF_2012.png\",\"width\":1100,\"height\":91,\"caption\":\"Sicherheitsforum\"},\"image\":{\"@id\":\"https:\\\/\\\/news.save.ch\\\/de\\\/#\\\/schema\\\/logo\\\/image\\\/\"}},{\"@type\":\"Person\",\"@id\":\"https:\\\/\\\/news.save.ch\\\/de\\\/#\\\/schema\\\/person\\\/d5022db048e0e2b9785c50e5b24da5aa\",\"name\":\"Roger Str\u00e4ssle\",\"image\":{\"@type\":\"ImageObject\",\"inLanguage\":\"en-US\",\"@id\":\"https:\\\/\\\/secure.gravatar.com\\\/avatar\\\/862a5569d087de48e5856e32f45d719a03804c891d6deb8d4f71a660e79e4a47?s=96&d=mm&r=g\",\"url\":\"https:\\\/\\\/secure.gravatar.com\\\/avatar\\\/862a5569d087de48e5856e32f45d719a03804c891d6deb8d4f71a660e79e4a47?s=96&d=mm&r=g\",\"contentUrl\":\"https:\\\/\\\/secure.gravatar.com\\\/avatar\\\/862a5569d087de48e5856e32f45d719a03804c891d6deb8d4f71a660e79e4a47?s=96&d=mm&r=g\",\"caption\":\"Roger Str\u00e4ssle\"},\"url\":\"https:\\\/\\\/news.save.ch\\\/en\\\/author\\\/roger-straessle\\\/\"}]}<\/script>\n<!-- \/ Yoast SEO plugin. -->","yoast_head_json":{"title":"M\u00fchleberg is history - Save","robots":{"index":"index","follow":"follow","max-snippet":"max-snippet:-1","max-image-preview":"max-image-preview:large","max-video-preview":"max-video-preview:-1"},"canonical":"https:\/\/news.save.ch\/en\/lichterloeschen-in-muehleberg\/","og_locale":"en_US","og_type":"article","og_title":"M\u00fchleberg ist Geschichte - Save","og_description":"Unmittelbar nach der Stilllegung von M\u00fchleberg wird der R\u00fcckbau in Angriff genommen. Gem\u00e4ss dem Berner Energiekonzern dauert dies rund 15 Jahre.\u00a0Das AKW bleibt noch lange eine Atomanlage, f\u00fcr die strenge Strahlen- und Brandschutzbestimmungen gelten. Gest\u00fctzt auf den Plan will man bis 2024 die Brennelemente vom Lagerbecken ins Zwischenlager in W\u00fcrenlingen transportiert haben. Ab 2025 werden [&hellip;]","og_url":"https:\/\/news.save.ch\/en\/lichterloeschen-in-muehleberg\/","og_site_name":"Save","article_published_time":"2019-12-20T04:00:13+00:00","og_image":[{"width":1190,"height":891,"url":"https:\/\/news.save.ch\/wp-content\/uploads\/2019\/12\/05_Muehleberg.jpg","type":"image\/jpeg"}],"author":"Roger Str\u00e4ssle","twitter_card":"summary_large_image","twitter_misc":{"Written by":"Roger Str\u00e4ssle","Est. reading time":"4 minutes"},"schema":{"@context":"https:\/\/schema.org","@graph":[{"@type":"Article","@id":"https:\/\/news.save.ch\/lichterloeschen-in-muehleberg\/#article","isPartOf":{"@id":"https:\/\/news.save.ch\/lichterloeschen-in-muehleberg\/"},"author":{"name":"Roger Str\u00e4ssle","@id":"https:\/\/news.save.ch\/de\/#\/schema\/person\/d5022db048e0e2b9785c50e5b24da5aa"},"headline":"M\u00fchleberg ist Geschichte","datePublished":"2019-12-20T04:00:13+00:00","mainEntityOfPage":{"@id":"https:\/\/news.save.ch\/lichterloeschen-in-muehleberg\/"},"wordCount":891,"publisher":{"@id":"https:\/\/news.save.ch\/de\/#organization"},"image":{"@id":"https:\/\/news.save.ch\/lichterloeschen-in-muehleberg\/#primaryimage"},"thumbnailUrl":"https:\/\/news.save.ch\/wp-content\/uploads\/2019\/12\/05_Muehleberg.jpg","keywords":["AKW","Erneuerbare Energie","Kernkraftwerk","M\u00fchleberg","Nationale Alarmzentrale","NAZ","Solarstrom","Stilllegung","Stromversorgung","Suisse Eole","Swissolar","Windenergie"],"articleSection":["ALLGEMEIN"],"inLanguage":"en-US"},{"@type":"WebPage","@id":"https:\/\/news.save.ch\/lichterloeschen-in-muehleberg\/","url":"https:\/\/news.save.ch\/lichterloeschen-in-muehleberg\/","name":"M\u00fchleberg is history - Save","isPartOf":{"@id":"https:\/\/news.save.ch\/de\/#website"},"primaryImageOfPage":{"@id":"https:\/\/news.save.ch\/lichterloeschen-in-muehleberg\/#primaryimage"},"image":{"@id":"https:\/\/news.save.ch\/lichterloeschen-in-muehleberg\/#primaryimage"},"thumbnailUrl":"https:\/\/news.save.ch\/wp-content\/uploads\/2019\/12\/05_Muehleberg.jpg","datePublished":"2019-12-20T04:00:13+00:00","breadcrumb":{"@id":"https:\/\/news.save.ch\/lichterloeschen-in-muehleberg\/#breadcrumb"},"inLanguage":"en-US","potentialAction":[{"@type":"ReadAction","target":["https:\/\/news.save.ch\/lichterloeschen-in-muehleberg\/"]}]},{"@type":"ImageObject","inLanguage":"en-US","@id":"https:\/\/news.save.ch\/lichterloeschen-in-muehleberg\/#primaryimage","url":"https:\/\/news.save.ch\/wp-content\/uploads\/2019\/12\/05_Muehleberg.jpg","contentUrl":"https:\/\/news.save.ch\/wp-content\/uploads\/2019\/12\/05_Muehleberg.jpg","width":1190,"height":891,"caption":"\u00a9 BKW"},{"@type":"BreadcrumbList","@id":"https:\/\/news.save.ch\/lichterloeschen-in-muehleberg\/#breadcrumb","itemListElement":[{"@type":"ListItem","position":1,"name":"Home","item":"https:\/\/news.save.ch\/de\/"},{"@type":"ListItem","position":2,"name":"M\u00fchleberg ist Geschichte"}]},{"@type":"WebSite","@id":"https:\/\/news.save.ch\/de\/#website","url":"https:\/\/news.save.ch\/de\/","name":"Save","description":"Swiss trade journal for safety","publisher":{"@id":"https:\/\/news.save.ch\/de\/#organization"},"potentialAction":[{"@type":"SearchAction","target":{"@type":"EntryPoint","urlTemplate":"https:\/\/news.save.ch\/de\/?s={search_term_string}"},"query-input":{"@type":"PropertyValueSpecification","valueRequired":true,"valueName":"search_term_string"}}],"inLanguage":"en-US"},{"@type":"Organization","@id":"https:\/\/news.save.ch\/de\/#organization","name":"Security Forum","url":"https:\/\/news.save.ch\/de\/","logo":{"@type":"ImageObject","inLanguage":"en-US","@id":"https:\/\/news.save.ch\/de\/#\/schema\/logo\/image\/","url":"https:\/\/news.save.ch\/wp-content\/uploads\/2022\/06\/Logo_SF_2012.png","contentUrl":"https:\/\/news.save.ch\/wp-content\/uploads\/2022\/06\/Logo_SF_2012.png","width":1100,"height":91,"caption":"Sicherheitsforum"},"image":{"@id":"https:\/\/news.save.ch\/de\/#\/schema\/logo\/image\/"}},{"@type":"Person","@id":"https:\/\/news.save.ch\/de\/#\/schema\/person\/d5022db048e0e2b9785c50e5b24da5aa","name":"Roger Str\u00e4ssle","image":{"@type":"ImageObject","inLanguage":"en-US","@id":"https:\/\/secure.gravatar.com\/avatar\/862a5569d087de48e5856e32f45d719a03804c891d6deb8d4f71a660e79e4a47?s=96&d=mm&r=g","url":"https:\/\/secure.gravatar.com\/avatar\/862a5569d087de48e5856e32f45d719a03804c891d6deb8d4f71a660e79e4a47?s=96&d=mm&r=g","contentUrl":"https:\/\/secure.gravatar.com\/avatar\/862a5569d087de48e5856e32f45d719a03804c891d6deb8d4f71a660e79e4a47?s=96&d=mm&r=g","caption":"Roger Str\u00e4ssle"},"url":"https:\/\/news.save.ch\/en\/author\/roger-straessle\/"}]}},"_links":{"self":[{"href":"https:\/\/news.save.ch\/en\/wp-json\/wp\/v2\/posts\/9239","targetHints":{"allow":["GET"]}}],"collection":[{"href":"https:\/\/news.save.ch\/en\/wp-json\/wp\/v2\/posts"}],"about":[{"href":"https:\/\/news.save.ch\/en\/wp-json\/wp\/v2\/types\/post"}],"author":[{"embeddable":true,"href":"https:\/\/news.save.ch\/en\/wp-json\/wp\/v2\/users\/8"}],"replies":[{"embeddable":true,"href":"https:\/\/news.save.ch\/en\/wp-json\/wp\/v2\/comments?post=9239"}],"version-history":[{"count":0,"href":"https:\/\/news.save.ch\/en\/wp-json\/wp\/v2\/posts\/9239\/revisions"}],"wp:featuredmedia":[{"embeddable":true,"href":"https:\/\/news.save.ch\/en\/wp-json\/wp\/v2\/media\/9240"}],"wp:attachment":[{"href":"https:\/\/news.save.ch\/en\/wp-json\/wp\/v2\/media?parent=9239"}],"wp:term":[{"taxonomy":"category","embeddable":true,"href":"https:\/\/news.save.ch\/en\/wp-json\/wp\/v2\/categories?post=9239"},{"taxonomy":"post_tag","embeddable":true,"href":"https:\/\/news.save.ch\/en\/wp-json\/wp\/v2\/tags?post=9239"}],"curies":[{"name":"wp","href":"https:\/\/api.w.org\/{rel}","templated":true}]}}