{"id":9269,"date":"2022-06-30T07:26:58","date_gmt":"2022-06-30T05:26:58","guid":{"rendered":"https:\/\/news.save.ch\/?p=9269"},"modified":"2023-06-27T07:41:43","modified_gmt":"2023-06-27T05:41:43","slug":"jaehrlich-wird-jeder-achte-lernende-opfer-eines-berufsunfalls","status":null,"type":"post","link":"https:\/\/news.save.ch\/en\/jaehrlich-wird-jeder-achte-lernende-opfer-eines-berufsunfalls\/","title":{"rendered":"Every year, one in eight apprentices is the victim of an occupational accident"},"content":{"rendered":"<figure id=\"attachment_7587\" aria-describedby=\"caption-attachment-7587\" style=\"width: 680px\" class=\"wp-caption alignnone\"><img loading=\"lazy\" decoding=\"async\" class=\"wp-image-7587 size-medium\" src=\"https:\/\/news.save.ch\/wp-content\/uploads\/2021\/08\/Lehrzeit-680x510.jpeg\" alt=\"Learner\" width=\"680\" height=\"510\" srcset=\"https:\/\/news.save.ch\/wp-content\/uploads\/2021\/08\/Lehrzeit-680x510.jpeg 680w, https:\/\/news.save.ch\/wp-content\/uploads\/2021\/08\/Lehrzeit-768x576.jpeg 768w, https:\/\/news.save.ch\/wp-content\/uploads\/2021\/08\/Lehrzeit-16x12.jpeg 16w, https:\/\/news.save.ch\/wp-content\/uploads\/2021\/08\/Lehrzeit-375x281.jpeg 375w, https:\/\/news.save.ch\/wp-content\/uploads\/2021\/08\/Lehrzeit-467x350.jpeg 467w, https:\/\/news.save.ch\/wp-content\/uploads\/2021\/08\/Lehrzeit.jpeg 960w\" sizes=\"auto, (max-width: 680px) 100vw, 680px\" \/><figcaption id=\"caption-attachment-7587\" class=\"wp-caption-text\">zVg<\/figcaption><\/figure>\n<p>When I got closer, I saw the sheets with the two lifeless bodies underneath.\" This is how Thomas Schwegler, managing director of an SME, remembers the day he will never forget. An employee and an apprentice lost their lives while doing a job that is part of everyday life at the company. \"Before this accident, I could never imagine ever getting into such a situation. And I wish nothing more than that someone had been there to say stop.\"<\/p>\n<h2>High risk<\/h2>\n<p>Every year, one in eight apprentices is the victim of an occupational accident. Two even lose their lives each year. The risk of having an accident is almost twice as high for apprentices as for other employees. Several reasons contribute to this: Apprentices are new to the job and new to the company. They are less experienced and often more careless. They overestimate their abilities and do not dare to ask questions. In addition, supervisors do not always behave in an exemplary manner and provide too little instruction. This makes them all the more responsible.<\/p>\n<h2>Stop badge as a symbol<\/h2>\n<p>Vocational trainers play a central role during the apprenticeship period. They are important confidants and key figures for safety issues. The stop card serves as the basis for a safe apprenticeship period. This is filled out together with the apprentices at the beginning of the apprenticeship period. It symbolizes the right and duty to say stop in case of danger. The learners must then say stop if a vital rule is violated, the work assignment is unclear or they feel unsafe or overwhelmed.<\/p>\n<h2>Stop Saying Tips<\/h2>\n<p>It is not always easy to say stop and to interrupt the work in case of danger. Apprentices need a lot of courage and self-confidence to do this. It can help if young professionals talk to their supervisors or colleagues from vocational school. Tips from peers on the subject of saying stop encourage them to actually use this in practice. Supervisors should work with learners in advance on how they might respond if someone reacts negatively to stop-saying. If vocational trainers repeatedly encourage their learners to ask questions, this strengthens the self-confidence of the young professionals. After all, they are still in training and are allowed to address uncertainties.<\/p>\n<h2>Ten tips for learners<\/h2>\n<ul>\n<li>I comply with the safety rules of the company.<\/li>\n<li>I always use the personal protective equipment.<\/li>\n<li>I abide by the vital rules of my profession.<\/li>\n<li>I do not work with a piece of equipment until I have been instructed to do so.<\/li>\n<li>I do the work systematically and plan enough time for it.<\/li>\n<li>I ask when something is unclear.<\/li>\n<li>I don't get distracted at work.<\/li>\n<li>I come to work rested.<\/li>\n<li>I come to work sober.<\/li>\n<li>I behave in a way that does not injure myself in physical education class.<\/li>\n<\/ul>\n<p><em>Source: Suva<\/em><\/p>\n<p>&nbsp;<\/p>","protected":false},"excerpt":{"rendered":"<p>Als ich n\u00e4her kam, sah ich die Leint\u00fccher mit den zwei leblosen K\u00f6rpern darunter.\u00bb So erinnert sich Thomas Schwegler, Gesch\u00e4ftsf\u00fchrer eines KMU, an den Tag, den er niemals vergessen wird. Ein Mitarbeiter und ein Lernender kamen bei einer Arbeit ums Leben, die im Betrieb zum Alltag geh\u00f6rt. \u00abIch konnte mir vor diesem Unfall nie vorstellen, [&hellip;]<\/p>\n","protected":false},"author":9,"featured_media":7587,"comment_status":"closed","ping_status":"closed","sticky":false,"template":"","format":"standard","meta":{"_acf_changed":false,"pgc_sgb_lightbox_settings":"","footnotes":""},"categories":[3314],"tags":[1767,1781,2460,4390,4389,4391],"class_list":["post-9269","post","type-post","status-publish","format-standard","has-post-thumbnail","hentry","category-health-safety","tag-berufsunfall","tag-betriebsunfaelle","tag-lernende","tag-sicherheit-am-arbeitsplatz","tag-stopp-ausweis","tag-verantwortung-der-vorgesetzten"],"acf":[],"hkrextid":null,"publication":null,"issue":null,"workflow":null,"startPage":null,"spitzmarke":null,"_posts_by_tag_page_fields":{"widget_title":"","widget_tags":""},"_at_widget":"1","_yoast_wpseo_primary_category":"","_yoast_wpseo_focuskw_text_input":null,"_yoast_wpseo_opengraph-image":null,"_yoast_wpseo_opengraph-description":null,"_yoast_wpseo_opengraph-title":null,"enclosure":null,"_yoast_wpseo_twitter-title":null,"_yoast_wpseo_twitter-description":null,"_yoast_wpseo_twitter-image":null,"_wp_old_slug":null,"_yoast_wpseo_title":null,"_yoast_wpseo_canonical":null,"yoast_head":"<!-- This site is optimized with the Yoast SEO plugin v27.4 - https:\/\/yoast.com\/product\/yoast-seo-wordpress\/ -->\n<title>J\u00e4hrlich wird jeder achte Lernende Opfer eines Berufsunfalls - Save<\/title>\n<meta name=\"description\" content=\"25&#039;000 Lernende verunfallen j\u00e4hrlich in der Schweiz bei der Arbeit. Um diese Zahl zu senken, brauchen Lernende die Unterst\u00fctzung durch die Berufsbildenden und den Mut, Stopp zu sagen.\" \/>\n<meta name=\"robots\" content=\"index, follow, max-snippet:-1, max-image-preview:large, max-video-preview:-1\" \/>\n<link rel=\"canonical\" href=\"https:\/\/news.save.ch\/en\/jaehrlich-wird-jeder-achte-lernende-opfer-eines-berufsunfalls\/\" \/>\n<meta property=\"og:locale\" content=\"en_US\" \/>\n<meta property=\"og:type\" content=\"article\" \/>\n<meta property=\"og:title\" content=\"J\u00e4hrlich wird jeder achte Lernende Opfer eines Berufsunfalls - Save\" \/>\n<meta property=\"og:description\" content=\"25&#039;000 Lernende verunfallen j\u00e4hrlich in der Schweiz bei der Arbeit. Um diese Zahl zu senken, brauchen Lernende die Unterst\u00fctzung durch die Berufsbildenden und den Mut, Stopp zu sagen.\" \/>\n<meta property=\"og:url\" content=\"https:\/\/news.save.ch\/en\/jaehrlich-wird-jeder-achte-lernende-opfer-eines-berufsunfalls\/\" \/>\n<meta property=\"og:site_name\" content=\"Save\" \/>\n<meta property=\"article:published_time\" content=\"2022-06-30T05:26:58+00:00\" \/>\n<meta property=\"article:modified_time\" content=\"2023-06-27T05:41:43+00:00\" \/>\n<meta property=\"og:image\" content=\"https:\/\/news.save.ch\/wp-content\/uploads\/2021\/08\/Lehrzeit.jpeg\" \/>\n\t<meta property=\"og:image:width\" content=\"960\" \/>\n\t<meta property=\"og:image:height\" content=\"720\" \/>\n\t<meta property=\"og:image:type\" content=\"image\/jpeg\" \/>\n<meta name=\"author\" content=\"Simon Gr\u00f6flin\" \/>\n<meta name=\"twitter:card\" content=\"summary_large_image\" \/>\n<meta name=\"twitter:label1\" content=\"Written by\" \/>\n\t<meta name=\"twitter:data1\" content=\"Simon Gr\u00f6flin\" \/>\n\t<meta name=\"twitter:label2\" content=\"Est. reading time\" \/>\n\t<meta name=\"twitter:data2\" content=\"3 minutes\" \/>\n<script type=\"application\/ld+json\" class=\"yoast-schema-graph\">{\"@context\":\"https:\\\/\\\/schema.org\",\"@graph\":[{\"@type\":\"Article\",\"@id\":\"https:\\\/\\\/news.save.ch\\\/jaehrlich-wird-jeder-achte-lernende-opfer-eines-berufsunfalls\\\/#article\",\"isPartOf\":{\"@id\":\"https:\\\/\\\/news.save.ch\\\/jaehrlich-wird-jeder-achte-lernende-opfer-eines-berufsunfalls\\\/\"},\"author\":{\"name\":\"Simon Gr\u00f6flin\",\"@id\":\"https:\\\/\\\/news.save.ch\\\/de\\\/#\\\/schema\\\/person\\\/ad4ef21102fd6125312409ac57d5296d\"},\"headline\":\"J\u00e4hrlich wird jeder achte Lernende Opfer eines Berufsunfalls\",\"datePublished\":\"2022-06-30T05:26:58+00:00\",\"dateModified\":\"2023-06-27T05:41:43+00:00\",\"mainEntityOfPage\":{\"@id\":\"https:\\\/\\\/news.save.ch\\\/jaehrlich-wird-jeder-achte-lernende-opfer-eines-berufsunfalls\\\/\"},\"wordCount\":487,\"publisher\":{\"@id\":\"https:\\\/\\\/news.save.ch\\\/de\\\/#organization\"},\"image\":{\"@id\":\"https:\\\/\\\/news.save.ch\\\/jaehrlich-wird-jeder-achte-lernende-opfer-eines-berufsunfalls\\\/#primaryimage\"},\"thumbnailUrl\":\"https:\\\/\\\/news.save.ch\\\/wp-content\\\/uploads\\\/2021\\\/08\\\/Lehrzeit.jpeg\",\"keywords\":[\"Berufsunfall\",\"Betriebsunf\u00e4lle\",\"Lernende\",\"Sicherheit am Arbeitsplatz\",\"Stopp-Ausweis\",\"Verantwortung der Vorgesetzten\"],\"articleSection\":[\"HEALTH &amp; SAFETY\"],\"inLanguage\":\"en-US\"},{\"@type\":\"WebPage\",\"@id\":\"https:\\\/\\\/news.save.ch\\\/jaehrlich-wird-jeder-achte-lernende-opfer-eines-berufsunfalls\\\/\",\"url\":\"https:\\\/\\\/news.save.ch\\\/jaehrlich-wird-jeder-achte-lernende-opfer-eines-berufsunfalls\\\/\",\"name\":\"J\u00e4hrlich wird jeder achte Lernende Opfer eines Berufsunfalls - Save\",\"isPartOf\":{\"@id\":\"https:\\\/\\\/news.save.ch\\\/de\\\/#website\"},\"primaryImageOfPage\":{\"@id\":\"https:\\\/\\\/news.save.ch\\\/jaehrlich-wird-jeder-achte-lernende-opfer-eines-berufsunfalls\\\/#primaryimage\"},\"image\":{\"@id\":\"https:\\\/\\\/news.save.ch\\\/jaehrlich-wird-jeder-achte-lernende-opfer-eines-berufsunfalls\\\/#primaryimage\"},\"thumbnailUrl\":\"https:\\\/\\\/news.save.ch\\\/wp-content\\\/uploads\\\/2021\\\/08\\\/Lehrzeit.jpeg\",\"datePublished\":\"2022-06-30T05:26:58+00:00\",\"dateModified\":\"2023-06-27T05:41:43+00:00\",\"description\":\"25'000 Lernende verunfallen j\u00e4hrlich in der Schweiz bei der Arbeit. Um diese Zahl zu senken, brauchen Lernende die Unterst\u00fctzung durch die Berufsbildenden und den Mut, Stopp zu sagen.\",\"breadcrumb\":{\"@id\":\"https:\\\/\\\/news.save.ch\\\/jaehrlich-wird-jeder-achte-lernende-opfer-eines-berufsunfalls\\\/#breadcrumb\"},\"inLanguage\":\"en-US\",\"potentialAction\":[{\"@type\":\"ReadAction\",\"target\":[\"https:\\\/\\\/news.save.ch\\\/jaehrlich-wird-jeder-achte-lernende-opfer-eines-berufsunfalls\\\/\"]}]},{\"@type\":\"ImageObject\",\"inLanguage\":\"en-US\",\"@id\":\"https:\\\/\\\/news.save.ch\\\/jaehrlich-wird-jeder-achte-lernende-opfer-eines-berufsunfalls\\\/#primaryimage\",\"url\":\"https:\\\/\\\/news.save.ch\\\/wp-content\\\/uploads\\\/2021\\\/08\\\/Lehrzeit.jpeg\",\"contentUrl\":\"https:\\\/\\\/news.save.ch\\\/wp-content\\\/uploads\\\/2021\\\/08\\\/Lehrzeit.jpeg\",\"width\":960,\"height\":720,\"caption\":\"zVg\"},{\"@type\":\"BreadcrumbList\",\"@id\":\"https:\\\/\\\/news.save.ch\\\/jaehrlich-wird-jeder-achte-lernende-opfer-eines-berufsunfalls\\\/#breadcrumb\",\"itemListElement\":[{\"@type\":\"ListItem\",\"position\":1,\"name\":\"Home\",\"item\":\"https:\\\/\\\/news.save.ch\\\/de\\\/\"},{\"@type\":\"ListItem\",\"position\":2,\"name\":\"J\u00e4hrlich wird jeder achte Lernende Opfer eines Berufsunfalls\"}]},{\"@type\":\"WebSite\",\"@id\":\"https:\\\/\\\/news.save.ch\\\/de\\\/#website\",\"url\":\"https:\\\/\\\/news.save.ch\\\/de\\\/\",\"name\":\"Save\",\"description\":\"Schweizer Fachzeitschrift f\u00fcr Sicherheit\",\"publisher\":{\"@id\":\"https:\\\/\\\/news.save.ch\\\/de\\\/#organization\"},\"potentialAction\":[{\"@type\":\"SearchAction\",\"target\":{\"@type\":\"EntryPoint\",\"urlTemplate\":\"https:\\\/\\\/news.save.ch\\\/de\\\/?s={search_term_string}\"},\"query-input\":{\"@type\":\"PropertyValueSpecification\",\"valueRequired\":true,\"valueName\":\"search_term_string\"}}],\"inLanguage\":\"en-US\"},{\"@type\":\"Organization\",\"@id\":\"https:\\\/\\\/news.save.ch\\\/de\\\/#organization\",\"name\":\"Sicherheitsforum\",\"url\":\"https:\\\/\\\/news.save.ch\\\/de\\\/\",\"logo\":{\"@type\":\"ImageObject\",\"inLanguage\":\"en-US\",\"@id\":\"https:\\\/\\\/news.save.ch\\\/de\\\/#\\\/schema\\\/logo\\\/image\\\/\",\"url\":\"https:\\\/\\\/news.save.ch\\\/wp-content\\\/uploads\\\/2022\\\/06\\\/Logo_SF_2012.png\",\"contentUrl\":\"https:\\\/\\\/news.save.ch\\\/wp-content\\\/uploads\\\/2022\\\/06\\\/Logo_SF_2012.png\",\"width\":1100,\"height\":91,\"caption\":\"Sicherheitsforum\"},\"image\":{\"@id\":\"https:\\\/\\\/news.save.ch\\\/de\\\/#\\\/schema\\\/logo\\\/image\\\/\"}},{\"@type\":\"Person\",\"@id\":\"https:\\\/\\\/news.save.ch\\\/de\\\/#\\\/schema\\\/person\\\/ad4ef21102fd6125312409ac57d5296d\",\"name\":\"Simon Gr\u00f6flin\",\"image\":{\"@type\":\"ImageObject\",\"inLanguage\":\"en-US\",\"@id\":\"https:\\\/\\\/secure.gravatar.com\\\/avatar\\\/6ddceb80eb734354635539e0ea5140bb7c41e42de7c45c9a2ab9921b5d5c9a83?s=96&d=mm&r=g\",\"url\":\"https:\\\/\\\/secure.gravatar.com\\\/avatar\\\/6ddceb80eb734354635539e0ea5140bb7c41e42de7c45c9a2ab9921b5d5c9a83?s=96&d=mm&r=g\",\"contentUrl\":\"https:\\\/\\\/secure.gravatar.com\\\/avatar\\\/6ddceb80eb734354635539e0ea5140bb7c41e42de7c45c9a2ab9921b5d5c9a83?s=96&d=mm&r=g\",\"caption\":\"Simon Gr\u00f6flin\"},\"url\":\"https:\\\/\\\/news.save.ch\\\/en\\\/author\\\/simon-groeflin\\\/\"}]}<\/script>\n<!-- \/ Yoast SEO plugin. -->","yoast_head_json":{"title":"Every year, one in eight apprentices is the victim of an occupational accident - Save","description":"25,000 apprentices have accidents at work in Switzerland every year. To reduce this number, learners need the support of vocational educators and the courage to say stop.","robots":{"index":"index","follow":"follow","max-snippet":"max-snippet:-1","max-image-preview":"max-image-preview:large","max-video-preview":"max-video-preview:-1"},"canonical":"https:\/\/news.save.ch\/en\/jaehrlich-wird-jeder-achte-lernende-opfer-eines-berufsunfalls\/","og_locale":"en_US","og_type":"article","og_title":"J\u00e4hrlich wird jeder achte Lernende Opfer eines Berufsunfalls - Save","og_description":"25'000 Lernende verunfallen j\u00e4hrlich in der Schweiz bei der Arbeit. Um diese Zahl zu senken, brauchen Lernende die Unterst\u00fctzung durch die Berufsbildenden und den Mut, Stopp zu sagen.","og_url":"https:\/\/news.save.ch\/en\/jaehrlich-wird-jeder-achte-lernende-opfer-eines-berufsunfalls\/","og_site_name":"Save","article_published_time":"2022-06-30T05:26:58+00:00","article_modified_time":"2023-06-27T05:41:43+00:00","og_image":[{"width":960,"height":720,"url":"https:\/\/news.save.ch\/wp-content\/uploads\/2021\/08\/Lehrzeit.jpeg","type":"image\/jpeg"}],"author":"Simon Gr\u00f6flin","twitter_card":"summary_large_image","twitter_misc":{"Written by":"Simon Gr\u00f6flin","Est. reading time":"3 minutes"},"schema":{"@context":"https:\/\/schema.org","@graph":[{"@type":"Article","@id":"https:\/\/news.save.ch\/jaehrlich-wird-jeder-achte-lernende-opfer-eines-berufsunfalls\/#article","isPartOf":{"@id":"https:\/\/news.save.ch\/jaehrlich-wird-jeder-achte-lernende-opfer-eines-berufsunfalls\/"},"author":{"name":"Simon Gr\u00f6flin","@id":"https:\/\/news.save.ch\/de\/#\/schema\/person\/ad4ef21102fd6125312409ac57d5296d"},"headline":"J\u00e4hrlich wird jeder achte Lernende Opfer eines Berufsunfalls","datePublished":"2022-06-30T05:26:58+00:00","dateModified":"2023-06-27T05:41:43+00:00","mainEntityOfPage":{"@id":"https:\/\/news.save.ch\/jaehrlich-wird-jeder-achte-lernende-opfer-eines-berufsunfalls\/"},"wordCount":487,"publisher":{"@id":"https:\/\/news.save.ch\/de\/#organization"},"image":{"@id":"https:\/\/news.save.ch\/jaehrlich-wird-jeder-achte-lernende-opfer-eines-berufsunfalls\/#primaryimage"},"thumbnailUrl":"https:\/\/news.save.ch\/wp-content\/uploads\/2021\/08\/Lehrzeit.jpeg","keywords":["Berufsunfall","Betriebsunf\u00e4lle","Lernende","Sicherheit am Arbeitsplatz","Stopp-Ausweis","Verantwortung der Vorgesetzten"],"articleSection":["HEALTH &amp; SAFETY"],"inLanguage":"en-US"},{"@type":"WebPage","@id":"https:\/\/news.save.ch\/jaehrlich-wird-jeder-achte-lernende-opfer-eines-berufsunfalls\/","url":"https:\/\/news.save.ch\/jaehrlich-wird-jeder-achte-lernende-opfer-eines-berufsunfalls\/","name":"Every year, one in eight apprentices is the victim of an occupational accident - Save","isPartOf":{"@id":"https:\/\/news.save.ch\/de\/#website"},"primaryImageOfPage":{"@id":"https:\/\/news.save.ch\/jaehrlich-wird-jeder-achte-lernende-opfer-eines-berufsunfalls\/#primaryimage"},"image":{"@id":"https:\/\/news.save.ch\/jaehrlich-wird-jeder-achte-lernende-opfer-eines-berufsunfalls\/#primaryimage"},"thumbnailUrl":"https:\/\/news.save.ch\/wp-content\/uploads\/2021\/08\/Lehrzeit.jpeg","datePublished":"2022-06-30T05:26:58+00:00","dateModified":"2023-06-27T05:41:43+00:00","description":"25,000 apprentices have accidents at work in Switzerland every year. To reduce this number, learners need the support of vocational educators and the courage to say stop.","breadcrumb":{"@id":"https:\/\/news.save.ch\/jaehrlich-wird-jeder-achte-lernende-opfer-eines-berufsunfalls\/#breadcrumb"},"inLanguage":"en-US","potentialAction":[{"@type":"ReadAction","target":["https:\/\/news.save.ch\/jaehrlich-wird-jeder-achte-lernende-opfer-eines-berufsunfalls\/"]}]},{"@type":"ImageObject","inLanguage":"en-US","@id":"https:\/\/news.save.ch\/jaehrlich-wird-jeder-achte-lernende-opfer-eines-berufsunfalls\/#primaryimage","url":"https:\/\/news.save.ch\/wp-content\/uploads\/2021\/08\/Lehrzeit.jpeg","contentUrl":"https:\/\/news.save.ch\/wp-content\/uploads\/2021\/08\/Lehrzeit.jpeg","width":960,"height":720,"caption":"zVg"},{"@type":"BreadcrumbList","@id":"https:\/\/news.save.ch\/jaehrlich-wird-jeder-achte-lernende-opfer-eines-berufsunfalls\/#breadcrumb","itemListElement":[{"@type":"ListItem","position":1,"name":"Home","item":"https:\/\/news.save.ch\/de\/"},{"@type":"ListItem","position":2,"name":"J\u00e4hrlich wird jeder achte Lernende Opfer eines Berufsunfalls"}]},{"@type":"WebSite","@id":"https:\/\/news.save.ch\/de\/#website","url":"https:\/\/news.save.ch\/de\/","name":"Save","description":"Swiss trade journal for safety","publisher":{"@id":"https:\/\/news.save.ch\/de\/#organization"},"potentialAction":[{"@type":"SearchAction","target":{"@type":"EntryPoint","urlTemplate":"https:\/\/news.save.ch\/de\/?s={search_term_string}"},"query-input":{"@type":"PropertyValueSpecification","valueRequired":true,"valueName":"search_term_string"}}],"inLanguage":"en-US"},{"@type":"Organization","@id":"https:\/\/news.save.ch\/de\/#organization","name":"Security Forum","url":"https:\/\/news.save.ch\/de\/","logo":{"@type":"ImageObject","inLanguage":"en-US","@id":"https:\/\/news.save.ch\/de\/#\/schema\/logo\/image\/","url":"https:\/\/news.save.ch\/wp-content\/uploads\/2022\/06\/Logo_SF_2012.png","contentUrl":"https:\/\/news.save.ch\/wp-content\/uploads\/2022\/06\/Logo_SF_2012.png","width":1100,"height":91,"caption":"Sicherheitsforum"},"image":{"@id":"https:\/\/news.save.ch\/de\/#\/schema\/logo\/image\/"}},{"@type":"Person","@id":"https:\/\/news.save.ch\/de\/#\/schema\/person\/ad4ef21102fd6125312409ac57d5296d","name":"Simon Gr\u00f6flin","image":{"@type":"ImageObject","inLanguage":"en-US","@id":"https:\/\/secure.gravatar.com\/avatar\/6ddceb80eb734354635539e0ea5140bb7c41e42de7c45c9a2ab9921b5d5c9a83?s=96&d=mm&r=g","url":"https:\/\/secure.gravatar.com\/avatar\/6ddceb80eb734354635539e0ea5140bb7c41e42de7c45c9a2ab9921b5d5c9a83?s=96&d=mm&r=g","contentUrl":"https:\/\/secure.gravatar.com\/avatar\/6ddceb80eb734354635539e0ea5140bb7c41e42de7c45c9a2ab9921b5d5c9a83?s=96&d=mm&r=g","caption":"Simon Gr\u00f6flin"},"url":"https:\/\/news.save.ch\/en\/author\/simon-groeflin\/"}]}},"_links":{"self":[{"href":"https:\/\/news.save.ch\/en\/wp-json\/wp\/v2\/posts\/9269","targetHints":{"allow":["GET"]}}],"collection":[{"href":"https:\/\/news.save.ch\/en\/wp-json\/wp\/v2\/posts"}],"about":[{"href":"https:\/\/news.save.ch\/en\/wp-json\/wp\/v2\/types\/post"}],"author":[{"embeddable":true,"href":"https:\/\/news.save.ch\/en\/wp-json\/wp\/v2\/users\/9"}],"replies":[{"embeddable":true,"href":"https:\/\/news.save.ch\/en\/wp-json\/wp\/v2\/comments?post=9269"}],"version-history":[{"count":4,"href":"https:\/\/news.save.ch\/en\/wp-json\/wp\/v2\/posts\/9269\/revisions"}],"predecessor-version":[{"id":20376,"href":"https:\/\/news.save.ch\/en\/wp-json\/wp\/v2\/posts\/9269\/revisions\/20376"}],"wp:featuredmedia":[{"embeddable":true,"href":"https:\/\/news.save.ch\/en\/wp-json\/wp\/v2\/media\/7587"}],"wp:attachment":[{"href":"https:\/\/news.save.ch\/en\/wp-json\/wp\/v2\/media?parent=9269"}],"wp:term":[{"taxonomy":"category","embeddable":true,"href":"https:\/\/news.save.ch\/en\/wp-json\/wp\/v2\/categories?post=9269"},{"taxonomy":"post_tag","embeddable":true,"href":"https:\/\/news.save.ch\/en\/wp-json\/wp\/v2\/tags?post=9269"}],"curies":[{"name":"wp","href":"https:\/\/api.w.org\/{rel}","templated":true}]}}