{"id":9523,"date":"2020-02-24T15:36:13","date_gmt":"2020-02-24T14:36:13","guid":{"rendered":"https:\/\/news.save.ch\/?p=9523"},"modified":"2023-03-14T08:56:39","modified_gmt":"2023-03-14T07:56:39","slug":"entflechtung-und-weiterentwicklung-der-ruag-nach-cyberangriff","status":null,"type":"post","link":"https:\/\/news.save.ch\/en\/entflechtung-und-weiterentwicklung-der-ruag-nach-cyberangriff\/","title":{"rendered":"Unbundling and further development of Ruag after cyber attack"},"content":{"rendered":"<figure id=\"attachment_9524\" aria-describedby=\"caption-attachment-9524\" style=\"width: 680px\" class=\"wp-caption aligncenter\"><img loading=\"lazy\" decoding=\"async\" class=\"size-medium wp-image-9524\" src=\"https:\/\/news.save.ch\/wp-content\/uploads\/2020\/02\/ruag_Depositphotos.jpg\" alt=\"\" width=\"680\" height=\"454\" srcset=\"https:\/\/news.save.ch\/wp-content\/uploads\/2020\/02\/ruag_Depositphotos.jpg 1000w, https:\/\/news.save.ch\/wp-content\/uploads\/2020\/02\/ruag_Depositphotos-375x250.jpg 375w\" sizes=\"auto, (max-width: 680px) 100vw, 680px\" \/><figcaption id=\"caption-attachment-9524\" class=\"wp-caption-text\">\u00a9 depositphotos, kjekol<\/figcaption><\/figure>\n<p>&nbsp;<\/p>\n<p>The National Council's Business Audit Committee (GPK-N) welcomes in its <a href=\"https:\/\/www.newsd.admin.ch\/newsd\/message\/attachments\/60390.pdf\">Report<\/a> of November 19, 2019, that the Federal Council has implemented their recommendations and taken key decisions with regard to the unbundling of IT and the further development of Ruag, according to today's media release. In its statement, the Federal Council confirms that the unbundling of Ruag is proceeding according to plan. Ruag's divisions, which mainly serve the Swiss Armed Forces, and those that operate on the free market have been organizationally separated as of Jan. 1, 2020. The legal and financial unbundling as well as the separation of IT will be completed by mid-2020. The Board of Directors of the newly established BGRB umbrella holding company, which is responsible for enforcing the strategic objectives of the Federal Council, has begun its work.<\/p>\n<p><strong>Risk minimization through unbundling of information technology<\/strong><\/p>\n<p>As the Federal Council notes in its statement, the unbundling of IT and the integration of the data of the <a href=\"https:\/\/www.ruag.com\/de\/ueber-ruag\/organisation\/konzernbereiche\/ruag-mro-schweiz\">MRO Switzerland<\/a> extensive precautionary measures have been taken in the security perimeter of the Armed Forces Command Support Base (FUB). All interfaces required for business operations will be demarcated by firewalls and access controls. There will no longer be any uncontrolled \"entanglements\" and MRO Switzerland will comply with the security standards of the Defense sector. The Federal Council perceives the improvement of processes and the assurance of cyber and information security as an ongoing task.<\/p>\n<p><strong>Appropriate control instruments<\/strong><\/p>\n<p>As the Federal Council continues, it has complied with the recommendations of the GPK-N on the strategic management of Ruag. In particular, it ensures that its management instruments are used appropriately to safeguard the interests of the owners. As with all federally owned companies, the Confederation also controls Ruag at a strategic level, primarily through the Federal Council's strategic goals, regular owner discussions and the election of the Board of Directors.<\/p>\n<p>The unbundling of the Group and the planned privatization of Ruag International is a highly complex project. The decisive factor for the unbundling and further development of Ruag was the desire to reduce risks for the owner in the medium term, which the owner was no longer willing to bear due to Ruag's international orientation and its integration with the federal government's IT. Moreover, the continuation of the Group in its original form would no longer have been legally tenable.<\/p>\n<p><em>Press release Confederation<\/em><\/p>\n<p>&nbsp;<\/p>","protected":false},"excerpt":{"rendered":"<p>&nbsp; Die Gesch\u00e4ftspr\u00fcfungskommission des Nationalrates (GPK-N) begr\u00fcsst in ihrem Bericht vom 19. November 2019, dass der Bundesrat ihre Empfehlungen umgesetzt und wesentliche Entscheide im Hinblick auf die Entflechtung der Informatik und die Weiterentwicklung der Ruag getroffen hat, wie es in der heutigen Medienmitteilung heisst. Der Bundesrat best\u00e4tigt in seiner Stellungnahme, dass die Entflechtung der Ruag [&hellip;]<\/p>\n","protected":false},"author":8,"featured_media":9524,"comment_status":"closed","ping_status":"closed","sticky":false,"template":"","format":"standard","meta":{"_acf_changed":false,"pgc_sgb_lightbox_settings":"","footnotes":""},"categories":[3313],"tags":[682,681,683,684],"class_list":["post-9523","post","type-post","status-publish","format-standard","has-post-thumbnail","hentry","category-digitalisierung","tag-geschaeftspruefungskommission-des-nationalrates","tag-gpk-n","tag-risikominimierung","tag-ruag"],"acf":[],"hkrextid":null,"publication":null,"issue":null,"workflow":null,"startPage":null,"spitzmarke":null,"_posts_by_tag_page_fields":{"widget_title":"","widget_tags":""},"_at_widget":"1","_yoast_wpseo_primary_category":"2","_yoast_wpseo_focuskw_text_input":"Ruag","_yoast_wpseo_opengraph-image":null,"_yoast_wpseo_opengraph-description":null,"_yoast_wpseo_opengraph-title":null,"enclosure":null,"_yoast_wpseo_twitter-title":null,"_yoast_wpseo_twitter-description":null,"_yoast_wpseo_twitter-image":null,"_wp_old_slug":null,"_yoast_wpseo_title":null,"_yoast_wpseo_canonical":null,"yoast_head":"<!-- This site is optimized with the Yoast SEO plugin v27.5 - https:\/\/yoast.com\/product\/yoast-seo-wordpress\/ -->\n<title>Entflechtung und Weiterentwicklung der Ruag nach Cyberangriff - Save<\/title>\n<meta name=\"description\" content=\"Heute sch\u00fctzen umfangreiche Vorsichtsmassnahmen die Informatik-Schnittstellen zwischen Ruag \u00abMRO Schweiz\u00bb und Bundesverwaltung.\" \/>\n<meta name=\"robots\" content=\"index, follow, max-snippet:-1, max-image-preview:large, max-video-preview:-1\" \/>\n<link rel=\"canonical\" href=\"https:\/\/news.save.ch\/en\/entflechtung-und-weiterentwicklung-der-ruag-nach-cyberangriff\/\" \/>\n<meta property=\"og:locale\" content=\"en_US\" \/>\n<meta property=\"og:type\" content=\"article\" \/>\n<meta property=\"og:title\" content=\"Entflechtung und Weiterentwicklung der Ruag nach Cyberangriff - Save\" \/>\n<meta property=\"og:description\" content=\"Heute sch\u00fctzen umfangreiche Vorsichtsmassnahmen die Informatik-Schnittstellen zwischen Ruag \u00abMRO Schweiz\u00bb und Bundesverwaltung.\" \/>\n<meta property=\"og:url\" content=\"https:\/\/news.save.ch\/en\/entflechtung-und-weiterentwicklung-der-ruag-nach-cyberangriff\/\" \/>\n<meta property=\"og:site_name\" content=\"Save\" \/>\n<meta property=\"article:published_time\" content=\"2020-02-24T14:36:13+00:00\" \/>\n<meta property=\"article:modified_time\" content=\"2023-03-14T07:56:39+00:00\" \/>\n<meta property=\"og:image\" content=\"https:\/\/news.save.ch\/wp-content\/uploads\/2020\/02\/ruag_Depositphotos.jpg\" \/>\n\t<meta property=\"og:image:width\" content=\"1000\" \/>\n\t<meta property=\"og:image:height\" content=\"667\" \/>\n\t<meta property=\"og:image:type\" content=\"image\/jpeg\" \/>\n<meta name=\"author\" content=\"Roger Str\u00e4ssle\" \/>\n<meta name=\"twitter:card\" content=\"summary_large_image\" \/>\n<meta name=\"twitter:label1\" content=\"Written by\" \/>\n\t<meta name=\"twitter:data1\" content=\"Roger Str\u00e4ssle\" \/>\n\t<meta name=\"twitter:label2\" content=\"Est. reading time\" \/>\n\t<meta name=\"twitter:data2\" content=\"2 minutes\" \/>\n<script type=\"application\/ld+json\" class=\"yoast-schema-graph\">{\"@context\":\"https:\\\/\\\/schema.org\",\"@graph\":[{\"@type\":\"Article\",\"@id\":\"https:\\\/\\\/news.save.ch\\\/entflechtung-und-weiterentwicklung-der-ruag-nach-cyberangriff\\\/#article\",\"isPartOf\":{\"@id\":\"https:\\\/\\\/news.save.ch\\\/entflechtung-und-weiterentwicklung-der-ruag-nach-cyberangriff\\\/\"},\"author\":{\"name\":\"Roger Str\u00e4ssle\",\"@id\":\"https:\\\/\\\/news.save.ch\\\/de\\\/#\\\/schema\\\/person\\\/d5022db048e0e2b9785c50e5b24da5aa\"},\"headline\":\"Entflechtung und Weiterentwicklung der Ruag nach Cyberangriff\",\"datePublished\":\"2020-02-24T14:36:13+00:00\",\"dateModified\":\"2023-03-14T07:56:39+00:00\",\"mainEntityOfPage\":{\"@id\":\"https:\\\/\\\/news.save.ch\\\/entflechtung-und-weiterentwicklung-der-ruag-nach-cyberangriff\\\/\"},\"wordCount\":389,\"publisher\":{\"@id\":\"https:\\\/\\\/news.save.ch\\\/de\\\/#organization\"},\"image\":{\"@id\":\"https:\\\/\\\/news.save.ch\\\/entflechtung-und-weiterentwicklung-der-ruag-nach-cyberangriff\\\/#primaryimage\"},\"thumbnailUrl\":\"https:\\\/\\\/news.save.ch\\\/wp-content\\\/uploads\\\/2020\\\/02\\\/ruag_Depositphotos.jpg\",\"keywords\":[\"Gesch\u00e4ftspr\u00fcfungskommission des Nationalrates\",\"GPK-N\",\"Risikominimierung\",\"Ruag\"],\"articleSection\":[\"DIGITALISIERUNG\"],\"inLanguage\":\"en-US\"},{\"@type\":\"WebPage\",\"@id\":\"https:\\\/\\\/news.save.ch\\\/entflechtung-und-weiterentwicklung-der-ruag-nach-cyberangriff\\\/\",\"url\":\"https:\\\/\\\/news.save.ch\\\/entflechtung-und-weiterentwicklung-der-ruag-nach-cyberangriff\\\/\",\"name\":\"Entflechtung und Weiterentwicklung der Ruag nach Cyberangriff - Save\",\"isPartOf\":{\"@id\":\"https:\\\/\\\/news.save.ch\\\/de\\\/#website\"},\"primaryImageOfPage\":{\"@id\":\"https:\\\/\\\/news.save.ch\\\/entflechtung-und-weiterentwicklung-der-ruag-nach-cyberangriff\\\/#primaryimage\"},\"image\":{\"@id\":\"https:\\\/\\\/news.save.ch\\\/entflechtung-und-weiterentwicklung-der-ruag-nach-cyberangriff\\\/#primaryimage\"},\"thumbnailUrl\":\"https:\\\/\\\/news.save.ch\\\/wp-content\\\/uploads\\\/2020\\\/02\\\/ruag_Depositphotos.jpg\",\"datePublished\":\"2020-02-24T14:36:13+00:00\",\"dateModified\":\"2023-03-14T07:56:39+00:00\",\"description\":\"Heute sch\u00fctzen umfangreiche Vorsichtsmassnahmen die Informatik-Schnittstellen zwischen Ruag \u00abMRO Schweiz\u00bb und Bundesverwaltung.\",\"breadcrumb\":{\"@id\":\"https:\\\/\\\/news.save.ch\\\/entflechtung-und-weiterentwicklung-der-ruag-nach-cyberangriff\\\/#breadcrumb\"},\"inLanguage\":\"en-US\",\"potentialAction\":[{\"@type\":\"ReadAction\",\"target\":[\"https:\\\/\\\/news.save.ch\\\/entflechtung-und-weiterentwicklung-der-ruag-nach-cyberangriff\\\/\"]}]},{\"@type\":\"ImageObject\",\"inLanguage\":\"en-US\",\"@id\":\"https:\\\/\\\/news.save.ch\\\/entflechtung-und-weiterentwicklung-der-ruag-nach-cyberangriff\\\/#primaryimage\",\"url\":\"https:\\\/\\\/news.save.ch\\\/wp-content\\\/uploads\\\/2020\\\/02\\\/ruag_Depositphotos.jpg\",\"contentUrl\":\"https:\\\/\\\/news.save.ch\\\/wp-content\\\/uploads\\\/2020\\\/02\\\/ruag_Depositphotos.jpg\",\"width\":1000,\"height\":667,\"caption\":\"\u00a9 depositphotos, kjekol\"},{\"@type\":\"BreadcrumbList\",\"@id\":\"https:\\\/\\\/news.save.ch\\\/entflechtung-und-weiterentwicklung-der-ruag-nach-cyberangriff\\\/#breadcrumb\",\"itemListElement\":[{\"@type\":\"ListItem\",\"position\":1,\"name\":\"Home\",\"item\":\"https:\\\/\\\/news.save.ch\\\/de\\\/\"},{\"@type\":\"ListItem\",\"position\":2,\"name\":\"Entflechtung und Weiterentwicklung der Ruag nach Cyberangriff\"}]},{\"@type\":\"WebSite\",\"@id\":\"https:\\\/\\\/news.save.ch\\\/de\\\/#website\",\"url\":\"https:\\\/\\\/news.save.ch\\\/de\\\/\",\"name\":\"Save\",\"description\":\"Schweizer Fachzeitschrift f\u00fcr Sicherheit\",\"publisher\":{\"@id\":\"https:\\\/\\\/news.save.ch\\\/de\\\/#organization\"},\"potentialAction\":[{\"@type\":\"SearchAction\",\"target\":{\"@type\":\"EntryPoint\",\"urlTemplate\":\"https:\\\/\\\/news.save.ch\\\/de\\\/?s={search_term_string}\"},\"query-input\":{\"@type\":\"PropertyValueSpecification\",\"valueRequired\":true,\"valueName\":\"search_term_string\"}}],\"inLanguage\":\"en-US\"},{\"@type\":\"Organization\",\"@id\":\"https:\\\/\\\/news.save.ch\\\/de\\\/#organization\",\"name\":\"Sicherheitsforum\",\"url\":\"https:\\\/\\\/news.save.ch\\\/de\\\/\",\"logo\":{\"@type\":\"ImageObject\",\"inLanguage\":\"en-US\",\"@id\":\"https:\\\/\\\/news.save.ch\\\/de\\\/#\\\/schema\\\/logo\\\/image\\\/\",\"url\":\"https:\\\/\\\/news.save.ch\\\/wp-content\\\/uploads\\\/2022\\\/06\\\/Logo_SF_2012.png\",\"contentUrl\":\"https:\\\/\\\/news.save.ch\\\/wp-content\\\/uploads\\\/2022\\\/06\\\/Logo_SF_2012.png\",\"width\":1100,\"height\":91,\"caption\":\"Sicherheitsforum\"},\"image\":{\"@id\":\"https:\\\/\\\/news.save.ch\\\/de\\\/#\\\/schema\\\/logo\\\/image\\\/\"}},{\"@type\":\"Person\",\"@id\":\"https:\\\/\\\/news.save.ch\\\/de\\\/#\\\/schema\\\/person\\\/d5022db048e0e2b9785c50e5b24da5aa\",\"name\":\"Roger Str\u00e4ssle\",\"image\":{\"@type\":\"ImageObject\",\"inLanguage\":\"en-US\",\"@id\":\"https:\\\/\\\/secure.gravatar.com\\\/avatar\\\/862a5569d087de48e5856e32f45d719a03804c891d6deb8d4f71a660e79e4a47?s=96&d=mm&r=g\",\"url\":\"https:\\\/\\\/secure.gravatar.com\\\/avatar\\\/862a5569d087de48e5856e32f45d719a03804c891d6deb8d4f71a660e79e4a47?s=96&d=mm&r=g\",\"contentUrl\":\"https:\\\/\\\/secure.gravatar.com\\\/avatar\\\/862a5569d087de48e5856e32f45d719a03804c891d6deb8d4f71a660e79e4a47?s=96&d=mm&r=g\",\"caption\":\"Roger Str\u00e4ssle\"},\"url\":\"https:\\\/\\\/news.save.ch\\\/en\\\/author\\\/roger-straessle\\\/\"}]}<\/script>\n<!-- \/ Yoast SEO plugin. -->","yoast_head_json":{"title":"Unbundling and further development of Ruag after cyber attack - Save","description":"Today, extensive precautionary measures protect the IT interfaces between Ruag \"MRO Switzerland\" and the federal administration.","robots":{"index":"index","follow":"follow","max-snippet":"max-snippet:-1","max-image-preview":"max-image-preview:large","max-video-preview":"max-video-preview:-1"},"canonical":"https:\/\/news.save.ch\/en\/entflechtung-und-weiterentwicklung-der-ruag-nach-cyberangriff\/","og_locale":"en_US","og_type":"article","og_title":"Entflechtung und Weiterentwicklung der Ruag nach Cyberangriff - Save","og_description":"Heute sch\u00fctzen umfangreiche Vorsichtsmassnahmen die Informatik-Schnittstellen zwischen Ruag \u00abMRO Schweiz\u00bb und Bundesverwaltung.","og_url":"https:\/\/news.save.ch\/en\/entflechtung-und-weiterentwicklung-der-ruag-nach-cyberangriff\/","og_site_name":"Save","article_published_time":"2020-02-24T14:36:13+00:00","article_modified_time":"2023-03-14T07:56:39+00:00","og_image":[{"width":1000,"height":667,"url":"https:\/\/news.save.ch\/wp-content\/uploads\/2020\/02\/ruag_Depositphotos.jpg","type":"image\/jpeg"}],"author":"Roger Str\u00e4ssle","twitter_card":"summary_large_image","twitter_misc":{"Written by":"Roger Str\u00e4ssle","Est. reading time":"2 minutes"},"schema":{"@context":"https:\/\/schema.org","@graph":[{"@type":"Article","@id":"https:\/\/news.save.ch\/entflechtung-und-weiterentwicklung-der-ruag-nach-cyberangriff\/#article","isPartOf":{"@id":"https:\/\/news.save.ch\/entflechtung-und-weiterentwicklung-der-ruag-nach-cyberangriff\/"},"author":{"name":"Roger Str\u00e4ssle","@id":"https:\/\/news.save.ch\/de\/#\/schema\/person\/d5022db048e0e2b9785c50e5b24da5aa"},"headline":"Entflechtung und Weiterentwicklung der Ruag nach Cyberangriff","datePublished":"2020-02-24T14:36:13+00:00","dateModified":"2023-03-14T07:56:39+00:00","mainEntityOfPage":{"@id":"https:\/\/news.save.ch\/entflechtung-und-weiterentwicklung-der-ruag-nach-cyberangriff\/"},"wordCount":389,"publisher":{"@id":"https:\/\/news.save.ch\/de\/#organization"},"image":{"@id":"https:\/\/news.save.ch\/entflechtung-und-weiterentwicklung-der-ruag-nach-cyberangriff\/#primaryimage"},"thumbnailUrl":"https:\/\/news.save.ch\/wp-content\/uploads\/2020\/02\/ruag_Depositphotos.jpg","keywords":["Gesch\u00e4ftspr\u00fcfungskommission des Nationalrates","GPK-N","Risikominimierung","Ruag"],"articleSection":["DIGITALISIERUNG"],"inLanguage":"en-US"},{"@type":"WebPage","@id":"https:\/\/news.save.ch\/entflechtung-und-weiterentwicklung-der-ruag-nach-cyberangriff\/","url":"https:\/\/news.save.ch\/entflechtung-und-weiterentwicklung-der-ruag-nach-cyberangriff\/","name":"Unbundling and further development of Ruag after cyber attack - Save","isPartOf":{"@id":"https:\/\/news.save.ch\/de\/#website"},"primaryImageOfPage":{"@id":"https:\/\/news.save.ch\/entflechtung-und-weiterentwicklung-der-ruag-nach-cyberangriff\/#primaryimage"},"image":{"@id":"https:\/\/news.save.ch\/entflechtung-und-weiterentwicklung-der-ruag-nach-cyberangriff\/#primaryimage"},"thumbnailUrl":"https:\/\/news.save.ch\/wp-content\/uploads\/2020\/02\/ruag_Depositphotos.jpg","datePublished":"2020-02-24T14:36:13+00:00","dateModified":"2023-03-14T07:56:39+00:00","description":"Today, extensive precautionary measures protect the IT interfaces between Ruag \"MRO Switzerland\" and the federal administration.","breadcrumb":{"@id":"https:\/\/news.save.ch\/entflechtung-und-weiterentwicklung-der-ruag-nach-cyberangriff\/#breadcrumb"},"inLanguage":"en-US","potentialAction":[{"@type":"ReadAction","target":["https:\/\/news.save.ch\/entflechtung-und-weiterentwicklung-der-ruag-nach-cyberangriff\/"]}]},{"@type":"ImageObject","inLanguage":"en-US","@id":"https:\/\/news.save.ch\/entflechtung-und-weiterentwicklung-der-ruag-nach-cyberangriff\/#primaryimage","url":"https:\/\/news.save.ch\/wp-content\/uploads\/2020\/02\/ruag_Depositphotos.jpg","contentUrl":"https:\/\/news.save.ch\/wp-content\/uploads\/2020\/02\/ruag_Depositphotos.jpg","width":1000,"height":667,"caption":"\u00a9 depositphotos, kjekol"},{"@type":"BreadcrumbList","@id":"https:\/\/news.save.ch\/entflechtung-und-weiterentwicklung-der-ruag-nach-cyberangriff\/#breadcrumb","itemListElement":[{"@type":"ListItem","position":1,"name":"Home","item":"https:\/\/news.save.ch\/de\/"},{"@type":"ListItem","position":2,"name":"Entflechtung und Weiterentwicklung der Ruag nach Cyberangriff"}]},{"@type":"WebSite","@id":"https:\/\/news.save.ch\/de\/#website","url":"https:\/\/news.save.ch\/de\/","name":"Save","description":"Swiss trade journal for safety","publisher":{"@id":"https:\/\/news.save.ch\/de\/#organization"},"potentialAction":[{"@type":"SearchAction","target":{"@type":"EntryPoint","urlTemplate":"https:\/\/news.save.ch\/de\/?s={search_term_string}"},"query-input":{"@type":"PropertyValueSpecification","valueRequired":true,"valueName":"search_term_string"}}],"inLanguage":"en-US"},{"@type":"Organization","@id":"https:\/\/news.save.ch\/de\/#organization","name":"Security Forum","url":"https:\/\/news.save.ch\/de\/","logo":{"@type":"ImageObject","inLanguage":"en-US","@id":"https:\/\/news.save.ch\/de\/#\/schema\/logo\/image\/","url":"https:\/\/news.save.ch\/wp-content\/uploads\/2022\/06\/Logo_SF_2012.png","contentUrl":"https:\/\/news.save.ch\/wp-content\/uploads\/2022\/06\/Logo_SF_2012.png","width":1100,"height":91,"caption":"Sicherheitsforum"},"image":{"@id":"https:\/\/news.save.ch\/de\/#\/schema\/logo\/image\/"}},{"@type":"Person","@id":"https:\/\/news.save.ch\/de\/#\/schema\/person\/d5022db048e0e2b9785c50e5b24da5aa","name":"Roger Str\u00e4ssle","image":{"@type":"ImageObject","inLanguage":"en-US","@id":"https:\/\/secure.gravatar.com\/avatar\/862a5569d087de48e5856e32f45d719a03804c891d6deb8d4f71a660e79e4a47?s=96&d=mm&r=g","url":"https:\/\/secure.gravatar.com\/avatar\/862a5569d087de48e5856e32f45d719a03804c891d6deb8d4f71a660e79e4a47?s=96&d=mm&r=g","contentUrl":"https:\/\/secure.gravatar.com\/avatar\/862a5569d087de48e5856e32f45d719a03804c891d6deb8d4f71a660e79e4a47?s=96&d=mm&r=g","caption":"Roger Str\u00e4ssle"},"url":"https:\/\/news.save.ch\/en\/author\/roger-straessle\/"}]}},"_links":{"self":[{"href":"https:\/\/news.save.ch\/en\/wp-json\/wp\/v2\/posts\/9523","targetHints":{"allow":["GET"]}}],"collection":[{"href":"https:\/\/news.save.ch\/en\/wp-json\/wp\/v2\/posts"}],"about":[{"href":"https:\/\/news.save.ch\/en\/wp-json\/wp\/v2\/types\/post"}],"author":[{"embeddable":true,"href":"https:\/\/news.save.ch\/en\/wp-json\/wp\/v2\/users\/8"}],"replies":[{"embeddable":true,"href":"https:\/\/news.save.ch\/en\/wp-json\/wp\/v2\/comments?post=9523"}],"version-history":[{"count":1,"href":"https:\/\/news.save.ch\/en\/wp-json\/wp\/v2\/posts\/9523\/revisions"}],"predecessor-version":[{"id":17343,"href":"https:\/\/news.save.ch\/en\/wp-json\/wp\/v2\/posts\/9523\/revisions\/17343"}],"wp:featuredmedia":[{"embeddable":true,"href":"https:\/\/news.save.ch\/en\/wp-json\/wp\/v2\/media\/9524"}],"wp:attachment":[{"href":"https:\/\/news.save.ch\/en\/wp-json\/wp\/v2\/media?parent=9523"}],"wp:term":[{"taxonomy":"category","embeddable":true,"href":"https:\/\/news.save.ch\/en\/wp-json\/wp\/v2\/categories?post=9523"},{"taxonomy":"post_tag","embeddable":true,"href":"https:\/\/news.save.ch\/en\/wp-json\/wp\/v2\/tags?post=9523"}],"curies":[{"name":"wp","href":"https:\/\/api.w.org\/{rel}","templated":true}]}}