{"id":974,"date":"2016-11-23T14:12:24","date_gmt":"2016-11-23T13:12:24","guid":{"rendered":"https:\/\/dev.sicherheitsforum.ch\/?p=974"},"modified":"2023-03-14T08:57:10","modified_gmt":"2023-03-14T07:57:10","slug":"schlecht-geschuetzte-kmu","status":null,"type":"post","link":"https:\/\/news.save.ch\/en\/schlecht-geschuetzte-kmu\/","title":{"rendered":"Poorly protected SMEs"},"content":{"rendered":"<figure id=\"attachment_975\" aria-describedby=\"caption-attachment-975\" style=\"width: 680px\" class=\"wp-caption alignnone\"><img loading=\"lazy\" decoding=\"async\" class=\"size-medium wp-image-975\" src=\"https:\/\/sicherheitsforum.ch\/wp-content\/uploads\/2016\/12\/Schlecht-gesch\u00fctzte-KMU-it-security.jpg\" alt=\"\u00a9 depositphotos\" width=\"680\" height=\"680\" \/><figcaption id=\"caption-attachment-975\" class=\"wp-caption-text\">\u00a9 depositphotos<\/figcaption><\/figure>\n<p>No risk has become as important in the Swiss economy as cybercrime. This is the result of a representative survey of small and medium-sized enterprises (SMEs) conducted by the insurance company Zurich. In the meantime, 12 percent of SMEs assume that hackers represent a key risk for them. Compared to 2013, their share has more than quadrupled. Meanwhile, the proportion of SMEs that believe they are too small and insignificant to fall victim to cybercriminals has fallen significantly. Only 13 percent believe they will not be targeted by hackers in the first place.<\/p>\n<p><strong>548,000 SMEs are without protection<\/strong><br \/>\nAlthough fear is rising sharply, the vast majority of Swiss SMEs are ill-equipped. Just 2.5 percent of the owners and managing directors surveyed state that their company has fully functional and updated protective measures. Extrapolated to the approximately 562,000 SMEs* in Switzerland, this means that 548,000 SMEs do not have effective protection. Particularly exposed are those companies that consider cyber risks to be a key risk and yet have not taken any measures. Their number is at least 53,000.<br \/>\n\"This large discrepancy between risk awareness and the taking of concrete measures shows that the majority of SMEs are completely out of their depth and feel powerless in the face of cybercriminals,\" explains Christian La Fontaine, cyber risk specialist at Zurich. This, in turn, has two main reasons: \"First, many management boards lack an expert in IT issues, so cyber risks have long been underestimated,\" La Fontaine says. \"Second, effective measures are not always cheap. For a long time, SMEs were therefore hesitant to approve the necessary budgets.\"<\/p>\n<p><strong>Restaurants and hairdressers also affected<\/strong><br \/>\nLa Fontaine expects the percentage of highly exposed SMEs to increase in the coming years. \"The more digitized companies' business models are, the more likely they are to be exposed to cyber risks.\" Restaurants or hairdressers, for example, who take reservations or bookings mainly via the Internet or apps, can suffer painful revenue losses after a hacker attack. \"If customers can no longer make reservations online as usual, only walk-in customers remain,\" La Fontaine explains. While it used to be true that large SMEs in particular were exposed to risks in cyberspace, this is increasingly true for smaller businesses as well.<\/p>\n<p><strong>Fear of data theft<\/strong><br \/>\nIn the area of cyber risks, SMEs are particularly afraid of data theft. \"The damage is particularly serious when criminals steal customers' credit card data,\" says La Fontaine. \"If this happens, an SME often faces serious reputational damage and a drop in sales.\" In second place is the fear of forced business interruption. \"This can occur when hackers overload a website with a flood of requests, making it impossible for customers to access the site,\" La Fontaine explains. Viruses can also force interruptions. \"If an employee opens an email with a virus, an entire IT system can be blocked for days.\"<\/p>\n<p><em>Press Release Zurich Insurance Group Ltd<\/em><\/p>\n<p>Details of the survey, which was conducted by the research company GfK: <a href=\"https:\/\/www.zurich.com\/de-de\/media\/news-releases\/2016\/2016-1123-01\" target=\"_blank\" rel=\"noreferrer noopener\" data-cke-saved-href=\"https:\/\/www.zurich.com\/de-de\/media\/news-releases\/2016\/2016-1123-01\">here<\/a><\/p>","protected":false},"excerpt":{"rendered":"<p>Kein Risiko hat in der Schweizer Wirtschaft derart an Bedeutung gewonnen wie die Cyberkriminalit\u00e4t. Dies ergibt eine repr\u00e4sentative Umfrage der Versicherung Zurich unter kleinen und mittleren Unternehmen (KMU). Mittlerweile gehen 12 Prozent der KMU davon aus, dass Hacker ein Schl\u00fcsselrisiko f\u00fcr sie darstellen. Gegen\u00fcber dem Jahr 2013 hat sich ihr Anteil mehr als vervierfacht. Deutlich [&hellip;]<\/p>\n","protected":false},"author":1,"featured_media":975,"comment_status":"open","ping_status":"open","sticky":false,"template":"","format":"standard","meta":{"_acf_changed":false,"pgc_sgb_lightbox_settings":"","footnotes":""},"categories":[3313],"tags":[96,63],"class_list":["post-974","post","type-post","status-publish","format-standard","has-post-thumbnail","hentry","category-digitalisierung","tag-cyber-crime","tag-it-security"],"acf":[],"hkrextid":null,"publication":null,"issue":null,"workflow":null,"startPage":null,"spitzmarke":null,"_posts_by_tag_page_fields":{"widget_title":"","widget_tags":""},"_at_widget":"1","_yoast_wpseo_primary_category":"2","_yoast_wpseo_focuskw_text_input":"Schweizer KMU","_yoast_wpseo_opengraph-image":null,"_yoast_wpseo_opengraph-description":null,"_yoast_wpseo_opengraph-title":null,"enclosure":null,"_yoast_wpseo_twitter-title":null,"_yoast_wpseo_twitter-description":null,"_yoast_wpseo_twitter-image":null,"_wp_old_slug":null,"_yoast_wpseo_title":null,"_yoast_wpseo_canonical":null,"yoast_head":"<!-- This site is optimized with the Yoast SEO plugin v27.5 - https:\/\/yoast.com\/product\/yoast-seo-wordpress\/ -->\n<title>Schlecht gesch\u00fctzte KMU - Save<\/title>\n<meta name=\"robots\" content=\"index, follow, max-snippet:-1, max-image-preview:large, max-video-preview:-1\" \/>\n<link rel=\"canonical\" href=\"https:\/\/news.save.ch\/en\/schlecht-geschuetzte-kmu\/\" \/>\n<meta property=\"og:locale\" content=\"en_US\" \/>\n<meta property=\"og:type\" content=\"article\" \/>\n<meta property=\"og:title\" content=\"Schlecht gesch\u00fctzte KMU - Save\" \/>\n<meta property=\"og:description\" content=\"Kein Risiko hat in der Schweizer Wirtschaft derart an Bedeutung gewonnen wie die Cyberkriminalit\u00e4t. Dies ergibt eine repr\u00e4sentative Umfrage der Versicherung Zurich unter kleinen und mittleren Unternehmen (KMU). Mittlerweile gehen 12 Prozent der KMU davon aus, dass Hacker ein Schl\u00fcsselrisiko f\u00fcr sie darstellen. Gegen\u00fcber dem Jahr 2013 hat sich ihr Anteil mehr als vervierfacht. Deutlich [&hellip;]\" \/>\n<meta property=\"og:url\" content=\"https:\/\/news.save.ch\/en\/schlecht-geschuetzte-kmu\/\" \/>\n<meta property=\"og:site_name\" content=\"Save\" \/>\n<meta property=\"article:published_time\" content=\"2016-11-23T13:12:24+00:00\" \/>\n<meta property=\"article:modified_time\" content=\"2023-03-14T07:57:10+00:00\" \/>\n<meta property=\"og:image\" content=\"https:\/\/news.save.ch\/wp-content\/uploads\/2016\/12\/Schlecht-geschuetzte-KMU-it-security-scaled.jpg\" \/>\n\t<meta property=\"og:image:width\" content=\"1400\" \/>\n\t<meta property=\"og:image:height\" content=\"1400\" \/>\n\t<meta property=\"og:image:type\" content=\"image\/jpeg\" \/>\n<meta name=\"author\" content=\"admin\" \/>\n<meta name=\"twitter:card\" content=\"summary_large_image\" \/>\n<meta name=\"twitter:label1\" content=\"Written by\" \/>\n\t<meta name=\"twitter:data1\" content=\"admin\" \/>\n\t<meta name=\"twitter:label2\" content=\"Est. reading time\" \/>\n\t<meta name=\"twitter:data2\" content=\"3 minutes\" \/>\n<script type=\"application\/ld+json\" class=\"yoast-schema-graph\">{\"@context\":\"https:\\\/\\\/schema.org\",\"@graph\":[{\"@type\":\"Article\",\"@id\":\"https:\\\/\\\/news.save.ch\\\/schlecht-geschuetzte-kmu\\\/#article\",\"isPartOf\":{\"@id\":\"https:\\\/\\\/news.save.ch\\\/schlecht-geschuetzte-kmu\\\/\"},\"author\":{\"name\":\"admin\",\"@id\":\"https:\\\/\\\/news.save.ch\\\/de\\\/#\\\/schema\\\/person\\\/d49e199490bad7c70d64b9ab51142f2b\"},\"headline\":\"Schlecht gesch\u00fctzte KMU\",\"datePublished\":\"2016-11-23T13:12:24+00:00\",\"dateModified\":\"2023-03-14T07:57:10+00:00\",\"mainEntityOfPage\":{\"@id\":\"https:\\\/\\\/news.save.ch\\\/schlecht-geschuetzte-kmu\\\/\"},\"wordCount\":521,\"commentCount\":0,\"publisher\":{\"@id\":\"https:\\\/\\\/news.save.ch\\\/de\\\/#organization\"},\"image\":{\"@id\":\"https:\\\/\\\/news.save.ch\\\/schlecht-geschuetzte-kmu\\\/#primaryimage\"},\"thumbnailUrl\":\"https:\\\/\\\/news.save.ch\\\/wp-content\\\/uploads\\\/2016\\\/12\\\/Schlecht-geschuetzte-KMU-it-security-scaled.jpg\",\"keywords\":[\"Cyber-Crime\",\"IT-SECURITY\"],\"articleSection\":[\"DIGITALISIERUNG\"],\"inLanguage\":\"en-US\"},{\"@type\":\"WebPage\",\"@id\":\"https:\\\/\\\/news.save.ch\\\/schlecht-geschuetzte-kmu\\\/\",\"url\":\"https:\\\/\\\/news.save.ch\\\/schlecht-geschuetzte-kmu\\\/\",\"name\":\"Schlecht gesch\u00fctzte KMU - Save\",\"isPartOf\":{\"@id\":\"https:\\\/\\\/news.save.ch\\\/de\\\/#website\"},\"primaryImageOfPage\":{\"@id\":\"https:\\\/\\\/news.save.ch\\\/schlecht-geschuetzte-kmu\\\/#primaryimage\"},\"image\":{\"@id\":\"https:\\\/\\\/news.save.ch\\\/schlecht-geschuetzte-kmu\\\/#primaryimage\"},\"thumbnailUrl\":\"https:\\\/\\\/news.save.ch\\\/wp-content\\\/uploads\\\/2016\\\/12\\\/Schlecht-geschuetzte-KMU-it-security-scaled.jpg\",\"datePublished\":\"2016-11-23T13:12:24+00:00\",\"dateModified\":\"2023-03-14T07:57:10+00:00\",\"breadcrumb\":{\"@id\":\"https:\\\/\\\/news.save.ch\\\/schlecht-geschuetzte-kmu\\\/#breadcrumb\"},\"inLanguage\":\"en-US\",\"potentialAction\":[{\"@type\":\"ReadAction\",\"target\":[\"https:\\\/\\\/news.save.ch\\\/schlecht-geschuetzte-kmu\\\/\"]}]},{\"@type\":\"ImageObject\",\"inLanguage\":\"en-US\",\"@id\":\"https:\\\/\\\/news.save.ch\\\/schlecht-geschuetzte-kmu\\\/#primaryimage\",\"url\":\"https:\\\/\\\/news.save.ch\\\/wp-content\\\/uploads\\\/2016\\\/12\\\/Schlecht-geschuetzte-KMU-it-security-scaled.jpg\",\"contentUrl\":\"https:\\\/\\\/news.save.ch\\\/wp-content\\\/uploads\\\/2016\\\/12\\\/Schlecht-geschuetzte-KMU-it-security-scaled.jpg\",\"width\":1400,\"height\":1400,\"caption\":\"\u00a9 depositphotos\"},{\"@type\":\"BreadcrumbList\",\"@id\":\"https:\\\/\\\/news.save.ch\\\/schlecht-geschuetzte-kmu\\\/#breadcrumb\",\"itemListElement\":[{\"@type\":\"ListItem\",\"position\":1,\"name\":\"Home\",\"item\":\"https:\\\/\\\/news.save.ch\\\/de\\\/\"},{\"@type\":\"ListItem\",\"position\":2,\"name\":\"Schlecht gesch\u00fctzte KMU\"}]},{\"@type\":\"WebSite\",\"@id\":\"https:\\\/\\\/news.save.ch\\\/de\\\/#website\",\"url\":\"https:\\\/\\\/news.save.ch\\\/de\\\/\",\"name\":\"Save\",\"description\":\"Schweizer Fachzeitschrift f\u00fcr Sicherheit\",\"publisher\":{\"@id\":\"https:\\\/\\\/news.save.ch\\\/de\\\/#organization\"},\"potentialAction\":[{\"@type\":\"SearchAction\",\"target\":{\"@type\":\"EntryPoint\",\"urlTemplate\":\"https:\\\/\\\/news.save.ch\\\/de\\\/?s={search_term_string}\"},\"query-input\":{\"@type\":\"PropertyValueSpecification\",\"valueRequired\":true,\"valueName\":\"search_term_string\"}}],\"inLanguage\":\"en-US\"},{\"@type\":\"Organization\",\"@id\":\"https:\\\/\\\/news.save.ch\\\/de\\\/#organization\",\"name\":\"Sicherheitsforum\",\"url\":\"https:\\\/\\\/news.save.ch\\\/de\\\/\",\"logo\":{\"@type\":\"ImageObject\",\"inLanguage\":\"en-US\",\"@id\":\"https:\\\/\\\/news.save.ch\\\/de\\\/#\\\/schema\\\/logo\\\/image\\\/\",\"url\":\"https:\\\/\\\/news.save.ch\\\/wp-content\\\/uploads\\\/2022\\\/06\\\/Logo_SF_2012.png\",\"contentUrl\":\"https:\\\/\\\/news.save.ch\\\/wp-content\\\/uploads\\\/2022\\\/06\\\/Logo_SF_2012.png\",\"width\":1100,\"height\":91,\"caption\":\"Sicherheitsforum\"},\"image\":{\"@id\":\"https:\\\/\\\/news.save.ch\\\/de\\\/#\\\/schema\\\/logo\\\/image\\\/\"}},{\"@type\":\"Person\",\"@id\":\"https:\\\/\\\/news.save.ch\\\/de\\\/#\\\/schema\\\/person\\\/d49e199490bad7c70d64b9ab51142f2b\",\"name\":\"admin\",\"image\":{\"@type\":\"ImageObject\",\"inLanguage\":\"en-US\",\"@id\":\"https:\\\/\\\/secure.gravatar.com\\\/avatar\\\/ae2f4d718e6c49043e314ce431e7e645d646302a24a5ef5a8bc8e3f5a032e319?s=96&d=mm&r=g\",\"url\":\"https:\\\/\\\/secure.gravatar.com\\\/avatar\\\/ae2f4d718e6c49043e314ce431e7e645d646302a24a5ef5a8bc8e3f5a032e319?s=96&d=mm&r=g\",\"contentUrl\":\"https:\\\/\\\/secure.gravatar.com\\\/avatar\\\/ae2f4d718e6c49043e314ce431e7e645d646302a24a5ef5a8bc8e3f5a032e319?s=96&d=mm&r=g\",\"caption\":\"admin\"},\"sameAs\":[\"https:\\\/\\\/develop.organisator.galledia.ch\"],\"url\":\"https:\\\/\\\/news.save.ch\\\/en\\\/author\\\/admin\\\/\"}]}<\/script>\n<!-- \/ Yoast SEO plugin. -->","yoast_head_json":{"title":"Poorly protected SME - Save","robots":{"index":"index","follow":"follow","max-snippet":"max-snippet:-1","max-image-preview":"max-image-preview:large","max-video-preview":"max-video-preview:-1"},"canonical":"https:\/\/news.save.ch\/en\/schlecht-geschuetzte-kmu\/","og_locale":"en_US","og_type":"article","og_title":"Schlecht gesch\u00fctzte KMU - Save","og_description":"Kein Risiko hat in der Schweizer Wirtschaft derart an Bedeutung gewonnen wie die Cyberkriminalit\u00e4t. Dies ergibt eine repr\u00e4sentative Umfrage der Versicherung Zurich unter kleinen und mittleren Unternehmen (KMU). Mittlerweile gehen 12 Prozent der KMU davon aus, dass Hacker ein Schl\u00fcsselrisiko f\u00fcr sie darstellen. Gegen\u00fcber dem Jahr 2013 hat sich ihr Anteil mehr als vervierfacht. Deutlich [&hellip;]","og_url":"https:\/\/news.save.ch\/en\/schlecht-geschuetzte-kmu\/","og_site_name":"Save","article_published_time":"2016-11-23T13:12:24+00:00","article_modified_time":"2023-03-14T07:57:10+00:00","og_image":[{"width":1400,"height":1400,"url":"https:\/\/news.save.ch\/wp-content\/uploads\/2016\/12\/Schlecht-geschuetzte-KMU-it-security-scaled.jpg","type":"image\/jpeg"}],"author":"admin","twitter_card":"summary_large_image","twitter_misc":{"Written by":"admin","Est. reading time":"3 minutes"},"schema":{"@context":"https:\/\/schema.org","@graph":[{"@type":"Article","@id":"https:\/\/news.save.ch\/schlecht-geschuetzte-kmu\/#article","isPartOf":{"@id":"https:\/\/news.save.ch\/schlecht-geschuetzte-kmu\/"},"author":{"name":"admin","@id":"https:\/\/news.save.ch\/de\/#\/schema\/person\/d49e199490bad7c70d64b9ab51142f2b"},"headline":"Schlecht gesch\u00fctzte KMU","datePublished":"2016-11-23T13:12:24+00:00","dateModified":"2023-03-14T07:57:10+00:00","mainEntityOfPage":{"@id":"https:\/\/news.save.ch\/schlecht-geschuetzte-kmu\/"},"wordCount":521,"commentCount":0,"publisher":{"@id":"https:\/\/news.save.ch\/de\/#organization"},"image":{"@id":"https:\/\/news.save.ch\/schlecht-geschuetzte-kmu\/#primaryimage"},"thumbnailUrl":"https:\/\/news.save.ch\/wp-content\/uploads\/2016\/12\/Schlecht-geschuetzte-KMU-it-security-scaled.jpg","keywords":["Cyber-Crime","IT-SECURITY"],"articleSection":["DIGITALISIERUNG"],"inLanguage":"en-US"},{"@type":"WebPage","@id":"https:\/\/news.save.ch\/schlecht-geschuetzte-kmu\/","url":"https:\/\/news.save.ch\/schlecht-geschuetzte-kmu\/","name":"Poorly protected SME - Save","isPartOf":{"@id":"https:\/\/news.save.ch\/de\/#website"},"primaryImageOfPage":{"@id":"https:\/\/news.save.ch\/schlecht-geschuetzte-kmu\/#primaryimage"},"image":{"@id":"https:\/\/news.save.ch\/schlecht-geschuetzte-kmu\/#primaryimage"},"thumbnailUrl":"https:\/\/news.save.ch\/wp-content\/uploads\/2016\/12\/Schlecht-geschuetzte-KMU-it-security-scaled.jpg","datePublished":"2016-11-23T13:12:24+00:00","dateModified":"2023-03-14T07:57:10+00:00","breadcrumb":{"@id":"https:\/\/news.save.ch\/schlecht-geschuetzte-kmu\/#breadcrumb"},"inLanguage":"en-US","potentialAction":[{"@type":"ReadAction","target":["https:\/\/news.save.ch\/schlecht-geschuetzte-kmu\/"]}]},{"@type":"ImageObject","inLanguage":"en-US","@id":"https:\/\/news.save.ch\/schlecht-geschuetzte-kmu\/#primaryimage","url":"https:\/\/news.save.ch\/wp-content\/uploads\/2016\/12\/Schlecht-geschuetzte-KMU-it-security-scaled.jpg","contentUrl":"https:\/\/news.save.ch\/wp-content\/uploads\/2016\/12\/Schlecht-geschuetzte-KMU-it-security-scaled.jpg","width":1400,"height":1400,"caption":"\u00a9 depositphotos"},{"@type":"BreadcrumbList","@id":"https:\/\/news.save.ch\/schlecht-geschuetzte-kmu\/#breadcrumb","itemListElement":[{"@type":"ListItem","position":1,"name":"Home","item":"https:\/\/news.save.ch\/de\/"},{"@type":"ListItem","position":2,"name":"Schlecht gesch\u00fctzte KMU"}]},{"@type":"WebSite","@id":"https:\/\/news.save.ch\/de\/#website","url":"https:\/\/news.save.ch\/de\/","name":"Save","description":"Swiss trade journal for safety","publisher":{"@id":"https:\/\/news.save.ch\/de\/#organization"},"potentialAction":[{"@type":"SearchAction","target":{"@type":"EntryPoint","urlTemplate":"https:\/\/news.save.ch\/de\/?s={search_term_string}"},"query-input":{"@type":"PropertyValueSpecification","valueRequired":true,"valueName":"search_term_string"}}],"inLanguage":"en-US"},{"@type":"Organization","@id":"https:\/\/news.save.ch\/de\/#organization","name":"Security Forum","url":"https:\/\/news.save.ch\/de\/","logo":{"@type":"ImageObject","inLanguage":"en-US","@id":"https:\/\/news.save.ch\/de\/#\/schema\/logo\/image\/","url":"https:\/\/news.save.ch\/wp-content\/uploads\/2022\/06\/Logo_SF_2012.png","contentUrl":"https:\/\/news.save.ch\/wp-content\/uploads\/2022\/06\/Logo_SF_2012.png","width":1100,"height":91,"caption":"Sicherheitsforum"},"image":{"@id":"https:\/\/news.save.ch\/de\/#\/schema\/logo\/image\/"}},{"@type":"Person","@id":"https:\/\/news.save.ch\/de\/#\/schema\/person\/d49e199490bad7c70d64b9ab51142f2b","name":"admin","image":{"@type":"ImageObject","inLanguage":"en-US","@id":"https:\/\/secure.gravatar.com\/avatar\/ae2f4d718e6c49043e314ce431e7e645d646302a24a5ef5a8bc8e3f5a032e319?s=96&d=mm&r=g","url":"https:\/\/secure.gravatar.com\/avatar\/ae2f4d718e6c49043e314ce431e7e645d646302a24a5ef5a8bc8e3f5a032e319?s=96&d=mm&r=g","contentUrl":"https:\/\/secure.gravatar.com\/avatar\/ae2f4d718e6c49043e314ce431e7e645d646302a24a5ef5a8bc8e3f5a032e319?s=96&d=mm&r=g","caption":"admin"},"sameAs":["https:\/\/develop.organisator.galledia.ch"],"url":"https:\/\/news.save.ch\/en\/author\/admin\/"}]}},"_links":{"self":[{"href":"https:\/\/news.save.ch\/en\/wp-json\/wp\/v2\/posts\/974","targetHints":{"allow":["GET"]}}],"collection":[{"href":"https:\/\/news.save.ch\/en\/wp-json\/wp\/v2\/posts"}],"about":[{"href":"https:\/\/news.save.ch\/en\/wp-json\/wp\/v2\/types\/post"}],"author":[{"embeddable":true,"href":"https:\/\/news.save.ch\/en\/wp-json\/wp\/v2\/users\/1"}],"replies":[{"embeddable":true,"href":"https:\/\/news.save.ch\/en\/wp-json\/wp\/v2\/comments?post=974"}],"version-history":[{"count":1,"href":"https:\/\/news.save.ch\/en\/wp-json\/wp\/v2\/posts\/974\/revisions"}],"predecessor-version":[{"id":17553,"href":"https:\/\/news.save.ch\/en\/wp-json\/wp\/v2\/posts\/974\/revisions\/17553"}],"wp:featuredmedia":[{"embeddable":true,"href":"https:\/\/news.save.ch\/en\/wp-json\/wp\/v2\/media\/975"}],"wp:attachment":[{"href":"https:\/\/news.save.ch\/en\/wp-json\/wp\/v2\/media?parent=974"}],"wp:term":[{"taxonomy":"category","embeddable":true,"href":"https:\/\/news.save.ch\/en\/wp-json\/wp\/v2\/categories?post=974"},{"taxonomy":"post_tag","embeddable":true,"href":"https:\/\/news.save.ch\/en\/wp-json\/wp\/v2\/tags?post=974"}],"curies":[{"name":"wp","href":"https:\/\/api.w.org\/{rel}","templated":true}]}}