{"id":9925,"date":"2020-04-06T15:06:28","date_gmt":"2020-04-06T13:06:28","guid":{"rendered":"https:\/\/news.save.ch\/?p=9925"},"modified":"2023-03-14T08:59:19","modified_gmt":"2023-03-14T07:59:19","slug":"umstrittene-corona-ueberwachung-fuer-virtuelle-patrouillen","status":null,"type":"post","link":"https:\/\/news.save.ch\/en\/umstrittene-corona-ueberwachung-fuer-virtuelle-patrouillen\/","title":{"rendered":"Controversial corona monitoring"},"content":{"rendered":"<figure id=\"attachment_9926\" aria-describedby=\"caption-attachment-9926\" style=\"width: 680px\" class=\"wp-caption aligncenter\"><img loading=\"lazy\" decoding=\"async\" class=\"wp-image-9926 size-medium\" src=\"https:\/\/news.save.ch\/wp-content\/uploads\/2020\/04\/ueberwachung-scaled-1.jpg\" alt=\"Video surveillance\" width=\"680\" height=\"453\" \/><figcaption id=\"caption-attachment-9926\" class=\"wp-caption-text\">Here is a picture from Zurich. In the canton of Aargau, virtual patrols will be used to monitor crowds. Photo: R. Str\u00e4ssle<\/figcaption><\/figure>\n<p>&nbsp;<\/p>\n<p>In exceptional times, the authorities sometimes turn on the \"turbo\" in the fight against the corona virus. This is what happened in the canton of Aargau, which reserves the right to increase its use of video surveillance. Based on the cantonal <a href=\"https:\/\/www.ag.ch\/media\/kanton_aargau\/themen_1\/coronavirus_1\/merkblaetter\/200402_Erlaeuterungen_Sonderverordnung_1.pdf\">Special Regulation<\/a> of April 1, 2020, optical-electronic surveillance systems can therefore also be used. Specifically, the section on \"Video surveillance in public spaces\" states: \"The police should be allowed to temporarily use the existing authorized video surveillance systems in public spaces, which have real-time monitoring, for virtual patrols in order to efficiently perform their duties.<\/p>\n<p>The police shall also be allowed to use new, additional optical-electronic surveillance equipment for real-time monitoring without the approval of the commissioners for publicity and data protection. These installations are to be removed after the measures pursuant to Art. 6 and 7c of Covid19 Ordinance 2 have been lifted.\"<\/p>\n<p>In addition, the special ordinance states that, analogous to existing authorized video surveillance systems, it should not be a matter of covert surveillance, but rather of open surveillance that fulfills preventive purposes and allows the police to intervene quickly and in a targeted manner. The surveillance should therefore be made recognizable by suitable measures, such as information boards.<\/p>\n<p><strong>What benefit? <\/strong><\/p>\n<p>Surveillance measures and digital tools can help control coronavirus. <a href=\"https:\/\/www.amnesty.ch\/de\">Amnesty International<\/a>, the <a href=\"https:\/\/www.digitale-gesellschaft.ch\/\">Digital society<\/a> and the <a href=\"https:\/\/www.konsumentenschutz.ch\/\">Foundation for Consumer Protection<\/a> demand, however, that proportionality be maintained in all interventions in personal rights, as the organizations demand in a joint statement. After all, this principle of the rule of law also applies in a state of emergency.<\/p>\n<p>The three organizations miss in particular a justification in the statement of the government council of the canton of Aargau, why in addition to the existing measures such as bans on gatherings, police patrols, buses and blocking of parks, video surveillance should be used. The Digital Society points out that such \"virtual patrols\" would not be able to intervene directly, and the most that video surveillance would lead to in terms of its preventive effect is that people would gather at another, non-surveilled location.<\/p>\n<p>Monitoring public life in real time goes far beyond measures that use anonymized and aggregated cell phone location data to track gatherings of people or streams of movement, stresses the organization, which advocates for <a href=\"https:\/\/www.digitale-gesellschaft.ch\/2018\/12\/17\/engagement-fuer-digitale-grundrechte-werde-mitglied-oder-spenderin-der-digitalen-gesellschaft-2\/\">Freedom rights in a networked world<\/a>\u00a0is used. According to the Digital Society, there are no special circumstances in Aargau that would make such a measure necessary compared to other cantons. However, there is a risk that real-time video surveillance will be used as a \"normal\" surveillance measure even after the end of the pandemic, writes the Digital Society. It calls on the government council to reverse this disproportionate \"mass surveillance\". <em>(rs)<\/em><\/p>\n<p>&nbsp;<\/p>","protected":false},"excerpt":{"rendered":"<p>&nbsp; In Ausnahmezeiten schalten die Beh\u00f6rden schon mal den \u00abTurbo\u00bb im Kampf gegen das Coronavirus ein. So geschehen im Kanton Aargau, der sich das Recht herausnimmt, verst\u00e4rkt mit Video\u00fcberwachung zu arbeiten. Gest\u00fctzt auf die kantonale Sonderverordnung vom 1. April 2020 k\u00f6nnen deshalb auch optische-elektronische \u00dcberwachungsanlagen eingesetzt werden. Konkret heisst es dazu im Abschnitt \u00abVideo\u00fcberwachung im [&hellip;]<\/p>\n","protected":false},"author":8,"featured_media":9926,"comment_status":"closed","ping_status":"closed","sticky":false,"template":"","format":"standard","meta":{"_acf_changed":false,"pgc_sgb_lightbox_settings":"","footnotes":""},"categories":[3312],"tags":[791,632,792,55,78,793],"class_list":["post-9925","post","type-post","status-publish","format-standard","has-post-thumbnail","hentry","category-sicherheit","tag-coronaviruas","tag-covid-19","tag-kanton-aargau","tag-ueberwachung","tag-videoueberwachung","tag-virtuelle-patrouillen"],"acf":[],"hkrextid":null,"publication":null,"issue":null,"workflow":null,"startPage":null,"spitzmarke":null,"_posts_by_tag_page_fields":{"widget_title":"","widget_tags":""},"_at_widget":"1","_yoast_wpseo_primary_category":"529","_yoast_wpseo_focuskw_text_input":"Video\u00fcberwachung","_yoast_wpseo_opengraph-image":null,"_yoast_wpseo_opengraph-description":null,"_yoast_wpseo_opengraph-title":null,"enclosure":null,"_yoast_wpseo_twitter-title":null,"_yoast_wpseo_twitter-description":null,"_yoast_wpseo_twitter-image":null,"_wp_old_slug":null,"_yoast_wpseo_title":null,"_yoast_wpseo_canonical":null,"yoast_head":"<!-- This site is optimized with the Yoast SEO plugin v27.5 - https:\/\/yoast.com\/product\/yoast-seo-wordpress\/ -->\n<title>Umstrittene Corona-\u00dcberwachung - Save<\/title>\n<meta name=\"robots\" content=\"index, follow, max-snippet:-1, max-image-preview:large, max-video-preview:-1\" \/>\n<link rel=\"canonical\" href=\"https:\/\/news.save.ch\/en\/umstrittene-corona-ueberwachung-fuer-virtuelle-patrouillen\/\" \/>\n<meta property=\"og:locale\" content=\"en_US\" \/>\n<meta property=\"og:type\" content=\"article\" \/>\n<meta property=\"og:title\" content=\"Umstrittene Corona-\u00dcberwachung - Save\" \/>\n<meta property=\"og:description\" content=\"&nbsp; In Ausnahmezeiten schalten die Beh\u00f6rden schon mal den \u00abTurbo\u00bb im Kampf gegen das Coronavirus ein. So geschehen im Kanton Aargau, der sich das Recht herausnimmt, verst\u00e4rkt mit Video\u00fcberwachung zu arbeiten. Gest\u00fctzt auf die kantonale Sonderverordnung vom 1. April 2020 k\u00f6nnen deshalb auch optische-elektronische \u00dcberwachungsanlagen eingesetzt werden. Konkret heisst es dazu im Abschnitt \u00abVideo\u00fcberwachung im [&hellip;]\" \/>\n<meta property=\"og:url\" content=\"https:\/\/news.save.ch\/en\/umstrittene-corona-ueberwachung-fuer-virtuelle-patrouillen\/\" \/>\n<meta property=\"og:site_name\" content=\"Save\" \/>\n<meta property=\"article:published_time\" content=\"2020-04-06T13:06:28+00:00\" \/>\n<meta property=\"article:modified_time\" content=\"2023-03-14T07:59:19+00:00\" \/>\n<meta property=\"og:image\" content=\"https:\/\/news.save.ch\/wp-content\/uploads\/2020\/04\/ueberwachung-scaled-1-scaled.jpg\" \/>\n\t<meta property=\"og:image:width\" content=\"1400\" \/>\n\t<meta property=\"og:image:height\" content=\"934\" \/>\n\t<meta property=\"og:image:type\" content=\"image\/jpeg\" \/>\n<meta name=\"author\" content=\"Roger Str\u00e4ssle\" \/>\n<meta name=\"twitter:card\" content=\"summary_large_image\" \/>\n<meta name=\"twitter:label1\" content=\"Written by\" \/>\n\t<meta name=\"twitter:data1\" content=\"Roger Str\u00e4ssle\" \/>\n\t<meta name=\"twitter:label2\" content=\"Est. reading time\" \/>\n\t<meta name=\"twitter:data2\" content=\"2 minutes\" \/>\n<script type=\"application\/ld+json\" class=\"yoast-schema-graph\">{\"@context\":\"https:\\\/\\\/schema.org\",\"@graph\":[{\"@type\":\"Article\",\"@id\":\"https:\\\/\\\/news.save.ch\\\/umstrittene-corona-ueberwachung-fuer-virtuelle-patrouillen\\\/#article\",\"isPartOf\":{\"@id\":\"https:\\\/\\\/news.save.ch\\\/umstrittene-corona-ueberwachung-fuer-virtuelle-patrouillen\\\/\"},\"author\":{\"name\":\"Roger Str\u00e4ssle\",\"@id\":\"https:\\\/\\\/news.save.ch\\\/de\\\/#\\\/schema\\\/person\\\/d5022db048e0e2b9785c50e5b24da5aa\"},\"headline\":\"Umstrittene Corona-\u00dcberwachung\",\"datePublished\":\"2020-04-06T13:06:28+00:00\",\"dateModified\":\"2023-03-14T07:59:19+00:00\",\"mainEntityOfPage\":{\"@id\":\"https:\\\/\\\/news.save.ch\\\/umstrittene-corona-ueberwachung-fuer-virtuelle-patrouillen\\\/\"},\"wordCount\":472,\"publisher\":{\"@id\":\"https:\\\/\\\/news.save.ch\\\/de\\\/#organization\"},\"image\":{\"@id\":\"https:\\\/\\\/news.save.ch\\\/umstrittene-corona-ueberwachung-fuer-virtuelle-patrouillen\\\/#primaryimage\"},\"thumbnailUrl\":\"https:\\\/\\\/news.save.ch\\\/wp-content\\\/uploads\\\/2020\\\/04\\\/ueberwachung-scaled-1-scaled.jpg\",\"keywords\":[\"Coronaviruas\",\"Covid-19\",\"Kanton Aargau\",\"\u00dcberwachung\",\"Video\u00fcberwachung\",\"virtuelle Patrouillen\"],\"articleSection\":[\"SICHERHEIT\"],\"inLanguage\":\"en-US\"},{\"@type\":\"WebPage\",\"@id\":\"https:\\\/\\\/news.save.ch\\\/umstrittene-corona-ueberwachung-fuer-virtuelle-patrouillen\\\/\",\"url\":\"https:\\\/\\\/news.save.ch\\\/umstrittene-corona-ueberwachung-fuer-virtuelle-patrouillen\\\/\",\"name\":\"Umstrittene Corona-\u00dcberwachung - Save\",\"isPartOf\":{\"@id\":\"https:\\\/\\\/news.save.ch\\\/de\\\/#website\"},\"primaryImageOfPage\":{\"@id\":\"https:\\\/\\\/news.save.ch\\\/umstrittene-corona-ueberwachung-fuer-virtuelle-patrouillen\\\/#primaryimage\"},\"image\":{\"@id\":\"https:\\\/\\\/news.save.ch\\\/umstrittene-corona-ueberwachung-fuer-virtuelle-patrouillen\\\/#primaryimage\"},\"thumbnailUrl\":\"https:\\\/\\\/news.save.ch\\\/wp-content\\\/uploads\\\/2020\\\/04\\\/ueberwachung-scaled-1-scaled.jpg\",\"datePublished\":\"2020-04-06T13:06:28+00:00\",\"dateModified\":\"2023-03-14T07:59:19+00:00\",\"breadcrumb\":{\"@id\":\"https:\\\/\\\/news.save.ch\\\/umstrittene-corona-ueberwachung-fuer-virtuelle-patrouillen\\\/#breadcrumb\"},\"inLanguage\":\"en-US\",\"potentialAction\":[{\"@type\":\"ReadAction\",\"target\":[\"https:\\\/\\\/news.save.ch\\\/umstrittene-corona-ueberwachung-fuer-virtuelle-patrouillen\\\/\"]}]},{\"@type\":\"ImageObject\",\"inLanguage\":\"en-US\",\"@id\":\"https:\\\/\\\/news.save.ch\\\/umstrittene-corona-ueberwachung-fuer-virtuelle-patrouillen\\\/#primaryimage\",\"url\":\"https:\\\/\\\/news.save.ch\\\/wp-content\\\/uploads\\\/2020\\\/04\\\/ueberwachung-scaled-1-scaled.jpg\",\"contentUrl\":\"https:\\\/\\\/news.save.ch\\\/wp-content\\\/uploads\\\/2020\\\/04\\\/ueberwachung-scaled-1-scaled.jpg\",\"width\":1400,\"height\":934,\"caption\":\"Hier ein Bild aus Z\u00fcrich. Im Kanton Aargau \u00fcberwacht man Personenansammlungen auch mit virtuellen Patrouillen. Der Foto: R. Str\u00e4ssle\"},{\"@type\":\"BreadcrumbList\",\"@id\":\"https:\\\/\\\/news.save.ch\\\/umstrittene-corona-ueberwachung-fuer-virtuelle-patrouillen\\\/#breadcrumb\",\"itemListElement\":[{\"@type\":\"ListItem\",\"position\":1,\"name\":\"Home\",\"item\":\"https:\\\/\\\/news.save.ch\\\/de\\\/\"},{\"@type\":\"ListItem\",\"position\":2,\"name\":\"Umstrittene Corona-\u00dcberwachung\"}]},{\"@type\":\"WebSite\",\"@id\":\"https:\\\/\\\/news.save.ch\\\/de\\\/#website\",\"url\":\"https:\\\/\\\/news.save.ch\\\/de\\\/\",\"name\":\"Save\",\"description\":\"Schweizer Fachzeitschrift f\u00fcr Sicherheit\",\"publisher\":{\"@id\":\"https:\\\/\\\/news.save.ch\\\/de\\\/#organization\"},\"potentialAction\":[{\"@type\":\"SearchAction\",\"target\":{\"@type\":\"EntryPoint\",\"urlTemplate\":\"https:\\\/\\\/news.save.ch\\\/de\\\/?s={search_term_string}\"},\"query-input\":{\"@type\":\"PropertyValueSpecification\",\"valueRequired\":true,\"valueName\":\"search_term_string\"}}],\"inLanguage\":\"en-US\"},{\"@type\":\"Organization\",\"@id\":\"https:\\\/\\\/news.save.ch\\\/de\\\/#organization\",\"name\":\"Sicherheitsforum\",\"url\":\"https:\\\/\\\/news.save.ch\\\/de\\\/\",\"logo\":{\"@type\":\"ImageObject\",\"inLanguage\":\"en-US\",\"@id\":\"https:\\\/\\\/news.save.ch\\\/de\\\/#\\\/schema\\\/logo\\\/image\\\/\",\"url\":\"https:\\\/\\\/news.save.ch\\\/wp-content\\\/uploads\\\/2022\\\/06\\\/Logo_SF_2012.png\",\"contentUrl\":\"https:\\\/\\\/news.save.ch\\\/wp-content\\\/uploads\\\/2022\\\/06\\\/Logo_SF_2012.png\",\"width\":1100,\"height\":91,\"caption\":\"Sicherheitsforum\"},\"image\":{\"@id\":\"https:\\\/\\\/news.save.ch\\\/de\\\/#\\\/schema\\\/logo\\\/image\\\/\"}},{\"@type\":\"Person\",\"@id\":\"https:\\\/\\\/news.save.ch\\\/de\\\/#\\\/schema\\\/person\\\/d5022db048e0e2b9785c50e5b24da5aa\",\"name\":\"Roger Str\u00e4ssle\",\"image\":{\"@type\":\"ImageObject\",\"inLanguage\":\"en-US\",\"@id\":\"https:\\\/\\\/secure.gravatar.com\\\/avatar\\\/862a5569d087de48e5856e32f45d719a03804c891d6deb8d4f71a660e79e4a47?s=96&d=mm&r=g\",\"url\":\"https:\\\/\\\/secure.gravatar.com\\\/avatar\\\/862a5569d087de48e5856e32f45d719a03804c891d6deb8d4f71a660e79e4a47?s=96&d=mm&r=g\",\"contentUrl\":\"https:\\\/\\\/secure.gravatar.com\\\/avatar\\\/862a5569d087de48e5856e32f45d719a03804c891d6deb8d4f71a660e79e4a47?s=96&d=mm&r=g\",\"caption\":\"Roger Str\u00e4ssle\"},\"url\":\"https:\\\/\\\/news.save.ch\\\/en\\\/author\\\/roger-straessle\\\/\"}]}<\/script>\n<!-- \/ Yoast SEO plugin. -->","yoast_head_json":{"title":"Controversial Corona surveillance - Save","robots":{"index":"index","follow":"follow","max-snippet":"max-snippet:-1","max-image-preview":"max-image-preview:large","max-video-preview":"max-video-preview:-1"},"canonical":"https:\/\/news.save.ch\/en\/umstrittene-corona-ueberwachung-fuer-virtuelle-patrouillen\/","og_locale":"en_US","og_type":"article","og_title":"Umstrittene Corona-\u00dcberwachung - Save","og_description":"&nbsp; In Ausnahmezeiten schalten die Beh\u00f6rden schon mal den \u00abTurbo\u00bb im Kampf gegen das Coronavirus ein. So geschehen im Kanton Aargau, der sich das Recht herausnimmt, verst\u00e4rkt mit Video\u00fcberwachung zu arbeiten. Gest\u00fctzt auf die kantonale Sonderverordnung vom 1. April 2020 k\u00f6nnen deshalb auch optische-elektronische \u00dcberwachungsanlagen eingesetzt werden. Konkret heisst es dazu im Abschnitt \u00abVideo\u00fcberwachung im [&hellip;]","og_url":"https:\/\/news.save.ch\/en\/umstrittene-corona-ueberwachung-fuer-virtuelle-patrouillen\/","og_site_name":"Save","article_published_time":"2020-04-06T13:06:28+00:00","article_modified_time":"2023-03-14T07:59:19+00:00","og_image":[{"width":1400,"height":934,"url":"https:\/\/news.save.ch\/wp-content\/uploads\/2020\/04\/ueberwachung-scaled-1-scaled.jpg","type":"image\/jpeg"}],"author":"Roger Str\u00e4ssle","twitter_card":"summary_large_image","twitter_misc":{"Written by":"Roger Str\u00e4ssle","Est. reading time":"2 minutes"},"schema":{"@context":"https:\/\/schema.org","@graph":[{"@type":"Article","@id":"https:\/\/news.save.ch\/umstrittene-corona-ueberwachung-fuer-virtuelle-patrouillen\/#article","isPartOf":{"@id":"https:\/\/news.save.ch\/umstrittene-corona-ueberwachung-fuer-virtuelle-patrouillen\/"},"author":{"name":"Roger Str\u00e4ssle","@id":"https:\/\/news.save.ch\/de\/#\/schema\/person\/d5022db048e0e2b9785c50e5b24da5aa"},"headline":"Umstrittene Corona-\u00dcberwachung","datePublished":"2020-04-06T13:06:28+00:00","dateModified":"2023-03-14T07:59:19+00:00","mainEntityOfPage":{"@id":"https:\/\/news.save.ch\/umstrittene-corona-ueberwachung-fuer-virtuelle-patrouillen\/"},"wordCount":472,"publisher":{"@id":"https:\/\/news.save.ch\/de\/#organization"},"image":{"@id":"https:\/\/news.save.ch\/umstrittene-corona-ueberwachung-fuer-virtuelle-patrouillen\/#primaryimage"},"thumbnailUrl":"https:\/\/news.save.ch\/wp-content\/uploads\/2020\/04\/ueberwachung-scaled-1-scaled.jpg","keywords":["Coronaviruas","Covid-19","Kanton Aargau","\u00dcberwachung","Video\u00fcberwachung","virtuelle Patrouillen"],"articleSection":["SICHERHEIT"],"inLanguage":"en-US"},{"@type":"WebPage","@id":"https:\/\/news.save.ch\/umstrittene-corona-ueberwachung-fuer-virtuelle-patrouillen\/","url":"https:\/\/news.save.ch\/umstrittene-corona-ueberwachung-fuer-virtuelle-patrouillen\/","name":"Controversial Corona surveillance - Save","isPartOf":{"@id":"https:\/\/news.save.ch\/de\/#website"},"primaryImageOfPage":{"@id":"https:\/\/news.save.ch\/umstrittene-corona-ueberwachung-fuer-virtuelle-patrouillen\/#primaryimage"},"image":{"@id":"https:\/\/news.save.ch\/umstrittene-corona-ueberwachung-fuer-virtuelle-patrouillen\/#primaryimage"},"thumbnailUrl":"https:\/\/news.save.ch\/wp-content\/uploads\/2020\/04\/ueberwachung-scaled-1-scaled.jpg","datePublished":"2020-04-06T13:06:28+00:00","dateModified":"2023-03-14T07:59:19+00:00","breadcrumb":{"@id":"https:\/\/news.save.ch\/umstrittene-corona-ueberwachung-fuer-virtuelle-patrouillen\/#breadcrumb"},"inLanguage":"en-US","potentialAction":[{"@type":"ReadAction","target":["https:\/\/news.save.ch\/umstrittene-corona-ueberwachung-fuer-virtuelle-patrouillen\/"]}]},{"@type":"ImageObject","inLanguage":"en-US","@id":"https:\/\/news.save.ch\/umstrittene-corona-ueberwachung-fuer-virtuelle-patrouillen\/#primaryimage","url":"https:\/\/news.save.ch\/wp-content\/uploads\/2020\/04\/ueberwachung-scaled-1-scaled.jpg","contentUrl":"https:\/\/news.save.ch\/wp-content\/uploads\/2020\/04\/ueberwachung-scaled-1-scaled.jpg","width":1400,"height":934,"caption":"Hier ein Bild aus Z\u00fcrich. Im Kanton Aargau \u00fcberwacht man Personenansammlungen auch mit virtuellen Patrouillen. Der Foto: R. Str\u00e4ssle"},{"@type":"BreadcrumbList","@id":"https:\/\/news.save.ch\/umstrittene-corona-ueberwachung-fuer-virtuelle-patrouillen\/#breadcrumb","itemListElement":[{"@type":"ListItem","position":1,"name":"Home","item":"https:\/\/news.save.ch\/de\/"},{"@type":"ListItem","position":2,"name":"Umstrittene Corona-\u00dcberwachung"}]},{"@type":"WebSite","@id":"https:\/\/news.save.ch\/de\/#website","url":"https:\/\/news.save.ch\/de\/","name":"Save","description":"Swiss trade journal for safety","publisher":{"@id":"https:\/\/news.save.ch\/de\/#organization"},"potentialAction":[{"@type":"SearchAction","target":{"@type":"EntryPoint","urlTemplate":"https:\/\/news.save.ch\/de\/?s={search_term_string}"},"query-input":{"@type":"PropertyValueSpecification","valueRequired":true,"valueName":"search_term_string"}}],"inLanguage":"en-US"},{"@type":"Organization","@id":"https:\/\/news.save.ch\/de\/#organization","name":"Security Forum","url":"https:\/\/news.save.ch\/de\/","logo":{"@type":"ImageObject","inLanguage":"en-US","@id":"https:\/\/news.save.ch\/de\/#\/schema\/logo\/image\/","url":"https:\/\/news.save.ch\/wp-content\/uploads\/2022\/06\/Logo_SF_2012.png","contentUrl":"https:\/\/news.save.ch\/wp-content\/uploads\/2022\/06\/Logo_SF_2012.png","width":1100,"height":91,"caption":"Sicherheitsforum"},"image":{"@id":"https:\/\/news.save.ch\/de\/#\/schema\/logo\/image\/"}},{"@type":"Person","@id":"https:\/\/news.save.ch\/de\/#\/schema\/person\/d5022db048e0e2b9785c50e5b24da5aa","name":"Roger Str\u00e4ssle","image":{"@type":"ImageObject","inLanguage":"en-US","@id":"https:\/\/secure.gravatar.com\/avatar\/862a5569d087de48e5856e32f45d719a03804c891d6deb8d4f71a660e79e4a47?s=96&d=mm&r=g","url":"https:\/\/secure.gravatar.com\/avatar\/862a5569d087de48e5856e32f45d719a03804c891d6deb8d4f71a660e79e4a47?s=96&d=mm&r=g","contentUrl":"https:\/\/secure.gravatar.com\/avatar\/862a5569d087de48e5856e32f45d719a03804c891d6deb8d4f71a660e79e4a47?s=96&d=mm&r=g","caption":"Roger Str\u00e4ssle"},"url":"https:\/\/news.save.ch\/en\/author\/roger-straessle\/"}]}},"_links":{"self":[{"href":"https:\/\/news.save.ch\/en\/wp-json\/wp\/v2\/posts\/9925","targetHints":{"allow":["GET"]}}],"collection":[{"href":"https:\/\/news.save.ch\/en\/wp-json\/wp\/v2\/posts"}],"about":[{"href":"https:\/\/news.save.ch\/en\/wp-json\/wp\/v2\/types\/post"}],"author":[{"embeddable":true,"href":"https:\/\/news.save.ch\/en\/wp-json\/wp\/v2\/users\/8"}],"replies":[{"embeddable":true,"href":"https:\/\/news.save.ch\/en\/wp-json\/wp\/v2\/comments?post=9925"}],"version-history":[{"count":1,"href":"https:\/\/news.save.ch\/en\/wp-json\/wp\/v2\/posts\/9925\/revisions"}],"predecessor-version":[{"id":17913,"href":"https:\/\/news.save.ch\/en\/wp-json\/wp\/v2\/posts\/9925\/revisions\/17913"}],"wp:featuredmedia":[{"embeddable":true,"href":"https:\/\/news.save.ch\/en\/wp-json\/wp\/v2\/media\/9926"}],"wp:attachment":[{"href":"https:\/\/news.save.ch\/en\/wp-json\/wp\/v2\/media?parent=9925"}],"wp:term":[{"taxonomy":"category","embeddable":true,"href":"https:\/\/news.save.ch\/en\/wp-json\/wp\/v2\/categories?post=9925"},{"taxonomy":"post_tag","embeddable":true,"href":"https:\/\/news.save.ch\/en\/wp-json\/wp\/v2\/tags?post=9925"}],"curies":[{"name":"wp","href":"https:\/\/api.w.org\/{rel}","templated":true}]}}