{"id":10056,"date":"2020-04-30T09:51:42","date_gmt":"2020-04-30T07:51:42","guid":{"rendered":"https:\/\/news.save.ch\/?p=10056"},"modified":"2023-03-14T08:58:56","modified_gmt":"2023-03-14T07:58:56","slug":"ungefaehrlich-aber-der-corona-verlauf-ist-im-abwasser-ersichtlich","status":null,"type":"post","link":"https:\/\/news.save.ch\/fr\/ungefaehrlich-aber-der-corona-verlauf-ist-im-abwasser-ersichtlich\/","title":{"rendered":"Sans danger, mais le trac\u00e9 de la couronne est visible dans les eaux us\u00e9es"},"content":{"rendered":"<figure id=\"attachment_10057\" aria-describedby=\"caption-attachment-10057\" style=\"width: 680px\" class=\"wp-caption aligncenter\"><img loading=\"lazy\" decoding=\"async\" class=\"size-medium wp-image-10057\" src=\"https:\/\/news.save.ch\/wp-content\/uploads\/2020\/04\/aufbereitung_proben.jpg\" alt=\"\" width=\"680\" height=\"425\" \/><figcaption id=\"caption-attachment-10057\" class=\"wp-caption-text\">Apr\u00e8s un traitement complexe des \u00e9chantillons, le patrimoine g\u00e9n\u00e9tique du nouveau coronavirus est recherch\u00e9. Photo : Andri Bryner, Eawag<\/figcaption><\/figure>\n<p>&nbsp;<\/p>\n<p>Les premiers \u00e9chantillons d'eaux us\u00e9es de Lugano, Lausanne et Zurich ont \u00e9t\u00e9 analys\u00e9s. Dans le cas de Zurich et de Lugano, il s'agit \u00e9galement d'un \u00e9chantillon datant de la fin f\u00e9vrier, p\u00e9riode \u00e0 laquelle les premiers cas d'infection ont \u00e9t\u00e9 connus en Suisse. Selon leurs propres indications, les chercheurs de l'Eawag ont r\u00e9ussi \u00e0 d\u00e9tecter le nouveau coronavirus dans tous les \u00e9chantillons. Dans les \u00e9chantillons les plus r\u00e9cents, les concentrations sont si \u00e9lev\u00e9es que l'analyse semble relativement simple. Ce n'est pas le cas pour les \u00e9chantillons de f\u00e9vrier : \"Nous ne pouvions pas nous attendre \u00e0 ce qu'il soit possible de mesurer un signal dans les eaux us\u00e9es de Lugano, qui ne compte qu'un seul cas connu, et de Zurich, qui n'en compte que six\", explique Tamar Kohn, chercheuse en sciences de l'environnement.<strong>\u00a0<\/strong><\/p>\n<p><strong>Montrer l'\u00e9volution de la contamination, et non le nombre absolu de personnes infect\u00e9es<\/strong><\/p>\n<p>La d\u00e9tection r\u00e9ussie de faibles concentrations de virus \u00e0 un moment pr\u00e9coce de l'\u00e9pid\u00e9mie devrait permettre de reconstruire r\u00e9trospectivement la courbe de l'augmentation du Covid-19. Mais il faudra encore des semaines avant que les plus de 300 \u00e9chantillons actuellement congel\u00e9s \u00e0 l'Eawag et \u00e0 l'EPFL soient tous analys\u00e9s. Il ne sera pas possible d'en d\u00e9duire un nombre exact de personnes infect\u00e9es. Entre autres, le nombre de virus excr\u00e9t\u00e9s par personne infect\u00e9e varie trop fortement. Ce qui est important, c'est l'\u00e9volution. A l'exemple des \u00e9chantillons de Lausanne, les scientifiques ont pu retracer grossi\u00e8rement ces derniers jours l'augmentation des virus du SRAS-CoV2 dans les eaux us\u00e9es entre mars et avril : Kohn estime que la multiplication de la concentration est actuellement de dix \u00e0 cent fois sup\u00e9rieure.<\/p>\n<p><strong>Objectif Syst\u00e8me d'alerte pr\u00e9coce<\/strong><\/p>\n<p>Des \u00e9chantillons ont \u00e9t\u00e9 pr\u00e9lev\u00e9s dans douze stations d'\u00e9puration, dont neuf au Tessin, depuis l'annonce des premiers cas de Covid-19 - des archives pr\u00e9cieuses. L'objectif principal du projet n'est toutefois pas de regarder en arri\u00e8re, mais de mettre en place un syst\u00e8me avec une fonction d'alerte pr\u00e9coce. \"Avec des \u00e9chantillons provenant de 20 grandes stations d'\u00e9puration bien r\u00e9parties g\u00e9ographiquement sur le territoire suisse, nous pourrions surveiller les eaux us\u00e9es d'environ 2,5 millions de personnes\", explique Christoph Ort, ing\u00e9nieur en environnement. Si les \u00e9chantillons sont analys\u00e9s rapidement, une recrudescence des infections pendant la sortie du lockdown pourrait sans doute \u00eatre d\u00e9tect\u00e9e plus t\u00f4t que par des tests cliniques sur les personnes concern\u00e9es ; Ort esp\u00e8re environ une semaine plus t\u00f4t. Le chercheur de l'Eawag s'occupe depuis longtemps de l'\u00e9pid\u00e9miologie des eaux us\u00e9es. Jusqu'\u00e0 pr\u00e9sent, il s'est concentr\u00e9 sur la comparaison de la consommation de drogues \u00e0 l'\u00e9chelle europ\u00e9enne, car \"les eaux us\u00e9es ne mentent pas et refl\u00e8tent en quelques heures ce que la population rejette\", explique Ort. Les contacts bien rod\u00e9s avec les cantons et les stations d'\u00e9puration ont maintenant profit\u00e9 aux chercheurs.<\/p>\n<p><strong>M\u00e9thodologie complexe <\/strong><\/p>\n<p>Malgr\u00e9 les premiers succ\u00e8s, la m\u00e9thodologie doit encore \u00eatre optimis\u00e9e. Ainsi, on ne sait pas encore clairement quelle proportion des virus est captur\u00e9e lors de l'extraction - la rupture de l'enveloppe entourant l'information g\u00e9n\u00e9tique r\u00e9v\u00e9latrice (ARN). Cette \u00e9tape suit plusieurs \u00e9tapes de filtration et de centrifugation. Et m\u00eame apr\u00e8s, lors de l'amplification s\u00e9lective de la s\u00e9quence g\u00e9n\u00e9tique recherch\u00e9e, les facteurs d'incertitude sont actuellement encore trop importants. Ce n'est que lorsque ceux-ci pourront \u00e9galement \u00eatre d\u00e9limit\u00e9s que les conclusions sur les concentrations virales contenues dans les \u00e9chantillons originaux seront comparables.<\/p>\n<p><em>Communiqu\u00e9 de presse de l'Eawag<\/em><\/p>\n<p>&nbsp;<\/p>\n<blockquote>\n<p><strong>Propagation par l'eau et les eaux us\u00e9es improbable <\/strong><\/p>\n<p>Alors que les chercheurs trouvent le nouveau coronavirus, ou du moins son patrimoine g\u00e9n\u00e9tique, dans les eaux us\u00e9es, rien n'indique, en l'\u00e9tat actuel des connaissances, que l'agent pathog\u00e8ne se propage par l'eau ou les eaux us\u00e9es. L'eau potable suisse est d'une excellente qualit\u00e9 hygi\u00e9nique et convient \u00e9galement \u00e0 la consommation pendant une pand\u00e9mie. Plus d'informations sur<\/p>\n<p>\u2013<a href=\"https:\/\/www.aquaetgas.ch\/de\/svgw-news\/wasser\/20200330-fakten-und-faq-coronavirus-wasserversorgung\/\">Le virus Corona et l'approvisionnement en eau<\/a>; Soci\u00e9t\u00e9 suisse de l'industrie du gaz et des eaux (SSIGE)<\/p>\n<p>\u2013 <a href=\"https:\/\/www.umweltbundesamt.de\/sites\/default\/files\/medien\/374\/dokumente\/stellungnahme_uba_sars-co2_und_trinkwasser-1.pdf\">Le traitement des eaux us\u00e9es et la pand\u00e9mie de coronavirus<\/a> (pdf) ; Office f\u00e9d\u00e9ral de l'environnement<\/p>\n<p>- Agence f\u00e9d\u00e9rale allemande de l'environnement ; \"L'eau potable et le coronavirus SARS-CoV-2\" (pdf)<\/p>\n<p>- L'eau potable est tr\u00e8s bien prot\u00e9g\u00e9e contre tous les virus, y compris le coronavirus ; Institut de recherche sur l'eau <a href=\"https:\/\/www.kwrwater.nl\/en\/actueel\/drinking-water-very-well-protected-against-coronavirus\/\">KWR<\/a> (Nieuwegein, Pays-Bas)<\/p>\n<\/blockquote>\n<p>&nbsp;<\/p>","protected":false},"excerpt":{"rendered":"<p>&nbsp; Aus Lugano, Lausanne und Z\u00fcrich wurden erste Abwasserproben analysiert, im Fall von Z\u00fcrich und Lugano auch je eine aus der Zeit Ende Februar mit den ersten bekannten F\u00e4llen von Infektionen in der Schweiz. In allen Proben ist es den Eawag-Forschern laut eigenen Angaben gelungen, das neue Coronavirus nachzuweisen. In den neueren Proben sind die [&hellip;]<\/p>\n","protected":false},"author":8,"featured_media":10057,"comment_status":"closed","ping_status":"closed","sticky":false,"template":"","format":"standard","meta":{"_acf_changed":false,"pgc_sgb_lightbox_settings":"","footnotes":""},"categories":[3312],"tags":[833,631,632,834,835,836],"class_list":["post-10056","post","type-post","status-publish","format-standard","has-post-thumbnail","hentry","category-sicherheit","tag-abwasser","tag-coronavirus","tag-covid-19","tag-eawag","tag-forschungsprojekt","tag-fruehwarnsystem"],"acf":[],"hkrextid":null,"publication":null,"issue":null,"workflow":null,"startPage":null,"spitzmarke":null,"_posts_by_tag_page_fields":{"widget_title":"","widget_tags":""},"_at_widget":"1","_yoast_wpseo_primary_category":"5","_yoast_wpseo_focuskw_text_input":"Eawag","_yoast_wpseo_opengraph-image":null,"_yoast_wpseo_opengraph-description":null,"_yoast_wpseo_opengraph-title":null,"enclosure":null,"_yoast_wpseo_twitter-title":null,"_yoast_wpseo_twitter-description":null,"_yoast_wpseo_twitter-image":null,"_wp_old_slug":null,"_yoast_wpseo_title":null,"_yoast_wpseo_canonical":null,"yoast_head":"<!-- This site is optimized with the Yoast SEO plugin v27.5 - https:\/\/yoast.com\/product\/yoast-seo-wordpress\/ -->\n<title>Ungef\u00e4hrlich, doch der Corona-Verlauf ist im Abwasser ersichtlich - Save<\/title>\n<meta name=\"description\" content=\"Der Nachweis des neuen Coronavirus im Abwasser ist gem\u00e4ss Angaben des Wasserforschungsinstituts Eawag gelungen.\" \/>\n<meta name=\"robots\" content=\"index, follow, max-snippet:-1, max-image-preview:large, max-video-preview:-1\" \/>\n<link rel=\"canonical\" href=\"https:\/\/news.save.ch\/fr\/ungefaehrlich-aber-der-corona-verlauf-ist-im-abwasser-ersichtlich\/\" \/>\n<meta property=\"og:locale\" content=\"fr_FR\" \/>\n<meta property=\"og:type\" content=\"article\" \/>\n<meta property=\"og:title\" content=\"Ungef\u00e4hrlich, doch der Corona-Verlauf ist im Abwasser ersichtlich - Save\" \/>\n<meta property=\"og:description\" content=\"Der Nachweis des neuen Coronavirus im Abwasser ist gem\u00e4ss Angaben des Wasserforschungsinstituts Eawag gelungen.\" \/>\n<meta property=\"og:url\" content=\"https:\/\/news.save.ch\/fr\/ungefaehrlich-aber-der-corona-verlauf-ist-im-abwasser-ersichtlich\/\" \/>\n<meta property=\"og:site_name\" content=\"Save\" \/>\n<meta property=\"article:published_time\" content=\"2020-04-30T07:51:42+00:00\" \/>\n<meta property=\"article:modified_time\" content=\"2023-03-14T07:58:56+00:00\" \/>\n<meta property=\"og:image\" content=\"https:\/\/news.save.ch\/wp-content\/uploads\/2020\/04\/aufbereitung_proben-scaled.jpg\" \/>\n\t<meta property=\"og:image:width\" content=\"1400\" \/>\n\t<meta property=\"og:image:height\" content=\"875\" \/>\n\t<meta property=\"og:image:type\" content=\"image\/jpeg\" \/>\n<meta name=\"author\" content=\"Roger Str\u00e4ssle\" \/>\n<meta name=\"twitter:card\" content=\"summary_large_image\" \/>\n<meta name=\"twitter:label1\" content=\"\u00c9crit par\" \/>\n\t<meta name=\"twitter:data1\" content=\"Roger Str\u00e4ssle\" \/>\n\t<meta name=\"twitter:label2\" content=\"Dur\u00e9e de lecture estim\u00e9e\" \/>\n\t<meta name=\"twitter:data2\" content=\"3 minutes\" \/>\n<script type=\"application\/ld+json\" class=\"yoast-schema-graph\">{\"@context\":\"https:\\\/\\\/schema.org\",\"@graph\":[{\"@type\":\"Article\",\"@id\":\"https:\\\/\\\/news.save.ch\\\/ungefaehrlich-aber-der-corona-verlauf-ist-im-abwasser-ersichtlich\\\/#article\",\"isPartOf\":{\"@id\":\"https:\\\/\\\/news.save.ch\\\/ungefaehrlich-aber-der-corona-verlauf-ist-im-abwasser-ersichtlich\\\/\"},\"author\":{\"name\":\"Roger Str\u00e4ssle\",\"@id\":\"https:\\\/\\\/news.save.ch\\\/de\\\/#\\\/schema\\\/person\\\/d5022db048e0e2b9785c50e5b24da5aa\"},\"headline\":\"Ungef\u00e4hrlich, doch der Corona-Verlauf ist im Abwasser ersichtlich\",\"datePublished\":\"2020-04-30T07:51:42+00:00\",\"dateModified\":\"2023-03-14T07:58:56+00:00\",\"mainEntityOfPage\":{\"@id\":\"https:\\\/\\\/news.save.ch\\\/ungefaehrlich-aber-der-corona-verlauf-ist-im-abwasser-ersichtlich\\\/\"},\"wordCount\":623,\"publisher\":{\"@id\":\"https:\\\/\\\/news.save.ch\\\/de\\\/#organization\"},\"image\":{\"@id\":\"https:\\\/\\\/news.save.ch\\\/ungefaehrlich-aber-der-corona-verlauf-ist-im-abwasser-ersichtlich\\\/#primaryimage\"},\"thumbnailUrl\":\"https:\\\/\\\/news.save.ch\\\/wp-content\\\/uploads\\\/2020\\\/04\\\/aufbereitung_proben-scaled.jpg\",\"keywords\":[\"Abwasser\",\"Coronavirus\",\"Covid-19\",\"Eawag\",\"Forschungsprojekt\",\"Fr\u00fchwarnsystem\"],\"articleSection\":[\"SICHERHEIT\"],\"inLanguage\":\"fr-FR\"},{\"@type\":\"WebPage\",\"@id\":\"https:\\\/\\\/news.save.ch\\\/ungefaehrlich-aber-der-corona-verlauf-ist-im-abwasser-ersichtlich\\\/\",\"url\":\"https:\\\/\\\/news.save.ch\\\/ungefaehrlich-aber-der-corona-verlauf-ist-im-abwasser-ersichtlich\\\/\",\"name\":\"Ungef\u00e4hrlich, doch der Corona-Verlauf ist im Abwasser ersichtlich - Save\",\"isPartOf\":{\"@id\":\"https:\\\/\\\/news.save.ch\\\/de\\\/#website\"},\"primaryImageOfPage\":{\"@id\":\"https:\\\/\\\/news.save.ch\\\/ungefaehrlich-aber-der-corona-verlauf-ist-im-abwasser-ersichtlich\\\/#primaryimage\"},\"image\":{\"@id\":\"https:\\\/\\\/news.save.ch\\\/ungefaehrlich-aber-der-corona-verlauf-ist-im-abwasser-ersichtlich\\\/#primaryimage\"},\"thumbnailUrl\":\"https:\\\/\\\/news.save.ch\\\/wp-content\\\/uploads\\\/2020\\\/04\\\/aufbereitung_proben-scaled.jpg\",\"datePublished\":\"2020-04-30T07:51:42+00:00\",\"dateModified\":\"2023-03-14T07:58:56+00:00\",\"description\":\"Der Nachweis des neuen Coronavirus im Abwasser ist gem\u00e4ss Angaben des Wasserforschungsinstituts Eawag gelungen.\",\"breadcrumb\":{\"@id\":\"https:\\\/\\\/news.save.ch\\\/ungefaehrlich-aber-der-corona-verlauf-ist-im-abwasser-ersichtlich\\\/#breadcrumb\"},\"inLanguage\":\"fr-FR\",\"potentialAction\":[{\"@type\":\"ReadAction\",\"target\":[\"https:\\\/\\\/news.save.ch\\\/ungefaehrlich-aber-der-corona-verlauf-ist-im-abwasser-ersichtlich\\\/\"]}]},{\"@type\":\"ImageObject\",\"inLanguage\":\"fr-FR\",\"@id\":\"https:\\\/\\\/news.save.ch\\\/ungefaehrlich-aber-der-corona-verlauf-ist-im-abwasser-ersichtlich\\\/#primaryimage\",\"url\":\"https:\\\/\\\/news.save.ch\\\/wp-content\\\/uploads\\\/2020\\\/04\\\/aufbereitung_proben-scaled.jpg\",\"contentUrl\":\"https:\\\/\\\/news.save.ch\\\/wp-content\\\/uploads\\\/2020\\\/04\\\/aufbereitung_proben-scaled.jpg\",\"width\":1400,\"height\":875,\"caption\":\"Nach aufw\u00e4ndiger Aufbereitung der Proben wird nach dem Erbgut des neuen Coronavirus gesucht. Foto: Andri Bryner, Eawag\"},{\"@type\":\"BreadcrumbList\",\"@id\":\"https:\\\/\\\/news.save.ch\\\/ungefaehrlich-aber-der-corona-verlauf-ist-im-abwasser-ersichtlich\\\/#breadcrumb\",\"itemListElement\":[{\"@type\":\"ListItem\",\"position\":1,\"name\":\"Home\",\"item\":\"https:\\\/\\\/news.save.ch\\\/de\\\/\"},{\"@type\":\"ListItem\",\"position\":2,\"name\":\"Ungef\u00e4hrlich, doch der Corona-Verlauf ist im Abwasser ersichtlich\"}]},{\"@type\":\"WebSite\",\"@id\":\"https:\\\/\\\/news.save.ch\\\/de\\\/#website\",\"url\":\"https:\\\/\\\/news.save.ch\\\/de\\\/\",\"name\":\"Save\",\"description\":\"Schweizer Fachzeitschrift f\u00fcr Sicherheit\",\"publisher\":{\"@id\":\"https:\\\/\\\/news.save.ch\\\/de\\\/#organization\"},\"potentialAction\":[{\"@type\":\"SearchAction\",\"target\":{\"@type\":\"EntryPoint\",\"urlTemplate\":\"https:\\\/\\\/news.save.ch\\\/de\\\/?s={search_term_string}\"},\"query-input\":{\"@type\":\"PropertyValueSpecification\",\"valueRequired\":true,\"valueName\":\"search_term_string\"}}],\"inLanguage\":\"fr-FR\"},{\"@type\":\"Organization\",\"@id\":\"https:\\\/\\\/news.save.ch\\\/de\\\/#organization\",\"name\":\"Sicherheitsforum\",\"url\":\"https:\\\/\\\/news.save.ch\\\/de\\\/\",\"logo\":{\"@type\":\"ImageObject\",\"inLanguage\":\"fr-FR\",\"@id\":\"https:\\\/\\\/news.save.ch\\\/de\\\/#\\\/schema\\\/logo\\\/image\\\/\",\"url\":\"https:\\\/\\\/news.save.ch\\\/wp-content\\\/uploads\\\/2022\\\/06\\\/Logo_SF_2012.png\",\"contentUrl\":\"https:\\\/\\\/news.save.ch\\\/wp-content\\\/uploads\\\/2022\\\/06\\\/Logo_SF_2012.png\",\"width\":1100,\"height\":91,\"caption\":\"Sicherheitsforum\"},\"image\":{\"@id\":\"https:\\\/\\\/news.save.ch\\\/de\\\/#\\\/schema\\\/logo\\\/image\\\/\"}},{\"@type\":\"Person\",\"@id\":\"https:\\\/\\\/news.save.ch\\\/de\\\/#\\\/schema\\\/person\\\/d5022db048e0e2b9785c50e5b24da5aa\",\"name\":\"Roger Str\u00e4ssle\",\"image\":{\"@type\":\"ImageObject\",\"inLanguage\":\"fr-FR\",\"@id\":\"https:\\\/\\\/secure.gravatar.com\\\/avatar\\\/862a5569d087de48e5856e32f45d719a03804c891d6deb8d4f71a660e79e4a47?s=96&d=mm&r=g\",\"url\":\"https:\\\/\\\/secure.gravatar.com\\\/avatar\\\/862a5569d087de48e5856e32f45d719a03804c891d6deb8d4f71a660e79e4a47?s=96&d=mm&r=g\",\"contentUrl\":\"https:\\\/\\\/secure.gravatar.com\\\/avatar\\\/862a5569d087de48e5856e32f45d719a03804c891d6deb8d4f71a660e79e4a47?s=96&d=mm&r=g\",\"caption\":\"Roger Str\u00e4ssle\"},\"url\":\"https:\\\/\\\/news.save.ch\\\/fr\\\/author\\\/roger-straessle\\\/\"}]}<\/script>\n<!-- \/ Yoast SEO plugin. -->","yoast_head_json":{"title":"Sans danger, mais le trac\u00e9 de la couronne est visible dans les eaux us\u00e9es - Save","description":"Selon les informations de l'Institut de recherche sur l'eau Eawag, la d\u00e9tection du nouveau coronavirus dans les eaux us\u00e9es est un succ\u00e8s.","robots":{"index":"index","follow":"follow","max-snippet":"max-snippet:-1","max-image-preview":"max-image-preview:large","max-video-preview":"max-video-preview:-1"},"canonical":"https:\/\/news.save.ch\/fr\/ungefaehrlich-aber-der-corona-verlauf-ist-im-abwasser-ersichtlich\/","og_locale":"fr_FR","og_type":"article","og_title":"Ungef\u00e4hrlich, doch der Corona-Verlauf ist im Abwasser ersichtlich - Save","og_description":"Der Nachweis des neuen Coronavirus im Abwasser ist gem\u00e4ss Angaben des Wasserforschungsinstituts Eawag gelungen.","og_url":"https:\/\/news.save.ch\/fr\/ungefaehrlich-aber-der-corona-verlauf-ist-im-abwasser-ersichtlich\/","og_site_name":"Save","article_published_time":"2020-04-30T07:51:42+00:00","article_modified_time":"2023-03-14T07:58:56+00:00","og_image":[{"width":1400,"height":875,"url":"https:\/\/news.save.ch\/wp-content\/uploads\/2020\/04\/aufbereitung_proben-scaled.jpg","type":"image\/jpeg"}],"author":"Roger Str\u00e4ssle","twitter_card":"summary_large_image","twitter_misc":{"\u00c9crit par":"Roger Str\u00e4ssle","Dur\u00e9e de lecture estim\u00e9e":"3 minutes"},"schema":{"@context":"https:\/\/schema.org","@graph":[{"@type":"Article","@id":"https:\/\/news.save.ch\/ungefaehrlich-aber-der-corona-verlauf-ist-im-abwasser-ersichtlich\/#article","isPartOf":{"@id":"https:\/\/news.save.ch\/ungefaehrlich-aber-der-corona-verlauf-ist-im-abwasser-ersichtlich\/"},"author":{"name":"Roger Str\u00e4ssle","@id":"https:\/\/news.save.ch\/de\/#\/schema\/person\/d5022db048e0e2b9785c50e5b24da5aa"},"headline":"Ungef\u00e4hrlich, doch der Corona-Verlauf ist im Abwasser ersichtlich","datePublished":"2020-04-30T07:51:42+00:00","dateModified":"2023-03-14T07:58:56+00:00","mainEntityOfPage":{"@id":"https:\/\/news.save.ch\/ungefaehrlich-aber-der-corona-verlauf-ist-im-abwasser-ersichtlich\/"},"wordCount":623,"publisher":{"@id":"https:\/\/news.save.ch\/de\/#organization"},"image":{"@id":"https:\/\/news.save.ch\/ungefaehrlich-aber-der-corona-verlauf-ist-im-abwasser-ersichtlich\/#primaryimage"},"thumbnailUrl":"https:\/\/news.save.ch\/wp-content\/uploads\/2020\/04\/aufbereitung_proben-scaled.jpg","keywords":["Abwasser","Coronavirus","Covid-19","Eawag","Forschungsprojekt","Fr\u00fchwarnsystem"],"articleSection":["SICHERHEIT"],"inLanguage":"fr-FR"},{"@type":"WebPage","@id":"https:\/\/news.save.ch\/ungefaehrlich-aber-der-corona-verlauf-ist-im-abwasser-ersichtlich\/","url":"https:\/\/news.save.ch\/ungefaehrlich-aber-der-corona-verlauf-ist-im-abwasser-ersichtlich\/","name":"Sans danger, mais le trac\u00e9 de la couronne est visible dans les eaux us\u00e9es - Save","isPartOf":{"@id":"https:\/\/news.save.ch\/de\/#website"},"primaryImageOfPage":{"@id":"https:\/\/news.save.ch\/ungefaehrlich-aber-der-corona-verlauf-ist-im-abwasser-ersichtlich\/#primaryimage"},"image":{"@id":"https:\/\/news.save.ch\/ungefaehrlich-aber-der-corona-verlauf-ist-im-abwasser-ersichtlich\/#primaryimage"},"thumbnailUrl":"https:\/\/news.save.ch\/wp-content\/uploads\/2020\/04\/aufbereitung_proben-scaled.jpg","datePublished":"2020-04-30T07:51:42+00:00","dateModified":"2023-03-14T07:58:56+00:00","description":"Selon les informations de l'Institut de recherche sur l'eau Eawag, la d\u00e9tection du nouveau coronavirus dans les eaux us\u00e9es est un succ\u00e8s.","breadcrumb":{"@id":"https:\/\/news.save.ch\/ungefaehrlich-aber-der-corona-verlauf-ist-im-abwasser-ersichtlich\/#breadcrumb"},"inLanguage":"fr-FR","potentialAction":[{"@type":"ReadAction","target":["https:\/\/news.save.ch\/ungefaehrlich-aber-der-corona-verlauf-ist-im-abwasser-ersichtlich\/"]}]},{"@type":"ImageObject","inLanguage":"fr-FR","@id":"https:\/\/news.save.ch\/ungefaehrlich-aber-der-corona-verlauf-ist-im-abwasser-ersichtlich\/#primaryimage","url":"https:\/\/news.save.ch\/wp-content\/uploads\/2020\/04\/aufbereitung_proben-scaled.jpg","contentUrl":"https:\/\/news.save.ch\/wp-content\/uploads\/2020\/04\/aufbereitung_proben-scaled.jpg","width":1400,"height":875,"caption":"Nach aufw\u00e4ndiger Aufbereitung der Proben wird nach dem Erbgut des neuen Coronavirus gesucht. Foto: Andri Bryner, Eawag"},{"@type":"BreadcrumbList","@id":"https:\/\/news.save.ch\/ungefaehrlich-aber-der-corona-verlauf-ist-im-abwasser-ersichtlich\/#breadcrumb","itemListElement":[{"@type":"ListItem","position":1,"name":"Home","item":"https:\/\/news.save.ch\/de\/"},{"@type":"ListItem","position":2,"name":"Ungef\u00e4hrlich, doch der Corona-Verlauf ist im Abwasser ersichtlich"}]},{"@type":"WebSite","@id":"https:\/\/news.save.ch\/de\/#website","url":"https:\/\/news.save.ch\/de\/","name":"Save","description":"Revue suisse sp\u00e9cialis\u00e9e dans la s\u00e9curit\u00e9","publisher":{"@id":"https:\/\/news.save.ch\/de\/#organization"},"potentialAction":[{"@type":"SearchAction","target":{"@type":"EntryPoint","urlTemplate":"https:\/\/news.save.ch\/de\/?s={search_term_string}"},"query-input":{"@type":"PropertyValueSpecification","valueRequired":true,"valueName":"search_term_string"}}],"inLanguage":"fr-FR"},{"@type":"Organization","@id":"https:\/\/news.save.ch\/de\/#organization","name":"Forum sur la s\u00e9curit\u00e9","url":"https:\/\/news.save.ch\/de\/","logo":{"@type":"ImageObject","inLanguage":"fr-FR","@id":"https:\/\/news.save.ch\/de\/#\/schema\/logo\/image\/","url":"https:\/\/news.save.ch\/wp-content\/uploads\/2022\/06\/Logo_SF_2012.png","contentUrl":"https:\/\/news.save.ch\/wp-content\/uploads\/2022\/06\/Logo_SF_2012.png","width":1100,"height":91,"caption":"Sicherheitsforum"},"image":{"@id":"https:\/\/news.save.ch\/de\/#\/schema\/logo\/image\/"}},{"@type":"Person","@id":"https:\/\/news.save.ch\/de\/#\/schema\/person\/d5022db048e0e2b9785c50e5b24da5aa","name":"Roger Str\u00e4ssle","image":{"@type":"ImageObject","inLanguage":"fr-FR","@id":"https:\/\/secure.gravatar.com\/avatar\/862a5569d087de48e5856e32f45d719a03804c891d6deb8d4f71a660e79e4a47?s=96&d=mm&r=g","url":"https:\/\/secure.gravatar.com\/avatar\/862a5569d087de48e5856e32f45d719a03804c891d6deb8d4f71a660e79e4a47?s=96&d=mm&r=g","contentUrl":"https:\/\/secure.gravatar.com\/avatar\/862a5569d087de48e5856e32f45d719a03804c891d6deb8d4f71a660e79e4a47?s=96&d=mm&r=g","caption":"Roger Str\u00e4ssle"},"url":"https:\/\/news.save.ch\/fr\/author\/roger-straessle\/"}]}},"_links":{"self":[{"href":"https:\/\/news.save.ch\/fr\/wp-json\/wp\/v2\/posts\/10056","targetHints":{"allow":["GET"]}}],"collection":[{"href":"https:\/\/news.save.ch\/fr\/wp-json\/wp\/v2\/posts"}],"about":[{"href":"https:\/\/news.save.ch\/fr\/wp-json\/wp\/v2\/types\/post"}],"author":[{"embeddable":true,"href":"https:\/\/news.save.ch\/fr\/wp-json\/wp\/v2\/users\/8"}],"replies":[{"embeddable":true,"href":"https:\/\/news.save.ch\/fr\/wp-json\/wp\/v2\/comments?post=10056"}],"version-history":[{"count":1,"href":"https:\/\/news.save.ch\/fr\/wp-json\/wp\/v2\/posts\/10056\/revisions"}],"predecessor-version":[{"id":17851,"href":"https:\/\/news.save.ch\/fr\/wp-json\/wp\/v2\/posts\/10056\/revisions\/17851"}],"wp:featuredmedia":[{"embeddable":true,"href":"https:\/\/news.save.ch\/fr\/wp-json\/wp\/v2\/media\/10057"}],"wp:attachment":[{"href":"https:\/\/news.save.ch\/fr\/wp-json\/wp\/v2\/media?parent=10056"}],"wp:term":[{"taxonomy":"category","embeddable":true,"href":"https:\/\/news.save.ch\/fr\/wp-json\/wp\/v2\/categories?post=10056"},{"taxonomy":"post_tag","embeddable":true,"href":"https:\/\/news.save.ch\/fr\/wp-json\/wp\/v2\/tags?post=10056"}],"curies":[{"name":"wp","href":"https:\/\/api.w.org\/{rel}","templated":true}]}}