{"id":10117,"date":"2022-12-08T09:03:38","date_gmt":"2022-12-08T08:03:38","guid":{"rendered":"https:\/\/news.save.ch\/?p=10117"},"modified":"2023-06-16T04:48:42","modified_gmt":"2023-06-16T02:48:42","slug":"homeoffice-fluch-oder-segen","status":null,"type":"post","link":"https:\/\/news.save.ch\/fr\/homeoffice-fluch-oder-segen\/","title":{"rendered":"Bureau \u00e0 domicile : mal\u00e9diction ou b\u00e9n\u00e9diction"},"content":{"rendered":"<figure id=\"attachment_10120\" aria-describedby=\"caption-attachment-10120\" style=\"width: 1000px\" class=\"wp-caption alignnone\"><img loading=\"lazy\" decoding=\"async\" class=\"wp-image-10120 size-full\" src=\"https:\/\/news.save.ch\/wp-content\/uploads\/2022\/12\/Depositphotos_262678116_S.jpg\" alt=\"Promotion Sant\u00e9 Suisse \" width=\"1000\" height=\"563\" srcset=\"https:\/\/news.save.ch\/wp-content\/uploads\/2022\/12\/Depositphotos_262678116_S.jpg 1000w, https:\/\/news.save.ch\/wp-content\/uploads\/2022\/12\/Depositphotos_262678116_S-680x383.jpg 680w, https:\/\/news.save.ch\/wp-content\/uploads\/2022\/12\/Depositphotos_262678116_S-768x432.jpg 768w, https:\/\/news.save.ch\/wp-content\/uploads\/2022\/12\/Depositphotos_262678116_S-18x10.jpg 18w, https:\/\/news.save.ch\/wp-content\/uploads\/2022\/12\/Depositphotos_262678116_S-375x211.jpg 375w, https:\/\/news.save.ch\/wp-content\/uploads\/2022\/12\/Depositphotos_262678116_S-622x350.jpg 622w\" sizes=\"auto, (max-width: 1000px) 100vw, 1000px\" \/><figcaption id=\"caption-attachment-10120\" class=\"wp-caption-text\">Image : depositphotos<\/figcaption><\/figure>\n<p>Juste avant l'apparition de la pand\u00e9mie Covid-19, la fondation Promotion Sant\u00e9 Suisse a command\u00e9 une \u00e9tude sur les effets du travail \u00e0 domicile sur le bien-\u00eatre et la productivit\u00e9. L'\u00e9tude \u00e0 long terme, men\u00e9e en collaboration avec l'Universit\u00e9 de Berne et la ZHAW <a href=\"https:\/\/gesundheitsfoerderung.ch\/ueber-uns\/medien\/medienmitteilungen\/artikel\/job-stress-index-2020-2022.html\" target=\"_blank\" rel=\"noopener\">a \u00e9t\u00e9 effectu\u00e9e<\/a>L'\u00e9tude de l'OCDE sur le travail \u00e0 domicile, publi\u00e9e en septembre 2009, montre que la pand\u00e9mie Covid 19 a entra\u00een\u00e9 une augmentation significative du travail \u00e0 domicile.<\/p>\n<h3>Renforcer les ressources des collaborateurs devient de plus en plus important<\/h3>\n<p>Selon l'\u00e9tude, les personnes interrog\u00e9es travaillaient en moyenne 0,54 jour par semaine en home office ; en 2021, ce chiffre \u00e9tait de 1,47 jour et en 2022, il est toujours de 1,36 jour. Ce nouveau mode de travail peut toutefois \u00eatre une mal\u00e9diction ou une b\u00e9n\u00e9diction pour certaines personnes. D'une mani\u00e8re g\u00e9n\u00e9rale, l'enqu\u00eate men\u00e9e aupr\u00e8s des 926 personnes montre qu'un changement soudain de 0 \u00e0 100 % peut \u00eatre un facteur de stress suppl\u00e9mentaire pour les personnes soumises \u00e0 de nombreuses contraintes.<\/p>\n<p>En revanche, chez les personnes disposant de nombreuses ressources, la m\u00e9thode de travail renforce la productivit\u00e9. Dans un communiqu\u00e9, la fondation souligne qu'il est donc de plus en plus important de renforcer les ressources des collaborateurs. Un meilleur rapport entre les charges et les ressources a un effet positif sur la sant\u00e9 des travailleurs. De petites am\u00e9liorations peuvent d\u00e9j\u00e0 avoir un effet positif sur la sant\u00e9.<\/p>\n<p>Il est \u00e9galement int\u00e9ressant de constater que les personnes travaillant dans un bureau \u00e0 domicile \u00e9conomisent, selon l'\u00e9tude, environ 3,5 heures de trajet par semaine. Le travail \u00e0 domicile permet certes de travailler plus tranquillement, mais en m\u00eame temps, de nombreux travailleurs ont v\u00e9cu un isolement accru pendant la p\u00e9riode de pand\u00e9mie en 2021. Cela concerne plus de 46 pour cent de tous les employ\u00e9s et 52 pour cent des personnes qui travaillaient \u00e0 domicile. En 2022, ces chiffres ont de nouveau diminu\u00e9 suite \u00e0 l'assouplissement des mesures. Dans l'ensemble, les personnes interrog\u00e9es se sentaient moins isol\u00e9es socialement en 2022 qu'en 2021, selon l'\u00e9tude.<\/p>\n<p><em>Source : Promotion Sant\u00e9 Suisse\/r\u00e9daction<\/em><\/p>","protected":false},"excerpt":{"rendered":"<p>Unmittelbar vor Ausbruch der Covid-19-Pandemie hat die Stiftung Gesundheitsf\u00f6rderung Schweiz eine Studie zu den Auswirkungen von Homeoffice auf das Wohlbefinden und die Produktivit\u00e4t in Auftrag gegeben. Die Langzeitstudie, welche in Zusammenarbeit mit der Universit\u00e4t Bern und der ZHAW durchgef\u00fchrt wurde, zeigt, dass durch die Covid-19-Pandemie Arbeit im Homeoffice deutlich zugenommen hat. Ressourcen der Mitarbeitenden zu [&hellip;]<\/p>\n","protected":false},"author":9,"featured_media":10120,"comment_status":"closed","ping_status":"closed","sticky":false,"template":"","format":"standard","meta":{"_acf_changed":false,"pgc_sgb_lightbox_settings":"","footnotes":""},"categories":[1,3314],"tags":[3888,149,823,141,2714,2788,3916],"class_list":["post-10117","post","type-post","status-publish","format-standard","has-post-thumbnail","hentry","category-allgemein","category-health-safety","tag-covid-19-pandemie","tag-gesundheitsschutz","tag-homeoffice","tag-praevention","tag-produktivitaet","tag-ressourcen","tag-wohlbefinden"],"acf":[],"hkrextid":null,"publication":null,"issue":null,"workflow":null,"startPage":null,"spitzmarke":null,"_posts_by_tag_page_fields":null,"_at_widget":null,"_yoast_wpseo_primary_category":"1","_yoast_wpseo_focuskw_text_input":null,"_yoast_wpseo_opengraph-image":null,"_yoast_wpseo_opengraph-description":null,"_yoast_wpseo_opengraph-title":null,"enclosure":null,"_yoast_wpseo_twitter-title":null,"_yoast_wpseo_twitter-description":null,"_yoast_wpseo_twitter-image":null,"_wp_old_slug":null,"_yoast_wpseo_title":null,"_yoast_wpseo_canonical":null,"yoast_head":"<!-- This site is optimized with the Yoast SEO plugin v27.4 - https:\/\/yoast.com\/product\/yoast-seo-wordpress\/ -->\n<title>Homeoffice: Fluch oder Segen - Save<\/title>\n<meta name=\"description\" content=\"Auch nach der Pandemie arbeiten mehr Arbeitnehmende in der Schweiz im Homeoffice. Je nach Ressourcen und Belastungen kann mehr Homeoffice sich als Vorteil, aber auch als Nachteil erweisen, wie nun eine Langzeitstudie im Auftrag von Gesundheitsf\u00f6rderung Schweiz zeigt.\" \/>\n<meta name=\"robots\" content=\"index, follow, max-snippet:-1, max-image-preview:large, max-video-preview:-1\" \/>\n<link rel=\"canonical\" href=\"https:\/\/news.save.ch\/fr\/homeoffice-fluch-oder-segen\/\" \/>\n<meta property=\"og:locale\" content=\"fr_FR\" \/>\n<meta property=\"og:type\" content=\"article\" \/>\n<meta property=\"og:title\" content=\"Homeoffice: Fluch oder Segen - Save\" \/>\n<meta property=\"og:description\" content=\"Auch nach der Pandemie arbeiten mehr Arbeitnehmende in der Schweiz im Homeoffice. Je nach Ressourcen und Belastungen kann mehr Homeoffice sich als Vorteil, aber auch als Nachteil erweisen, wie nun eine Langzeitstudie im Auftrag von Gesundheitsf\u00f6rderung Schweiz zeigt.\" \/>\n<meta property=\"og:url\" content=\"https:\/\/news.save.ch\/fr\/homeoffice-fluch-oder-segen\/\" \/>\n<meta property=\"og:site_name\" content=\"Save\" \/>\n<meta property=\"article:published_time\" content=\"2022-12-08T08:03:38+00:00\" \/>\n<meta property=\"article:modified_time\" content=\"2023-06-16T02:48:42+00:00\" \/>\n<meta property=\"og:image\" content=\"https:\/\/news.save.ch\/wp-content\/uploads\/2022\/12\/Depositphotos_262678116_S.jpg\" \/>\n\t<meta property=\"og:image:width\" content=\"1000\" \/>\n\t<meta property=\"og:image:height\" content=\"563\" \/>\n\t<meta property=\"og:image:type\" content=\"image\/jpeg\" \/>\n<meta name=\"author\" content=\"Simon Gr\u00f6flin\" \/>\n<meta name=\"twitter:card\" content=\"summary_large_image\" \/>\n<meta name=\"twitter:label1\" content=\"\u00c9crit par\" \/>\n\t<meta name=\"twitter:data1\" content=\"Simon Gr\u00f6flin\" \/>\n\t<meta name=\"twitter:label2\" content=\"Dur\u00e9e de lecture estim\u00e9e\" \/>\n\t<meta name=\"twitter:data2\" content=\"2 minutes\" \/>\n<script type=\"application\/ld+json\" class=\"yoast-schema-graph\">{\"@context\":\"https:\\\/\\\/schema.org\",\"@graph\":[{\"@type\":\"Article\",\"@id\":\"https:\\\/\\\/news.save.ch\\\/homeoffice-fluch-oder-segen\\\/#article\",\"isPartOf\":{\"@id\":\"https:\\\/\\\/news.save.ch\\\/homeoffice-fluch-oder-segen\\\/\"},\"author\":{\"name\":\"Simon Gr\u00f6flin\",\"@id\":\"https:\\\/\\\/news.save.ch\\\/de\\\/#\\\/schema\\\/person\\\/ad4ef21102fd6125312409ac57d5296d\"},\"headline\":\"Homeoffice: Fluch oder Segen\",\"datePublished\":\"2022-12-08T08:03:38+00:00\",\"dateModified\":\"2023-06-16T02:48:42+00:00\",\"mainEntityOfPage\":{\"@id\":\"https:\\\/\\\/news.save.ch\\\/homeoffice-fluch-oder-segen\\\/\"},\"wordCount\":297,\"publisher\":{\"@id\":\"https:\\\/\\\/news.save.ch\\\/de\\\/#organization\"},\"image\":{\"@id\":\"https:\\\/\\\/news.save.ch\\\/homeoffice-fluch-oder-segen\\\/#primaryimage\"},\"thumbnailUrl\":\"https:\\\/\\\/news.save.ch\\\/wp-content\\\/uploads\\\/2022\\\/12\\\/Depositphotos_262678116_S.jpg\",\"keywords\":[\"Covid-19-Pandemie\",\"Gesundheitsschutz\",\"Homeoffice\",\"Pr\u00e4vention\",\"Produktivit\u00e4t\",\"Ressourcen\",\"Wohlbefinden\"],\"articleSection\":[\"ALLGEMEIN\",\"HEALTH &amp; SAFETY\"],\"inLanguage\":\"fr-FR\"},{\"@type\":\"WebPage\",\"@id\":\"https:\\\/\\\/news.save.ch\\\/homeoffice-fluch-oder-segen\\\/\",\"url\":\"https:\\\/\\\/news.save.ch\\\/homeoffice-fluch-oder-segen\\\/\",\"name\":\"Homeoffice: Fluch oder Segen - Save\",\"isPartOf\":{\"@id\":\"https:\\\/\\\/news.save.ch\\\/de\\\/#website\"},\"primaryImageOfPage\":{\"@id\":\"https:\\\/\\\/news.save.ch\\\/homeoffice-fluch-oder-segen\\\/#primaryimage\"},\"image\":{\"@id\":\"https:\\\/\\\/news.save.ch\\\/homeoffice-fluch-oder-segen\\\/#primaryimage\"},\"thumbnailUrl\":\"https:\\\/\\\/news.save.ch\\\/wp-content\\\/uploads\\\/2022\\\/12\\\/Depositphotos_262678116_S.jpg\",\"datePublished\":\"2022-12-08T08:03:38+00:00\",\"dateModified\":\"2023-06-16T02:48:42+00:00\",\"description\":\"Auch nach der Pandemie arbeiten mehr Arbeitnehmende in der Schweiz im Homeoffice. Je nach Ressourcen und Belastungen kann mehr Homeoffice sich als Vorteil, aber auch als Nachteil erweisen, wie nun eine Langzeitstudie im Auftrag von Gesundheitsf\u00f6rderung Schweiz zeigt.\",\"breadcrumb\":{\"@id\":\"https:\\\/\\\/news.save.ch\\\/homeoffice-fluch-oder-segen\\\/#breadcrumb\"},\"inLanguage\":\"fr-FR\",\"potentialAction\":[{\"@type\":\"ReadAction\",\"target\":[\"https:\\\/\\\/news.save.ch\\\/homeoffice-fluch-oder-segen\\\/\"]}]},{\"@type\":\"ImageObject\",\"inLanguage\":\"fr-FR\",\"@id\":\"https:\\\/\\\/news.save.ch\\\/homeoffice-fluch-oder-segen\\\/#primaryimage\",\"url\":\"https:\\\/\\\/news.save.ch\\\/wp-content\\\/uploads\\\/2022\\\/12\\\/Depositphotos_262678116_S.jpg\",\"contentUrl\":\"https:\\\/\\\/news.save.ch\\\/wp-content\\\/uploads\\\/2022\\\/12\\\/Depositphotos_262678116_S.jpg\",\"width\":1000,\"height\":563},{\"@type\":\"BreadcrumbList\",\"@id\":\"https:\\\/\\\/news.save.ch\\\/homeoffice-fluch-oder-segen\\\/#breadcrumb\",\"itemListElement\":[{\"@type\":\"ListItem\",\"position\":1,\"name\":\"Home\",\"item\":\"https:\\\/\\\/news.save.ch\\\/de\\\/\"},{\"@type\":\"ListItem\",\"position\":2,\"name\":\"Homeoffice: Fluch oder Segen\"}]},{\"@type\":\"WebSite\",\"@id\":\"https:\\\/\\\/news.save.ch\\\/de\\\/#website\",\"url\":\"https:\\\/\\\/news.save.ch\\\/de\\\/\",\"name\":\"Save\",\"description\":\"Schweizer Fachzeitschrift f\u00fcr Sicherheit\",\"publisher\":{\"@id\":\"https:\\\/\\\/news.save.ch\\\/de\\\/#organization\"},\"potentialAction\":[{\"@type\":\"SearchAction\",\"target\":{\"@type\":\"EntryPoint\",\"urlTemplate\":\"https:\\\/\\\/news.save.ch\\\/de\\\/?s={search_term_string}\"},\"query-input\":{\"@type\":\"PropertyValueSpecification\",\"valueRequired\":true,\"valueName\":\"search_term_string\"}}],\"inLanguage\":\"fr-FR\"},{\"@type\":\"Organization\",\"@id\":\"https:\\\/\\\/news.save.ch\\\/de\\\/#organization\",\"name\":\"Sicherheitsforum\",\"url\":\"https:\\\/\\\/news.save.ch\\\/de\\\/\",\"logo\":{\"@type\":\"ImageObject\",\"inLanguage\":\"fr-FR\",\"@id\":\"https:\\\/\\\/news.save.ch\\\/de\\\/#\\\/schema\\\/logo\\\/image\\\/\",\"url\":\"https:\\\/\\\/news.save.ch\\\/wp-content\\\/uploads\\\/2022\\\/06\\\/Logo_SF_2012.png\",\"contentUrl\":\"https:\\\/\\\/news.save.ch\\\/wp-content\\\/uploads\\\/2022\\\/06\\\/Logo_SF_2012.png\",\"width\":1100,\"height\":91,\"caption\":\"Sicherheitsforum\"},\"image\":{\"@id\":\"https:\\\/\\\/news.save.ch\\\/de\\\/#\\\/schema\\\/logo\\\/image\\\/\"}},{\"@type\":\"Person\",\"@id\":\"https:\\\/\\\/news.save.ch\\\/de\\\/#\\\/schema\\\/person\\\/ad4ef21102fd6125312409ac57d5296d\",\"name\":\"Simon Gr\u00f6flin\",\"image\":{\"@type\":\"ImageObject\",\"inLanguage\":\"fr-FR\",\"@id\":\"https:\\\/\\\/secure.gravatar.com\\\/avatar\\\/6ddceb80eb734354635539e0ea5140bb7c41e42de7c45c9a2ab9921b5d5c9a83?s=96&d=mm&r=g\",\"url\":\"https:\\\/\\\/secure.gravatar.com\\\/avatar\\\/6ddceb80eb734354635539e0ea5140bb7c41e42de7c45c9a2ab9921b5d5c9a83?s=96&d=mm&r=g\",\"contentUrl\":\"https:\\\/\\\/secure.gravatar.com\\\/avatar\\\/6ddceb80eb734354635539e0ea5140bb7c41e42de7c45c9a2ab9921b5d5c9a83?s=96&d=mm&r=g\",\"caption\":\"Simon Gr\u00f6flin\"},\"url\":\"https:\\\/\\\/news.save.ch\\\/fr\\\/author\\\/simon-groeflin\\\/\"}]}<\/script>\n<!-- \/ Yoast SEO plugin. -->","yoast_head_json":{"title":"Bureau \u00e0 domicile : mal\u00e9diction ou b\u00e9n\u00e9diction - Save","description":"M\u00eame apr\u00e8s la pand\u00e9mie, les employ\u00e9s sont plus nombreux \u00e0 travailler \u00e0 domicile en Suisse. Selon les ressources et les contraintes, le travail \u00e0 domicile peut \u00eatre un avantage, mais aussi un inconv\u00e9nient, comme le montre une \u00e9tude \u00e0 long terme command\u00e9e par Promotion Sant\u00e9 Suisse.","robots":{"index":"index","follow":"follow","max-snippet":"max-snippet:-1","max-image-preview":"max-image-preview:large","max-video-preview":"max-video-preview:-1"},"canonical":"https:\/\/news.save.ch\/fr\/homeoffice-fluch-oder-segen\/","og_locale":"fr_FR","og_type":"article","og_title":"Homeoffice: Fluch oder Segen - Save","og_description":"Auch nach der Pandemie arbeiten mehr Arbeitnehmende in der Schweiz im Homeoffice. Je nach Ressourcen und Belastungen kann mehr Homeoffice sich als Vorteil, aber auch als Nachteil erweisen, wie nun eine Langzeitstudie im Auftrag von Gesundheitsf\u00f6rderung Schweiz zeigt.","og_url":"https:\/\/news.save.ch\/fr\/homeoffice-fluch-oder-segen\/","og_site_name":"Save","article_published_time":"2022-12-08T08:03:38+00:00","article_modified_time":"2023-06-16T02:48:42+00:00","og_image":[{"width":1000,"height":563,"url":"https:\/\/news.save.ch\/wp-content\/uploads\/2022\/12\/Depositphotos_262678116_S.jpg","type":"image\/jpeg"}],"author":"Simon Gr\u00f6flin","twitter_card":"summary_large_image","twitter_misc":{"\u00c9crit par":"Simon Gr\u00f6flin","Dur\u00e9e de lecture estim\u00e9e":"2 minutes"},"schema":{"@context":"https:\/\/schema.org","@graph":[{"@type":"Article","@id":"https:\/\/news.save.ch\/homeoffice-fluch-oder-segen\/#article","isPartOf":{"@id":"https:\/\/news.save.ch\/homeoffice-fluch-oder-segen\/"},"author":{"name":"Simon Gr\u00f6flin","@id":"https:\/\/news.save.ch\/de\/#\/schema\/person\/ad4ef21102fd6125312409ac57d5296d"},"headline":"Homeoffice: Fluch oder Segen","datePublished":"2022-12-08T08:03:38+00:00","dateModified":"2023-06-16T02:48:42+00:00","mainEntityOfPage":{"@id":"https:\/\/news.save.ch\/homeoffice-fluch-oder-segen\/"},"wordCount":297,"publisher":{"@id":"https:\/\/news.save.ch\/de\/#organization"},"image":{"@id":"https:\/\/news.save.ch\/homeoffice-fluch-oder-segen\/#primaryimage"},"thumbnailUrl":"https:\/\/news.save.ch\/wp-content\/uploads\/2022\/12\/Depositphotos_262678116_S.jpg","keywords":["Covid-19-Pandemie","Gesundheitsschutz","Homeoffice","Pr\u00e4vention","Produktivit\u00e4t","Ressourcen","Wohlbefinden"],"articleSection":["ALLGEMEIN","HEALTH &amp; SAFETY"],"inLanguage":"fr-FR"},{"@type":"WebPage","@id":"https:\/\/news.save.ch\/homeoffice-fluch-oder-segen\/","url":"https:\/\/news.save.ch\/homeoffice-fluch-oder-segen\/","name":"Bureau \u00e0 domicile : mal\u00e9diction ou b\u00e9n\u00e9diction - Save","isPartOf":{"@id":"https:\/\/news.save.ch\/de\/#website"},"primaryImageOfPage":{"@id":"https:\/\/news.save.ch\/homeoffice-fluch-oder-segen\/#primaryimage"},"image":{"@id":"https:\/\/news.save.ch\/homeoffice-fluch-oder-segen\/#primaryimage"},"thumbnailUrl":"https:\/\/news.save.ch\/wp-content\/uploads\/2022\/12\/Depositphotos_262678116_S.jpg","datePublished":"2022-12-08T08:03:38+00:00","dateModified":"2023-06-16T02:48:42+00:00","description":"M\u00eame apr\u00e8s la pand\u00e9mie, les employ\u00e9s sont plus nombreux \u00e0 travailler \u00e0 domicile en Suisse. Selon les ressources et les contraintes, le travail \u00e0 domicile peut \u00eatre un avantage, mais aussi un inconv\u00e9nient, comme le montre une \u00e9tude \u00e0 long terme command\u00e9e par Promotion Sant\u00e9 Suisse.","breadcrumb":{"@id":"https:\/\/news.save.ch\/homeoffice-fluch-oder-segen\/#breadcrumb"},"inLanguage":"fr-FR","potentialAction":[{"@type":"ReadAction","target":["https:\/\/news.save.ch\/homeoffice-fluch-oder-segen\/"]}]},{"@type":"ImageObject","inLanguage":"fr-FR","@id":"https:\/\/news.save.ch\/homeoffice-fluch-oder-segen\/#primaryimage","url":"https:\/\/news.save.ch\/wp-content\/uploads\/2022\/12\/Depositphotos_262678116_S.jpg","contentUrl":"https:\/\/news.save.ch\/wp-content\/uploads\/2022\/12\/Depositphotos_262678116_S.jpg","width":1000,"height":563},{"@type":"BreadcrumbList","@id":"https:\/\/news.save.ch\/homeoffice-fluch-oder-segen\/#breadcrumb","itemListElement":[{"@type":"ListItem","position":1,"name":"Home","item":"https:\/\/news.save.ch\/de\/"},{"@type":"ListItem","position":2,"name":"Homeoffice: Fluch oder Segen"}]},{"@type":"WebSite","@id":"https:\/\/news.save.ch\/de\/#website","url":"https:\/\/news.save.ch\/de\/","name":"Save","description":"Revue suisse sp\u00e9cialis\u00e9e dans la s\u00e9curit\u00e9","publisher":{"@id":"https:\/\/news.save.ch\/de\/#organization"},"potentialAction":[{"@type":"SearchAction","target":{"@type":"EntryPoint","urlTemplate":"https:\/\/news.save.ch\/de\/?s={search_term_string}"},"query-input":{"@type":"PropertyValueSpecification","valueRequired":true,"valueName":"search_term_string"}}],"inLanguage":"fr-FR"},{"@type":"Organization","@id":"https:\/\/news.save.ch\/de\/#organization","name":"Forum sur la s\u00e9curit\u00e9","url":"https:\/\/news.save.ch\/de\/","logo":{"@type":"ImageObject","inLanguage":"fr-FR","@id":"https:\/\/news.save.ch\/de\/#\/schema\/logo\/image\/","url":"https:\/\/news.save.ch\/wp-content\/uploads\/2022\/06\/Logo_SF_2012.png","contentUrl":"https:\/\/news.save.ch\/wp-content\/uploads\/2022\/06\/Logo_SF_2012.png","width":1100,"height":91,"caption":"Sicherheitsforum"},"image":{"@id":"https:\/\/news.save.ch\/de\/#\/schema\/logo\/image\/"}},{"@type":"Person","@id":"https:\/\/news.save.ch\/de\/#\/schema\/person\/ad4ef21102fd6125312409ac57d5296d","name":"Simon Gr\u00f6flin","image":{"@type":"ImageObject","inLanguage":"fr-FR","@id":"https:\/\/secure.gravatar.com\/avatar\/6ddceb80eb734354635539e0ea5140bb7c41e42de7c45c9a2ab9921b5d5c9a83?s=96&d=mm&r=g","url":"https:\/\/secure.gravatar.com\/avatar\/6ddceb80eb734354635539e0ea5140bb7c41e42de7c45c9a2ab9921b5d5c9a83?s=96&d=mm&r=g","contentUrl":"https:\/\/secure.gravatar.com\/avatar\/6ddceb80eb734354635539e0ea5140bb7c41e42de7c45c9a2ab9921b5d5c9a83?s=96&d=mm&r=g","caption":"Simon Gr\u00f6flin"},"url":"https:\/\/news.save.ch\/fr\/author\/simon-groeflin\/"}]}},"_links":{"self":[{"href":"https:\/\/news.save.ch\/fr\/wp-json\/wp\/v2\/posts\/10117","targetHints":{"allow":["GET"]}}],"collection":[{"href":"https:\/\/news.save.ch\/fr\/wp-json\/wp\/v2\/posts"}],"about":[{"href":"https:\/\/news.save.ch\/fr\/wp-json\/wp\/v2\/types\/post"}],"author":[{"embeddable":true,"href":"https:\/\/news.save.ch\/fr\/wp-json\/wp\/v2\/users\/9"}],"replies":[{"embeddable":true,"href":"https:\/\/news.save.ch\/fr\/wp-json\/wp\/v2\/comments?post=10117"}],"version-history":[{"count":3,"href":"https:\/\/news.save.ch\/fr\/wp-json\/wp\/v2\/posts\/10117\/revisions"}],"predecessor-version":[{"id":20009,"href":"https:\/\/news.save.ch\/fr\/wp-json\/wp\/v2\/posts\/10117\/revisions\/20009"}],"wp:featuredmedia":[{"embeddable":true,"href":"https:\/\/news.save.ch\/fr\/wp-json\/wp\/v2\/media\/10120"}],"wp:attachment":[{"href":"https:\/\/news.save.ch\/fr\/wp-json\/wp\/v2\/media?parent=10117"}],"wp:term":[{"taxonomy":"category","embeddable":true,"href":"https:\/\/news.save.ch\/fr\/wp-json\/wp\/v2\/categories?post=10117"},{"taxonomy":"post_tag","embeddable":true,"href":"https:\/\/news.save.ch\/fr\/wp-json\/wp\/v2\/tags?post=10117"}],"curies":[{"name":"wp","href":"https:\/\/api.w.org\/{rel}","templated":true}]}}