{"id":10232,"date":"2020-06-08T10:27:04","date_gmt":"2020-06-08T08:27:04","guid":{"rendered":"https:\/\/news.save.ch\/?p=10232"},"modified":"2020-06-08T10:27:04","modified_gmt":"2020-06-08T08:27:04","slug":"starker-anstieg-bei-elektroimpulspistolen-einsaetzen","status":null,"type":"post","link":"https:\/\/news.save.ch\/fr\/starker-anstieg-bei-elektroimpulspistolen-einsaetzen\/","title":{"rendered":"Forte augmentation des utilisations de pistolets \u00e0 impulsion \u00e9lectrique"},"content":{"rendered":"<figure id=\"attachment_10233\" aria-describedby=\"caption-attachment-10233\" style=\"width: 680px\" class=\"wp-caption aligncenter\"><img loading=\"lazy\" decoding=\"async\" class=\"wp-image-10233 size-medium\" src=\"https:\/\/news.save.ch\/wp-content\/uploads\/2020\/06\/polizei_Depositphotos.jpg\" alt=\"Pistolet \u00e0 impulsions \u00e9lectriques \" width=\"680\" height=\"454\" srcset=\"https:\/\/news.save.ch\/wp-content\/uploads\/2020\/06\/polizei_Depositphotos.jpg 1000w, https:\/\/news.save.ch\/wp-content\/uploads\/2020\/06\/polizei_Depositphotos-375x250.jpg 375w\" sizes=\"auto, (max-width: 680px) 100vw, 680px\" \/><figcaption id=\"caption-attachment-10233\" class=\"wp-caption-text\">\u00a9 depositphotos, dechevm<\/figcaption><\/figure>\n<p>&nbsp;<\/p>\n<p>L'ann\u00e9e derni\u00e8re, les corps de police suisses ont annonc\u00e9 au total 15 utilisations d'armes \u00e0 feu. Cela repr\u00e9sente trois interventions de plus que l'ann\u00e9e pr\u00e9c\u00e9dente, mais ce chiffre correspond \u00e0 la moyenne pluriannuelle, selon la Conf\u00e9rence des commandants des polices cantonales (<a href=\"https:\/\/www.kkpks.ch\/\">KKPKS<\/a>) \u00e9crit. La plupart de ces interventions ont eu lieu dans le cadre de la lutte contre les dangers li\u00e9s aux animaux aux abords des routes ou aux v\u00e9hicules.<\/p>\n<p><strong>Souvent contre des personnes arm\u00e9es<\/strong><\/p>\n<p>Selon les donn\u00e9es, le nombre d'interventions au moyen de pistolets \u00e0 impulsion \u00e9lectrique a fortement augment\u00e9 par rapport aux ann\u00e9es pr\u00e9c\u00e9dentes. Ainsi, il a fallu y recourir 73 fois, contre 45 cas l'ann\u00e9e pr\u00e9c\u00e9dente. Dans plus de deux tiers des cas, les personnes concern\u00e9es \u00e9taient sous l'emprise de l'alcool et\/ou de drogues et dans plus de 45 % des cas, les personnes \u00e9taient arm\u00e9es.<\/p>\n<p>Selon la CCPCS, l'augmentation du nombre d'interventions au moyen du pistolet \u00e0 impulsion \u00e9lectrique s'explique d'une part par sa diffusion croissante dans les corps de police. D'autre part, les chiffres en hausse dans le domaine des infractions violentes ainsi que des menaces et des violences contre les fonctionnaires dans la statistique criminelle r\u00e9cemment publi\u00e9e indiqueraient un potentiel de violence accru. \"L'utilisation du pistolet \u00e0 impulsion \u00e9lectrique ne se fait pas non plus \u00e0 la l\u00e9g\u00e8re et, comme tout moyen de contrainte, elle est li\u00e9e au principe de proportionnalit\u00e9\", explique le pr\u00e9sident de la CCPCS Stefan Bl\u00e4ttler.<\/p>","protected":false},"excerpt":{"rendered":"<p>&nbsp; Die Schweizer Polizeikorps haben im vergangenen Jahr insgesamt 15 Schusswaffeneins\u00e4tze gemeldet. Dies sind drei Eins\u00e4tze mehr als noch im Vorjahr, die Zahl entspricht jedoch dem mehrj\u00e4hrigen Schnitt, wie die Konferenz der Kantonalen Polizeikommandanten (KKPKS) schreibt. Mehrheitlich seien diese Eins\u00e4tze im Rahmen der Gefahrenabwehr auf Tiere im Bereich von Strassen oder auf Fahrzeuge erfolgt. Nicht [&hellip;]<\/p>\n","protected":false},"author":8,"featured_media":10233,"comment_status":"closed","ping_status":"closed","sticky":false,"template":"","format":"standard","meta":{"_acf_changed":false,"pgc_sgb_lightbox_settings":"","footnotes":""},"categories":[1],"tags":[557,239,558,559,560],"class_list":["post-10232","post","type-post","status-publish","format-standard","has-post-thumbnail","hentry","category-allgemein","tag-elektroimpulspistole","tag-kkpks","tag-konferenz-der-kantonalen-polizeikommandanten","tag-schusswaffeneinsatz","tag-schweizer-polizeikorps"],"acf":[],"hkrextid":null,"publication":null,"issue":null,"workflow":null,"startPage":null,"spitzmarke":null,"_posts_by_tag_page_fields":{"widget_title":"","widget_tags":""},"_at_widget":"1","_yoast_wpseo_primary_category":"1","_yoast_wpseo_focuskw_text_input":"Elektroimpulspistole","_yoast_wpseo_opengraph-image":null,"_yoast_wpseo_opengraph-description":null,"_yoast_wpseo_opengraph-title":null,"enclosure":null,"_yoast_wpseo_twitter-title":null,"_yoast_wpseo_twitter-description":null,"_yoast_wpseo_twitter-image":null,"_wp_old_slug":null,"_yoast_wpseo_title":null,"_yoast_wpseo_canonical":null,"yoast_head":"<!-- This site is optimized with the Yoast SEO plugin v27.4 - https:\/\/yoast.com\/product\/yoast-seo-wordpress\/ -->\n<title>Starker Anstieg bei Elektroimpulspistolen-Eins\u00e4tzen - Save<\/title>\n<meta name=\"description\" content=\"Die Schweizer Polizeikorps haben 2019 insgesamt 15 Schusswaffeneins\u00e4tze verzeichnet. Stark angestiegen ist die Zahl der Elektroimpulspistolen-Eins\u00e4tze.\" \/>\n<meta name=\"robots\" content=\"index, follow, max-snippet:-1, max-image-preview:large, max-video-preview:-1\" \/>\n<link rel=\"canonical\" href=\"https:\/\/news.save.ch\/fr\/starker-anstieg-bei-elektroimpulspistolen-einsaetzen\/\" \/>\n<meta property=\"og:locale\" content=\"fr_FR\" \/>\n<meta property=\"og:type\" content=\"article\" \/>\n<meta property=\"og:title\" content=\"Starker Anstieg bei Elektroimpulspistolen-Eins\u00e4tzen - Save\" \/>\n<meta property=\"og:description\" content=\"Die Schweizer Polizeikorps haben 2019 insgesamt 15 Schusswaffeneins\u00e4tze verzeichnet. Stark angestiegen ist die Zahl der Elektroimpulspistolen-Eins\u00e4tze.\" \/>\n<meta property=\"og:url\" content=\"https:\/\/news.save.ch\/fr\/starker-anstieg-bei-elektroimpulspistolen-einsaetzen\/\" \/>\n<meta property=\"og:site_name\" content=\"Save\" \/>\n<meta property=\"article:published_time\" content=\"2020-06-08T08:27:04+00:00\" \/>\n<meta property=\"og:image\" content=\"https:\/\/news.save.ch\/wp-content\/uploads\/2020\/06\/polizei_Depositphotos.jpg\" \/>\n\t<meta property=\"og:image:width\" content=\"1000\" \/>\n\t<meta property=\"og:image:height\" content=\"667\" \/>\n\t<meta property=\"og:image:type\" content=\"image\/jpeg\" \/>\n<meta name=\"author\" content=\"Roger Str\u00e4ssle\" \/>\n<meta name=\"twitter:card\" content=\"summary_large_image\" \/>\n<meta name=\"twitter:label1\" content=\"\u00c9crit par\" \/>\n\t<meta name=\"twitter:data1\" content=\"Roger Str\u00e4ssle\" \/>\n\t<meta name=\"twitter:label2\" content=\"Dur\u00e9e de lecture estim\u00e9e\" \/>\n\t<meta name=\"twitter:data2\" content=\"1 minute\" \/>\n<script type=\"application\/ld+json\" class=\"yoast-schema-graph\">{\"@context\":\"https:\\\/\\\/schema.org\",\"@graph\":[{\"@type\":\"Article\",\"@id\":\"https:\\\/\\\/news.save.ch\\\/starker-anstieg-bei-elektroimpulspistolen-einsaetzen\\\/#article\",\"isPartOf\":{\"@id\":\"https:\\\/\\\/news.save.ch\\\/starker-anstieg-bei-elektroimpulspistolen-einsaetzen\\\/\"},\"author\":{\"name\":\"Roger Str\u00e4ssle\",\"@id\":\"https:\\\/\\\/news.save.ch\\\/de\\\/#\\\/schema\\\/person\\\/d5022db048e0e2b9785c50e5b24da5aa\"},\"headline\":\"Starker Anstieg bei Elektroimpulspistolen-Eins\u00e4tzen\",\"datePublished\":\"2020-06-08T08:27:04+00:00\",\"mainEntityOfPage\":{\"@id\":\"https:\\\/\\\/news.save.ch\\\/starker-anstieg-bei-elektroimpulspistolen-einsaetzen\\\/\"},\"wordCount\":214,\"publisher\":{\"@id\":\"https:\\\/\\\/news.save.ch\\\/de\\\/#organization\"},\"image\":{\"@id\":\"https:\\\/\\\/news.save.ch\\\/starker-anstieg-bei-elektroimpulspistolen-einsaetzen\\\/#primaryimage\"},\"thumbnailUrl\":\"https:\\\/\\\/news.save.ch\\\/wp-content\\\/uploads\\\/2020\\\/06\\\/polizei_Depositphotos.jpg\",\"keywords\":[\"Elektroimpulspistole\",\"KKPKS\",\"Konferenz der Kantonalen Polizeikommandanten\",\"Schusswaffeneinsatz\",\"Schweizer Polizeikorps\"],\"articleSection\":[\"ALLGEMEIN\"],\"inLanguage\":\"fr-FR\"},{\"@type\":\"WebPage\",\"@id\":\"https:\\\/\\\/news.save.ch\\\/starker-anstieg-bei-elektroimpulspistolen-einsaetzen\\\/\",\"url\":\"https:\\\/\\\/news.save.ch\\\/starker-anstieg-bei-elektroimpulspistolen-einsaetzen\\\/\",\"name\":\"Starker Anstieg bei Elektroimpulspistolen-Eins\u00e4tzen - Save\",\"isPartOf\":{\"@id\":\"https:\\\/\\\/news.save.ch\\\/de\\\/#website\"},\"primaryImageOfPage\":{\"@id\":\"https:\\\/\\\/news.save.ch\\\/starker-anstieg-bei-elektroimpulspistolen-einsaetzen\\\/#primaryimage\"},\"image\":{\"@id\":\"https:\\\/\\\/news.save.ch\\\/starker-anstieg-bei-elektroimpulspistolen-einsaetzen\\\/#primaryimage\"},\"thumbnailUrl\":\"https:\\\/\\\/news.save.ch\\\/wp-content\\\/uploads\\\/2020\\\/06\\\/polizei_Depositphotos.jpg\",\"datePublished\":\"2020-06-08T08:27:04+00:00\",\"description\":\"Die Schweizer Polizeikorps haben 2019 insgesamt 15 Schusswaffeneins\u00e4tze verzeichnet. Stark angestiegen ist die Zahl der Elektroimpulspistolen-Eins\u00e4tze.\",\"breadcrumb\":{\"@id\":\"https:\\\/\\\/news.save.ch\\\/starker-anstieg-bei-elektroimpulspistolen-einsaetzen\\\/#breadcrumb\"},\"inLanguage\":\"fr-FR\",\"potentialAction\":[{\"@type\":\"ReadAction\",\"target\":[\"https:\\\/\\\/news.save.ch\\\/starker-anstieg-bei-elektroimpulspistolen-einsaetzen\\\/\"]}]},{\"@type\":\"ImageObject\",\"inLanguage\":\"fr-FR\",\"@id\":\"https:\\\/\\\/news.save.ch\\\/starker-anstieg-bei-elektroimpulspistolen-einsaetzen\\\/#primaryimage\",\"url\":\"https:\\\/\\\/news.save.ch\\\/wp-content\\\/uploads\\\/2020\\\/06\\\/polizei_Depositphotos.jpg\",\"contentUrl\":\"https:\\\/\\\/news.save.ch\\\/wp-content\\\/uploads\\\/2020\\\/06\\\/polizei_Depositphotos.jpg\",\"width\":1000,\"height\":667,\"caption\":\"\u00a9 depositphotos, dechevm\"},{\"@type\":\"BreadcrumbList\",\"@id\":\"https:\\\/\\\/news.save.ch\\\/starker-anstieg-bei-elektroimpulspistolen-einsaetzen\\\/#breadcrumb\",\"itemListElement\":[{\"@type\":\"ListItem\",\"position\":1,\"name\":\"Home\",\"item\":\"https:\\\/\\\/news.save.ch\\\/de\\\/\"},{\"@type\":\"ListItem\",\"position\":2,\"name\":\"Starker Anstieg bei Elektroimpulspistolen-Eins\u00e4tzen\"}]},{\"@type\":\"WebSite\",\"@id\":\"https:\\\/\\\/news.save.ch\\\/de\\\/#website\",\"url\":\"https:\\\/\\\/news.save.ch\\\/de\\\/\",\"name\":\"Save\",\"description\":\"Schweizer Fachzeitschrift f\u00fcr Sicherheit\",\"publisher\":{\"@id\":\"https:\\\/\\\/news.save.ch\\\/de\\\/#organization\"},\"potentialAction\":[{\"@type\":\"SearchAction\",\"target\":{\"@type\":\"EntryPoint\",\"urlTemplate\":\"https:\\\/\\\/news.save.ch\\\/de\\\/?s={search_term_string}\"},\"query-input\":{\"@type\":\"PropertyValueSpecification\",\"valueRequired\":true,\"valueName\":\"search_term_string\"}}],\"inLanguage\":\"fr-FR\"},{\"@type\":\"Organization\",\"@id\":\"https:\\\/\\\/news.save.ch\\\/de\\\/#organization\",\"name\":\"Sicherheitsforum\",\"url\":\"https:\\\/\\\/news.save.ch\\\/de\\\/\",\"logo\":{\"@type\":\"ImageObject\",\"inLanguage\":\"fr-FR\",\"@id\":\"https:\\\/\\\/news.save.ch\\\/de\\\/#\\\/schema\\\/logo\\\/image\\\/\",\"url\":\"https:\\\/\\\/news.save.ch\\\/wp-content\\\/uploads\\\/2022\\\/06\\\/Logo_SF_2012.png\",\"contentUrl\":\"https:\\\/\\\/news.save.ch\\\/wp-content\\\/uploads\\\/2022\\\/06\\\/Logo_SF_2012.png\",\"width\":1100,\"height\":91,\"caption\":\"Sicherheitsforum\"},\"image\":{\"@id\":\"https:\\\/\\\/news.save.ch\\\/de\\\/#\\\/schema\\\/logo\\\/image\\\/\"}},{\"@type\":\"Person\",\"@id\":\"https:\\\/\\\/news.save.ch\\\/de\\\/#\\\/schema\\\/person\\\/d5022db048e0e2b9785c50e5b24da5aa\",\"name\":\"Roger Str\u00e4ssle\",\"image\":{\"@type\":\"ImageObject\",\"inLanguage\":\"fr-FR\",\"@id\":\"https:\\\/\\\/secure.gravatar.com\\\/avatar\\\/862a5569d087de48e5856e32f45d719a03804c891d6deb8d4f71a660e79e4a47?s=96&d=mm&r=g\",\"url\":\"https:\\\/\\\/secure.gravatar.com\\\/avatar\\\/862a5569d087de48e5856e32f45d719a03804c891d6deb8d4f71a660e79e4a47?s=96&d=mm&r=g\",\"contentUrl\":\"https:\\\/\\\/secure.gravatar.com\\\/avatar\\\/862a5569d087de48e5856e32f45d719a03804c891d6deb8d4f71a660e79e4a47?s=96&d=mm&r=g\",\"caption\":\"Roger Str\u00e4ssle\"},\"url\":\"https:\\\/\\\/news.save.ch\\\/fr\\\/author\\\/roger-straessle\\\/\"}]}<\/script>\n<!-- \/ Yoast SEO plugin. -->","yoast_head_json":{"title":"Forte augmentation des utilisations de pistolets \u00e0 impulsion \u00e9lectrique - Save","description":"En 2019, les corps de police suisses ont enregistr\u00e9 au total 15 utilisations d'armes \u00e0 feu. Le nombre d'utilisations de pistolets \u00e0 impulsion \u00e9lectrique a fortement augment\u00e9.","robots":{"index":"index","follow":"follow","max-snippet":"max-snippet:-1","max-image-preview":"max-image-preview:large","max-video-preview":"max-video-preview:-1"},"canonical":"https:\/\/news.save.ch\/fr\/starker-anstieg-bei-elektroimpulspistolen-einsaetzen\/","og_locale":"fr_FR","og_type":"article","og_title":"Starker Anstieg bei Elektroimpulspistolen-Eins\u00e4tzen - Save","og_description":"Die Schweizer Polizeikorps haben 2019 insgesamt 15 Schusswaffeneins\u00e4tze verzeichnet. Stark angestiegen ist die Zahl der Elektroimpulspistolen-Eins\u00e4tze.","og_url":"https:\/\/news.save.ch\/fr\/starker-anstieg-bei-elektroimpulspistolen-einsaetzen\/","og_site_name":"Save","article_published_time":"2020-06-08T08:27:04+00:00","og_image":[{"width":1000,"height":667,"url":"https:\/\/news.save.ch\/wp-content\/uploads\/2020\/06\/polizei_Depositphotos.jpg","type":"image\/jpeg"}],"author":"Roger Str\u00e4ssle","twitter_card":"summary_large_image","twitter_misc":{"\u00c9crit par":"Roger Str\u00e4ssle","Dur\u00e9e de lecture estim\u00e9e":"1 minute"},"schema":{"@context":"https:\/\/schema.org","@graph":[{"@type":"Article","@id":"https:\/\/news.save.ch\/starker-anstieg-bei-elektroimpulspistolen-einsaetzen\/#article","isPartOf":{"@id":"https:\/\/news.save.ch\/starker-anstieg-bei-elektroimpulspistolen-einsaetzen\/"},"author":{"name":"Roger Str\u00e4ssle","@id":"https:\/\/news.save.ch\/de\/#\/schema\/person\/d5022db048e0e2b9785c50e5b24da5aa"},"headline":"Starker Anstieg bei Elektroimpulspistolen-Eins\u00e4tzen","datePublished":"2020-06-08T08:27:04+00:00","mainEntityOfPage":{"@id":"https:\/\/news.save.ch\/starker-anstieg-bei-elektroimpulspistolen-einsaetzen\/"},"wordCount":214,"publisher":{"@id":"https:\/\/news.save.ch\/de\/#organization"},"image":{"@id":"https:\/\/news.save.ch\/starker-anstieg-bei-elektroimpulspistolen-einsaetzen\/#primaryimage"},"thumbnailUrl":"https:\/\/news.save.ch\/wp-content\/uploads\/2020\/06\/polizei_Depositphotos.jpg","keywords":["Elektroimpulspistole","KKPKS","Konferenz der Kantonalen Polizeikommandanten","Schusswaffeneinsatz","Schweizer Polizeikorps"],"articleSection":["ALLGEMEIN"],"inLanguage":"fr-FR"},{"@type":"WebPage","@id":"https:\/\/news.save.ch\/starker-anstieg-bei-elektroimpulspistolen-einsaetzen\/","url":"https:\/\/news.save.ch\/starker-anstieg-bei-elektroimpulspistolen-einsaetzen\/","name":"Forte augmentation des utilisations de pistolets \u00e0 impulsion \u00e9lectrique - Save","isPartOf":{"@id":"https:\/\/news.save.ch\/de\/#website"},"primaryImageOfPage":{"@id":"https:\/\/news.save.ch\/starker-anstieg-bei-elektroimpulspistolen-einsaetzen\/#primaryimage"},"image":{"@id":"https:\/\/news.save.ch\/starker-anstieg-bei-elektroimpulspistolen-einsaetzen\/#primaryimage"},"thumbnailUrl":"https:\/\/news.save.ch\/wp-content\/uploads\/2020\/06\/polizei_Depositphotos.jpg","datePublished":"2020-06-08T08:27:04+00:00","description":"En 2019, les corps de police suisses ont enregistr\u00e9 au total 15 utilisations d'armes \u00e0 feu. Le nombre d'utilisations de pistolets \u00e0 impulsion \u00e9lectrique a fortement augment\u00e9.","breadcrumb":{"@id":"https:\/\/news.save.ch\/starker-anstieg-bei-elektroimpulspistolen-einsaetzen\/#breadcrumb"},"inLanguage":"fr-FR","potentialAction":[{"@type":"ReadAction","target":["https:\/\/news.save.ch\/starker-anstieg-bei-elektroimpulspistolen-einsaetzen\/"]}]},{"@type":"ImageObject","inLanguage":"fr-FR","@id":"https:\/\/news.save.ch\/starker-anstieg-bei-elektroimpulspistolen-einsaetzen\/#primaryimage","url":"https:\/\/news.save.ch\/wp-content\/uploads\/2020\/06\/polizei_Depositphotos.jpg","contentUrl":"https:\/\/news.save.ch\/wp-content\/uploads\/2020\/06\/polizei_Depositphotos.jpg","width":1000,"height":667,"caption":"\u00a9 depositphotos, dechevm"},{"@type":"BreadcrumbList","@id":"https:\/\/news.save.ch\/starker-anstieg-bei-elektroimpulspistolen-einsaetzen\/#breadcrumb","itemListElement":[{"@type":"ListItem","position":1,"name":"Home","item":"https:\/\/news.save.ch\/de\/"},{"@type":"ListItem","position":2,"name":"Starker Anstieg bei Elektroimpulspistolen-Eins\u00e4tzen"}]},{"@type":"WebSite","@id":"https:\/\/news.save.ch\/de\/#website","url":"https:\/\/news.save.ch\/de\/","name":"Save","description":"Revue suisse sp\u00e9cialis\u00e9e dans la s\u00e9curit\u00e9","publisher":{"@id":"https:\/\/news.save.ch\/de\/#organization"},"potentialAction":[{"@type":"SearchAction","target":{"@type":"EntryPoint","urlTemplate":"https:\/\/news.save.ch\/de\/?s={search_term_string}"},"query-input":{"@type":"PropertyValueSpecification","valueRequired":true,"valueName":"search_term_string"}}],"inLanguage":"fr-FR"},{"@type":"Organization","@id":"https:\/\/news.save.ch\/de\/#organization","name":"Forum sur la s\u00e9curit\u00e9","url":"https:\/\/news.save.ch\/de\/","logo":{"@type":"ImageObject","inLanguage":"fr-FR","@id":"https:\/\/news.save.ch\/de\/#\/schema\/logo\/image\/","url":"https:\/\/news.save.ch\/wp-content\/uploads\/2022\/06\/Logo_SF_2012.png","contentUrl":"https:\/\/news.save.ch\/wp-content\/uploads\/2022\/06\/Logo_SF_2012.png","width":1100,"height":91,"caption":"Sicherheitsforum"},"image":{"@id":"https:\/\/news.save.ch\/de\/#\/schema\/logo\/image\/"}},{"@type":"Person","@id":"https:\/\/news.save.ch\/de\/#\/schema\/person\/d5022db048e0e2b9785c50e5b24da5aa","name":"Roger Str\u00e4ssle","image":{"@type":"ImageObject","inLanguage":"fr-FR","@id":"https:\/\/secure.gravatar.com\/avatar\/862a5569d087de48e5856e32f45d719a03804c891d6deb8d4f71a660e79e4a47?s=96&d=mm&r=g","url":"https:\/\/secure.gravatar.com\/avatar\/862a5569d087de48e5856e32f45d719a03804c891d6deb8d4f71a660e79e4a47?s=96&d=mm&r=g","contentUrl":"https:\/\/secure.gravatar.com\/avatar\/862a5569d087de48e5856e32f45d719a03804c891d6deb8d4f71a660e79e4a47?s=96&d=mm&r=g","caption":"Roger Str\u00e4ssle"},"url":"https:\/\/news.save.ch\/fr\/author\/roger-straessle\/"}]}},"_links":{"self":[{"href":"https:\/\/news.save.ch\/fr\/wp-json\/wp\/v2\/posts\/10232","targetHints":{"allow":["GET"]}}],"collection":[{"href":"https:\/\/news.save.ch\/fr\/wp-json\/wp\/v2\/posts"}],"about":[{"href":"https:\/\/news.save.ch\/fr\/wp-json\/wp\/v2\/types\/post"}],"author":[{"embeddable":true,"href":"https:\/\/news.save.ch\/fr\/wp-json\/wp\/v2\/users\/8"}],"replies":[{"embeddable":true,"href":"https:\/\/news.save.ch\/fr\/wp-json\/wp\/v2\/comments?post=10232"}],"version-history":[{"count":0,"href":"https:\/\/news.save.ch\/fr\/wp-json\/wp\/v2\/posts\/10232\/revisions"}],"wp:featuredmedia":[{"embeddable":true,"href":"https:\/\/news.save.ch\/fr\/wp-json\/wp\/v2\/media\/10233"}],"wp:attachment":[{"href":"https:\/\/news.save.ch\/fr\/wp-json\/wp\/v2\/media?parent=10232"}],"wp:term":[{"taxonomy":"category","embeddable":true,"href":"https:\/\/news.save.ch\/fr\/wp-json\/wp\/v2\/categories?post=10232"},{"taxonomy":"post_tag","embeddable":true,"href":"https:\/\/news.save.ch\/fr\/wp-json\/wp\/v2\/tags?post=10232"}],"curies":[{"name":"wp","href":"https:\/\/api.w.org\/{rel}","templated":true}]}}