{"id":10298,"date":"2020-06-19T09:43:44","date_gmt":"2020-06-19T07:43:44","guid":{"rendered":"https:\/\/news.save.ch\/?p=10298"},"modified":"2020-06-19T09:43:44","modified_gmt":"2020-06-19T07:43:44","slug":"die-wache-ag-uebernimmt-die-inter-security-ag","status":null,"type":"post","link":"https:\/\/news.save.ch\/fr\/die-wache-ag-uebernimmt-die-inter-security-ag\/","title":{"rendered":"La soci\u00e9t\u00e9 Wache AG reprend Inter Security AG"},"content":{"rendered":"<p>&nbsp;<\/p>\n<p><img loading=\"lazy\" decoding=\"async\" class=\"wp-image-10299 size-medium alignleft\" src=\"https:\/\/news.save.ch\/wp-content\/uploads\/2020\/06\/104_WACHE_AG_19-1-scaled-1.jpg\" alt=\"Sentinelle SA\" width=\"680\" height=\"435\" \/><\/p>\n<p>Pour Oliver de Capitani, CEO de la <a href=\"https:\/\/www.wache.ch\/\">Sentinelle SA<\/a>Nous reprenons l'ensemble des contrats et des conditions de l'entreprise. <a href=\"https:\/\/www.intersecurity.ch\/\">Inter Security AG<\/a> - que ce soit chez les collaborateurs ou les clients. Il n'y aura pas de licenciements en raison de la fusion\". L'ensemble du personnel d'Inter Security AG sera donc responsable, comme par le pass\u00e9, de toutes les demandes des clients. \"Nous misons sur les relations \u00e9prouv\u00e9es entre les clients et les collaborateurs : Les clients peuvent donc continuer \u00e0 compter sur les interlocuteurs \u00e9prouv\u00e9s et leurs connaissances sp\u00e9cialis\u00e9es\", souligne Oliver de Capitani. Tout reste donc identique, seul le nom change.<\/p>\n<p><strong>Une succession responsable<\/strong><\/p>\n<p>Marcel Geering et Hans-Walter Heimann ont fond\u00e9 Inter Security AG en 1995. Ils ont derri\u00e8re eux une histoire \u00e0 succ\u00e8s de plus de 20 ans, au cours de laquelle ils ont pu employer environ 70 collaborateurs, dont 30 \u00e0 plein temps. Geering a pris sa retraite en 2012. Afin d'assurer l'avenir de l'entreprise de mani\u00e8re responsable, les fondateurs ont transf\u00e9r\u00e9 leurs actions \u00e0 la soci\u00e9t\u00e9 Wache AG. Inter Security AG est rest\u00e9e autonome dans un premier temps, sous la direction de Hans-Walter Heimann. Cela a chang\u00e9 en 2019, un an avant le d\u00e9part \u00e0 la retraite de Heimann : En 2020, les actionnaires et les conseils d'administration s'engagent \u00e0 fusionner d\u00e9finitivement avec la soci\u00e9t\u00e9 Wache AG. C'est la seule fa\u00e7on d'exploiter les synergies et de regrouper les forces de mani\u00e8re cibl\u00e9e dans un environnement de march\u00e9 exigeant, d'autant plus que les deux entreprises de s\u00e9curit\u00e9 ont des philosophies commerciales et des valeurs similaires, mais qu'elles servent aussi des clients similaires avec une offre identique, comme le soulignent les responsables.<\/p>\n<p>La soci\u00e9t\u00e9 Wache AG, une entreprise familiale, est active depuis plus de 90 ans en tant qu'entreprise de s\u00e9curit\u00e9 leader dans la r\u00e9gion de Zurich.<\/p>\n<p><em>Source : Wache AG<\/em><\/p>","protected":false},"excerpt":{"rendered":"<p>&nbsp; F\u00fcr Oliver de Capitani, CEO der Wache AG, ist vor allem eines wichtig: \u00abWir \u00fcbernehmen s\u00e4mtliche Vertr\u00e4ge und Konditionen der Inter Security AG \u2013 sei dies bei Mitarbeitenden oder Kunden. Wegen der Fusion wird es keine Entlassungen geben.\u00bb Das gesamte Personal der Inter Security AG sei somit wie bisher f\u00fcr s\u00e4mtliche Kundenanliegen verantwortlich. \u00abWir [&hellip;]<\/p>\n","protected":false},"author":8,"featured_media":10299,"comment_status":"closed","ping_status":"closed","sticky":false,"template":"","format":"standard","meta":{"_acf_changed":false,"pgc_sgb_lightbox_settings":"","footnotes":""},"categories":[1],"tags":[139,908,79,909],"class_list":["post-10298","post","type-post","status-publish","format-standard","has-post-thumbnail","hentry","category-allgemein","tag-fusion","tag-inter-security-ag","tag-uebernahme","tag-wache-ag"],"acf":[],"hkrextid":null,"publication":null,"issue":null,"workflow":null,"startPage":null,"spitzmarke":null,"_posts_by_tag_page_fields":{"widget_title":"","widget_tags":""},"_at_widget":"1","_yoast_wpseo_primary_category":"1","_yoast_wpseo_focuskw_text_input":"Wache AG","_yoast_wpseo_opengraph-image":null,"_yoast_wpseo_opengraph-description":null,"_yoast_wpseo_opengraph-title":null,"enclosure":null,"_yoast_wpseo_twitter-title":null,"_yoast_wpseo_twitter-description":null,"_yoast_wpseo_twitter-image":null,"_wp_old_slug":null,"_yoast_wpseo_title":null,"_yoast_wpseo_canonical":null,"yoast_head":"<!-- This site is optimized with the Yoast SEO plugin v27.4 - https:\/\/yoast.com\/product\/yoast-seo-wordpress\/ -->\n<title>Die Wache AG \u00fcbernimmt die Inter Security AG - Save<\/title>\n<meta name=\"description\" content=\"Die Sicherheitsfirma Wache AG \u00fcbernimmt das bisher eigenst\u00e4ndig gef\u00fchrte Tochterunternehmen Inter Security AG. Bis auf den Namen bleibt alles gleich.\" \/>\n<meta name=\"robots\" content=\"index, follow, max-snippet:-1, max-image-preview:large, max-video-preview:-1\" \/>\n<link rel=\"canonical\" href=\"https:\/\/news.save.ch\/fr\/die-wache-ag-uebernimmt-die-inter-security-ag\/\" \/>\n<meta property=\"og:locale\" content=\"fr_FR\" \/>\n<meta property=\"og:type\" content=\"article\" \/>\n<meta property=\"og:title\" content=\"Die Wache AG \u00fcbernimmt die Inter Security AG - Save\" \/>\n<meta property=\"og:description\" content=\"Die Sicherheitsfirma Wache AG \u00fcbernimmt das bisher eigenst\u00e4ndig gef\u00fchrte Tochterunternehmen Inter Security AG. Bis auf den Namen bleibt alles gleich.\" \/>\n<meta property=\"og:url\" content=\"https:\/\/news.save.ch\/fr\/die-wache-ag-uebernimmt-die-inter-security-ag\/\" \/>\n<meta property=\"og:site_name\" content=\"Save\" \/>\n<meta property=\"article:published_time\" content=\"2020-06-19T07:43:44+00:00\" \/>\n<meta property=\"og:image\" content=\"https:\/\/news.save.ch\/wp-content\/uploads\/2020\/06\/104_WACHE_AG_19-1-scaled-1-scaled.jpg\" \/>\n\t<meta property=\"og:image:width\" content=\"1400\" \/>\n\t<meta property=\"og:image:height\" content=\"895\" \/>\n\t<meta property=\"og:image:type\" content=\"image\/jpeg\" \/>\n<meta name=\"author\" content=\"Roger Str\u00e4ssle\" \/>\n<meta name=\"twitter:card\" content=\"summary_large_image\" \/>\n<meta name=\"twitter:label1\" content=\"\u00c9crit par\" \/>\n\t<meta name=\"twitter:data1\" content=\"Roger Str\u00e4ssle\" \/>\n\t<meta name=\"twitter:label2\" content=\"Dur\u00e9e de lecture estim\u00e9e\" \/>\n\t<meta name=\"twitter:data2\" content=\"1 minute\" \/>\n<script type=\"application\/ld+json\" class=\"yoast-schema-graph\">{\"@context\":\"https:\\\/\\\/schema.org\",\"@graph\":[{\"@type\":\"Article\",\"@id\":\"https:\\\/\\\/news.save.ch\\\/die-wache-ag-uebernimmt-die-inter-security-ag\\\/#article\",\"isPartOf\":{\"@id\":\"https:\\\/\\\/news.save.ch\\\/die-wache-ag-uebernimmt-die-inter-security-ag\\\/\"},\"author\":{\"name\":\"Roger Str\u00e4ssle\",\"@id\":\"https:\\\/\\\/news.save.ch\\\/de\\\/#\\\/schema\\\/person\\\/d5022db048e0e2b9785c50e5b24da5aa\"},\"headline\":\"Die Wache AG \u00fcbernimmt die Inter Security AG\",\"datePublished\":\"2020-06-19T07:43:44+00:00\",\"mainEntityOfPage\":{\"@id\":\"https:\\\/\\\/news.save.ch\\\/die-wache-ag-uebernimmt-die-inter-security-ag\\\/\"},\"wordCount\":279,\"publisher\":{\"@id\":\"https:\\\/\\\/news.save.ch\\\/de\\\/#organization\"},\"image\":{\"@id\":\"https:\\\/\\\/news.save.ch\\\/die-wache-ag-uebernimmt-die-inter-security-ag\\\/#primaryimage\"},\"thumbnailUrl\":\"https:\\\/\\\/news.save.ch\\\/wp-content\\\/uploads\\\/2020\\\/06\\\/104_WACHE_AG_19-1-scaled-1-scaled.jpg\",\"keywords\":[\"Fusion\",\"Inter Security AG\",\"\u00dcbernahme\",\"Wache AG\"],\"articleSection\":[\"ALLGEMEIN\"],\"inLanguage\":\"fr-FR\"},{\"@type\":\"WebPage\",\"@id\":\"https:\\\/\\\/news.save.ch\\\/die-wache-ag-uebernimmt-die-inter-security-ag\\\/\",\"url\":\"https:\\\/\\\/news.save.ch\\\/die-wache-ag-uebernimmt-die-inter-security-ag\\\/\",\"name\":\"Die Wache AG \u00fcbernimmt die Inter Security AG - Save\",\"isPartOf\":{\"@id\":\"https:\\\/\\\/news.save.ch\\\/de\\\/#website\"},\"primaryImageOfPage\":{\"@id\":\"https:\\\/\\\/news.save.ch\\\/die-wache-ag-uebernimmt-die-inter-security-ag\\\/#primaryimage\"},\"image\":{\"@id\":\"https:\\\/\\\/news.save.ch\\\/die-wache-ag-uebernimmt-die-inter-security-ag\\\/#primaryimage\"},\"thumbnailUrl\":\"https:\\\/\\\/news.save.ch\\\/wp-content\\\/uploads\\\/2020\\\/06\\\/104_WACHE_AG_19-1-scaled-1-scaled.jpg\",\"datePublished\":\"2020-06-19T07:43:44+00:00\",\"description\":\"Die Sicherheitsfirma Wache AG \u00fcbernimmt das bisher eigenst\u00e4ndig gef\u00fchrte Tochterunternehmen Inter Security AG. Bis auf den Namen bleibt alles gleich.\",\"breadcrumb\":{\"@id\":\"https:\\\/\\\/news.save.ch\\\/die-wache-ag-uebernimmt-die-inter-security-ag\\\/#breadcrumb\"},\"inLanguage\":\"fr-FR\",\"potentialAction\":[{\"@type\":\"ReadAction\",\"target\":[\"https:\\\/\\\/news.save.ch\\\/die-wache-ag-uebernimmt-die-inter-security-ag\\\/\"]}]},{\"@type\":\"ImageObject\",\"inLanguage\":\"fr-FR\",\"@id\":\"https:\\\/\\\/news.save.ch\\\/die-wache-ag-uebernimmt-die-inter-security-ag\\\/#primaryimage\",\"url\":\"https:\\\/\\\/news.save.ch\\\/wp-content\\\/uploads\\\/2020\\\/06\\\/104_WACHE_AG_19-1-scaled-1-scaled.jpg\",\"contentUrl\":\"https:\\\/\\\/news.save.ch\\\/wp-content\\\/uploads\\\/2020\\\/06\\\/104_WACHE_AG_19-1-scaled-1-scaled.jpg\",\"width\":1400,\"height\":895,\"caption\":\"\u00a9 Wache AG\"},{\"@type\":\"BreadcrumbList\",\"@id\":\"https:\\\/\\\/news.save.ch\\\/die-wache-ag-uebernimmt-die-inter-security-ag\\\/#breadcrumb\",\"itemListElement\":[{\"@type\":\"ListItem\",\"position\":1,\"name\":\"Home\",\"item\":\"https:\\\/\\\/news.save.ch\\\/de\\\/\"},{\"@type\":\"ListItem\",\"position\":2,\"name\":\"Die Wache AG \u00fcbernimmt die Inter Security AG\"}]},{\"@type\":\"WebSite\",\"@id\":\"https:\\\/\\\/news.save.ch\\\/de\\\/#website\",\"url\":\"https:\\\/\\\/news.save.ch\\\/de\\\/\",\"name\":\"Save\",\"description\":\"Schweizer Fachzeitschrift f\u00fcr Sicherheit\",\"publisher\":{\"@id\":\"https:\\\/\\\/news.save.ch\\\/de\\\/#organization\"},\"potentialAction\":[{\"@type\":\"SearchAction\",\"target\":{\"@type\":\"EntryPoint\",\"urlTemplate\":\"https:\\\/\\\/news.save.ch\\\/de\\\/?s={search_term_string}\"},\"query-input\":{\"@type\":\"PropertyValueSpecification\",\"valueRequired\":true,\"valueName\":\"search_term_string\"}}],\"inLanguage\":\"fr-FR\"},{\"@type\":\"Organization\",\"@id\":\"https:\\\/\\\/news.save.ch\\\/de\\\/#organization\",\"name\":\"Sicherheitsforum\",\"url\":\"https:\\\/\\\/news.save.ch\\\/de\\\/\",\"logo\":{\"@type\":\"ImageObject\",\"inLanguage\":\"fr-FR\",\"@id\":\"https:\\\/\\\/news.save.ch\\\/de\\\/#\\\/schema\\\/logo\\\/image\\\/\",\"url\":\"https:\\\/\\\/news.save.ch\\\/wp-content\\\/uploads\\\/2022\\\/06\\\/Logo_SF_2012.png\",\"contentUrl\":\"https:\\\/\\\/news.save.ch\\\/wp-content\\\/uploads\\\/2022\\\/06\\\/Logo_SF_2012.png\",\"width\":1100,\"height\":91,\"caption\":\"Sicherheitsforum\"},\"image\":{\"@id\":\"https:\\\/\\\/news.save.ch\\\/de\\\/#\\\/schema\\\/logo\\\/image\\\/\"}},{\"@type\":\"Person\",\"@id\":\"https:\\\/\\\/news.save.ch\\\/de\\\/#\\\/schema\\\/person\\\/d5022db048e0e2b9785c50e5b24da5aa\",\"name\":\"Roger Str\u00e4ssle\",\"image\":{\"@type\":\"ImageObject\",\"inLanguage\":\"fr-FR\",\"@id\":\"https:\\\/\\\/secure.gravatar.com\\\/avatar\\\/862a5569d087de48e5856e32f45d719a03804c891d6deb8d4f71a660e79e4a47?s=96&d=mm&r=g\",\"url\":\"https:\\\/\\\/secure.gravatar.com\\\/avatar\\\/862a5569d087de48e5856e32f45d719a03804c891d6deb8d4f71a660e79e4a47?s=96&d=mm&r=g\",\"contentUrl\":\"https:\\\/\\\/secure.gravatar.com\\\/avatar\\\/862a5569d087de48e5856e32f45d719a03804c891d6deb8d4f71a660e79e4a47?s=96&d=mm&r=g\",\"caption\":\"Roger Str\u00e4ssle\"},\"url\":\"https:\\\/\\\/news.save.ch\\\/fr\\\/author\\\/roger-straessle\\\/\"}]}<\/script>\n<!-- \/ Yoast SEO plugin. -->","yoast_head_json":{"title":"La soci\u00e9t\u00e9 Wache AG reprend Inter Security AG - Save","description":"L'entreprise de s\u00e9curit\u00e9 Wache AG reprend la filiale Inter Security AG, g\u00e9r\u00e9e jusqu'\u00e0 pr\u00e9sent de mani\u00e8re ind\u00e9pendante. A l'exception du nom, rien ne change.","robots":{"index":"index","follow":"follow","max-snippet":"max-snippet:-1","max-image-preview":"max-image-preview:large","max-video-preview":"max-video-preview:-1"},"canonical":"https:\/\/news.save.ch\/fr\/die-wache-ag-uebernimmt-die-inter-security-ag\/","og_locale":"fr_FR","og_type":"article","og_title":"Die Wache AG \u00fcbernimmt die Inter Security AG - Save","og_description":"Die Sicherheitsfirma Wache AG \u00fcbernimmt das bisher eigenst\u00e4ndig gef\u00fchrte Tochterunternehmen Inter Security AG. Bis auf den Namen bleibt alles gleich.","og_url":"https:\/\/news.save.ch\/fr\/die-wache-ag-uebernimmt-die-inter-security-ag\/","og_site_name":"Save","article_published_time":"2020-06-19T07:43:44+00:00","og_image":[{"width":1400,"height":895,"url":"https:\/\/news.save.ch\/wp-content\/uploads\/2020\/06\/104_WACHE_AG_19-1-scaled-1-scaled.jpg","type":"image\/jpeg"}],"author":"Roger Str\u00e4ssle","twitter_card":"summary_large_image","twitter_misc":{"\u00c9crit par":"Roger Str\u00e4ssle","Dur\u00e9e de lecture estim\u00e9e":"1 minute"},"schema":{"@context":"https:\/\/schema.org","@graph":[{"@type":"Article","@id":"https:\/\/news.save.ch\/die-wache-ag-uebernimmt-die-inter-security-ag\/#article","isPartOf":{"@id":"https:\/\/news.save.ch\/die-wache-ag-uebernimmt-die-inter-security-ag\/"},"author":{"name":"Roger Str\u00e4ssle","@id":"https:\/\/news.save.ch\/de\/#\/schema\/person\/d5022db048e0e2b9785c50e5b24da5aa"},"headline":"Die Wache AG \u00fcbernimmt die Inter Security AG","datePublished":"2020-06-19T07:43:44+00:00","mainEntityOfPage":{"@id":"https:\/\/news.save.ch\/die-wache-ag-uebernimmt-die-inter-security-ag\/"},"wordCount":279,"publisher":{"@id":"https:\/\/news.save.ch\/de\/#organization"},"image":{"@id":"https:\/\/news.save.ch\/die-wache-ag-uebernimmt-die-inter-security-ag\/#primaryimage"},"thumbnailUrl":"https:\/\/news.save.ch\/wp-content\/uploads\/2020\/06\/104_WACHE_AG_19-1-scaled-1-scaled.jpg","keywords":["Fusion","Inter Security AG","\u00dcbernahme","Wache AG"],"articleSection":["ALLGEMEIN"],"inLanguage":"fr-FR"},{"@type":"WebPage","@id":"https:\/\/news.save.ch\/die-wache-ag-uebernimmt-die-inter-security-ag\/","url":"https:\/\/news.save.ch\/die-wache-ag-uebernimmt-die-inter-security-ag\/","name":"La soci\u00e9t\u00e9 Wache AG reprend Inter Security AG - Save","isPartOf":{"@id":"https:\/\/news.save.ch\/de\/#website"},"primaryImageOfPage":{"@id":"https:\/\/news.save.ch\/die-wache-ag-uebernimmt-die-inter-security-ag\/#primaryimage"},"image":{"@id":"https:\/\/news.save.ch\/die-wache-ag-uebernimmt-die-inter-security-ag\/#primaryimage"},"thumbnailUrl":"https:\/\/news.save.ch\/wp-content\/uploads\/2020\/06\/104_WACHE_AG_19-1-scaled-1-scaled.jpg","datePublished":"2020-06-19T07:43:44+00:00","description":"L'entreprise de s\u00e9curit\u00e9 Wache AG reprend la filiale Inter Security AG, g\u00e9r\u00e9e jusqu'\u00e0 pr\u00e9sent de mani\u00e8re ind\u00e9pendante. A l'exception du nom, rien ne change.","breadcrumb":{"@id":"https:\/\/news.save.ch\/die-wache-ag-uebernimmt-die-inter-security-ag\/#breadcrumb"},"inLanguage":"fr-FR","potentialAction":[{"@type":"ReadAction","target":["https:\/\/news.save.ch\/die-wache-ag-uebernimmt-die-inter-security-ag\/"]}]},{"@type":"ImageObject","inLanguage":"fr-FR","@id":"https:\/\/news.save.ch\/die-wache-ag-uebernimmt-die-inter-security-ag\/#primaryimage","url":"https:\/\/news.save.ch\/wp-content\/uploads\/2020\/06\/104_WACHE_AG_19-1-scaled-1-scaled.jpg","contentUrl":"https:\/\/news.save.ch\/wp-content\/uploads\/2020\/06\/104_WACHE_AG_19-1-scaled-1-scaled.jpg","width":1400,"height":895,"caption":"\u00a9 Wache AG"},{"@type":"BreadcrumbList","@id":"https:\/\/news.save.ch\/die-wache-ag-uebernimmt-die-inter-security-ag\/#breadcrumb","itemListElement":[{"@type":"ListItem","position":1,"name":"Home","item":"https:\/\/news.save.ch\/de\/"},{"@type":"ListItem","position":2,"name":"Die Wache AG \u00fcbernimmt die Inter Security AG"}]},{"@type":"WebSite","@id":"https:\/\/news.save.ch\/de\/#website","url":"https:\/\/news.save.ch\/de\/","name":"Save","description":"Revue suisse sp\u00e9cialis\u00e9e dans la s\u00e9curit\u00e9","publisher":{"@id":"https:\/\/news.save.ch\/de\/#organization"},"potentialAction":[{"@type":"SearchAction","target":{"@type":"EntryPoint","urlTemplate":"https:\/\/news.save.ch\/de\/?s={search_term_string}"},"query-input":{"@type":"PropertyValueSpecification","valueRequired":true,"valueName":"search_term_string"}}],"inLanguage":"fr-FR"},{"@type":"Organization","@id":"https:\/\/news.save.ch\/de\/#organization","name":"Forum sur la s\u00e9curit\u00e9","url":"https:\/\/news.save.ch\/de\/","logo":{"@type":"ImageObject","inLanguage":"fr-FR","@id":"https:\/\/news.save.ch\/de\/#\/schema\/logo\/image\/","url":"https:\/\/news.save.ch\/wp-content\/uploads\/2022\/06\/Logo_SF_2012.png","contentUrl":"https:\/\/news.save.ch\/wp-content\/uploads\/2022\/06\/Logo_SF_2012.png","width":1100,"height":91,"caption":"Sicherheitsforum"},"image":{"@id":"https:\/\/news.save.ch\/de\/#\/schema\/logo\/image\/"}},{"@type":"Person","@id":"https:\/\/news.save.ch\/de\/#\/schema\/person\/d5022db048e0e2b9785c50e5b24da5aa","name":"Roger Str\u00e4ssle","image":{"@type":"ImageObject","inLanguage":"fr-FR","@id":"https:\/\/secure.gravatar.com\/avatar\/862a5569d087de48e5856e32f45d719a03804c891d6deb8d4f71a660e79e4a47?s=96&d=mm&r=g","url":"https:\/\/secure.gravatar.com\/avatar\/862a5569d087de48e5856e32f45d719a03804c891d6deb8d4f71a660e79e4a47?s=96&d=mm&r=g","contentUrl":"https:\/\/secure.gravatar.com\/avatar\/862a5569d087de48e5856e32f45d719a03804c891d6deb8d4f71a660e79e4a47?s=96&d=mm&r=g","caption":"Roger Str\u00e4ssle"},"url":"https:\/\/news.save.ch\/fr\/author\/roger-straessle\/"}]}},"_links":{"self":[{"href":"https:\/\/news.save.ch\/fr\/wp-json\/wp\/v2\/posts\/10298","targetHints":{"allow":["GET"]}}],"collection":[{"href":"https:\/\/news.save.ch\/fr\/wp-json\/wp\/v2\/posts"}],"about":[{"href":"https:\/\/news.save.ch\/fr\/wp-json\/wp\/v2\/types\/post"}],"author":[{"embeddable":true,"href":"https:\/\/news.save.ch\/fr\/wp-json\/wp\/v2\/users\/8"}],"replies":[{"embeddable":true,"href":"https:\/\/news.save.ch\/fr\/wp-json\/wp\/v2\/comments?post=10298"}],"version-history":[{"count":0,"href":"https:\/\/news.save.ch\/fr\/wp-json\/wp\/v2\/posts\/10298\/revisions"}],"wp:featuredmedia":[{"embeddable":true,"href":"https:\/\/news.save.ch\/fr\/wp-json\/wp\/v2\/media\/10299"}],"wp:attachment":[{"href":"https:\/\/news.save.ch\/fr\/wp-json\/wp\/v2\/media?parent=10298"}],"wp:term":[{"taxonomy":"category","embeddable":true,"href":"https:\/\/news.save.ch\/fr\/wp-json\/wp\/v2\/categories?post=10298"},{"taxonomy":"post_tag","embeddable":true,"href":"https:\/\/news.save.ch\/fr\/wp-json\/wp\/v2\/tags?post=10298"}],"curies":[{"name":"wp","href":"https:\/\/api.w.org\/{rel}","templated":true}]}}