{"id":10324,"date":"2023-01-30T07:48:23","date_gmt":"2023-01-30T06:48:23","guid":{"rendered":"https:\/\/news.save.ch\/?p=10324"},"modified":"2023-07-27T03:16:34","modified_gmt":"2023-07-27T01:16:34","slug":"mit-den-jahren-steigt-der-lichtbedarf","status":null,"type":"post","link":"https:\/\/news.save.ch\/fr\/mit-den-jahren-steigt-der-lichtbedarf\/","title":{"rendered":"Avec les ann\u00e9es, le besoin de lumi\u00e8re augmente"},"content":{"rendered":"<figure id=\"attachment_10326\" aria-describedby=\"caption-attachment-10326\" style=\"width: 1000px\" class=\"wp-caption alignnone\"><img loading=\"lazy\" decoding=\"async\" class=\"wp-image-10326 size-full\" src=\"https:\/\/news.save.ch\/wp-content\/uploads\/2023\/01\/Depositphotos_178704844_S.jpg\" alt=\"Syst\u00e8me de gestion de l&#039;\u00e9clairage\" width=\"1000\" height=\"530\" srcset=\"https:\/\/news.save.ch\/wp-content\/uploads\/2023\/01\/Depositphotos_178704844_S.jpg 1000w, https:\/\/news.save.ch\/wp-content\/uploads\/2023\/01\/Depositphotos_178704844_S-680x360.jpg 680w, https:\/\/news.save.ch\/wp-content\/uploads\/2023\/01\/Depositphotos_178704844_S-768x407.jpg 768w, https:\/\/news.save.ch\/wp-content\/uploads\/2023\/01\/Depositphotos_178704844_S-18x10.jpg 18w, https:\/\/news.save.ch\/wp-content\/uploads\/2023\/01\/Depositphotos_178704844_S-375x199.jpg 375w, https:\/\/news.save.ch\/wp-content\/uploads\/2023\/01\/Depositphotos_178704844_S-660x350.jpg 660w\" sizes=\"auto, (max-width: 1000px) 100vw, 1000px\" \/><figcaption id=\"caption-attachment-10326\" class=\"wp-caption-text\">Image : depositphotos<\/figcaption><\/figure>\n<p>Il est bien connu que la vue diminue avec l'\u00e2ge. Ce que l'on sait moins, c'est \u00e0 quel \u00e2ge ce processus commence. D\u00e8s 30 ans, les choses commencent \u00e0 se g\u00e2ter : la perception des couleurs et de la profondeur diminue, et l'adaptation aux diff\u00e9rences de luminosit\u00e9 prend plus de temps. Pour bien voir, un quinquag\u00e9naire a d\u00e9j\u00e0 besoin de plus de trois fois plus de lumi\u00e8re qu'un jeune de vingt ans. L'initiative sectorielle licht.de conseille d'augmenter l'intensit\u00e9 de l'\u00e9clairage sur le lieu de travail et \u00e0 la maison pour compenser la baisse des performances visuelles.<\/p>\n<p>Pour avoir une bonne visibilit\u00e9, il n'est pas n\u00e9cessaire, surtout en p\u00e9riode de p\u00e9nurie d'\u00e9nergie, d'avoir un \"\u00e9clairage fixe\" allum\u00e9 24 heures sur 24 \u00e0 la maison. Mais pour certaines activit\u00e9s, il faut disposer de sources lumineuses avec des \u00e9clairements plus \u00e9lev\u00e9s - par exemple pour le travail dans le bureau \u00e0 domicile, devant le miroir de la salle de bain ou dans la cuisine, afin d'\u00e9viter les accidents avec les mesures tranchantes et les po\u00eales br\u00fblantes. L'id\u00e9al est d'avoir un \u00e9clairage \u00e0 intensit\u00e9 variable pour une bonne lumi\u00e8re de travail ou de nettoyage et une ambiance lumineuse confortable le soir.<\/p>\n<h3>Pas d'\u00e9blouissement<\/h3>\n<p>L'\u0153il plus \u00e2g\u00e9 est plus sensible \u00e0 l'\u00e9blouissement. Il est donc facile de ne pas voir les obstacles et le risque de chute augmente. Des caches de luminaires de haute qualit\u00e9 et une part importante d'\u00e9clairage indirect r\u00e9duisent l'\u00e9blouissement. Lors du passage de la lumi\u00e8re \u00e0 l'obscurit\u00e9, les yeux ont besoin de plus de temps pour s'adapter (adaptation) avec l'\u00e2ge.<\/p>\n<h3>Travailler de mani\u00e8re ergonomique<\/h3>\n<p>Pour pouvoir distinguer correctement les couleurs au travail, il faut des sources lumineuses avec un tr\u00e8s bon rendu des couleurs (au moins Ra 80). Pour les postes de travail des collaborateurs \u00e2g\u00e9s, la norme DIN EN 12464-1 relative aux lieux de travail recommande des valeurs plus \u00e9lev\u00e9es et modifi\u00e9es. Il est assez facile de les \u00e9quiper de lampes de bureau, de lampes de travail ou de lampadaires suppl\u00e9mentaires. Un bon design d'\u00e9clairage pr\u00e9voit ces exigences d\u00e8s le d\u00e9but. Une commande de l'\u00e9clairage permet de mettre en \u0153uvre la planification de mani\u00e8re efficace sur le plan \u00e9nerg\u00e9tique. Un exemple : si tous les postes de travail d'un bureau \u00e9quip\u00e9 de plusieurs lampadaires en r\u00e9seau ne sont pas occup\u00e9s, les luminaires temporairement inutilis\u00e9s s'att\u00e9nuent pour fournir une lumi\u00e8re indirecte moins claire. Ainsi, il n'y a pas de trop grandes diff\u00e9rences de luminosit\u00e9 et les collaborateurs peuvent toujours s'orienter facilement.<\/p>\n<figure id=\"attachment_10327\" aria-describedby=\"caption-attachment-10327\" style=\"width: 768px\" class=\"wp-caption alignnone\"><img loading=\"lazy\" decoding=\"async\" class=\"wp-image-10327 size-large\" src=\"https:\/\/news.save.ch\/wp-content\/uploads\/2023\/01\/Licht_Pressebild-1024x683.jpg\" alt=\"Avec les ann\u00e9es, le besoin de lumi\u00e8re augmente\" width=\"768\" height=\"512\" \/><figcaption id=\"caption-attachment-10327\" class=\"wp-caption-text\">Les collaborateurs \u00e2g\u00e9s ont besoin de plus de lumi\u00e8re. Dans le home-office ou au bureau, des lampes de travail suppl\u00e9mentaires sont utiles. (Photo : licht.de\/Ridi)<\/figcaption><\/figure>\n<h3>Renforcer le biorythme en passant<\/h3>\n<p>Si vous avez chez vous des luminaires et des sources lumineuses avec plusieurs r\u00e9glages de luminosit\u00e9 et de couleur de lumi\u00e8re, vous pouvez aussi faire du bien \u00e0 votre biorythme. Une lumi\u00e8re claire et fra\u00eeche le matin donne un coup de fouet au corps et une lumi\u00e8re rouge\u00e2tre tamis\u00e9e le soir permet de se reposer. L'horloge interne est ainsi rythm\u00e9e, le bien-\u00eatre augmente et le sommeil nocturne peut s'am\u00e9liorer.<\/p>\n<div class=\"news-text-wrap\">\n<div class=\"news-single-content\">\n<p>Dans les lieux de travail, le syst\u00e8me de gestion de l'\u00e9clairage commande automatiquement ces param\u00e8tres et d'autres pour un \u00e9clairage aux effets visuels, biologiques et \u00e9motionnels. Le concept d'\u00e9clairage int\u00e9gratif qui se cache derri\u00e8re s'appelle Human Centric Lighting (HCL). Les employ\u00e9s plus \u00e2g\u00e9s en profitent particuli\u00e8rement : comme l'opacification du cristallin fait que de moins en moins de lumi\u00e8re p\u00e9n\u00e8tre dans l'\u0153il au fil du temps, l'activation positive des processus biologiques dans le corps, li\u00e9e \u00e0 la lumi\u00e8re, est plus faible chez eux.<\/p>\n<p><em>Source : licht.de<\/em><\/p>\n<\/div>\n<\/div>\n<p>&nbsp;<\/p>","protected":false},"excerpt":{"rendered":"<p>Dass mit dem Alter die Sehkraft nachl\u00e4sst, ist bekannt. Weit weniger verbreitet ist das Wissen, wie fr\u00fch dieser Prozess beginnt. Schon ab 30 Jahren geht es langsam los: Farb- und Tiefenwahrnehmung lassen nach, und bei Helligkeitsunterschieden dauert die Anpassung l\u00e4nger. Um gut zu sehen, hat ein F\u00fcnfzigj\u00e4hriger bereits einen mehr als dreimal so hohen Lichtbedarf [&hellip;]<\/p>\n","protected":false},"author":9,"featured_media":10326,"comment_status":"closed","ping_status":"closed","sticky":false,"template":"","format":"standard","meta":{"_acf_changed":false,"pgc_sgb_lightbox_settings":"","footnotes":""},"categories":[3314],"tags":[6168,1798,1801,3655,6169,3657,3654,3656,3653],"class_list":["post-10324","post","type-post","status-publish","format-standard","has-post-thumbnail","hentry","category-health-safety","tag-beleuchtungsstaerken","tag-biorhythmus","tag-blendung","tag-blendungsempfindlichkeit","tag-ergonomisch","tag-farbwiedergabe","tag-lichtbedarf","tag-lichtmanagementsystem","tag-sehkraft"],"acf":[],"hkrextid":null,"publication":null,"issue":null,"workflow":null,"startPage":null,"spitzmarke":null,"_posts_by_tag_page_fields":null,"_at_widget":null,"_yoast_wpseo_primary_category":"","_yoast_wpseo_focuskw_text_input":null,"_yoast_wpseo_opengraph-image":null,"_yoast_wpseo_opengraph-description":null,"_yoast_wpseo_opengraph-title":null,"enclosure":null,"_yoast_wpseo_twitter-title":null,"_yoast_wpseo_twitter-description":null,"_yoast_wpseo_twitter-image":null,"_wp_old_slug":null,"_yoast_wpseo_title":null,"_yoast_wpseo_canonical":null,"yoast_head":"<!-- This site is optimized with the Yoast SEO plugin v27.4 - https:\/\/yoast.com\/product\/yoast-seo-wordpress\/ -->\n<title>Mit den Jahren steigt der Lichtbedarf - Save<\/title>\n<meta name=\"description\" content=\"Schon ab Mitte 30 brauchen viele Menschen mehr Licht \u2013 und wissen es nicht.\" \/>\n<meta name=\"robots\" content=\"index, follow, max-snippet:-1, max-image-preview:large, max-video-preview:-1\" \/>\n<link rel=\"canonical\" href=\"https:\/\/news.save.ch\/fr\/mit-den-jahren-steigt-der-lichtbedarf\/\" \/>\n<meta property=\"og:locale\" content=\"fr_FR\" \/>\n<meta property=\"og:type\" content=\"article\" \/>\n<meta property=\"og:title\" content=\"Mit den Jahren steigt der Lichtbedarf - Save\" \/>\n<meta property=\"og:description\" content=\"Schon ab Mitte 30 brauchen viele Menschen mehr Licht \u2013 und wissen es nicht.\" \/>\n<meta property=\"og:url\" content=\"https:\/\/news.save.ch\/fr\/mit-den-jahren-steigt-der-lichtbedarf\/\" \/>\n<meta property=\"og:site_name\" content=\"Save\" \/>\n<meta property=\"article:published_time\" content=\"2023-01-30T06:48:23+00:00\" \/>\n<meta property=\"article:modified_time\" content=\"2023-07-27T01:16:34+00:00\" \/>\n<meta property=\"og:image\" content=\"https:\/\/news.save.ch\/wp-content\/uploads\/2023\/01\/Depositphotos_178704844_S.jpg\" \/>\n\t<meta property=\"og:image:width\" content=\"1000\" \/>\n\t<meta property=\"og:image:height\" content=\"530\" \/>\n\t<meta property=\"og:image:type\" content=\"image\/jpeg\" \/>\n<meta name=\"author\" content=\"Simon Gr\u00f6flin\" \/>\n<meta name=\"twitter:card\" content=\"summary_large_image\" \/>\n<meta name=\"twitter:label1\" content=\"\u00c9crit par\" \/>\n\t<meta name=\"twitter:data1\" content=\"Simon Gr\u00f6flin\" \/>\n\t<meta name=\"twitter:label2\" content=\"Dur\u00e9e de lecture estim\u00e9e\" \/>\n\t<meta name=\"twitter:data2\" content=\"3 minutes\" \/>\n<script type=\"application\/ld+json\" class=\"yoast-schema-graph\">{\"@context\":\"https:\\\/\\\/schema.org\",\"@graph\":[{\"@type\":\"Article\",\"@id\":\"https:\\\/\\\/news.save.ch\\\/mit-den-jahren-steigt-der-lichtbedarf\\\/#article\",\"isPartOf\":{\"@id\":\"https:\\\/\\\/news.save.ch\\\/mit-den-jahren-steigt-der-lichtbedarf\\\/\"},\"author\":{\"name\":\"Simon Gr\u00f6flin\",\"@id\":\"https:\\\/\\\/news.save.ch\\\/de\\\/#\\\/schema\\\/person\\\/ad4ef21102fd6125312409ac57d5296d\"},\"headline\":\"Mit den Jahren steigt der Lichtbedarf\",\"datePublished\":\"2023-01-30T06:48:23+00:00\",\"dateModified\":\"2023-07-27T01:16:34+00:00\",\"mainEntityOfPage\":{\"@id\":\"https:\\\/\\\/news.save.ch\\\/mit-den-jahren-steigt-der-lichtbedarf\\\/\"},\"wordCount\":512,\"publisher\":{\"@id\":\"https:\\\/\\\/news.save.ch\\\/de\\\/#organization\"},\"image\":{\"@id\":\"https:\\\/\\\/news.save.ch\\\/mit-den-jahren-steigt-der-lichtbedarf\\\/#primaryimage\"},\"thumbnailUrl\":\"https:\\\/\\\/news.save.ch\\\/wp-content\\\/uploads\\\/2023\\\/01\\\/Depositphotos_178704844_S.jpg\",\"keywords\":[\"Beleuchtungsst\u00e4rken\",\"Biorhythmus\",\"Blendung\",\"Blendungsempfindlichkeit\",\"Ergonomisch\",\"Farbwiedergabe\",\"Lichtbedarf\",\"Lichtmanagementsystem\",\"Sehkraft\"],\"articleSection\":[\"HEALTH &amp; SAFETY\"],\"inLanguage\":\"fr-FR\"},{\"@type\":\"WebPage\",\"@id\":\"https:\\\/\\\/news.save.ch\\\/mit-den-jahren-steigt-der-lichtbedarf\\\/\",\"url\":\"https:\\\/\\\/news.save.ch\\\/mit-den-jahren-steigt-der-lichtbedarf\\\/\",\"name\":\"Mit den Jahren steigt der Lichtbedarf - Save\",\"isPartOf\":{\"@id\":\"https:\\\/\\\/news.save.ch\\\/de\\\/#website\"},\"primaryImageOfPage\":{\"@id\":\"https:\\\/\\\/news.save.ch\\\/mit-den-jahren-steigt-der-lichtbedarf\\\/#primaryimage\"},\"image\":{\"@id\":\"https:\\\/\\\/news.save.ch\\\/mit-den-jahren-steigt-der-lichtbedarf\\\/#primaryimage\"},\"thumbnailUrl\":\"https:\\\/\\\/news.save.ch\\\/wp-content\\\/uploads\\\/2023\\\/01\\\/Depositphotos_178704844_S.jpg\",\"datePublished\":\"2023-01-30T06:48:23+00:00\",\"dateModified\":\"2023-07-27T01:16:34+00:00\",\"description\":\"Schon ab Mitte 30 brauchen viele Menschen mehr Licht \u2013 und wissen es nicht.\",\"breadcrumb\":{\"@id\":\"https:\\\/\\\/news.save.ch\\\/mit-den-jahren-steigt-der-lichtbedarf\\\/#breadcrumb\"},\"inLanguage\":\"fr-FR\",\"potentialAction\":[{\"@type\":\"ReadAction\",\"target\":[\"https:\\\/\\\/news.save.ch\\\/mit-den-jahren-steigt-der-lichtbedarf\\\/\"]}]},{\"@type\":\"ImageObject\",\"inLanguage\":\"fr-FR\",\"@id\":\"https:\\\/\\\/news.save.ch\\\/mit-den-jahren-steigt-der-lichtbedarf\\\/#primaryimage\",\"url\":\"https:\\\/\\\/news.save.ch\\\/wp-content\\\/uploads\\\/2023\\\/01\\\/Depositphotos_178704844_S.jpg\",\"contentUrl\":\"https:\\\/\\\/news.save.ch\\\/wp-content\\\/uploads\\\/2023\\\/01\\\/Depositphotos_178704844_S.jpg\",\"width\":1000,\"height\":530,\"caption\":\"Bild: depositphotos\"},{\"@type\":\"BreadcrumbList\",\"@id\":\"https:\\\/\\\/news.save.ch\\\/mit-den-jahren-steigt-der-lichtbedarf\\\/#breadcrumb\",\"itemListElement\":[{\"@type\":\"ListItem\",\"position\":1,\"name\":\"Home\",\"item\":\"https:\\\/\\\/news.save.ch\\\/de\\\/\"},{\"@type\":\"ListItem\",\"position\":2,\"name\":\"Mit den Jahren steigt der Lichtbedarf\"}]},{\"@type\":\"WebSite\",\"@id\":\"https:\\\/\\\/news.save.ch\\\/de\\\/#website\",\"url\":\"https:\\\/\\\/news.save.ch\\\/de\\\/\",\"name\":\"Save\",\"description\":\"Schweizer Fachzeitschrift f\u00fcr Sicherheit\",\"publisher\":{\"@id\":\"https:\\\/\\\/news.save.ch\\\/de\\\/#organization\"},\"potentialAction\":[{\"@type\":\"SearchAction\",\"target\":{\"@type\":\"EntryPoint\",\"urlTemplate\":\"https:\\\/\\\/news.save.ch\\\/de\\\/?s={search_term_string}\"},\"query-input\":{\"@type\":\"PropertyValueSpecification\",\"valueRequired\":true,\"valueName\":\"search_term_string\"}}],\"inLanguage\":\"fr-FR\"},{\"@type\":\"Organization\",\"@id\":\"https:\\\/\\\/news.save.ch\\\/de\\\/#organization\",\"name\":\"Sicherheitsforum\",\"url\":\"https:\\\/\\\/news.save.ch\\\/de\\\/\",\"logo\":{\"@type\":\"ImageObject\",\"inLanguage\":\"fr-FR\",\"@id\":\"https:\\\/\\\/news.save.ch\\\/de\\\/#\\\/schema\\\/logo\\\/image\\\/\",\"url\":\"https:\\\/\\\/news.save.ch\\\/wp-content\\\/uploads\\\/2022\\\/06\\\/Logo_SF_2012.png\",\"contentUrl\":\"https:\\\/\\\/news.save.ch\\\/wp-content\\\/uploads\\\/2022\\\/06\\\/Logo_SF_2012.png\",\"width\":1100,\"height\":91,\"caption\":\"Sicherheitsforum\"},\"image\":{\"@id\":\"https:\\\/\\\/news.save.ch\\\/de\\\/#\\\/schema\\\/logo\\\/image\\\/\"}},{\"@type\":\"Person\",\"@id\":\"https:\\\/\\\/news.save.ch\\\/de\\\/#\\\/schema\\\/person\\\/ad4ef21102fd6125312409ac57d5296d\",\"name\":\"Simon Gr\u00f6flin\",\"image\":{\"@type\":\"ImageObject\",\"inLanguage\":\"fr-FR\",\"@id\":\"https:\\\/\\\/secure.gravatar.com\\\/avatar\\\/6ddceb80eb734354635539e0ea5140bb7c41e42de7c45c9a2ab9921b5d5c9a83?s=96&d=mm&r=g\",\"url\":\"https:\\\/\\\/secure.gravatar.com\\\/avatar\\\/6ddceb80eb734354635539e0ea5140bb7c41e42de7c45c9a2ab9921b5d5c9a83?s=96&d=mm&r=g\",\"contentUrl\":\"https:\\\/\\\/secure.gravatar.com\\\/avatar\\\/6ddceb80eb734354635539e0ea5140bb7c41e42de7c45c9a2ab9921b5d5c9a83?s=96&d=mm&r=g\",\"caption\":\"Simon Gr\u00f6flin\"},\"url\":\"https:\\\/\\\/news.save.ch\\\/fr\\\/author\\\/simon-groeflin\\\/\"}]}<\/script>\n<!-- \/ Yoast SEO plugin. -->","yoast_head_json":{"title":"Avec les ann\u00e9es, les besoins en lumi\u00e8re augmentent - Save","description":"D\u00e8s le milieu de la trentaine, de nombreuses personnes ont besoin de plus de lumi\u00e8re - et ne le savent pas.","robots":{"index":"index","follow":"follow","max-snippet":"max-snippet:-1","max-image-preview":"max-image-preview:large","max-video-preview":"max-video-preview:-1"},"canonical":"https:\/\/news.save.ch\/fr\/mit-den-jahren-steigt-der-lichtbedarf\/","og_locale":"fr_FR","og_type":"article","og_title":"Mit den Jahren steigt der Lichtbedarf - Save","og_description":"Schon ab Mitte 30 brauchen viele Menschen mehr Licht \u2013 und wissen es nicht.","og_url":"https:\/\/news.save.ch\/fr\/mit-den-jahren-steigt-der-lichtbedarf\/","og_site_name":"Save","article_published_time":"2023-01-30T06:48:23+00:00","article_modified_time":"2023-07-27T01:16:34+00:00","og_image":[{"width":1000,"height":530,"url":"https:\/\/news.save.ch\/wp-content\/uploads\/2023\/01\/Depositphotos_178704844_S.jpg","type":"image\/jpeg"}],"author":"Simon Gr\u00f6flin","twitter_card":"summary_large_image","twitter_misc":{"\u00c9crit par":"Simon Gr\u00f6flin","Dur\u00e9e de lecture estim\u00e9e":"3 minutes"},"schema":{"@context":"https:\/\/schema.org","@graph":[{"@type":"Article","@id":"https:\/\/news.save.ch\/mit-den-jahren-steigt-der-lichtbedarf\/#article","isPartOf":{"@id":"https:\/\/news.save.ch\/mit-den-jahren-steigt-der-lichtbedarf\/"},"author":{"name":"Simon Gr\u00f6flin","@id":"https:\/\/news.save.ch\/de\/#\/schema\/person\/ad4ef21102fd6125312409ac57d5296d"},"headline":"Mit den Jahren steigt der Lichtbedarf","datePublished":"2023-01-30T06:48:23+00:00","dateModified":"2023-07-27T01:16:34+00:00","mainEntityOfPage":{"@id":"https:\/\/news.save.ch\/mit-den-jahren-steigt-der-lichtbedarf\/"},"wordCount":512,"publisher":{"@id":"https:\/\/news.save.ch\/de\/#organization"},"image":{"@id":"https:\/\/news.save.ch\/mit-den-jahren-steigt-der-lichtbedarf\/#primaryimage"},"thumbnailUrl":"https:\/\/news.save.ch\/wp-content\/uploads\/2023\/01\/Depositphotos_178704844_S.jpg","keywords":["Beleuchtungsst\u00e4rken","Biorhythmus","Blendung","Blendungsempfindlichkeit","Ergonomisch","Farbwiedergabe","Lichtbedarf","Lichtmanagementsystem","Sehkraft"],"articleSection":["HEALTH &amp; SAFETY"],"inLanguage":"fr-FR"},{"@type":"WebPage","@id":"https:\/\/news.save.ch\/mit-den-jahren-steigt-der-lichtbedarf\/","url":"https:\/\/news.save.ch\/mit-den-jahren-steigt-der-lichtbedarf\/","name":"Avec les ann\u00e9es, les besoins en lumi\u00e8re augmentent - Save","isPartOf":{"@id":"https:\/\/news.save.ch\/de\/#website"},"primaryImageOfPage":{"@id":"https:\/\/news.save.ch\/mit-den-jahren-steigt-der-lichtbedarf\/#primaryimage"},"image":{"@id":"https:\/\/news.save.ch\/mit-den-jahren-steigt-der-lichtbedarf\/#primaryimage"},"thumbnailUrl":"https:\/\/news.save.ch\/wp-content\/uploads\/2023\/01\/Depositphotos_178704844_S.jpg","datePublished":"2023-01-30T06:48:23+00:00","dateModified":"2023-07-27T01:16:34+00:00","description":"D\u00e8s le milieu de la trentaine, de nombreuses personnes ont besoin de plus de lumi\u00e8re - et ne le savent pas.","breadcrumb":{"@id":"https:\/\/news.save.ch\/mit-den-jahren-steigt-der-lichtbedarf\/#breadcrumb"},"inLanguage":"fr-FR","potentialAction":[{"@type":"ReadAction","target":["https:\/\/news.save.ch\/mit-den-jahren-steigt-der-lichtbedarf\/"]}]},{"@type":"ImageObject","inLanguage":"fr-FR","@id":"https:\/\/news.save.ch\/mit-den-jahren-steigt-der-lichtbedarf\/#primaryimage","url":"https:\/\/news.save.ch\/wp-content\/uploads\/2023\/01\/Depositphotos_178704844_S.jpg","contentUrl":"https:\/\/news.save.ch\/wp-content\/uploads\/2023\/01\/Depositphotos_178704844_S.jpg","width":1000,"height":530,"caption":"Bild: depositphotos"},{"@type":"BreadcrumbList","@id":"https:\/\/news.save.ch\/mit-den-jahren-steigt-der-lichtbedarf\/#breadcrumb","itemListElement":[{"@type":"ListItem","position":1,"name":"Home","item":"https:\/\/news.save.ch\/de\/"},{"@type":"ListItem","position":2,"name":"Mit den Jahren steigt der Lichtbedarf"}]},{"@type":"WebSite","@id":"https:\/\/news.save.ch\/de\/#website","url":"https:\/\/news.save.ch\/de\/","name":"Save","description":"Revue suisse sp\u00e9cialis\u00e9e dans la s\u00e9curit\u00e9","publisher":{"@id":"https:\/\/news.save.ch\/de\/#organization"},"potentialAction":[{"@type":"SearchAction","target":{"@type":"EntryPoint","urlTemplate":"https:\/\/news.save.ch\/de\/?s={search_term_string}"},"query-input":{"@type":"PropertyValueSpecification","valueRequired":true,"valueName":"search_term_string"}}],"inLanguage":"fr-FR"},{"@type":"Organization","@id":"https:\/\/news.save.ch\/de\/#organization","name":"Forum sur la s\u00e9curit\u00e9","url":"https:\/\/news.save.ch\/de\/","logo":{"@type":"ImageObject","inLanguage":"fr-FR","@id":"https:\/\/news.save.ch\/de\/#\/schema\/logo\/image\/","url":"https:\/\/news.save.ch\/wp-content\/uploads\/2022\/06\/Logo_SF_2012.png","contentUrl":"https:\/\/news.save.ch\/wp-content\/uploads\/2022\/06\/Logo_SF_2012.png","width":1100,"height":91,"caption":"Sicherheitsforum"},"image":{"@id":"https:\/\/news.save.ch\/de\/#\/schema\/logo\/image\/"}},{"@type":"Person","@id":"https:\/\/news.save.ch\/de\/#\/schema\/person\/ad4ef21102fd6125312409ac57d5296d","name":"Simon Gr\u00f6flin","image":{"@type":"ImageObject","inLanguage":"fr-FR","@id":"https:\/\/secure.gravatar.com\/avatar\/6ddceb80eb734354635539e0ea5140bb7c41e42de7c45c9a2ab9921b5d5c9a83?s=96&d=mm&r=g","url":"https:\/\/secure.gravatar.com\/avatar\/6ddceb80eb734354635539e0ea5140bb7c41e42de7c45c9a2ab9921b5d5c9a83?s=96&d=mm&r=g","contentUrl":"https:\/\/secure.gravatar.com\/avatar\/6ddceb80eb734354635539e0ea5140bb7c41e42de7c45c9a2ab9921b5d5c9a83?s=96&d=mm&r=g","caption":"Simon Gr\u00f6flin"},"url":"https:\/\/news.save.ch\/fr\/author\/simon-groeflin\/"}]}},"_links":{"self":[{"href":"https:\/\/news.save.ch\/fr\/wp-json\/wp\/v2\/posts\/10324","targetHints":{"allow":["GET"]}}],"collection":[{"href":"https:\/\/news.save.ch\/fr\/wp-json\/wp\/v2\/posts"}],"about":[{"href":"https:\/\/news.save.ch\/fr\/wp-json\/wp\/v2\/types\/post"}],"author":[{"embeddable":true,"href":"https:\/\/news.save.ch\/fr\/wp-json\/wp\/v2\/users\/9"}],"replies":[{"embeddable":true,"href":"https:\/\/news.save.ch\/fr\/wp-json\/wp\/v2\/comments?post=10324"}],"version-history":[{"count":3,"href":"https:\/\/news.save.ch\/fr\/wp-json\/wp\/v2\/posts\/10324\/revisions"}],"predecessor-version":[{"id":19680,"href":"https:\/\/news.save.ch\/fr\/wp-json\/wp\/v2\/posts\/10324\/revisions\/19680"}],"wp:featuredmedia":[{"embeddable":true,"href":"https:\/\/news.save.ch\/fr\/wp-json\/wp\/v2\/media\/10326"}],"wp:attachment":[{"href":"https:\/\/news.save.ch\/fr\/wp-json\/wp\/v2\/media?parent=10324"}],"wp:term":[{"taxonomy":"category","embeddable":true,"href":"https:\/\/news.save.ch\/fr\/wp-json\/wp\/v2\/categories?post=10324"},{"taxonomy":"post_tag","embeddable":true,"href":"https:\/\/news.save.ch\/fr\/wp-json\/wp\/v2\/tags?post=10324"}],"curies":[{"name":"wp","href":"https:\/\/api.w.org\/{rel}","templated":true}]}}