{"id":10411,"date":"2020-07-20T10:00:42","date_gmt":"2020-07-20T08:00:42","guid":{"rendered":"https:\/\/news.save.ch\/?p=10411"},"modified":"2023-03-14T08:59:18","modified_gmt":"2023-03-14T07:59:18","slug":"videoueberwachung-damit-das-volle-potenzial-ausgeschoepft-werden-kann","status":null,"type":"post","link":"https:\/\/news.save.ch\/fr\/videoueberwachung-damit-das-volle-potenzial-ausgeschoepft-werden-kann\/","title":{"rendered":"Vid\u00e9osurveillance : pour exploiter tout son potentiel"},"content":{"rendered":"<figure id=\"attachment_10412\" aria-describedby=\"caption-attachment-10412\" style=\"width: 680px\" class=\"wp-caption aligncenter\"><img loading=\"lazy\" decoding=\"async\" class=\"size-medium wp-image-10412\" src=\"https:\/\/news.save.ch\/wp-content\/uploads\/2020\/07\/depositphotos-Andrey-Popov.jpg\" alt=\"\" width=\"680\" height=\"454\" srcset=\"https:\/\/news.save.ch\/wp-content\/uploads\/2020\/07\/depositphotos-Andrey-Popov.jpg 999w, https:\/\/news.save.ch\/wp-content\/uploads\/2020\/07\/depositphotos-Andrey-Popov-375x250.jpg 375w\" sizes=\"auto, (max-width: 680px) 100vw, 680px\" \/><figcaption id=\"caption-attachment-10412\" class=\"wp-caption-text\">\u00a9 depositphotos, Andrey Popov<\/figcaption><\/figure>\n<p>Les syst\u00e8mes de vid\u00e9osurveillance ne cessent de s'am\u00e9liorer. Au cours des cinq derni\u00e8res ann\u00e9es, de nombreux progr\u00e8s ont \u00e9t\u00e9 r\u00e9alis\u00e9s dans le domaine de l'imagerie et de la reproduction des images (sensibilit\u00e9 \u00e0 la lumi\u00e8re, compression des donn\u00e9es, nettet\u00e9 et reproduction des d\u00e9tails). D'un point de vue policier et m\u00e9dico-l\u00e9gal, l'image vid\u00e9o utilisable pour les poursuites judiciaires continue de gagner en importance. Mais : plus grand et plus rapide ne signifie pas toujours meilleur !<\/p>\n<p>Souvent, les anciennes structures et m\u00e9thodes de travail sont transf\u00e9r\u00e9es dans une nouvelle technologie. Il est toutefois plus efficace de les adapter aux nouvelles technologies. Afin d'utiliser au mieux les nouvelles possibilit\u00e9s d'un syst\u00e8me de cam\u00e9ra, l'op\u00e9rateur doit se demander consciemment, avant le montage et le r\u00e9glage d'une cam\u00e9ra, ce qui doit \u00eatre enregistr\u00e9 et dans quel but.<\/p>\n<p>La seule fa\u00e7on de se prot\u00e9ger contre les cambriolages, par exemple, est d'utiliser un syst\u00e8me vid\u00e9o actif \u00e0 d\u00e9clenchement d'alarme avec protection du p\u00e9rim\u00e8tre. Mais ce concept ne sert \u00e0 rien contre le vol, car dans ce cas, une cam\u00e9ra n'est souvent qu'un \u00e9l\u00e9ment de documentation au sein de la strat\u00e9gie de s\u00e9curit\u00e9 globale.<\/p>\n<p>Il est essentiel de se pencher sur le choix de l'objectif de protection, sur le type de d\u00e9lit attendu, sur les modes op\u00e9ratoires possibles (proc\u00e9dure et comportement de l'auteur) et sur les personnes susceptibles de passer \u00e0 l'acte. Si un cambriolage de nuit a plus de chances de se produire qu'un vol de jour, la cam\u00e9ra doit \u00eatre en mesure de produire des images contrast\u00e9es sans flou de mouvement en cas de faible luminosit\u00e9.<\/p>\n<p><strong>Caract\u00e9ristiques de la cam\u00e9ra<\/strong><\/p>\n<p>Pour chaque application et chaque objectif de protection, les caract\u00e9ristiques suivantes de la cam\u00e9ra devraient donc \u00eatre examin\u00e9es consciencieusement : Reproduction des d\u00e9tails, angle de prise de vue ou distorsion de l'image, comportement en mati\u00e8re de contraste et solidit\u00e9 des couleurs, sensibilit\u00e9 \u00e0 la lumi\u00e8re et bruit d'image.<\/p>\n<p>Ce n'est que lorsque ces points sont clairement d\u00e9finis qu'un mod\u00e8le de cam\u00e9ra concret, r\u00e9pondant aux exigences, peut \u00eatre utilis\u00e9 \u00e0 son plein potentiel.<\/p>\n<p>Sans adaptation individuelle, le r\u00e9glage de base d'une cam\u00e9ra n'est g\u00e9n\u00e9ralement pas adapt\u00e9 aux exigences sp\u00e9cifiques de l'objectif de protection. Des r\u00e9glages adapt\u00e9s ou optimis\u00e9s servent, avec un r\u00e9sultat d'enregistrement optimal, non seulement \u00e0 l'exploitant en tant que victime potentielle, mais aussi \u00e0 la poursuite p\u00e9nale lors de l'\u00e9lucidation de d\u00e9lits.<\/p>\n<blockquote>\n<p><em>Vous d\u00e9couvrirez, chers lecteurs, les autres points \u00e0 prendre en compte en mati\u00e8re de syst\u00e8mes de vid\u00e9osurveillance dans notre \u00e9dition sp\u00e9ciale \"Sp\u00e9cial vid\u00e9osurveillance\", qui para\u00eetra le 25 ao\u00fbt. <\/em><\/p>\n<p><em>Dans l'\u00e9dition papier de Vid\u00e9osurveillance, nos auteurs sp\u00e9cialis\u00e9s examinent en outre les cam\u00e9ras de surveillance \u00e0 la loupe : les r\u00e9sultats mettent en \u00e9vidence des aspects int\u00e9ressants et utiles pour vous. Outre d'autres th\u00e8mes, le Forum de la s\u00e9curit\u00e9 publie \u00e9galement dans son num\u00e9ro sp\u00e9cial un aper\u00e7u du march\u00e9 et des fabricants.<\/em><\/p>\n<p><em>Cliquez ici pour <a href=\"https:\/\/news.save.ch\/fr\/sicherheitsforum\/\">Commande d'abonnement<\/a>.<\/em><\/p>\n<\/blockquote>\n<p><em>\u00a0<\/em><\/p>\n<p>&nbsp;<\/p>\n<p>&nbsp;<\/p>","protected":false},"excerpt":{"rendered":"<p>Die Video\u00fcberwachungssysteme werden immer besser. Im Verlauf der letzten f\u00fcnf Jahre hat sich im Bereich Bildgebung, Bildwiedergabe (Lichtempfindlichkeit, Datenkomprimierung, Sch\u00e4rfe und Detailwiedergabe) sehr viel zum Guten entwickelt. Aus polizeilicher und forensischer Sicht nimmt das f\u00fcr die Strafverfolgung verwertbare Videobild an Bedeutung weiter zu. Aber: Nicht immer bedeutet gr\u00f6sser und schneller auch besser! Oft werden alte [&hellip;]<\/p>\n","protected":false},"author":8,"featured_media":10412,"comment_status":"closed","ping_status":"closed","sticky":false,"template":"","format":"standard","meta":{"_acf_changed":false,"pgc_sgb_lightbox_settings":"","footnotes":""},"categories":[3312],"tags":[947,78],"class_list":["post-10411","post","type-post","status-publish","format-standard","has-post-thumbnail","hentry","category-sicherheit","tag-video-security-spezial","tag-videoueberwachung"],"acf":[],"hkrextid":null,"publication":null,"issue":null,"workflow":null,"startPage":null,"spitzmarke":null,"_posts_by_tag_page_fields":{"widget_title":"","widget_tags":""},"_at_widget":"1","_yoast_wpseo_primary_category":"529","_yoast_wpseo_focuskw_text_input":"Video\u00fcberwachung","_yoast_wpseo_opengraph-image":null,"_yoast_wpseo_opengraph-description":null,"_yoast_wpseo_opengraph-title":null,"enclosure":null,"_yoast_wpseo_twitter-title":null,"_yoast_wpseo_twitter-description":null,"_yoast_wpseo_twitter-image":null,"_wp_old_slug":null,"_yoast_wpseo_title":null,"_yoast_wpseo_canonical":null,"yoast_head":"<!-- This site is optimized with the Yoast SEO plugin v27.5 - https:\/\/yoast.com\/product\/yoast-seo-wordpress\/ -->\n<title>Video\u00fcberwachung: Damit das volle Potenzial ausgesch\u00f6pft werden kann - Save<\/title>\n<meta name=\"description\" content=\"Die Fachzeitschrift SicherheitsForum ver\u00f6ffentlicht am 25. August 2020 eine Spezialausgabe zum Thema Video\u00fcberwachung.\" \/>\n<meta name=\"robots\" content=\"index, follow, max-snippet:-1, max-image-preview:large, max-video-preview:-1\" \/>\n<link rel=\"canonical\" href=\"https:\/\/news.save.ch\/fr\/videoueberwachung-damit-das-volle-potenzial-ausgeschoepft-werden-kann\/\" \/>\n<meta property=\"og:locale\" content=\"fr_FR\" \/>\n<meta property=\"og:type\" content=\"article\" \/>\n<meta property=\"og:title\" content=\"Video\u00fcberwachung: Damit das volle Potenzial ausgesch\u00f6pft werden kann - Save\" \/>\n<meta property=\"og:description\" content=\"Die Fachzeitschrift SicherheitsForum ver\u00f6ffentlicht am 25. August 2020 eine Spezialausgabe zum Thema Video\u00fcberwachung.\" \/>\n<meta property=\"og:url\" content=\"https:\/\/news.save.ch\/fr\/videoueberwachung-damit-das-volle-potenzial-ausgeschoepft-werden-kann\/\" \/>\n<meta property=\"og:site_name\" content=\"Save\" \/>\n<meta property=\"article:published_time\" content=\"2020-07-20T08:00:42+00:00\" \/>\n<meta property=\"article:modified_time\" content=\"2023-03-14T07:59:18+00:00\" \/>\n<meta property=\"og:image\" content=\"https:\/\/news.save.ch\/wp-content\/uploads\/2020\/07\/depositphotos-Andrey-Popov.jpg\" \/>\n\t<meta property=\"og:image:width\" content=\"999\" \/>\n\t<meta property=\"og:image:height\" content=\"667\" \/>\n\t<meta property=\"og:image:type\" content=\"image\/jpeg\" \/>\n<meta name=\"author\" content=\"Roger Str\u00e4ssle\" \/>\n<meta name=\"twitter:card\" content=\"summary_large_image\" \/>\n<meta name=\"twitter:label1\" content=\"\u00c9crit par\" \/>\n\t<meta name=\"twitter:data1\" content=\"Roger Str\u00e4ssle\" \/>\n\t<meta name=\"twitter:label2\" content=\"Dur\u00e9e de lecture estim\u00e9e\" \/>\n\t<meta name=\"twitter:data2\" content=\"2 minutes\" \/>\n<script type=\"application\/ld+json\" class=\"yoast-schema-graph\">{\"@context\":\"https:\\\/\\\/schema.org\",\"@graph\":[{\"@type\":\"Article\",\"@id\":\"https:\\\/\\\/news.save.ch\\\/videoueberwachung-damit-das-volle-potenzial-ausgeschoepft-werden-kann\\\/#article\",\"isPartOf\":{\"@id\":\"https:\\\/\\\/news.save.ch\\\/videoueberwachung-damit-das-volle-potenzial-ausgeschoepft-werden-kann\\\/\"},\"author\":{\"name\":\"Roger Str\u00e4ssle\",\"@id\":\"https:\\\/\\\/news.save.ch\\\/de\\\/#\\\/schema\\\/person\\\/d5022db048e0e2b9785c50e5b24da5aa\"},\"headline\":\"Video\u00fcberwachung: Damit das volle Potenzial ausgesch\u00f6pft werden kann\",\"datePublished\":\"2020-07-20T08:00:42+00:00\",\"dateModified\":\"2023-03-14T07:59:18+00:00\",\"mainEntityOfPage\":{\"@id\":\"https:\\\/\\\/news.save.ch\\\/videoueberwachung-damit-das-volle-potenzial-ausgeschoepft-werden-kann\\\/\"},\"wordCount\":403,\"publisher\":{\"@id\":\"https:\\\/\\\/news.save.ch\\\/de\\\/#organization\"},\"image\":{\"@id\":\"https:\\\/\\\/news.save.ch\\\/videoueberwachung-damit-das-volle-potenzial-ausgeschoepft-werden-kann\\\/#primaryimage\"},\"thumbnailUrl\":\"https:\\\/\\\/news.save.ch\\\/wp-content\\\/uploads\\\/2020\\\/07\\\/depositphotos-Andrey-Popov.jpg\",\"keywords\":[\"Video Security Spezial\",\"Video\u00fcberwachung\"],\"articleSection\":[\"SICHERHEIT\"],\"inLanguage\":\"fr-FR\"},{\"@type\":\"WebPage\",\"@id\":\"https:\\\/\\\/news.save.ch\\\/videoueberwachung-damit-das-volle-potenzial-ausgeschoepft-werden-kann\\\/\",\"url\":\"https:\\\/\\\/news.save.ch\\\/videoueberwachung-damit-das-volle-potenzial-ausgeschoepft-werden-kann\\\/\",\"name\":\"Video\u00fcberwachung: Damit das volle Potenzial ausgesch\u00f6pft werden kann - Save\",\"isPartOf\":{\"@id\":\"https:\\\/\\\/news.save.ch\\\/de\\\/#website\"},\"primaryImageOfPage\":{\"@id\":\"https:\\\/\\\/news.save.ch\\\/videoueberwachung-damit-das-volle-potenzial-ausgeschoepft-werden-kann\\\/#primaryimage\"},\"image\":{\"@id\":\"https:\\\/\\\/news.save.ch\\\/videoueberwachung-damit-das-volle-potenzial-ausgeschoepft-werden-kann\\\/#primaryimage\"},\"thumbnailUrl\":\"https:\\\/\\\/news.save.ch\\\/wp-content\\\/uploads\\\/2020\\\/07\\\/depositphotos-Andrey-Popov.jpg\",\"datePublished\":\"2020-07-20T08:00:42+00:00\",\"dateModified\":\"2023-03-14T07:59:18+00:00\",\"description\":\"Die Fachzeitschrift SicherheitsForum ver\u00f6ffentlicht am 25. August 2020 eine Spezialausgabe zum Thema Video\u00fcberwachung.\",\"breadcrumb\":{\"@id\":\"https:\\\/\\\/news.save.ch\\\/videoueberwachung-damit-das-volle-potenzial-ausgeschoepft-werden-kann\\\/#breadcrumb\"},\"inLanguage\":\"fr-FR\",\"potentialAction\":[{\"@type\":\"ReadAction\",\"target\":[\"https:\\\/\\\/news.save.ch\\\/videoueberwachung-damit-das-volle-potenzial-ausgeschoepft-werden-kann\\\/\"]}]},{\"@type\":\"ImageObject\",\"inLanguage\":\"fr-FR\",\"@id\":\"https:\\\/\\\/news.save.ch\\\/videoueberwachung-damit-das-volle-potenzial-ausgeschoepft-werden-kann\\\/#primaryimage\",\"url\":\"https:\\\/\\\/news.save.ch\\\/wp-content\\\/uploads\\\/2020\\\/07\\\/depositphotos-Andrey-Popov.jpg\",\"contentUrl\":\"https:\\\/\\\/news.save.ch\\\/wp-content\\\/uploads\\\/2020\\\/07\\\/depositphotos-Andrey-Popov.jpg\",\"width\":999,\"height\":667,\"caption\":\"\u00a9 depositphotos, Andrey Popov\"},{\"@type\":\"BreadcrumbList\",\"@id\":\"https:\\\/\\\/news.save.ch\\\/videoueberwachung-damit-das-volle-potenzial-ausgeschoepft-werden-kann\\\/#breadcrumb\",\"itemListElement\":[{\"@type\":\"ListItem\",\"position\":1,\"name\":\"Home\",\"item\":\"https:\\\/\\\/news.save.ch\\\/de\\\/\"},{\"@type\":\"ListItem\",\"position\":2,\"name\":\"Video\u00fcberwachung: Damit das volle Potenzial ausgesch\u00f6pft werden kann\"}]},{\"@type\":\"WebSite\",\"@id\":\"https:\\\/\\\/news.save.ch\\\/de\\\/#website\",\"url\":\"https:\\\/\\\/news.save.ch\\\/de\\\/\",\"name\":\"Save\",\"description\":\"Schweizer Fachzeitschrift f\u00fcr Sicherheit\",\"publisher\":{\"@id\":\"https:\\\/\\\/news.save.ch\\\/de\\\/#organization\"},\"potentialAction\":[{\"@type\":\"SearchAction\",\"target\":{\"@type\":\"EntryPoint\",\"urlTemplate\":\"https:\\\/\\\/news.save.ch\\\/de\\\/?s={search_term_string}\"},\"query-input\":{\"@type\":\"PropertyValueSpecification\",\"valueRequired\":true,\"valueName\":\"search_term_string\"}}],\"inLanguage\":\"fr-FR\"},{\"@type\":\"Organization\",\"@id\":\"https:\\\/\\\/news.save.ch\\\/de\\\/#organization\",\"name\":\"Sicherheitsforum\",\"url\":\"https:\\\/\\\/news.save.ch\\\/de\\\/\",\"logo\":{\"@type\":\"ImageObject\",\"inLanguage\":\"fr-FR\",\"@id\":\"https:\\\/\\\/news.save.ch\\\/de\\\/#\\\/schema\\\/logo\\\/image\\\/\",\"url\":\"https:\\\/\\\/news.save.ch\\\/wp-content\\\/uploads\\\/2022\\\/06\\\/Logo_SF_2012.png\",\"contentUrl\":\"https:\\\/\\\/news.save.ch\\\/wp-content\\\/uploads\\\/2022\\\/06\\\/Logo_SF_2012.png\",\"width\":1100,\"height\":91,\"caption\":\"Sicherheitsforum\"},\"image\":{\"@id\":\"https:\\\/\\\/news.save.ch\\\/de\\\/#\\\/schema\\\/logo\\\/image\\\/\"}},{\"@type\":\"Person\",\"@id\":\"https:\\\/\\\/news.save.ch\\\/de\\\/#\\\/schema\\\/person\\\/d5022db048e0e2b9785c50e5b24da5aa\",\"name\":\"Roger Str\u00e4ssle\",\"image\":{\"@type\":\"ImageObject\",\"inLanguage\":\"fr-FR\",\"@id\":\"https:\\\/\\\/secure.gravatar.com\\\/avatar\\\/862a5569d087de48e5856e32f45d719a03804c891d6deb8d4f71a660e79e4a47?s=96&d=mm&r=g\",\"url\":\"https:\\\/\\\/secure.gravatar.com\\\/avatar\\\/862a5569d087de48e5856e32f45d719a03804c891d6deb8d4f71a660e79e4a47?s=96&d=mm&r=g\",\"contentUrl\":\"https:\\\/\\\/secure.gravatar.com\\\/avatar\\\/862a5569d087de48e5856e32f45d719a03804c891d6deb8d4f71a660e79e4a47?s=96&d=mm&r=g\",\"caption\":\"Roger Str\u00e4ssle\"},\"url\":\"https:\\\/\\\/news.save.ch\\\/fr\\\/author\\\/roger-straessle\\\/\"}]}<\/script>\n<!-- \/ Yoast SEO plugin. -->","yoast_head_json":{"title":"Vid\u00e9osurveillance : pour exploiter tout son potentiel - Save","description":"Le magazine sp\u00e9cialis\u00e9 SicherheitsForum publie le 25 ao\u00fbt 2020 un num\u00e9ro sp\u00e9cial sur le th\u00e8me de la vid\u00e9osurveillance.","robots":{"index":"index","follow":"follow","max-snippet":"max-snippet:-1","max-image-preview":"max-image-preview:large","max-video-preview":"max-video-preview:-1"},"canonical":"https:\/\/news.save.ch\/fr\/videoueberwachung-damit-das-volle-potenzial-ausgeschoepft-werden-kann\/","og_locale":"fr_FR","og_type":"article","og_title":"Video\u00fcberwachung: Damit das volle Potenzial ausgesch\u00f6pft werden kann - Save","og_description":"Die Fachzeitschrift SicherheitsForum ver\u00f6ffentlicht am 25. August 2020 eine Spezialausgabe zum Thema Video\u00fcberwachung.","og_url":"https:\/\/news.save.ch\/fr\/videoueberwachung-damit-das-volle-potenzial-ausgeschoepft-werden-kann\/","og_site_name":"Save","article_published_time":"2020-07-20T08:00:42+00:00","article_modified_time":"2023-03-14T07:59:18+00:00","og_image":[{"width":999,"height":667,"url":"https:\/\/news.save.ch\/wp-content\/uploads\/2020\/07\/depositphotos-Andrey-Popov.jpg","type":"image\/jpeg"}],"author":"Roger Str\u00e4ssle","twitter_card":"summary_large_image","twitter_misc":{"\u00c9crit par":"Roger Str\u00e4ssle","Dur\u00e9e de lecture estim\u00e9e":"2 minutes"},"schema":{"@context":"https:\/\/schema.org","@graph":[{"@type":"Article","@id":"https:\/\/news.save.ch\/videoueberwachung-damit-das-volle-potenzial-ausgeschoepft-werden-kann\/#article","isPartOf":{"@id":"https:\/\/news.save.ch\/videoueberwachung-damit-das-volle-potenzial-ausgeschoepft-werden-kann\/"},"author":{"name":"Roger Str\u00e4ssle","@id":"https:\/\/news.save.ch\/de\/#\/schema\/person\/d5022db048e0e2b9785c50e5b24da5aa"},"headline":"Video\u00fcberwachung: Damit das volle Potenzial ausgesch\u00f6pft werden kann","datePublished":"2020-07-20T08:00:42+00:00","dateModified":"2023-03-14T07:59:18+00:00","mainEntityOfPage":{"@id":"https:\/\/news.save.ch\/videoueberwachung-damit-das-volle-potenzial-ausgeschoepft-werden-kann\/"},"wordCount":403,"publisher":{"@id":"https:\/\/news.save.ch\/de\/#organization"},"image":{"@id":"https:\/\/news.save.ch\/videoueberwachung-damit-das-volle-potenzial-ausgeschoepft-werden-kann\/#primaryimage"},"thumbnailUrl":"https:\/\/news.save.ch\/wp-content\/uploads\/2020\/07\/depositphotos-Andrey-Popov.jpg","keywords":["Video Security Spezial","Video\u00fcberwachung"],"articleSection":["SICHERHEIT"],"inLanguage":"fr-FR"},{"@type":"WebPage","@id":"https:\/\/news.save.ch\/videoueberwachung-damit-das-volle-potenzial-ausgeschoepft-werden-kann\/","url":"https:\/\/news.save.ch\/videoueberwachung-damit-das-volle-potenzial-ausgeschoepft-werden-kann\/","name":"Vid\u00e9osurveillance : pour exploiter tout son potentiel - Save","isPartOf":{"@id":"https:\/\/news.save.ch\/de\/#website"},"primaryImageOfPage":{"@id":"https:\/\/news.save.ch\/videoueberwachung-damit-das-volle-potenzial-ausgeschoepft-werden-kann\/#primaryimage"},"image":{"@id":"https:\/\/news.save.ch\/videoueberwachung-damit-das-volle-potenzial-ausgeschoepft-werden-kann\/#primaryimage"},"thumbnailUrl":"https:\/\/news.save.ch\/wp-content\/uploads\/2020\/07\/depositphotos-Andrey-Popov.jpg","datePublished":"2020-07-20T08:00:42+00:00","dateModified":"2023-03-14T07:59:18+00:00","description":"Le magazine sp\u00e9cialis\u00e9 SicherheitsForum publie le 25 ao\u00fbt 2020 un num\u00e9ro sp\u00e9cial sur le th\u00e8me de la vid\u00e9osurveillance.","breadcrumb":{"@id":"https:\/\/news.save.ch\/videoueberwachung-damit-das-volle-potenzial-ausgeschoepft-werden-kann\/#breadcrumb"},"inLanguage":"fr-FR","potentialAction":[{"@type":"ReadAction","target":["https:\/\/news.save.ch\/videoueberwachung-damit-das-volle-potenzial-ausgeschoepft-werden-kann\/"]}]},{"@type":"ImageObject","inLanguage":"fr-FR","@id":"https:\/\/news.save.ch\/videoueberwachung-damit-das-volle-potenzial-ausgeschoepft-werden-kann\/#primaryimage","url":"https:\/\/news.save.ch\/wp-content\/uploads\/2020\/07\/depositphotos-Andrey-Popov.jpg","contentUrl":"https:\/\/news.save.ch\/wp-content\/uploads\/2020\/07\/depositphotos-Andrey-Popov.jpg","width":999,"height":667,"caption":"\u00a9 depositphotos, Andrey Popov"},{"@type":"BreadcrumbList","@id":"https:\/\/news.save.ch\/videoueberwachung-damit-das-volle-potenzial-ausgeschoepft-werden-kann\/#breadcrumb","itemListElement":[{"@type":"ListItem","position":1,"name":"Home","item":"https:\/\/news.save.ch\/de\/"},{"@type":"ListItem","position":2,"name":"Video\u00fcberwachung: Damit das volle Potenzial ausgesch\u00f6pft werden kann"}]},{"@type":"WebSite","@id":"https:\/\/news.save.ch\/de\/#website","url":"https:\/\/news.save.ch\/de\/","name":"Save","description":"Revue suisse sp\u00e9cialis\u00e9e dans la s\u00e9curit\u00e9","publisher":{"@id":"https:\/\/news.save.ch\/de\/#organization"},"potentialAction":[{"@type":"SearchAction","target":{"@type":"EntryPoint","urlTemplate":"https:\/\/news.save.ch\/de\/?s={search_term_string}"},"query-input":{"@type":"PropertyValueSpecification","valueRequired":true,"valueName":"search_term_string"}}],"inLanguage":"fr-FR"},{"@type":"Organization","@id":"https:\/\/news.save.ch\/de\/#organization","name":"Forum sur la s\u00e9curit\u00e9","url":"https:\/\/news.save.ch\/de\/","logo":{"@type":"ImageObject","inLanguage":"fr-FR","@id":"https:\/\/news.save.ch\/de\/#\/schema\/logo\/image\/","url":"https:\/\/news.save.ch\/wp-content\/uploads\/2022\/06\/Logo_SF_2012.png","contentUrl":"https:\/\/news.save.ch\/wp-content\/uploads\/2022\/06\/Logo_SF_2012.png","width":1100,"height":91,"caption":"Sicherheitsforum"},"image":{"@id":"https:\/\/news.save.ch\/de\/#\/schema\/logo\/image\/"}},{"@type":"Person","@id":"https:\/\/news.save.ch\/de\/#\/schema\/person\/d5022db048e0e2b9785c50e5b24da5aa","name":"Roger Str\u00e4ssle","image":{"@type":"ImageObject","inLanguage":"fr-FR","@id":"https:\/\/secure.gravatar.com\/avatar\/862a5569d087de48e5856e32f45d719a03804c891d6deb8d4f71a660e79e4a47?s=96&d=mm&r=g","url":"https:\/\/secure.gravatar.com\/avatar\/862a5569d087de48e5856e32f45d719a03804c891d6deb8d4f71a660e79e4a47?s=96&d=mm&r=g","contentUrl":"https:\/\/secure.gravatar.com\/avatar\/862a5569d087de48e5856e32f45d719a03804c891d6deb8d4f71a660e79e4a47?s=96&d=mm&r=g","caption":"Roger Str\u00e4ssle"},"url":"https:\/\/news.save.ch\/fr\/author\/roger-straessle\/"}]}},"_links":{"self":[{"href":"https:\/\/news.save.ch\/fr\/wp-json\/wp\/v2\/posts\/10411","targetHints":{"allow":["GET"]}}],"collection":[{"href":"https:\/\/news.save.ch\/fr\/wp-json\/wp\/v2\/posts"}],"about":[{"href":"https:\/\/news.save.ch\/fr\/wp-json\/wp\/v2\/types\/post"}],"author":[{"embeddable":true,"href":"https:\/\/news.save.ch\/fr\/wp-json\/wp\/v2\/users\/8"}],"replies":[{"embeddable":true,"href":"https:\/\/news.save.ch\/fr\/wp-json\/wp\/v2\/comments?post=10411"}],"version-history":[{"count":1,"href":"https:\/\/news.save.ch\/fr\/wp-json\/wp\/v2\/posts\/10411\/revisions"}],"predecessor-version":[{"id":17910,"href":"https:\/\/news.save.ch\/fr\/wp-json\/wp\/v2\/posts\/10411\/revisions\/17910"}],"wp:featuredmedia":[{"embeddable":true,"href":"https:\/\/news.save.ch\/fr\/wp-json\/wp\/v2\/media\/10412"}],"wp:attachment":[{"href":"https:\/\/news.save.ch\/fr\/wp-json\/wp\/v2\/media?parent=10411"}],"wp:term":[{"taxonomy":"category","embeddable":true,"href":"https:\/\/news.save.ch\/fr\/wp-json\/wp\/v2\/categories?post=10411"},{"taxonomy":"post_tag","embeddable":true,"href":"https:\/\/news.save.ch\/fr\/wp-json\/wp\/v2\/tags?post=10411"}],"curies":[{"name":"wp","href":"https:\/\/api.w.org\/{rel}","templated":true}]}}