{"id":10701,"date":"2020-10-23T15:34:49","date_gmt":"2020-10-23T13:34:49","guid":{"rendered":"https:\/\/news.save.ch\/?p=10701"},"modified":"2023-03-14T08:56:33","modified_gmt":"2023-03-14T07:56:33","slug":"was-hat-datenschutz-mit-haendewaschen-zu-tun","status":null,"type":"post","link":"https:\/\/news.save.ch\/fr\/was-hat-datenschutz-mit-haendewaschen-zu-tun\/","title":{"rendered":"Quel est le rapport entre la protection des donn\u00e9es et le lavage des mains ?"},"content":{"rendered":"<figure id=\"attachment_10703\" aria-describedby=\"caption-attachment-10703\" style=\"width: 680px\" class=\"wp-caption aligncenter\"><img loading=\"lazy\" decoding=\"async\" class=\"wp-image-10703 size-medium\" src=\"https:\/\/news.save.ch\/wp-content\/uploads\/2020\/10\/Depositphotos_349363728_s-2019.jpg\" alt=\"Hygi\u00e8ne informatique\" width=\"680\" height=\"454\" srcset=\"https:\/\/news.save.ch\/wp-content\/uploads\/2020\/10\/Depositphotos_349363728_s-2019.jpg 1000w, https:\/\/news.save.ch\/wp-content\/uploads\/2020\/10\/Depositphotos_349363728_s-2019-375x251.jpg 375w\" sizes=\"auto, (max-width: 680px) 100vw, 680px\" \/><figcaption id=\"caption-attachment-10703\" class=\"wp-caption-text\">\u00a9 depositphotos, artursz<\/figcaption><\/figure>\n<p>Se laver les mains est devenu une \u00e9vidence pour la plupart des gens. Toutefois, les entreprises et leurs collaborateurs ne prennent pas toujours les m\u00eames pr\u00e9cautions lorsqu'il s'agit de la communication mobile. C'est justement dans les applications install\u00e9es que peuvent se cacher des logiciels malveillants et autres. Une application est vite t\u00e9l\u00e9charg\u00e9e et l'utilisateur ne se soucie g\u00e9n\u00e9ralement pas des cons\u00e9quences : \u00c0 quelles donn\u00e9es et \u00e0 quels canaux de communication l'application acc\u00e8de-t-elle ? Que trouve-t-on exactement dans les profondeurs des conditions d'utilisation rarement lues ? Si les collaborateurs utilisent un t\u00e9l\u00e9phone portable d'entreprise \u00e0 titre priv\u00e9 ou un smartphone priv\u00e9 pour des t\u00e2ches professionnelles, le respect des dispositions relatives \u00e0 la protection des donn\u00e9es est alors menac\u00e9.<\/p>\n<p>Les entreprises devraient donc respecter les r\u00e8gles suivantes :<\/p>\n<ul>\n<li>Le caract\u00e8re explosif du sujet doit \u00eatre assimil\u00e9. L'insouciance des collaborateurs dans l'utilisation des smartphones et des tablettes est souvent due \u00e0 un manque de connaissances. Les formations et les entra\u00eenements sont donc d'autant plus importants pour que les mesures d'hygi\u00e8ne informatique deviennent une \u00e9vidence. Tous les employ\u00e9s devraient en outre recevoir des r\u00e8gles obligatoires et uniformes pour la protection de l'informatique et des donn\u00e9es dans l'entreprise. Les sup\u00e9rieurs hi\u00e9rarchiques doivent en outre donner l'exemple d'un traitement soigneux des donn\u00e9es sensibles. Toutes ces mesures permettent d'\u00e9viter que les collaborateurs ne t\u00e9l\u00e9chargent sans m\u00e9fiance des applications dangereuses.<\/li>\n<li>Ne proposer que des outils faciles \u00e0 utiliser. Les mesures de s\u00e9curit\u00e9 ne doivent pas limiter les collaborateurs dans leur travail, car seules les solutions conviviales s'imposent. Les applications d'entreprise doivent donc \u00eatre aussi faciles \u00e0 utiliser que les utilisateurs en ont l'habitude avec leurs applications personnelles. Il est tout aussi important d'impliquer les d\u00e9partements concern\u00e9s dans le choix des outils afin de couvrir les besoins professionnels de chaque collaborateur.<\/li>\n<li>S\u00e9parer strictement les donn\u00e9es priv\u00e9es des donn\u00e9es professionnelles. De nombreuses applications int\u00e8grent des fonctions d'exfiltration de donn\u00e9es, c'est-\u00e0-dire de soustraction de donn\u00e9es priv\u00e9es. Dans le cas de WhatsApp, par exemple, il s'agit de l'acc\u00e8s non transparent \u00e0 la liste de contacts, dans laquelle peuvent \u00e9galement \u00eatre enregistr\u00e9s des contacts professionnels. Cela constitue une infraction aux dispositions du RGPD, car les donn\u00e9es \u00e0 caract\u00e8re personnel ne peuvent pas \u00eatre trait\u00e9es et transmises sans consentement. Seule une s\u00e9paration stricte des donn\u00e9es priv\u00e9es et professionnelles permet de lutter contre cette fuite de donn\u00e9es. Elle emp\u00eache en outre que des donn\u00e9es puissent \u00eatre simplement d\u00e9plac\u00e9es d'un c\u00f4t\u00e9 \u00e0 l'autre par copier-coller.<\/li>\n<li>N'oubliez pas le cryptage et l'authentification. Les donn\u00e9es professionnelles doivent \u00e9galement \u00eatre crypt\u00e9es, tant sur l'appareil que lors de la transmission. L'acc\u00e8s aux syst\u00e8mes tels que le partage de fichiers ou l'intranet doit se faire par un canal s\u00e9curis\u00e9. Le domaine de l'entreprise devrait en outre \u00eatre s\u00e9curis\u00e9 par PIN, TouchID, FaceID ou - pour une protection encore plus grande - au moyen d'une carte \u00e0 puce. Ainsi, m\u00eame en cas de vol ou de perte de l'appareil, les donn\u00e9es restent prot\u00e9g\u00e9es contre toute utilisation abusive.<\/li>\n<\/ul>\n<p>\"Sur les terminaux mobiles, une solution de conteneurisation comme SecurePIM s\u00e9pare strictement le domaine professionnel du domaine priv\u00e9. Les donn\u00e9es et les documents sont stock\u00e9s de mani\u00e8re crypt\u00e9e selon les normes les plus strictes et transmis de mani\u00e8re crypt\u00e9e de bout en bout. Cela cr\u00e9e un domaine '\u00e0 l'abri des intrusions' pour se d\u00e9fendre contre les cybercriminels, tout en garantissant le respect du RGPD\", explique Christian Mueller, Chief Marketing Officer de Virtual Solution \u00e0 Munich. \"On a tendance \u00e0 sous-estimer les cons\u00e9quences \u00e9conomiques d'une mauvaise hygi\u00e8ne informatique. Le vol de donn\u00e9es et d'identit\u00e9, l'utilisation abusive des donn\u00e9es vol\u00e9es et, par exemple, les tentatives de chantage peuvent entra\u00eener une perte de chiffre d'affaires et de confiance. En outre, des amendes \u00e9lev\u00e9es risquent d'\u00eatre inflig\u00e9es pour violation des dispositions du RGPD. Le respect de la protection et de la s\u00e9curit\u00e9 des donn\u00e9es doit donc devenir une routine permanente, comme le lavage des mains\".<\/p>\n<p><em>Source : Virtual Solution<\/em><\/p>\n<p>&nbsp;<\/p>","protected":false},"excerpt":{"rendered":"<p>Sich die H\u00e4nde zu waschen ist f\u00fcr die meisten zu einer Selbstverst\u00e4ndlichkeit geworden. Dieselbe Vorsicht lassen Unternehmen und ihre Mitarbeiter allerdings nicht immer walten, wenn es um die mobile Kommunikation geht. Gerade in den installierten Anwendungen k\u00f6nnen sich Malware &amp; Co. verstecken. Eine App ist schnell heruntergeladen und der Nutzer macht sich meistens keine grossen [&hellip;]<\/p>\n","protected":false},"author":8,"featured_media":10703,"comment_status":"closed","ping_status":"closed","sticky":false,"template":"","format":"standard","meta":{"_acf_changed":false,"pgc_sgb_lightbox_settings":"","footnotes":""},"categories":[3313],"tags":[118,1041],"class_list":["post-10701","post","type-post","status-publish","format-standard","has-post-thumbnail","hentry","category-digitalisierung","tag-datenschutz","tag-it-hygiene"],"acf":[],"hkrextid":null,"publication":null,"issue":null,"workflow":null,"startPage":null,"spitzmarke":null,"_posts_by_tag_page_fields":{"widget_title":"","widget_tags":""},"_at_widget":"1","_yoast_wpseo_primary_category":"2","_yoast_wpseo_focuskw_text_input":"IT-Hygiene","_yoast_wpseo_opengraph-image":null,"_yoast_wpseo_opengraph-description":null,"_yoast_wpseo_opengraph-title":null,"enclosure":null,"_yoast_wpseo_twitter-title":null,"_yoast_wpseo_twitter-description":null,"_yoast_wpseo_twitter-image":null,"_wp_old_slug":null,"_yoast_wpseo_title":null,"_yoast_wpseo_canonical":null,"yoast_head":"<!-- This site is optimized with the Yoast SEO plugin v27.5 - https:\/\/yoast.com\/product\/yoast-seo-wordpress\/ -->\n<title>Was hat Datenschutz mit H\u00e4ndewaschen zu tun? - Save<\/title>\n<meta name=\"description\" content=\"H\u00e4ndewaschen ist eine wirksame Hygiene-Massnahme. Unternehmen sollten das Thema Datenschutz nach dem gleichen Prinzip angehen.\" \/>\n<meta name=\"robots\" content=\"index, follow, max-snippet:-1, max-image-preview:large, max-video-preview:-1\" \/>\n<link rel=\"canonical\" href=\"https:\/\/news.save.ch\/fr\/was-hat-datenschutz-mit-haendewaschen-zu-tun\/\" \/>\n<meta property=\"og:locale\" content=\"fr_FR\" \/>\n<meta property=\"og:type\" content=\"article\" \/>\n<meta property=\"og:title\" content=\"Was hat Datenschutz mit H\u00e4ndewaschen zu tun? - Save\" \/>\n<meta property=\"og:description\" content=\"H\u00e4ndewaschen ist eine wirksame Hygiene-Massnahme. Unternehmen sollten das Thema Datenschutz nach dem gleichen Prinzip angehen.\" \/>\n<meta property=\"og:url\" content=\"https:\/\/news.save.ch\/fr\/was-hat-datenschutz-mit-haendewaschen-zu-tun\/\" \/>\n<meta property=\"og:site_name\" content=\"Save\" \/>\n<meta property=\"article:published_time\" content=\"2020-10-23T13:34:49+00:00\" \/>\n<meta property=\"article:modified_time\" content=\"2023-03-14T07:56:33+00:00\" \/>\n<meta property=\"og:image\" content=\"https:\/\/news.save.ch\/wp-content\/uploads\/2020\/10\/Depositphotos_349363728_s-2019.jpg\" \/>\n\t<meta property=\"og:image:width\" content=\"1000\" \/>\n\t<meta property=\"og:image:height\" content=\"668\" \/>\n\t<meta property=\"og:image:type\" content=\"image\/jpeg\" \/>\n<meta name=\"author\" content=\"Roger Str\u00e4ssle\" \/>\n<meta name=\"twitter:card\" content=\"summary_large_image\" \/>\n<meta name=\"twitter:label1\" content=\"\u00c9crit par\" \/>\n\t<meta name=\"twitter:data1\" content=\"Roger Str\u00e4ssle\" \/>\n\t<meta name=\"twitter:label2\" content=\"Dur\u00e9e de lecture estim\u00e9e\" \/>\n\t<meta name=\"twitter:data2\" content=\"3 minutes\" \/>\n<script type=\"application\/ld+json\" class=\"yoast-schema-graph\">{\"@context\":\"https:\\\/\\\/schema.org\",\"@graph\":[{\"@type\":\"Article\",\"@id\":\"https:\\\/\\\/news.save.ch\\\/was-hat-datenschutz-mit-haendewaschen-zu-tun\\\/#article\",\"isPartOf\":{\"@id\":\"https:\\\/\\\/news.save.ch\\\/was-hat-datenschutz-mit-haendewaschen-zu-tun\\\/\"},\"author\":{\"name\":\"Roger Str\u00e4ssle\",\"@id\":\"https:\\\/\\\/news.save.ch\\\/de\\\/#\\\/schema\\\/person\\\/d5022db048e0e2b9785c50e5b24da5aa\"},\"headline\":\"Was hat Datenschutz mit H\u00e4ndewaschen zu tun?\",\"datePublished\":\"2020-10-23T13:34:49+00:00\",\"dateModified\":\"2023-03-14T07:56:33+00:00\",\"mainEntityOfPage\":{\"@id\":\"https:\\\/\\\/news.save.ch\\\/was-hat-datenschutz-mit-haendewaschen-zu-tun\\\/\"},\"wordCount\":556,\"publisher\":{\"@id\":\"https:\\\/\\\/news.save.ch\\\/de\\\/#organization\"},\"image\":{\"@id\":\"https:\\\/\\\/news.save.ch\\\/was-hat-datenschutz-mit-haendewaschen-zu-tun\\\/#primaryimage\"},\"thumbnailUrl\":\"https:\\\/\\\/news.save.ch\\\/wp-content\\\/uploads\\\/2020\\\/10\\\/Depositphotos_349363728_s-2019.jpg\",\"keywords\":[\"Datenschutz\",\"IT-Hygiene\"],\"articleSection\":[\"DIGITALISIERUNG\"],\"inLanguage\":\"fr-FR\"},{\"@type\":\"WebPage\",\"@id\":\"https:\\\/\\\/news.save.ch\\\/was-hat-datenschutz-mit-haendewaschen-zu-tun\\\/\",\"url\":\"https:\\\/\\\/news.save.ch\\\/was-hat-datenschutz-mit-haendewaschen-zu-tun\\\/\",\"name\":\"Was hat Datenschutz mit H\u00e4ndewaschen zu tun? - Save\",\"isPartOf\":{\"@id\":\"https:\\\/\\\/news.save.ch\\\/de\\\/#website\"},\"primaryImageOfPage\":{\"@id\":\"https:\\\/\\\/news.save.ch\\\/was-hat-datenschutz-mit-haendewaschen-zu-tun\\\/#primaryimage\"},\"image\":{\"@id\":\"https:\\\/\\\/news.save.ch\\\/was-hat-datenschutz-mit-haendewaschen-zu-tun\\\/#primaryimage\"},\"thumbnailUrl\":\"https:\\\/\\\/news.save.ch\\\/wp-content\\\/uploads\\\/2020\\\/10\\\/Depositphotos_349363728_s-2019.jpg\",\"datePublished\":\"2020-10-23T13:34:49+00:00\",\"dateModified\":\"2023-03-14T07:56:33+00:00\",\"description\":\"H\u00e4ndewaschen ist eine wirksame Hygiene-Massnahme. Unternehmen sollten das Thema Datenschutz nach dem gleichen Prinzip angehen.\",\"breadcrumb\":{\"@id\":\"https:\\\/\\\/news.save.ch\\\/was-hat-datenschutz-mit-haendewaschen-zu-tun\\\/#breadcrumb\"},\"inLanguage\":\"fr-FR\",\"potentialAction\":[{\"@type\":\"ReadAction\",\"target\":[\"https:\\\/\\\/news.save.ch\\\/was-hat-datenschutz-mit-haendewaschen-zu-tun\\\/\"]}]},{\"@type\":\"ImageObject\",\"inLanguage\":\"fr-FR\",\"@id\":\"https:\\\/\\\/news.save.ch\\\/was-hat-datenschutz-mit-haendewaschen-zu-tun\\\/#primaryimage\",\"url\":\"https:\\\/\\\/news.save.ch\\\/wp-content\\\/uploads\\\/2020\\\/10\\\/Depositphotos_349363728_s-2019.jpg\",\"contentUrl\":\"https:\\\/\\\/news.save.ch\\\/wp-content\\\/uploads\\\/2020\\\/10\\\/Depositphotos_349363728_s-2019.jpg\",\"width\":1000,\"height\":668,\"caption\":\"\u00a9 depositphotos, artursz\"},{\"@type\":\"BreadcrumbList\",\"@id\":\"https:\\\/\\\/news.save.ch\\\/was-hat-datenschutz-mit-haendewaschen-zu-tun\\\/#breadcrumb\",\"itemListElement\":[{\"@type\":\"ListItem\",\"position\":1,\"name\":\"Home\",\"item\":\"https:\\\/\\\/news.save.ch\\\/de\\\/\"},{\"@type\":\"ListItem\",\"position\":2,\"name\":\"Was hat Datenschutz mit H\u00e4ndewaschen zu tun?\"}]},{\"@type\":\"WebSite\",\"@id\":\"https:\\\/\\\/news.save.ch\\\/de\\\/#website\",\"url\":\"https:\\\/\\\/news.save.ch\\\/de\\\/\",\"name\":\"Save\",\"description\":\"Schweizer Fachzeitschrift f\u00fcr Sicherheit\",\"publisher\":{\"@id\":\"https:\\\/\\\/news.save.ch\\\/de\\\/#organization\"},\"potentialAction\":[{\"@type\":\"SearchAction\",\"target\":{\"@type\":\"EntryPoint\",\"urlTemplate\":\"https:\\\/\\\/news.save.ch\\\/de\\\/?s={search_term_string}\"},\"query-input\":{\"@type\":\"PropertyValueSpecification\",\"valueRequired\":true,\"valueName\":\"search_term_string\"}}],\"inLanguage\":\"fr-FR\"},{\"@type\":\"Organization\",\"@id\":\"https:\\\/\\\/news.save.ch\\\/de\\\/#organization\",\"name\":\"Sicherheitsforum\",\"url\":\"https:\\\/\\\/news.save.ch\\\/de\\\/\",\"logo\":{\"@type\":\"ImageObject\",\"inLanguage\":\"fr-FR\",\"@id\":\"https:\\\/\\\/news.save.ch\\\/de\\\/#\\\/schema\\\/logo\\\/image\\\/\",\"url\":\"https:\\\/\\\/news.save.ch\\\/wp-content\\\/uploads\\\/2022\\\/06\\\/Logo_SF_2012.png\",\"contentUrl\":\"https:\\\/\\\/news.save.ch\\\/wp-content\\\/uploads\\\/2022\\\/06\\\/Logo_SF_2012.png\",\"width\":1100,\"height\":91,\"caption\":\"Sicherheitsforum\"},\"image\":{\"@id\":\"https:\\\/\\\/news.save.ch\\\/de\\\/#\\\/schema\\\/logo\\\/image\\\/\"}},{\"@type\":\"Person\",\"@id\":\"https:\\\/\\\/news.save.ch\\\/de\\\/#\\\/schema\\\/person\\\/d5022db048e0e2b9785c50e5b24da5aa\",\"name\":\"Roger Str\u00e4ssle\",\"image\":{\"@type\":\"ImageObject\",\"inLanguage\":\"fr-FR\",\"@id\":\"https:\\\/\\\/secure.gravatar.com\\\/avatar\\\/862a5569d087de48e5856e32f45d719a03804c891d6deb8d4f71a660e79e4a47?s=96&d=mm&r=g\",\"url\":\"https:\\\/\\\/secure.gravatar.com\\\/avatar\\\/862a5569d087de48e5856e32f45d719a03804c891d6deb8d4f71a660e79e4a47?s=96&d=mm&r=g\",\"contentUrl\":\"https:\\\/\\\/secure.gravatar.com\\\/avatar\\\/862a5569d087de48e5856e32f45d719a03804c891d6deb8d4f71a660e79e4a47?s=96&d=mm&r=g\",\"caption\":\"Roger Str\u00e4ssle\"},\"url\":\"https:\\\/\\\/news.save.ch\\\/fr\\\/author\\\/roger-straessle\\\/\"}]}<\/script>\n<!-- \/ Yoast SEO plugin. -->","yoast_head_json":{"title":"Quel est le rapport entre la protection des donn\u00e9es et le lavage des mains ? - Sauvegarder","description":"Se laver les mains est une mesure d'hygi\u00e8ne efficace. Les entreprises devraient aborder la question de la protection des donn\u00e9es selon le m\u00eame principe.","robots":{"index":"index","follow":"follow","max-snippet":"max-snippet:-1","max-image-preview":"max-image-preview:large","max-video-preview":"max-video-preview:-1"},"canonical":"https:\/\/news.save.ch\/fr\/was-hat-datenschutz-mit-haendewaschen-zu-tun\/","og_locale":"fr_FR","og_type":"article","og_title":"Was hat Datenschutz mit H\u00e4ndewaschen zu tun? - Save","og_description":"H\u00e4ndewaschen ist eine wirksame Hygiene-Massnahme. Unternehmen sollten das Thema Datenschutz nach dem gleichen Prinzip angehen.","og_url":"https:\/\/news.save.ch\/fr\/was-hat-datenschutz-mit-haendewaschen-zu-tun\/","og_site_name":"Save","article_published_time":"2020-10-23T13:34:49+00:00","article_modified_time":"2023-03-14T07:56:33+00:00","og_image":[{"width":1000,"height":668,"url":"https:\/\/news.save.ch\/wp-content\/uploads\/2020\/10\/Depositphotos_349363728_s-2019.jpg","type":"image\/jpeg"}],"author":"Roger Str\u00e4ssle","twitter_card":"summary_large_image","twitter_misc":{"\u00c9crit par":"Roger Str\u00e4ssle","Dur\u00e9e de lecture estim\u00e9e":"3 minutes"},"schema":{"@context":"https:\/\/schema.org","@graph":[{"@type":"Article","@id":"https:\/\/news.save.ch\/was-hat-datenschutz-mit-haendewaschen-zu-tun\/#article","isPartOf":{"@id":"https:\/\/news.save.ch\/was-hat-datenschutz-mit-haendewaschen-zu-tun\/"},"author":{"name":"Roger Str\u00e4ssle","@id":"https:\/\/news.save.ch\/de\/#\/schema\/person\/d5022db048e0e2b9785c50e5b24da5aa"},"headline":"Was hat Datenschutz mit H\u00e4ndewaschen zu tun?","datePublished":"2020-10-23T13:34:49+00:00","dateModified":"2023-03-14T07:56:33+00:00","mainEntityOfPage":{"@id":"https:\/\/news.save.ch\/was-hat-datenschutz-mit-haendewaschen-zu-tun\/"},"wordCount":556,"publisher":{"@id":"https:\/\/news.save.ch\/de\/#organization"},"image":{"@id":"https:\/\/news.save.ch\/was-hat-datenschutz-mit-haendewaschen-zu-tun\/#primaryimage"},"thumbnailUrl":"https:\/\/news.save.ch\/wp-content\/uploads\/2020\/10\/Depositphotos_349363728_s-2019.jpg","keywords":["Datenschutz","IT-Hygiene"],"articleSection":["DIGITALISIERUNG"],"inLanguage":"fr-FR"},{"@type":"WebPage","@id":"https:\/\/news.save.ch\/was-hat-datenschutz-mit-haendewaschen-zu-tun\/","url":"https:\/\/news.save.ch\/was-hat-datenschutz-mit-haendewaschen-zu-tun\/","name":"Quel est le rapport entre la protection des donn\u00e9es et le lavage des mains ? - Sauvegarder","isPartOf":{"@id":"https:\/\/news.save.ch\/de\/#website"},"primaryImageOfPage":{"@id":"https:\/\/news.save.ch\/was-hat-datenschutz-mit-haendewaschen-zu-tun\/#primaryimage"},"image":{"@id":"https:\/\/news.save.ch\/was-hat-datenschutz-mit-haendewaschen-zu-tun\/#primaryimage"},"thumbnailUrl":"https:\/\/news.save.ch\/wp-content\/uploads\/2020\/10\/Depositphotos_349363728_s-2019.jpg","datePublished":"2020-10-23T13:34:49+00:00","dateModified":"2023-03-14T07:56:33+00:00","description":"Se laver les mains est une mesure d'hygi\u00e8ne efficace. Les entreprises devraient aborder la question de la protection des donn\u00e9es selon le m\u00eame principe.","breadcrumb":{"@id":"https:\/\/news.save.ch\/was-hat-datenschutz-mit-haendewaschen-zu-tun\/#breadcrumb"},"inLanguage":"fr-FR","potentialAction":[{"@type":"ReadAction","target":["https:\/\/news.save.ch\/was-hat-datenschutz-mit-haendewaschen-zu-tun\/"]}]},{"@type":"ImageObject","inLanguage":"fr-FR","@id":"https:\/\/news.save.ch\/was-hat-datenschutz-mit-haendewaschen-zu-tun\/#primaryimage","url":"https:\/\/news.save.ch\/wp-content\/uploads\/2020\/10\/Depositphotos_349363728_s-2019.jpg","contentUrl":"https:\/\/news.save.ch\/wp-content\/uploads\/2020\/10\/Depositphotos_349363728_s-2019.jpg","width":1000,"height":668,"caption":"\u00a9 depositphotos, artursz"},{"@type":"BreadcrumbList","@id":"https:\/\/news.save.ch\/was-hat-datenschutz-mit-haendewaschen-zu-tun\/#breadcrumb","itemListElement":[{"@type":"ListItem","position":1,"name":"Home","item":"https:\/\/news.save.ch\/de\/"},{"@type":"ListItem","position":2,"name":"Was hat Datenschutz mit H\u00e4ndewaschen zu tun?"}]},{"@type":"WebSite","@id":"https:\/\/news.save.ch\/de\/#website","url":"https:\/\/news.save.ch\/de\/","name":"Save","description":"Revue suisse sp\u00e9cialis\u00e9e dans la s\u00e9curit\u00e9","publisher":{"@id":"https:\/\/news.save.ch\/de\/#organization"},"potentialAction":[{"@type":"SearchAction","target":{"@type":"EntryPoint","urlTemplate":"https:\/\/news.save.ch\/de\/?s={search_term_string}"},"query-input":{"@type":"PropertyValueSpecification","valueRequired":true,"valueName":"search_term_string"}}],"inLanguage":"fr-FR"},{"@type":"Organization","@id":"https:\/\/news.save.ch\/de\/#organization","name":"Forum sur la s\u00e9curit\u00e9","url":"https:\/\/news.save.ch\/de\/","logo":{"@type":"ImageObject","inLanguage":"fr-FR","@id":"https:\/\/news.save.ch\/de\/#\/schema\/logo\/image\/","url":"https:\/\/news.save.ch\/wp-content\/uploads\/2022\/06\/Logo_SF_2012.png","contentUrl":"https:\/\/news.save.ch\/wp-content\/uploads\/2022\/06\/Logo_SF_2012.png","width":1100,"height":91,"caption":"Sicherheitsforum"},"image":{"@id":"https:\/\/news.save.ch\/de\/#\/schema\/logo\/image\/"}},{"@type":"Person","@id":"https:\/\/news.save.ch\/de\/#\/schema\/person\/d5022db048e0e2b9785c50e5b24da5aa","name":"Roger Str\u00e4ssle","image":{"@type":"ImageObject","inLanguage":"fr-FR","@id":"https:\/\/secure.gravatar.com\/avatar\/862a5569d087de48e5856e32f45d719a03804c891d6deb8d4f71a660e79e4a47?s=96&d=mm&r=g","url":"https:\/\/secure.gravatar.com\/avatar\/862a5569d087de48e5856e32f45d719a03804c891d6deb8d4f71a660e79e4a47?s=96&d=mm&r=g","contentUrl":"https:\/\/secure.gravatar.com\/avatar\/862a5569d087de48e5856e32f45d719a03804c891d6deb8d4f71a660e79e4a47?s=96&d=mm&r=g","caption":"Roger Str\u00e4ssle"},"url":"https:\/\/news.save.ch\/fr\/author\/roger-straessle\/"}]}},"_links":{"self":[{"href":"https:\/\/news.save.ch\/fr\/wp-json\/wp\/v2\/posts\/10701","targetHints":{"allow":["GET"]}}],"collection":[{"href":"https:\/\/news.save.ch\/fr\/wp-json\/wp\/v2\/posts"}],"about":[{"href":"https:\/\/news.save.ch\/fr\/wp-json\/wp\/v2\/types\/post"}],"author":[{"embeddable":true,"href":"https:\/\/news.save.ch\/fr\/wp-json\/wp\/v2\/users\/8"}],"replies":[{"embeddable":true,"href":"https:\/\/news.save.ch\/fr\/wp-json\/wp\/v2\/comments?post=10701"}],"version-history":[{"count":1,"href":"https:\/\/news.save.ch\/fr\/wp-json\/wp\/v2\/posts\/10701\/revisions"}],"predecessor-version":[{"id":17302,"href":"https:\/\/news.save.ch\/fr\/wp-json\/wp\/v2\/posts\/10701\/revisions\/17302"}],"wp:featuredmedia":[{"embeddable":true,"href":"https:\/\/news.save.ch\/fr\/wp-json\/wp\/v2\/media\/10703"}],"wp:attachment":[{"href":"https:\/\/news.save.ch\/fr\/wp-json\/wp\/v2\/media?parent=10701"}],"wp:term":[{"taxonomy":"category","embeddable":true,"href":"https:\/\/news.save.ch\/fr\/wp-json\/wp\/v2\/categories?post=10701"},{"taxonomy":"post_tag","embeddable":true,"href":"https:\/\/news.save.ch\/fr\/wp-json\/wp\/v2\/tags?post=10701"}],"curies":[{"name":"wp","href":"https:\/\/api.w.org\/{rel}","templated":true}]}}