{"id":10771,"date":"2020-11-04T12:00:59","date_gmt":"2020-11-04T11:00:59","guid":{"rendered":"https:\/\/news.save.ch\/?p=10771"},"modified":"2020-11-04T12:00:59","modified_gmt":"2020-11-04T11:00:59","slug":"mark-burkhard-wird-neuer-kkpks-praesident","status":null,"type":"post","link":"https:\/\/news.save.ch\/fr\/mark-burkhard-wird-neuer-kkpks-praesident\/","title":{"rendered":"Mark Burkhard devient le nouveau pr\u00e9sident de la CCPCS"},"content":{"rendered":"<figure id=\"attachment_10773\" aria-describedby=\"caption-attachment-10773\" style=\"width: 680px\" class=\"wp-caption aligncenter\"><img loading=\"lazy\" decoding=\"async\" class=\"size-medium wp-image-10773\" src=\"https:\/\/news.save.ch\/wp-content\/uploads\/2020\/11\/Burkhard-1-1.jpg\" alt=\"\" width=\"680\" height=\"565\" \/><figcaption id=\"caption-attachment-10773\" class=\"wp-caption-text\">Le commandant de la police de B\u00e2le-Campagne, Mark Burkhard.<br \/>KKPKS<\/figcaption><\/figure>\n<p>Le site <a href=\"https:\/\/www.kkpks.ch\/\">KKPKS<\/a> a \u00e9lu Mark Burkhard comme nouveau pr\u00e9sident lors de son assembl\u00e9e annuelle du 3 novembre 2020. Cet \u00e9conomiste dipl\u00f4m\u00e9 et ing\u00e9nieur en informatique est depuis 2013 le commandant de la police de B\u00e2le-Campagne. Jusqu'\u00e0 pr\u00e9sent, il dirigeait \u00e9galement les projets d'harmonisation de l'informatique polici\u00e8re suisse en tant que membre du comit\u00e9 de la CCPCS. Mark Burkhard, 56 ans, se r\u00e9jouit de ce nouveau d\u00e9fi : \"Je souhaite que nous continuions \u00e0 fournir des prestations polici\u00e8res de qualit\u00e9 \u00e0 la population. Pour cela, il faut une bonne collaboration entre les corps de police et les cantons et leurs partenaires\". En outre, il est important \"que nous ne perdions pas le contact avec l'\u00e9volution technologique dans le domaine de la criminalit\u00e9\", a ajout\u00e9 Mark Burkhard.<\/p>\n<p><strong>Trois questions au nouvel homme \u00e0 la t\u00eate de la CCPCS<\/strong><\/p>\n<p><em><strong>Attaques terroristes en France et maintenant \u00e0 Vienne : qu'est-ce que cela signifie pour la s\u00e9curit\u00e9 de la Suisse ?<\/strong><\/em><\/p>\n<p><em>Burkhard :<\/em> La menace terroriste est \u00e9galement \u00e9lev\u00e9e en Suisse depuis un certain temps. Apr\u00e8s les r\u00e9cents attentats dans les pays voisins, la situation est \u00e9galement r\u00e9\u00e9valu\u00e9e en permanence dans notre pays. Sur cette base, les dispositifs de s\u00e9curit\u00e9 dans les cantons sont r\u00e9examin\u00e9s et, si n\u00e9cessaire, des mesures suppl\u00e9mentaires sont prises, comme par exemple l'augmentation de la pr\u00e9sence polici\u00e8re dans l'espace public.<\/p>\n<p><em><strong>Quels sont vos principaux d\u00e9fis pour 2021 ?<\/strong><\/em><\/p>\n<p><em>Burkhard :<\/em> Il s'agit en premier lieu de ma\u00eetriser les cons\u00e9quences de la pand\u00e9mie de Corona. Selon l'\u00e9volution de la situation, la police sera plus ou moins sollicit\u00e9e. Mais d'autres \u00e9volutions peuvent \u00e0 tout moment modifier cette focalisation, comme le montrent les attentats en France et \u00e0 Vienne. En outre, les forces de police font de gros efforts pour lutter contre la cybercriminalit\u00e9, qui conna\u00eet une forte croissance.<\/p>\n<p><strong>O\u00f9 se situe la Suisse \u00e0 cet \u00e9gard, o\u00f9 devez-vous mettre l'accent en tant que pr\u00e9sident de la CCPCS en mati\u00e8re de cybers\u00e9curit\u00e9 ?\u00a0 <\/strong><\/p>\n<p><em>Burkhard :\u00a0<\/em>Pour lutter contre la cybercriminalit\u00e9, les corps de police suisses ont cr\u00e9\u00e9 le \"R\u00e9seau de lutte contre la criminalit\u00e9 num\u00e9rique\" (NEDIK). La Conf\u00e9d\u00e9ration et toutes les polices cantonales y collaborent. Ils surveillent l'\u00e9volution de la criminalit\u00e9, se concertent sur leurs champs d'action et coordonnent des actions communes. Il s'agit de consolider et d'\u00e9tendre cette collaboration. En outre, il convient de mieux communiquer au public les efforts d\u00e9j\u00e0 entrepris par les corps de police dans la lutte contre la cybercriminalit\u00e9.<\/p>\n<p><em>Entretien avec : R. Str\u00e4ssle<\/em><\/p>\n<blockquote>\n<p><strong>Stefan Bl\u00e4tter en poste depuis 2014<\/strong><\/p>\n<p>Mark Burkhard succ\u00e8de \u00e0 Stefan Bl\u00e4ttler, commandant de la police cantonale bernoise. A 61 ans, sa pr\u00e9sidence a \u00e9t\u00e9 mouvement\u00e9e. Il a \u00e9t\u00e9 \u00e9lu pr\u00e9sident de la CCPCS fin octobre 2014, peu de temps avant que les attentats terroristes dans les pays voisins n'influencent durablement la situation s\u00e9curitaire en Suisse et donc le travail de la police. La situation de Corona, lors de sa derni\u00e8re ann\u00e9e de pr\u00e9sidence, a \u00e9galement mis \u00e0 l'\u00e9preuve les corps de police suisses et la CCPCS. Des \u00e9tapes importantes ont \u00e9t\u00e9 franchies durant sa pr\u00e9sidence, notamment avec l'introduction du nouveau concept global de politique de formation Police 2020 et la cr\u00e9ation du R\u00e9seau d'appui aux enqu\u00eates pour la lutte num\u00e9rique contre la criminalit\u00e9 (NEDIK) en 2018, comme l'indique en conclusion le communiqu\u00e9 de presse de la Conf\u00e9rence des commandants des polices cantonales de Suisse.<\/p>\n<\/blockquote>\n<p>&nbsp;<\/p>","protected":false},"excerpt":{"rendered":"<p>Die KKPKS hat an ihrer Jahresversammlung vom 3. November 2020 Mark Burkhard zum neuen Pr\u00e4sidenten gew\u00e4hlt. Der diplomierte National\u00f6konom und Informatik-Ingenieur ist seit 2013 Kommandant der Polizei Basel-Landschaft. Bis anhin leitete er als Vorstandsmitglied der KKPKS auch die Vorhaben zur Harmonisierung der Schweizerischen Polizeiinformatik. Er freue sich auf die neue Herausforderung, sagt der 56-j\u00e4hrige Mark [&hellip;]<\/p>\n","protected":false},"author":8,"featured_media":10773,"comment_status":"closed","ping_status":"closed","sticky":false,"template":"","format":"standard","meta":{"_acf_changed":false,"pgc_sgb_lightbox_settings":"","footnotes":""},"categories":[1],"tags":[239,1065,1066],"class_list":["post-10771","post","type-post","status-publish","format-standard","has-post-thumbnail","hentry","category-allgemein","tag-kkpks","tag-mark-burkhard","tag-stefan-blaettler"],"acf":[],"hkrextid":null,"publication":null,"issue":null,"workflow":null,"startPage":null,"spitzmarke":null,"_posts_by_tag_page_fields":{"widget_title":"","widget_tags":""},"_at_widget":"1","_yoast_wpseo_primary_category":"1","_yoast_wpseo_focuskw_text_input":"KKPKS","_yoast_wpseo_opengraph-image":null,"_yoast_wpseo_opengraph-description":null,"_yoast_wpseo_opengraph-title":null,"enclosure":null,"_yoast_wpseo_twitter-title":null,"_yoast_wpseo_twitter-description":null,"_yoast_wpseo_twitter-image":null,"_wp_old_slug":null,"_yoast_wpseo_title":null,"_yoast_wpseo_canonical":null,"yoast_head":"<!-- This site is optimized with the Yoast SEO plugin v27.4 - https:\/\/yoast.com\/product\/yoast-seo-wordpress\/ -->\n<title>Mark Burkhard wird neuer KKPKS-Pr\u00e4sident - Save<\/title>\n<meta name=\"description\" content=\"Der neue Pr\u00e4sident der Konferenz der kantonalen Polizeikommandanten der Schweiz (KKPKS) heisst Mark Burkhard, er ist Baselbieter Polizeikommandant.\" \/>\n<meta name=\"robots\" content=\"index, follow, max-snippet:-1, max-image-preview:large, max-video-preview:-1\" \/>\n<link rel=\"canonical\" href=\"https:\/\/news.save.ch\/fr\/mark-burkhard-wird-neuer-kkpks-praesident\/\" \/>\n<meta property=\"og:locale\" content=\"fr_FR\" \/>\n<meta property=\"og:type\" content=\"article\" \/>\n<meta property=\"og:title\" content=\"Mark Burkhard wird neuer KKPKS-Pr\u00e4sident - Save\" \/>\n<meta property=\"og:description\" content=\"Der neue Pr\u00e4sident der Konferenz der kantonalen Polizeikommandanten der Schweiz (KKPKS) heisst Mark Burkhard, er ist Baselbieter Polizeikommandant.\" \/>\n<meta property=\"og:url\" content=\"https:\/\/news.save.ch\/fr\/mark-burkhard-wird-neuer-kkpks-praesident\/\" \/>\n<meta property=\"og:site_name\" content=\"Save\" \/>\n<meta property=\"article:published_time\" content=\"2020-11-04T11:00:59+00:00\" \/>\n<meta property=\"og:image\" content=\"https:\/\/news.save.ch\/wp-content\/uploads\/2020\/11\/Burkhard-1-1-scaled.jpg\" \/>\n\t<meta property=\"og:image:width\" content=\"1400\" \/>\n\t<meta property=\"og:image:height\" content=\"1163\" \/>\n\t<meta property=\"og:image:type\" content=\"image\/jpeg\" \/>\n<meta name=\"author\" content=\"Roger Str\u00e4ssle\" \/>\n<meta name=\"twitter:card\" content=\"summary_large_image\" \/>\n<meta name=\"twitter:label1\" content=\"\u00c9crit par\" \/>\n\t<meta name=\"twitter:data1\" content=\"Roger Str\u00e4ssle\" \/>\n\t<meta name=\"twitter:label2\" content=\"Dur\u00e9e de lecture estim\u00e9e\" \/>\n\t<meta name=\"twitter:data2\" content=\"3 minutes\" \/>\n<script type=\"application\/ld+json\" class=\"yoast-schema-graph\">{\"@context\":\"https:\\\/\\\/schema.org\",\"@graph\":[{\"@type\":\"Article\",\"@id\":\"https:\\\/\\\/news.save.ch\\\/mark-burkhard-wird-neuer-kkpks-praesident\\\/#article\",\"isPartOf\":{\"@id\":\"https:\\\/\\\/news.save.ch\\\/mark-burkhard-wird-neuer-kkpks-praesident\\\/\"},\"author\":{\"name\":\"Roger Str\u00e4ssle\",\"@id\":\"https:\\\/\\\/news.save.ch\\\/de\\\/#\\\/schema\\\/person\\\/d5022db048e0e2b9785c50e5b24da5aa\"},\"headline\":\"Mark Burkhard wird neuer KKPKS-Pr\u00e4sident\",\"datePublished\":\"2020-11-04T11:00:59+00:00\",\"mainEntityOfPage\":{\"@id\":\"https:\\\/\\\/news.save.ch\\\/mark-burkhard-wird-neuer-kkpks-praesident\\\/\"},\"wordCount\":507,\"publisher\":{\"@id\":\"https:\\\/\\\/news.save.ch\\\/de\\\/#organization\"},\"image\":{\"@id\":\"https:\\\/\\\/news.save.ch\\\/mark-burkhard-wird-neuer-kkpks-praesident\\\/#primaryimage\"},\"thumbnailUrl\":\"https:\\\/\\\/news.save.ch\\\/wp-content\\\/uploads\\\/2020\\\/11\\\/Burkhard-1-1-scaled.jpg\",\"keywords\":[\"KKPKS\",\"Mark Burkhard\",\"Stefan Bl\u00e4ttler\"],\"articleSection\":[\"ALLGEMEIN\"],\"inLanguage\":\"fr-FR\"},{\"@type\":\"WebPage\",\"@id\":\"https:\\\/\\\/news.save.ch\\\/mark-burkhard-wird-neuer-kkpks-praesident\\\/\",\"url\":\"https:\\\/\\\/news.save.ch\\\/mark-burkhard-wird-neuer-kkpks-praesident\\\/\",\"name\":\"Mark Burkhard wird neuer KKPKS-Pr\u00e4sident - Save\",\"isPartOf\":{\"@id\":\"https:\\\/\\\/news.save.ch\\\/de\\\/#website\"},\"primaryImageOfPage\":{\"@id\":\"https:\\\/\\\/news.save.ch\\\/mark-burkhard-wird-neuer-kkpks-praesident\\\/#primaryimage\"},\"image\":{\"@id\":\"https:\\\/\\\/news.save.ch\\\/mark-burkhard-wird-neuer-kkpks-praesident\\\/#primaryimage\"},\"thumbnailUrl\":\"https:\\\/\\\/news.save.ch\\\/wp-content\\\/uploads\\\/2020\\\/11\\\/Burkhard-1-1-scaled.jpg\",\"datePublished\":\"2020-11-04T11:00:59+00:00\",\"description\":\"Der neue Pr\u00e4sident der Konferenz der kantonalen Polizeikommandanten der Schweiz (KKPKS) heisst Mark Burkhard, er ist Baselbieter Polizeikommandant.\",\"breadcrumb\":{\"@id\":\"https:\\\/\\\/news.save.ch\\\/mark-burkhard-wird-neuer-kkpks-praesident\\\/#breadcrumb\"},\"inLanguage\":\"fr-FR\",\"potentialAction\":[{\"@type\":\"ReadAction\",\"target\":[\"https:\\\/\\\/news.save.ch\\\/mark-burkhard-wird-neuer-kkpks-praesident\\\/\"]}]},{\"@type\":\"ImageObject\",\"inLanguage\":\"fr-FR\",\"@id\":\"https:\\\/\\\/news.save.ch\\\/mark-burkhard-wird-neuer-kkpks-praesident\\\/#primaryimage\",\"url\":\"https:\\\/\\\/news.save.ch\\\/wp-content\\\/uploads\\\/2020\\\/11\\\/Burkhard-1-1-scaled.jpg\",\"contentUrl\":\"https:\\\/\\\/news.save.ch\\\/wp-content\\\/uploads\\\/2020\\\/11\\\/Burkhard-1-1-scaled.jpg\",\"width\":1400,\"height\":1163,\"caption\":\"Der Baselbieter Polizeikommandant Mark Burkhard. \u00a9 KKPKS\"},{\"@type\":\"BreadcrumbList\",\"@id\":\"https:\\\/\\\/news.save.ch\\\/mark-burkhard-wird-neuer-kkpks-praesident\\\/#breadcrumb\",\"itemListElement\":[{\"@type\":\"ListItem\",\"position\":1,\"name\":\"Home\",\"item\":\"https:\\\/\\\/news.save.ch\\\/de\\\/\"},{\"@type\":\"ListItem\",\"position\":2,\"name\":\"Mark Burkhard wird neuer KKPKS-Pr\u00e4sident\"}]},{\"@type\":\"WebSite\",\"@id\":\"https:\\\/\\\/news.save.ch\\\/de\\\/#website\",\"url\":\"https:\\\/\\\/news.save.ch\\\/de\\\/\",\"name\":\"Save\",\"description\":\"Schweizer Fachzeitschrift f\u00fcr Sicherheit\",\"publisher\":{\"@id\":\"https:\\\/\\\/news.save.ch\\\/de\\\/#organization\"},\"potentialAction\":[{\"@type\":\"SearchAction\",\"target\":{\"@type\":\"EntryPoint\",\"urlTemplate\":\"https:\\\/\\\/news.save.ch\\\/de\\\/?s={search_term_string}\"},\"query-input\":{\"@type\":\"PropertyValueSpecification\",\"valueRequired\":true,\"valueName\":\"search_term_string\"}}],\"inLanguage\":\"fr-FR\"},{\"@type\":\"Organization\",\"@id\":\"https:\\\/\\\/news.save.ch\\\/de\\\/#organization\",\"name\":\"Sicherheitsforum\",\"url\":\"https:\\\/\\\/news.save.ch\\\/de\\\/\",\"logo\":{\"@type\":\"ImageObject\",\"inLanguage\":\"fr-FR\",\"@id\":\"https:\\\/\\\/news.save.ch\\\/de\\\/#\\\/schema\\\/logo\\\/image\\\/\",\"url\":\"https:\\\/\\\/news.save.ch\\\/wp-content\\\/uploads\\\/2022\\\/06\\\/Logo_SF_2012.png\",\"contentUrl\":\"https:\\\/\\\/news.save.ch\\\/wp-content\\\/uploads\\\/2022\\\/06\\\/Logo_SF_2012.png\",\"width\":1100,\"height\":91,\"caption\":\"Sicherheitsforum\"},\"image\":{\"@id\":\"https:\\\/\\\/news.save.ch\\\/de\\\/#\\\/schema\\\/logo\\\/image\\\/\"}},{\"@type\":\"Person\",\"@id\":\"https:\\\/\\\/news.save.ch\\\/de\\\/#\\\/schema\\\/person\\\/d5022db048e0e2b9785c50e5b24da5aa\",\"name\":\"Roger Str\u00e4ssle\",\"image\":{\"@type\":\"ImageObject\",\"inLanguage\":\"fr-FR\",\"@id\":\"https:\\\/\\\/secure.gravatar.com\\\/avatar\\\/862a5569d087de48e5856e32f45d719a03804c891d6deb8d4f71a660e79e4a47?s=96&d=mm&r=g\",\"url\":\"https:\\\/\\\/secure.gravatar.com\\\/avatar\\\/862a5569d087de48e5856e32f45d719a03804c891d6deb8d4f71a660e79e4a47?s=96&d=mm&r=g\",\"contentUrl\":\"https:\\\/\\\/secure.gravatar.com\\\/avatar\\\/862a5569d087de48e5856e32f45d719a03804c891d6deb8d4f71a660e79e4a47?s=96&d=mm&r=g\",\"caption\":\"Roger Str\u00e4ssle\"},\"url\":\"https:\\\/\\\/news.save.ch\\\/fr\\\/author\\\/roger-straessle\\\/\"}]}<\/script>\n<!-- \/ Yoast SEO plugin. -->","yoast_head_json":{"title":"Mark Burkhard devient le nouveau pr\u00e9sident de la CCPCS - Save","description":"Le nouveau pr\u00e9sident de la Conf\u00e9rence des commandants des polices cantonales de Suisse (CCPCS) s'appelle Mark Burkhard, il est commandant de la police de B\u00e2le-Campagne.","robots":{"index":"index","follow":"follow","max-snippet":"max-snippet:-1","max-image-preview":"max-image-preview:large","max-video-preview":"max-video-preview:-1"},"canonical":"https:\/\/news.save.ch\/fr\/mark-burkhard-wird-neuer-kkpks-praesident\/","og_locale":"fr_FR","og_type":"article","og_title":"Mark Burkhard wird neuer KKPKS-Pr\u00e4sident - Save","og_description":"Der neue Pr\u00e4sident der Konferenz der kantonalen Polizeikommandanten der Schweiz (KKPKS) heisst Mark Burkhard, er ist Baselbieter Polizeikommandant.","og_url":"https:\/\/news.save.ch\/fr\/mark-burkhard-wird-neuer-kkpks-praesident\/","og_site_name":"Save","article_published_time":"2020-11-04T11:00:59+00:00","og_image":[{"width":1400,"height":1163,"url":"https:\/\/news.save.ch\/wp-content\/uploads\/2020\/11\/Burkhard-1-1-scaled.jpg","type":"image\/jpeg"}],"author":"Roger Str\u00e4ssle","twitter_card":"summary_large_image","twitter_misc":{"\u00c9crit par":"Roger Str\u00e4ssle","Dur\u00e9e de lecture estim\u00e9e":"3 minutes"},"schema":{"@context":"https:\/\/schema.org","@graph":[{"@type":"Article","@id":"https:\/\/news.save.ch\/mark-burkhard-wird-neuer-kkpks-praesident\/#article","isPartOf":{"@id":"https:\/\/news.save.ch\/mark-burkhard-wird-neuer-kkpks-praesident\/"},"author":{"name":"Roger Str\u00e4ssle","@id":"https:\/\/news.save.ch\/de\/#\/schema\/person\/d5022db048e0e2b9785c50e5b24da5aa"},"headline":"Mark Burkhard wird neuer KKPKS-Pr\u00e4sident","datePublished":"2020-11-04T11:00:59+00:00","mainEntityOfPage":{"@id":"https:\/\/news.save.ch\/mark-burkhard-wird-neuer-kkpks-praesident\/"},"wordCount":507,"publisher":{"@id":"https:\/\/news.save.ch\/de\/#organization"},"image":{"@id":"https:\/\/news.save.ch\/mark-burkhard-wird-neuer-kkpks-praesident\/#primaryimage"},"thumbnailUrl":"https:\/\/news.save.ch\/wp-content\/uploads\/2020\/11\/Burkhard-1-1-scaled.jpg","keywords":["KKPKS","Mark Burkhard","Stefan Bl\u00e4ttler"],"articleSection":["ALLGEMEIN"],"inLanguage":"fr-FR"},{"@type":"WebPage","@id":"https:\/\/news.save.ch\/mark-burkhard-wird-neuer-kkpks-praesident\/","url":"https:\/\/news.save.ch\/mark-burkhard-wird-neuer-kkpks-praesident\/","name":"Mark Burkhard devient le nouveau pr\u00e9sident de la CCPCS - Save","isPartOf":{"@id":"https:\/\/news.save.ch\/de\/#website"},"primaryImageOfPage":{"@id":"https:\/\/news.save.ch\/mark-burkhard-wird-neuer-kkpks-praesident\/#primaryimage"},"image":{"@id":"https:\/\/news.save.ch\/mark-burkhard-wird-neuer-kkpks-praesident\/#primaryimage"},"thumbnailUrl":"https:\/\/news.save.ch\/wp-content\/uploads\/2020\/11\/Burkhard-1-1-scaled.jpg","datePublished":"2020-11-04T11:00:59+00:00","description":"Le nouveau pr\u00e9sident de la Conf\u00e9rence des commandants des polices cantonales de Suisse (CCPCS) s'appelle Mark Burkhard, il est commandant de la police de B\u00e2le-Campagne.","breadcrumb":{"@id":"https:\/\/news.save.ch\/mark-burkhard-wird-neuer-kkpks-praesident\/#breadcrumb"},"inLanguage":"fr-FR","potentialAction":[{"@type":"ReadAction","target":["https:\/\/news.save.ch\/mark-burkhard-wird-neuer-kkpks-praesident\/"]}]},{"@type":"ImageObject","inLanguage":"fr-FR","@id":"https:\/\/news.save.ch\/mark-burkhard-wird-neuer-kkpks-praesident\/#primaryimage","url":"https:\/\/news.save.ch\/wp-content\/uploads\/2020\/11\/Burkhard-1-1-scaled.jpg","contentUrl":"https:\/\/news.save.ch\/wp-content\/uploads\/2020\/11\/Burkhard-1-1-scaled.jpg","width":1400,"height":1163,"caption":"Der Baselbieter Polizeikommandant Mark Burkhard. \u00a9 KKPKS"},{"@type":"BreadcrumbList","@id":"https:\/\/news.save.ch\/mark-burkhard-wird-neuer-kkpks-praesident\/#breadcrumb","itemListElement":[{"@type":"ListItem","position":1,"name":"Home","item":"https:\/\/news.save.ch\/de\/"},{"@type":"ListItem","position":2,"name":"Mark Burkhard wird neuer KKPKS-Pr\u00e4sident"}]},{"@type":"WebSite","@id":"https:\/\/news.save.ch\/de\/#website","url":"https:\/\/news.save.ch\/de\/","name":"Save","description":"Revue suisse sp\u00e9cialis\u00e9e dans la s\u00e9curit\u00e9","publisher":{"@id":"https:\/\/news.save.ch\/de\/#organization"},"potentialAction":[{"@type":"SearchAction","target":{"@type":"EntryPoint","urlTemplate":"https:\/\/news.save.ch\/de\/?s={search_term_string}"},"query-input":{"@type":"PropertyValueSpecification","valueRequired":true,"valueName":"search_term_string"}}],"inLanguage":"fr-FR"},{"@type":"Organization","@id":"https:\/\/news.save.ch\/de\/#organization","name":"Forum sur la s\u00e9curit\u00e9","url":"https:\/\/news.save.ch\/de\/","logo":{"@type":"ImageObject","inLanguage":"fr-FR","@id":"https:\/\/news.save.ch\/de\/#\/schema\/logo\/image\/","url":"https:\/\/news.save.ch\/wp-content\/uploads\/2022\/06\/Logo_SF_2012.png","contentUrl":"https:\/\/news.save.ch\/wp-content\/uploads\/2022\/06\/Logo_SF_2012.png","width":1100,"height":91,"caption":"Sicherheitsforum"},"image":{"@id":"https:\/\/news.save.ch\/de\/#\/schema\/logo\/image\/"}},{"@type":"Person","@id":"https:\/\/news.save.ch\/de\/#\/schema\/person\/d5022db048e0e2b9785c50e5b24da5aa","name":"Roger Str\u00e4ssle","image":{"@type":"ImageObject","inLanguage":"fr-FR","@id":"https:\/\/secure.gravatar.com\/avatar\/862a5569d087de48e5856e32f45d719a03804c891d6deb8d4f71a660e79e4a47?s=96&d=mm&r=g","url":"https:\/\/secure.gravatar.com\/avatar\/862a5569d087de48e5856e32f45d719a03804c891d6deb8d4f71a660e79e4a47?s=96&d=mm&r=g","contentUrl":"https:\/\/secure.gravatar.com\/avatar\/862a5569d087de48e5856e32f45d719a03804c891d6deb8d4f71a660e79e4a47?s=96&d=mm&r=g","caption":"Roger Str\u00e4ssle"},"url":"https:\/\/news.save.ch\/fr\/author\/roger-straessle\/"}]}},"_links":{"self":[{"href":"https:\/\/news.save.ch\/fr\/wp-json\/wp\/v2\/posts\/10771","targetHints":{"allow":["GET"]}}],"collection":[{"href":"https:\/\/news.save.ch\/fr\/wp-json\/wp\/v2\/posts"}],"about":[{"href":"https:\/\/news.save.ch\/fr\/wp-json\/wp\/v2\/types\/post"}],"author":[{"embeddable":true,"href":"https:\/\/news.save.ch\/fr\/wp-json\/wp\/v2\/users\/8"}],"replies":[{"embeddable":true,"href":"https:\/\/news.save.ch\/fr\/wp-json\/wp\/v2\/comments?post=10771"}],"version-history":[{"count":0,"href":"https:\/\/news.save.ch\/fr\/wp-json\/wp\/v2\/posts\/10771\/revisions"}],"wp:featuredmedia":[{"embeddable":true,"href":"https:\/\/news.save.ch\/fr\/wp-json\/wp\/v2\/media\/10773"}],"wp:attachment":[{"href":"https:\/\/news.save.ch\/fr\/wp-json\/wp\/v2\/media?parent=10771"}],"wp:term":[{"taxonomy":"category","embeddable":true,"href":"https:\/\/news.save.ch\/fr\/wp-json\/wp\/v2\/categories?post=10771"},{"taxonomy":"post_tag","embeddable":true,"href":"https:\/\/news.save.ch\/fr\/wp-json\/wp\/v2\/tags?post=10771"}],"curies":[{"name":"wp","href":"https:\/\/api.w.org\/{rel}","templated":true}]}}