{"id":10965,"date":"2020-12-15T14:45:59","date_gmt":"2020-12-15T13:45:59","guid":{"rendered":"https:\/\/news.save.ch\/?p=10965"},"modified":"2023-07-23T01:26:50","modified_gmt":"2023-07-22T23:26:50","slug":"sicherheits-kongress-in-der-swissbau-securite-lausanne-abgesagt","status":null,"type":"post","link":"https:\/\/news.save.ch\/fr\/sicherheits-kongress-in-der-swissbau-securite-lausanne-abgesagt\/","title":{"rendered":"Le Congr\u00e8s de la s\u00e9curit\u00e9 \u00e0 nouveau \u00e0 la Swissbau 2022"},"content":{"rendered":"<p><img loading=\"lazy\" decoding=\"async\" class=\"alignnone wp-image-10968 size-full\" src=\"https:\/\/news.save.ch\/wp-content\/uploads\/2020\/12\/Swissbau_Securite_teaser.jpg\" alt=\"Congr\u00e8s sur la s\u00e9curit\u00e9\" width=\"825\" height=\"630\" srcset=\"https:\/\/news.save.ch\/wp-content\/uploads\/2020\/12\/Swissbau_Securite_teaser.jpg 825w, https:\/\/news.save.ch\/wp-content\/uploads\/2020\/12\/Swissbau_Securite_teaser-375x286.jpg 375w\" sizes=\"auto, (max-width: 825px) 100vw, 825px\" \/><\/p>\n<p>Tous les voyants sont au vert pour le prochain congr\u00e8s sur la s\u00e9curit\u00e9, qui se tiendra \u00e0 nouveau lors de Swissbau 2022. Des entreprises suisses et des constructeurs d'installations de s\u00e9curit\u00e9 SES ainsi que des repr\u00e9sentants de l'organisation du salon se sont rencontr\u00e9s \u00e0 cet effet cet \u00e9t\u00e9 lors d'un atelier commun. Le Congr\u00e8s int\u00e9gr\u00e9 de la s\u00e9curit\u00e9 s'adresse avant tout aux sp\u00e9cialistes de la s\u00e9curit\u00e9, mais aussi aux architectes, aux planificateurs, aux exploitants, aux propri\u00e9taires et aux investisseurs.<\/p>\n<h2>Public romand attendu<\/h2>\n<p>Afin d'inviter davantage de sp\u00e9cialistes de la s\u00e9curit\u00e9 de Suisse romande \u00e0 B\u00e2le, certains modules du congr\u00e8s seront traduits simultan\u00e9ment en fran\u00e7ais. Ceci \u00e9galement dans le contexte de l'annulation de S\u00e9curit\u00e9 Lausanne. L'\u00e9dition romande ayant d\u00e9j\u00e0 d\u00fb \u00eatre report\u00e9e de la fin de l'automne 2020 \u00e0 juin 2021, un \"format compl\u00e9mentaire\" est \u00e0 l'\u00e9tude. Celui-ci sera \u00e9valu\u00e9 apr\u00e8s la Swissbau 2022 en Suisse romande.<\/p>\n<p>Le bilan est toutefois encourageant, comme l'indique le communiqu\u00e9 de Swissbau. Les exposants soutiennent \u00e0 100 % l'int\u00e9gration de la s\u00e9curit\u00e9 dans Swissbau et sont pr\u00eats pour le duo de salons. Le th\u00e8me de la s\u00e9curit\u00e9 doit \u00e9galement \u00eatre accompagn\u00e9 pendant la Swissbau par le biais de diverses campagnes en ligne.<\/p>\n<p>La prochaine \u00e9dition de Swissbau aura d\u00e9sormais lieu du mardi 18 au vendredi 21 janvier 2022 \u00e0 B\u00e2le.<\/p>\n<p>Source :\u00a0<a href=\"https:\/\/www.swissbau.ch\/\" target=\"_blank\" rel=\"noopener\">www.swissbau.ch<\/a><\/p>\n<p>&nbsp;<\/p>\n<p>&nbsp;<\/p>\n<p>&nbsp;<\/p>","protected":false},"excerpt":{"rendered":"<p>Die Zeichen stehen auf Gr\u00fcn f\u00fcr den n\u00e4chsten\u00a0Sicherheits-Kongress, der erneut an der Swissbau 2022 stattfinden wird.\u00a0Schweizer Firmen und\u00a0Errichter von Sicherheitsanlagen SES sowie Vertreter der Messeorganisation haben sich dazu diesen Sommer an einem gemeinsamen Workshop getroffen.\u00a0Der integrierte Sicherheits-Kongress richtet sich vor allem an Sicherheitsfachleute, aber auch an Architekten, Planer, Betreiber, Eigent\u00fcmer und an Investoren. Publikum aus [&hellip;]<\/p>\n","protected":false},"author":9,"featured_media":10968,"comment_status":"closed","ping_status":"closed","sticky":false,"template":"","format":"standard","meta":{"_acf_changed":false,"pgc_sgb_lightbox_settings":"","footnotes":""},"categories":[1],"tags":[5967,1112,450,310,1110,5965,5966,1111,1340],"class_list":["post-10965","post","type-post","status-publish","format-standard","has-post-thumbnail","hentry","category-allgemein","tag-online-kampagnen","tag-securite-lausanne","tag-ses","tag-sicherheit","tag-sicherheits-kongress","tag-sicherheitsfachleute","tag-simultane-uebersetzung","tag-swissbau","tag-swissbau-2022"],"acf":[],"hkrextid":null,"publication":null,"issue":null,"workflow":null,"startPage":null,"spitzmarke":null,"_posts_by_tag_page_fields":{"widget_title":"","widget_tags":""},"_at_widget":"1","_yoast_wpseo_primary_category":"","_yoast_wpseo_focuskw_text_input":null,"_yoast_wpseo_opengraph-image":null,"_yoast_wpseo_opengraph-description":null,"_yoast_wpseo_opengraph-title":null,"enclosure":null,"_yoast_wpseo_twitter-title":null,"_yoast_wpseo_twitter-description":null,"_yoast_wpseo_twitter-image":null,"_wp_old_slug":null,"_yoast_wpseo_title":null,"_yoast_wpseo_canonical":null,"yoast_head":"<!-- This site is optimized with the Yoast SEO plugin v27.5 - https:\/\/yoast.com\/product\/yoast-seo-wordpress\/ -->\n<title>Sicherheits-Kongress erneut an der Swissbau 2022 - Save<\/title>\n<meta name=\"description\" content=\"Der n\u00e4chste Sicherheits-Kongress soll w\u00e4hrend vier Tagen parallel zur Swissbau 2022 stattfinden. Nach der Swissbau soll auch das Format einer S\u00e9curit\u00e9 Lausanne gepr\u00fcft werden.\" \/>\n<meta name=\"robots\" content=\"index, follow, max-snippet:-1, max-image-preview:large, max-video-preview:-1\" \/>\n<link rel=\"canonical\" href=\"https:\/\/news.save.ch\/fr\/sicherheits-kongress-in-der-swissbau-securite-lausanne-abgesagt\/\" \/>\n<meta property=\"og:locale\" content=\"fr_FR\" \/>\n<meta property=\"og:type\" content=\"article\" \/>\n<meta property=\"og:title\" content=\"Sicherheits-Kongress erneut an der Swissbau 2022 - Save\" \/>\n<meta property=\"og:description\" content=\"Der n\u00e4chste Sicherheits-Kongress soll w\u00e4hrend vier Tagen parallel zur Swissbau 2022 stattfinden. Nach der Swissbau soll auch das Format einer S\u00e9curit\u00e9 Lausanne gepr\u00fcft werden.\" \/>\n<meta property=\"og:url\" content=\"https:\/\/news.save.ch\/fr\/sicherheits-kongress-in-der-swissbau-securite-lausanne-abgesagt\/\" \/>\n<meta property=\"og:site_name\" content=\"Save\" \/>\n<meta property=\"article:published_time\" content=\"2020-12-15T13:45:59+00:00\" \/>\n<meta property=\"article:modified_time\" content=\"2023-07-22T23:26:50+00:00\" \/>\n<meta property=\"og:image\" content=\"https:\/\/news.save.ch\/wp-content\/uploads\/2020\/12\/Swissbau_Securite_teaser.jpg\" \/>\n\t<meta property=\"og:image:width\" content=\"825\" \/>\n\t<meta property=\"og:image:height\" content=\"630\" \/>\n\t<meta property=\"og:image:type\" content=\"image\/jpeg\" \/>\n<meta name=\"author\" content=\"Simon Gr\u00f6flin\" \/>\n<meta name=\"twitter:card\" content=\"summary_large_image\" \/>\n<meta name=\"twitter:label1\" content=\"\u00c9crit par\" \/>\n\t<meta name=\"twitter:data1\" content=\"Simon Gr\u00f6flin\" \/>\n\t<meta name=\"twitter:label2\" content=\"Dur\u00e9e de lecture estim\u00e9e\" \/>\n\t<meta name=\"twitter:data2\" content=\"2 minutes\" \/>\n<script type=\"application\/ld+json\" class=\"yoast-schema-graph\">{\"@context\":\"https:\\\/\\\/schema.org\",\"@graph\":[{\"@type\":\"Article\",\"@id\":\"https:\\\/\\\/news.save.ch\\\/sicherheits-kongress-in-der-swissbau-securite-lausanne-abgesagt\\\/#article\",\"isPartOf\":{\"@id\":\"https:\\\/\\\/news.save.ch\\\/sicherheits-kongress-in-der-swissbau-securite-lausanne-abgesagt\\\/\"},\"author\":{\"name\":\"Simon Gr\u00f6flin\",\"@id\":\"https:\\\/\\\/news.save.ch\\\/de\\\/#\\\/schema\\\/person\\\/ad4ef21102fd6125312409ac57d5296d\"},\"headline\":\"Sicherheits-Kongress erneut an der Swissbau 2022\",\"datePublished\":\"2020-12-15T13:45:59+00:00\",\"dateModified\":\"2023-07-22T23:26:50+00:00\",\"mainEntityOfPage\":{\"@id\":\"https:\\\/\\\/news.save.ch\\\/sicherheits-kongress-in-der-swissbau-securite-lausanne-abgesagt\\\/\"},\"wordCount\":206,\"publisher\":{\"@id\":\"https:\\\/\\\/news.save.ch\\\/de\\\/#organization\"},\"image\":{\"@id\":\"https:\\\/\\\/news.save.ch\\\/sicherheits-kongress-in-der-swissbau-securite-lausanne-abgesagt\\\/#primaryimage\"},\"thumbnailUrl\":\"https:\\\/\\\/news.save.ch\\\/wp-content\\\/uploads\\\/2020\\\/12\\\/Swissbau_Securite_teaser.jpg\",\"keywords\":[\"Online-Kampagnen\",\"S\u00e9curit\u00e9 Lausanne\",\"SES\",\"Sicherheit\",\"Sicherheits-Kongress\",\"Sicherheitsfachleute\",\"simultane \u00dcbersetzung\",\"Swissbau\",\"Swissbau 2022\"],\"articleSection\":[\"ALLGEMEIN\"],\"inLanguage\":\"fr-FR\"},{\"@type\":\"WebPage\",\"@id\":\"https:\\\/\\\/news.save.ch\\\/sicherheits-kongress-in-der-swissbau-securite-lausanne-abgesagt\\\/\",\"url\":\"https:\\\/\\\/news.save.ch\\\/sicherheits-kongress-in-der-swissbau-securite-lausanne-abgesagt\\\/\",\"name\":\"Sicherheits-Kongress erneut an der Swissbau 2022 - Save\",\"isPartOf\":{\"@id\":\"https:\\\/\\\/news.save.ch\\\/de\\\/#website\"},\"primaryImageOfPage\":{\"@id\":\"https:\\\/\\\/news.save.ch\\\/sicherheits-kongress-in-der-swissbau-securite-lausanne-abgesagt\\\/#primaryimage\"},\"image\":{\"@id\":\"https:\\\/\\\/news.save.ch\\\/sicherheits-kongress-in-der-swissbau-securite-lausanne-abgesagt\\\/#primaryimage\"},\"thumbnailUrl\":\"https:\\\/\\\/news.save.ch\\\/wp-content\\\/uploads\\\/2020\\\/12\\\/Swissbau_Securite_teaser.jpg\",\"datePublished\":\"2020-12-15T13:45:59+00:00\",\"dateModified\":\"2023-07-22T23:26:50+00:00\",\"description\":\"Der n\u00e4chste Sicherheits-Kongress soll w\u00e4hrend vier Tagen parallel zur Swissbau 2022 stattfinden. Nach der Swissbau soll auch das Format einer S\u00e9curit\u00e9 Lausanne gepr\u00fcft werden.\",\"breadcrumb\":{\"@id\":\"https:\\\/\\\/news.save.ch\\\/sicherheits-kongress-in-der-swissbau-securite-lausanne-abgesagt\\\/#breadcrumb\"},\"inLanguage\":\"fr-FR\",\"potentialAction\":[{\"@type\":\"ReadAction\",\"target\":[\"https:\\\/\\\/news.save.ch\\\/sicherheits-kongress-in-der-swissbau-securite-lausanne-abgesagt\\\/\"]}]},{\"@type\":\"ImageObject\",\"inLanguage\":\"fr-FR\",\"@id\":\"https:\\\/\\\/news.save.ch\\\/sicherheits-kongress-in-der-swissbau-securite-lausanne-abgesagt\\\/#primaryimage\",\"url\":\"https:\\\/\\\/news.save.ch\\\/wp-content\\\/uploads\\\/2020\\\/12\\\/Swissbau_Securite_teaser.jpg\",\"contentUrl\":\"https:\\\/\\\/news.save.ch\\\/wp-content\\\/uploads\\\/2020\\\/12\\\/Swissbau_Securite_teaser.jpg\",\"width\":825,\"height\":630},{\"@type\":\"BreadcrumbList\",\"@id\":\"https:\\\/\\\/news.save.ch\\\/sicherheits-kongress-in-der-swissbau-securite-lausanne-abgesagt\\\/#breadcrumb\",\"itemListElement\":[{\"@type\":\"ListItem\",\"position\":1,\"name\":\"Home\",\"item\":\"https:\\\/\\\/news.save.ch\\\/de\\\/\"},{\"@type\":\"ListItem\",\"position\":2,\"name\":\"Sicherheits-Kongress erneut an der Swissbau 2022\"}]},{\"@type\":\"WebSite\",\"@id\":\"https:\\\/\\\/news.save.ch\\\/de\\\/#website\",\"url\":\"https:\\\/\\\/news.save.ch\\\/de\\\/\",\"name\":\"Save\",\"description\":\"Schweizer Fachzeitschrift f\u00fcr Sicherheit\",\"publisher\":{\"@id\":\"https:\\\/\\\/news.save.ch\\\/de\\\/#organization\"},\"potentialAction\":[{\"@type\":\"SearchAction\",\"target\":{\"@type\":\"EntryPoint\",\"urlTemplate\":\"https:\\\/\\\/news.save.ch\\\/de\\\/?s={search_term_string}\"},\"query-input\":{\"@type\":\"PropertyValueSpecification\",\"valueRequired\":true,\"valueName\":\"search_term_string\"}}],\"inLanguage\":\"fr-FR\"},{\"@type\":\"Organization\",\"@id\":\"https:\\\/\\\/news.save.ch\\\/de\\\/#organization\",\"name\":\"Sicherheitsforum\",\"url\":\"https:\\\/\\\/news.save.ch\\\/de\\\/\",\"logo\":{\"@type\":\"ImageObject\",\"inLanguage\":\"fr-FR\",\"@id\":\"https:\\\/\\\/news.save.ch\\\/de\\\/#\\\/schema\\\/logo\\\/image\\\/\",\"url\":\"https:\\\/\\\/news.save.ch\\\/wp-content\\\/uploads\\\/2022\\\/06\\\/Logo_SF_2012.png\",\"contentUrl\":\"https:\\\/\\\/news.save.ch\\\/wp-content\\\/uploads\\\/2022\\\/06\\\/Logo_SF_2012.png\",\"width\":1100,\"height\":91,\"caption\":\"Sicherheitsforum\"},\"image\":{\"@id\":\"https:\\\/\\\/news.save.ch\\\/de\\\/#\\\/schema\\\/logo\\\/image\\\/\"}},{\"@type\":\"Person\",\"@id\":\"https:\\\/\\\/news.save.ch\\\/de\\\/#\\\/schema\\\/person\\\/ad4ef21102fd6125312409ac57d5296d\",\"name\":\"Simon Gr\u00f6flin\",\"image\":{\"@type\":\"ImageObject\",\"inLanguage\":\"fr-FR\",\"@id\":\"https:\\\/\\\/secure.gravatar.com\\\/avatar\\\/6ddceb80eb734354635539e0ea5140bb7c41e42de7c45c9a2ab9921b5d5c9a83?s=96&d=mm&r=g\",\"url\":\"https:\\\/\\\/secure.gravatar.com\\\/avatar\\\/6ddceb80eb734354635539e0ea5140bb7c41e42de7c45c9a2ab9921b5d5c9a83?s=96&d=mm&r=g\",\"contentUrl\":\"https:\\\/\\\/secure.gravatar.com\\\/avatar\\\/6ddceb80eb734354635539e0ea5140bb7c41e42de7c45c9a2ab9921b5d5c9a83?s=96&d=mm&r=g\",\"caption\":\"Simon Gr\u00f6flin\"},\"url\":\"https:\\\/\\\/news.save.ch\\\/fr\\\/author\\\/simon-groeflin\\\/\"}]}<\/script>\n<!-- \/ Yoast SEO plugin. -->","yoast_head_json":{"title":"Le Congr\u00e8s de la s\u00e9curit\u00e9 \u00e0 nouveau \u00e0 la Swissbau 2022 - Save","description":"Le prochain Congr\u00e8s de la s\u00e9curit\u00e9 devrait se d\u00e9rouler pendant quatre jours en parall\u00e8le \u00e0 Swissbau 2022. Apr\u00e8s la Swissbau, le format d'une S\u00e9curit\u00e9 Lausanne doit \u00e9galement \u00eatre \u00e9tudi\u00e9.","robots":{"index":"index","follow":"follow","max-snippet":"max-snippet:-1","max-image-preview":"max-image-preview:large","max-video-preview":"max-video-preview:-1"},"canonical":"https:\/\/news.save.ch\/fr\/sicherheits-kongress-in-der-swissbau-securite-lausanne-abgesagt\/","og_locale":"fr_FR","og_type":"article","og_title":"Sicherheits-Kongress erneut an der Swissbau 2022 - Save","og_description":"Der n\u00e4chste Sicherheits-Kongress soll w\u00e4hrend vier Tagen parallel zur Swissbau 2022 stattfinden. Nach der Swissbau soll auch das Format einer S\u00e9curit\u00e9 Lausanne gepr\u00fcft werden.","og_url":"https:\/\/news.save.ch\/fr\/sicherheits-kongress-in-der-swissbau-securite-lausanne-abgesagt\/","og_site_name":"Save","article_published_time":"2020-12-15T13:45:59+00:00","article_modified_time":"2023-07-22T23:26:50+00:00","og_image":[{"width":825,"height":630,"url":"https:\/\/news.save.ch\/wp-content\/uploads\/2020\/12\/Swissbau_Securite_teaser.jpg","type":"image\/jpeg"}],"author":"Simon Gr\u00f6flin","twitter_card":"summary_large_image","twitter_misc":{"\u00c9crit par":"Simon Gr\u00f6flin","Dur\u00e9e de lecture estim\u00e9e":"2 minutes"},"schema":{"@context":"https:\/\/schema.org","@graph":[{"@type":"Article","@id":"https:\/\/news.save.ch\/sicherheits-kongress-in-der-swissbau-securite-lausanne-abgesagt\/#article","isPartOf":{"@id":"https:\/\/news.save.ch\/sicherheits-kongress-in-der-swissbau-securite-lausanne-abgesagt\/"},"author":{"name":"Simon Gr\u00f6flin","@id":"https:\/\/news.save.ch\/de\/#\/schema\/person\/ad4ef21102fd6125312409ac57d5296d"},"headline":"Sicherheits-Kongress erneut an der Swissbau 2022","datePublished":"2020-12-15T13:45:59+00:00","dateModified":"2023-07-22T23:26:50+00:00","mainEntityOfPage":{"@id":"https:\/\/news.save.ch\/sicherheits-kongress-in-der-swissbau-securite-lausanne-abgesagt\/"},"wordCount":206,"publisher":{"@id":"https:\/\/news.save.ch\/de\/#organization"},"image":{"@id":"https:\/\/news.save.ch\/sicherheits-kongress-in-der-swissbau-securite-lausanne-abgesagt\/#primaryimage"},"thumbnailUrl":"https:\/\/news.save.ch\/wp-content\/uploads\/2020\/12\/Swissbau_Securite_teaser.jpg","keywords":["Online-Kampagnen","S\u00e9curit\u00e9 Lausanne","SES","Sicherheit","Sicherheits-Kongress","Sicherheitsfachleute","simultane \u00dcbersetzung","Swissbau","Swissbau 2022"],"articleSection":["ALLGEMEIN"],"inLanguage":"fr-FR"},{"@type":"WebPage","@id":"https:\/\/news.save.ch\/sicherheits-kongress-in-der-swissbau-securite-lausanne-abgesagt\/","url":"https:\/\/news.save.ch\/sicherheits-kongress-in-der-swissbau-securite-lausanne-abgesagt\/","name":"Le Congr\u00e8s de la s\u00e9curit\u00e9 \u00e0 nouveau \u00e0 la Swissbau 2022 - Save","isPartOf":{"@id":"https:\/\/news.save.ch\/de\/#website"},"primaryImageOfPage":{"@id":"https:\/\/news.save.ch\/sicherheits-kongress-in-der-swissbau-securite-lausanne-abgesagt\/#primaryimage"},"image":{"@id":"https:\/\/news.save.ch\/sicherheits-kongress-in-der-swissbau-securite-lausanne-abgesagt\/#primaryimage"},"thumbnailUrl":"https:\/\/news.save.ch\/wp-content\/uploads\/2020\/12\/Swissbau_Securite_teaser.jpg","datePublished":"2020-12-15T13:45:59+00:00","dateModified":"2023-07-22T23:26:50+00:00","description":"Le prochain Congr\u00e8s de la s\u00e9curit\u00e9 devrait se d\u00e9rouler pendant quatre jours en parall\u00e8le \u00e0 Swissbau 2022. Apr\u00e8s la Swissbau, le format d'une S\u00e9curit\u00e9 Lausanne doit \u00e9galement \u00eatre \u00e9tudi\u00e9.","breadcrumb":{"@id":"https:\/\/news.save.ch\/sicherheits-kongress-in-der-swissbau-securite-lausanne-abgesagt\/#breadcrumb"},"inLanguage":"fr-FR","potentialAction":[{"@type":"ReadAction","target":["https:\/\/news.save.ch\/sicherheits-kongress-in-der-swissbau-securite-lausanne-abgesagt\/"]}]},{"@type":"ImageObject","inLanguage":"fr-FR","@id":"https:\/\/news.save.ch\/sicherheits-kongress-in-der-swissbau-securite-lausanne-abgesagt\/#primaryimage","url":"https:\/\/news.save.ch\/wp-content\/uploads\/2020\/12\/Swissbau_Securite_teaser.jpg","contentUrl":"https:\/\/news.save.ch\/wp-content\/uploads\/2020\/12\/Swissbau_Securite_teaser.jpg","width":825,"height":630},{"@type":"BreadcrumbList","@id":"https:\/\/news.save.ch\/sicherheits-kongress-in-der-swissbau-securite-lausanne-abgesagt\/#breadcrumb","itemListElement":[{"@type":"ListItem","position":1,"name":"Home","item":"https:\/\/news.save.ch\/de\/"},{"@type":"ListItem","position":2,"name":"Sicherheits-Kongress erneut an der Swissbau 2022"}]},{"@type":"WebSite","@id":"https:\/\/news.save.ch\/de\/#website","url":"https:\/\/news.save.ch\/de\/","name":"Save","description":"Revue suisse sp\u00e9cialis\u00e9e dans la s\u00e9curit\u00e9","publisher":{"@id":"https:\/\/news.save.ch\/de\/#organization"},"potentialAction":[{"@type":"SearchAction","target":{"@type":"EntryPoint","urlTemplate":"https:\/\/news.save.ch\/de\/?s={search_term_string}"},"query-input":{"@type":"PropertyValueSpecification","valueRequired":true,"valueName":"search_term_string"}}],"inLanguage":"fr-FR"},{"@type":"Organization","@id":"https:\/\/news.save.ch\/de\/#organization","name":"Forum sur la s\u00e9curit\u00e9","url":"https:\/\/news.save.ch\/de\/","logo":{"@type":"ImageObject","inLanguage":"fr-FR","@id":"https:\/\/news.save.ch\/de\/#\/schema\/logo\/image\/","url":"https:\/\/news.save.ch\/wp-content\/uploads\/2022\/06\/Logo_SF_2012.png","contentUrl":"https:\/\/news.save.ch\/wp-content\/uploads\/2022\/06\/Logo_SF_2012.png","width":1100,"height":91,"caption":"Sicherheitsforum"},"image":{"@id":"https:\/\/news.save.ch\/de\/#\/schema\/logo\/image\/"}},{"@type":"Person","@id":"https:\/\/news.save.ch\/de\/#\/schema\/person\/ad4ef21102fd6125312409ac57d5296d","name":"Simon Gr\u00f6flin","image":{"@type":"ImageObject","inLanguage":"fr-FR","@id":"https:\/\/secure.gravatar.com\/avatar\/6ddceb80eb734354635539e0ea5140bb7c41e42de7c45c9a2ab9921b5d5c9a83?s=96&d=mm&r=g","url":"https:\/\/secure.gravatar.com\/avatar\/6ddceb80eb734354635539e0ea5140bb7c41e42de7c45c9a2ab9921b5d5c9a83?s=96&d=mm&r=g","contentUrl":"https:\/\/secure.gravatar.com\/avatar\/6ddceb80eb734354635539e0ea5140bb7c41e42de7c45c9a2ab9921b5d5c9a83?s=96&d=mm&r=g","caption":"Simon Gr\u00f6flin"},"url":"https:\/\/news.save.ch\/fr\/author\/simon-groeflin\/"}]}},"_links":{"self":[{"href":"https:\/\/news.save.ch\/fr\/wp-json\/wp\/v2\/posts\/10965","targetHints":{"allow":["GET"]}}],"collection":[{"href":"https:\/\/news.save.ch\/fr\/wp-json\/wp\/v2\/posts"}],"about":[{"href":"https:\/\/news.save.ch\/fr\/wp-json\/wp\/v2\/types\/post"}],"author":[{"embeddable":true,"href":"https:\/\/news.save.ch\/fr\/wp-json\/wp\/v2\/users\/9"}],"replies":[{"embeddable":true,"href":"https:\/\/news.save.ch\/fr\/wp-json\/wp\/v2\/comments?post=10965"}],"version-history":[{"count":2,"href":"https:\/\/news.save.ch\/fr\/wp-json\/wp\/v2\/posts\/10965\/revisions"}],"predecessor-version":[{"id":21314,"href":"https:\/\/news.save.ch\/fr\/wp-json\/wp\/v2\/posts\/10965\/revisions\/21314"}],"wp:featuredmedia":[{"embeddable":true,"href":"https:\/\/news.save.ch\/fr\/wp-json\/wp\/v2\/media\/10968"}],"wp:attachment":[{"href":"https:\/\/news.save.ch\/fr\/wp-json\/wp\/v2\/media?parent=10965"}],"wp:term":[{"taxonomy":"category","embeddable":true,"href":"https:\/\/news.save.ch\/fr\/wp-json\/wp\/v2\/categories?post=10965"},{"taxonomy":"post_tag","embeddable":true,"href":"https:\/\/news.save.ch\/fr\/wp-json\/wp\/v2\/tags?post=10965"}],"curies":[{"name":"wp","href":"https:\/\/api.w.org\/{rel}","templated":true}]}}