{"id":1107,"date":"2016-02-29T15:49:10","date_gmt":"2016-02-29T14:49:10","guid":{"rendered":"https:\/\/dev.sicherheitsforum.ch\/?p=1107"},"modified":"2023-03-14T08:57:24","modified_gmt":"2023-03-14T07:57:24","slug":"datenschutz-sbb-geben-nach","status":null,"type":"post","link":"https:\/\/news.save.ch\/fr\/datenschutz-sbb-geben-nach\/","title":{"rendered":"Protection des donn\u00e9es : les CFF c\u00e8dent"},"content":{"rendered":"<p><img loading=\"lazy\" decoding=\"async\" class=\"alignnone size-medium wp-image-1108\" src=\"https:\/\/sicherheitsforum.ch\/wp-content\/uploads\/2016\/12\/Datenschutz-SBB-geben-nach-it-security.jpg\" alt=\"protection-des-donnees-sbb-apr\u00e8s-it-security\" width=\"680\" height=\"429\" srcset=\"https:\/\/news.save.ch\/wp-content\/uploads\/2016\/12\/Datenschutz-SBB-geben-nach-it-security.jpg 1104w, https:\/\/news.save.ch\/wp-content\/uploads\/2016\/12\/Datenschutz-SBB-geben-nach-it-security-375x237.jpg 375w\" sizes=\"auto, (max-width: 680px) 100vw, 680px\" \/><\/p>\n<p>Le \"Swiss Pass\" rouge est aussi un \"collecteur de donn\u00e9es\" : chaque fois que le contr\u00f4leur sort son petit appareil dans le train et v\u00e9rifie la validit\u00e9 du Swiss Pass, l'entreprise de transports publics collecte des donn\u00e9es. Selon le pr\u00e9pos\u00e9 f\u00e9d\u00e9ral \u00e0 la protection des donn\u00e9es (PFPDT), l'heure, le num\u00e9ro du train\/trajet et le num\u00e9ro de la carte Swiss Pass sont enregistr\u00e9s \u00e0 chaque contr\u00f4le et conserv\u00e9s pendant 90 jours. Cela est disproportionn\u00e9 et les bases l\u00e9gales font d\u00e9faut (voir \u00e0 ce sujet <a href=\"\/fr\/swiss-pass-daten-loeschung-gefordert\/?preview_id=1095&amp;preview_nonce=8c62b8dc9c&amp;post_format=standard&amp;_thumbnail_id=1096&amp;preview=true\" target=\"_blank\" data-cke-saved-href=\"https:\/\/it-security.hamster.ch\/swiss-pass-daten-loeschung-gefordert\" rel=\"noopener\">Communiqu\u00e9 de presse<\/a>).<\/p>\n<p>Fin f\u00e9vrier 2016, l'Union des transports publics (UTP) et les CFF ont donn\u00e9 leur avis \u00e0 ce sujet. \"L'exploitation de la banque de donn\u00e9es de contr\u00f4le sera arr\u00eat\u00e9e \u00e0 la fin mars 2016. La branche des TP aspire \u00e0 des bases l\u00e9gales claires qui<br \/>\npermettre un d\u00e9veloppement des syst\u00e8mes tarifaires favorables aux clients\", peut-on lire dans le communiqu\u00e9 de presse des CFF.<\/p>\n<p>&nbsp;<\/p>","protected":false},"excerpt":{"rendered":"<p>Der rote\u00a0&#8222;Swiss Pass&#8220; ist auch ein &#8222;Datensammler&#8220;: Wenn immer im Zug der Kontrolleur sein Ger\u00e4tchen z\u00fcckt und den Swiss Pass\u00a0auf G\u00fcltigkeit hin \u00fcberpr\u00fcft, sammelt das \u00f6V-Unternehmen Daten. Dann n\u00e4mlich werden gem\u00e4ss Eidgen\u00f6ssichem Datenschutzbeauftragten (ED\u00d6B) bei jeder Kontrolle die Uhrzeit, die Zug-\/Kursnummer und die Ausweisnummer des Swiss Pass eingetragen und w\u00e4hrend 90 Tagen aufbewahrt.\u00a0Das sei unverh\u00e4ltnism\u00e4ssig [&hellip;]<\/p>\n","protected":false},"author":1,"featured_media":1108,"comment_status":"open","ping_status":"open","sticky":false,"template":"","format":"standard","meta":{"_acf_changed":false,"pgc_sgb_lightbox_settings":"","footnotes":""},"categories":[3313],"tags":[118,62,63],"class_list":["post-1107","post","type-post","status-publish","format-standard","has-post-thumbnail","hentry","category-digitalisierung","tag-datenschutz","tag-ict-sicherheit","tag-it-security"],"acf":[],"hkrextid":null,"publication":null,"issue":null,"workflow":null,"startPage":null,"spitzmarke":null,"_posts_by_tag_page_fields":{"widget_title":"","widget_tags":""},"_at_widget":"1","_yoast_wpseo_primary_category":"2","_yoast_wpseo_focuskw_text_input":"SBB geben nach","_yoast_wpseo_opengraph-image":"https:\/\/news.save.ch\/wp-content\/uploads\/2016\/12\/Datenschutz-SBB-geben-nach-it-security.jpg","_yoast_wpseo_opengraph-description":"Der Verband \u00f6ffentlicher Verkehr und die SBB geben nach: Der eidgen\u00f6ssische Datenschutzbeauftragte hatte sie aufgefordert, die gesammelten Daten im Zusammenhang mit dem \"Swiss Pass\" zu l\u00f6schen.","_yoast_wpseo_opengraph-title":"Datenschutz: SBB geben nach","enclosure":null,"_yoast_wpseo_twitter-title":null,"_yoast_wpseo_twitter-description":null,"_yoast_wpseo_twitter-image":null,"_wp_old_slug":null,"_yoast_wpseo_title":null,"_yoast_wpseo_canonical":null,"yoast_head":"<!-- This site is optimized with the Yoast SEO plugin v27.5 - https:\/\/yoast.com\/product\/yoast-seo-wordpress\/ -->\n<title>Datenschutz: SBB geben nach - Save<\/title>\n<meta name=\"description\" content=\"Der Verband \u00f6ffentlicher Verkehr und die SBB geben nach: Die gesammelten Daten im Zusammenhang mit dem &quot;Swiss Pass&quot; werden gel\u00f6scht.\" \/>\n<meta name=\"robots\" content=\"index, follow, max-snippet:-1, max-image-preview:large, max-video-preview:-1\" \/>\n<link rel=\"canonical\" href=\"https:\/\/news.save.ch\/fr\/datenschutz-sbb-geben-nach\/\" \/>\n<meta property=\"og:locale\" content=\"fr_FR\" \/>\n<meta property=\"og:type\" content=\"article\" \/>\n<meta property=\"og:title\" content=\"Datenschutz: SBB geben nach\" \/>\n<meta property=\"og:description\" content=\"Der Verband \u00f6ffentlicher Verkehr und die SBB geben nach: Der eidgen\u00f6ssische Datenschutzbeauftragte hatte sie aufgefordert, die gesammelten Daten im Zusammenhang mit dem &quot;Swiss Pass&quot; zu l\u00f6schen.\" \/>\n<meta property=\"og:url\" content=\"https:\/\/news.save.ch\/fr\/datenschutz-sbb-geben-nach\/\" \/>\n<meta property=\"og:site_name\" content=\"Save\" \/>\n<meta property=\"article:published_time\" content=\"2016-02-29T14:49:10+00:00\" \/>\n<meta property=\"article:modified_time\" content=\"2023-03-14T07:57:24+00:00\" \/>\n<meta property=\"og:image\" content=\"https:\/\/news.save.ch\/wp-content\/uploads\/2016\/12\/Datenschutz-SBB-geben-nach-it-security.jpg\" \/>\n<meta name=\"author\" content=\"admin\" \/>\n<meta name=\"twitter:card\" content=\"summary_large_image\" \/>\n<meta name=\"twitter:label1\" content=\"\u00c9crit par\" \/>\n\t<meta name=\"twitter:data1\" content=\"admin\" \/>\n\t<meta name=\"twitter:label2\" content=\"Dur\u00e9e de lecture estim\u00e9e\" \/>\n\t<meta name=\"twitter:data2\" content=\"1 minute\" \/>\n<script type=\"application\/ld+json\" class=\"yoast-schema-graph\">{\"@context\":\"https:\\\/\\\/schema.org\",\"@graph\":[{\"@type\":\"Article\",\"@id\":\"https:\\\/\\\/news.save.ch\\\/datenschutz-sbb-geben-nach\\\/#article\",\"isPartOf\":{\"@id\":\"https:\\\/\\\/news.save.ch\\\/datenschutz-sbb-geben-nach\\\/\"},\"author\":{\"name\":\"admin\",\"@id\":\"https:\\\/\\\/news.save.ch\\\/de\\\/#\\\/schema\\\/person\\\/d49e199490bad7c70d64b9ab51142f2b\"},\"headline\":\"Datenschutz: SBB geben nach\",\"datePublished\":\"2016-02-29T14:49:10+00:00\",\"dateModified\":\"2023-03-14T07:57:24+00:00\",\"mainEntityOfPage\":{\"@id\":\"https:\\\/\\\/news.save.ch\\\/datenschutz-sbb-geben-nach\\\/\"},\"wordCount\":129,\"commentCount\":0,\"publisher\":{\"@id\":\"https:\\\/\\\/news.save.ch\\\/de\\\/#organization\"},\"image\":{\"@id\":\"https:\\\/\\\/news.save.ch\\\/datenschutz-sbb-geben-nach\\\/#primaryimage\"},\"thumbnailUrl\":\"https:\\\/\\\/news.save.ch\\\/wp-content\\\/uploads\\\/2016\\\/12\\\/Datenschutz-SBB-geben-nach-it-security.jpg\",\"keywords\":[\"Datenschutz\",\"ICT-Sicherheit\",\"IT-SECURITY\"],\"articleSection\":[\"DIGITALISIERUNG\"],\"inLanguage\":\"fr-FR\"},{\"@type\":\"WebPage\",\"@id\":\"https:\\\/\\\/news.save.ch\\\/datenschutz-sbb-geben-nach\\\/\",\"url\":\"https:\\\/\\\/news.save.ch\\\/datenschutz-sbb-geben-nach\\\/\",\"name\":\"Datenschutz: SBB geben nach - Save\",\"isPartOf\":{\"@id\":\"https:\\\/\\\/news.save.ch\\\/de\\\/#website\"},\"primaryImageOfPage\":{\"@id\":\"https:\\\/\\\/news.save.ch\\\/datenschutz-sbb-geben-nach\\\/#primaryimage\"},\"image\":{\"@id\":\"https:\\\/\\\/news.save.ch\\\/datenschutz-sbb-geben-nach\\\/#primaryimage\"},\"thumbnailUrl\":\"https:\\\/\\\/news.save.ch\\\/wp-content\\\/uploads\\\/2016\\\/12\\\/Datenschutz-SBB-geben-nach-it-security.jpg\",\"datePublished\":\"2016-02-29T14:49:10+00:00\",\"dateModified\":\"2023-03-14T07:57:24+00:00\",\"description\":\"Der Verband \u00f6ffentlicher Verkehr und die SBB geben nach: Die gesammelten Daten im Zusammenhang mit dem \\\"Swiss Pass\\\" werden gel\u00f6scht.\",\"breadcrumb\":{\"@id\":\"https:\\\/\\\/news.save.ch\\\/datenschutz-sbb-geben-nach\\\/#breadcrumb\"},\"inLanguage\":\"fr-FR\",\"potentialAction\":[{\"@type\":\"ReadAction\",\"target\":[\"https:\\\/\\\/news.save.ch\\\/datenschutz-sbb-geben-nach\\\/\"]}]},{\"@type\":\"ImageObject\",\"inLanguage\":\"fr-FR\",\"@id\":\"https:\\\/\\\/news.save.ch\\\/datenschutz-sbb-geben-nach\\\/#primaryimage\",\"url\":\"https:\\\/\\\/news.save.ch\\\/wp-content\\\/uploads\\\/2016\\\/12\\\/Datenschutz-SBB-geben-nach-it-security.jpg\",\"contentUrl\":\"https:\\\/\\\/news.save.ch\\\/wp-content\\\/uploads\\\/2016\\\/12\\\/Datenschutz-SBB-geben-nach-it-security.jpg\",\"width\":1104,\"height\":697},{\"@type\":\"BreadcrumbList\",\"@id\":\"https:\\\/\\\/news.save.ch\\\/datenschutz-sbb-geben-nach\\\/#breadcrumb\",\"itemListElement\":[{\"@type\":\"ListItem\",\"position\":1,\"name\":\"Home\",\"item\":\"https:\\\/\\\/news.save.ch\\\/de\\\/\"},{\"@type\":\"ListItem\",\"position\":2,\"name\":\"Datenschutz: SBB geben nach\"}]},{\"@type\":\"WebSite\",\"@id\":\"https:\\\/\\\/news.save.ch\\\/de\\\/#website\",\"url\":\"https:\\\/\\\/news.save.ch\\\/de\\\/\",\"name\":\"Save\",\"description\":\"Schweizer Fachzeitschrift f\u00fcr Sicherheit\",\"publisher\":{\"@id\":\"https:\\\/\\\/news.save.ch\\\/de\\\/#organization\"},\"potentialAction\":[{\"@type\":\"SearchAction\",\"target\":{\"@type\":\"EntryPoint\",\"urlTemplate\":\"https:\\\/\\\/news.save.ch\\\/de\\\/?s={search_term_string}\"},\"query-input\":{\"@type\":\"PropertyValueSpecification\",\"valueRequired\":true,\"valueName\":\"search_term_string\"}}],\"inLanguage\":\"fr-FR\"},{\"@type\":\"Organization\",\"@id\":\"https:\\\/\\\/news.save.ch\\\/de\\\/#organization\",\"name\":\"Sicherheitsforum\",\"url\":\"https:\\\/\\\/news.save.ch\\\/de\\\/\",\"logo\":{\"@type\":\"ImageObject\",\"inLanguage\":\"fr-FR\",\"@id\":\"https:\\\/\\\/news.save.ch\\\/de\\\/#\\\/schema\\\/logo\\\/image\\\/\",\"url\":\"https:\\\/\\\/news.save.ch\\\/wp-content\\\/uploads\\\/2022\\\/06\\\/Logo_SF_2012.png\",\"contentUrl\":\"https:\\\/\\\/news.save.ch\\\/wp-content\\\/uploads\\\/2022\\\/06\\\/Logo_SF_2012.png\",\"width\":1100,\"height\":91,\"caption\":\"Sicherheitsforum\"},\"image\":{\"@id\":\"https:\\\/\\\/news.save.ch\\\/de\\\/#\\\/schema\\\/logo\\\/image\\\/\"}},{\"@type\":\"Person\",\"@id\":\"https:\\\/\\\/news.save.ch\\\/de\\\/#\\\/schema\\\/person\\\/d49e199490bad7c70d64b9ab51142f2b\",\"name\":\"admin\",\"image\":{\"@type\":\"ImageObject\",\"inLanguage\":\"fr-FR\",\"@id\":\"https:\\\/\\\/secure.gravatar.com\\\/avatar\\\/ae2f4d718e6c49043e314ce431e7e645d646302a24a5ef5a8bc8e3f5a032e319?s=96&d=mm&r=g\",\"url\":\"https:\\\/\\\/secure.gravatar.com\\\/avatar\\\/ae2f4d718e6c49043e314ce431e7e645d646302a24a5ef5a8bc8e3f5a032e319?s=96&d=mm&r=g\",\"contentUrl\":\"https:\\\/\\\/secure.gravatar.com\\\/avatar\\\/ae2f4d718e6c49043e314ce431e7e645d646302a24a5ef5a8bc8e3f5a032e319?s=96&d=mm&r=g\",\"caption\":\"admin\"},\"sameAs\":[\"https:\\\/\\\/develop.organisator.galledia.ch\"],\"url\":\"https:\\\/\\\/news.save.ch\\\/fr\\\/author\\\/admin\\\/\"}]}<\/script>\n<!-- \/ Yoast SEO plugin. -->","yoast_head_json":{"title":"Protection des donn\u00e9es : les CFF c\u00e8dent - Save","description":"L'Union des transports publics et les CFF c\u00e8dent : Les donn\u00e9es collect\u00e9es en lien avec le \"Swiss Pass\" seront supprim\u00e9es.","robots":{"index":"index","follow":"follow","max-snippet":"max-snippet:-1","max-image-preview":"max-image-preview:large","max-video-preview":"max-video-preview:-1"},"canonical":"https:\/\/news.save.ch\/fr\/datenschutz-sbb-geben-nach\/","og_locale":"fr_FR","og_type":"article","og_title":"Datenschutz: SBB geben nach","og_description":"Der Verband \u00f6ffentlicher Verkehr und die SBB geben nach: Der eidgen\u00f6ssische Datenschutzbeauftragte hatte sie aufgefordert, die gesammelten Daten im Zusammenhang mit dem \"Swiss Pass\" zu l\u00f6schen.","og_url":"https:\/\/news.save.ch\/fr\/datenschutz-sbb-geben-nach\/","og_site_name":"Save","article_published_time":"2016-02-29T14:49:10+00:00","article_modified_time":"2023-03-14T07:57:24+00:00","og_image":[{"url":"https:\/\/news.save.ch\/wp-content\/uploads\/2016\/12\/Datenschutz-SBB-geben-nach-it-security.jpg","type":"","width":"","height":""}],"author":"admin","twitter_card":"summary_large_image","twitter_misc":{"\u00c9crit par":"admin","Dur\u00e9e de lecture estim\u00e9e":"1 minute"},"schema":{"@context":"https:\/\/schema.org","@graph":[{"@type":"Article","@id":"https:\/\/news.save.ch\/datenschutz-sbb-geben-nach\/#article","isPartOf":{"@id":"https:\/\/news.save.ch\/datenschutz-sbb-geben-nach\/"},"author":{"name":"admin","@id":"https:\/\/news.save.ch\/de\/#\/schema\/person\/d49e199490bad7c70d64b9ab51142f2b"},"headline":"Datenschutz: SBB geben nach","datePublished":"2016-02-29T14:49:10+00:00","dateModified":"2023-03-14T07:57:24+00:00","mainEntityOfPage":{"@id":"https:\/\/news.save.ch\/datenschutz-sbb-geben-nach\/"},"wordCount":129,"commentCount":0,"publisher":{"@id":"https:\/\/news.save.ch\/de\/#organization"},"image":{"@id":"https:\/\/news.save.ch\/datenschutz-sbb-geben-nach\/#primaryimage"},"thumbnailUrl":"https:\/\/news.save.ch\/wp-content\/uploads\/2016\/12\/Datenschutz-SBB-geben-nach-it-security.jpg","keywords":["Datenschutz","ICT-Sicherheit","IT-SECURITY"],"articleSection":["DIGITALISIERUNG"],"inLanguage":"fr-FR"},{"@type":"WebPage","@id":"https:\/\/news.save.ch\/datenschutz-sbb-geben-nach\/","url":"https:\/\/news.save.ch\/datenschutz-sbb-geben-nach\/","name":"Protection des donn\u00e9es : les CFF c\u00e8dent - Save","isPartOf":{"@id":"https:\/\/news.save.ch\/de\/#website"},"primaryImageOfPage":{"@id":"https:\/\/news.save.ch\/datenschutz-sbb-geben-nach\/#primaryimage"},"image":{"@id":"https:\/\/news.save.ch\/datenschutz-sbb-geben-nach\/#primaryimage"},"thumbnailUrl":"https:\/\/news.save.ch\/wp-content\/uploads\/2016\/12\/Datenschutz-SBB-geben-nach-it-security.jpg","datePublished":"2016-02-29T14:49:10+00:00","dateModified":"2023-03-14T07:57:24+00:00","description":"L'Union des transports publics et les CFF c\u00e8dent : Les donn\u00e9es collect\u00e9es en lien avec le \"Swiss Pass\" seront supprim\u00e9es.","breadcrumb":{"@id":"https:\/\/news.save.ch\/datenschutz-sbb-geben-nach\/#breadcrumb"},"inLanguage":"fr-FR","potentialAction":[{"@type":"ReadAction","target":["https:\/\/news.save.ch\/datenschutz-sbb-geben-nach\/"]}]},{"@type":"ImageObject","inLanguage":"fr-FR","@id":"https:\/\/news.save.ch\/datenschutz-sbb-geben-nach\/#primaryimage","url":"https:\/\/news.save.ch\/wp-content\/uploads\/2016\/12\/Datenschutz-SBB-geben-nach-it-security.jpg","contentUrl":"https:\/\/news.save.ch\/wp-content\/uploads\/2016\/12\/Datenschutz-SBB-geben-nach-it-security.jpg","width":1104,"height":697},{"@type":"BreadcrumbList","@id":"https:\/\/news.save.ch\/datenschutz-sbb-geben-nach\/#breadcrumb","itemListElement":[{"@type":"ListItem","position":1,"name":"Home","item":"https:\/\/news.save.ch\/de\/"},{"@type":"ListItem","position":2,"name":"Datenschutz: SBB geben nach"}]},{"@type":"WebSite","@id":"https:\/\/news.save.ch\/de\/#website","url":"https:\/\/news.save.ch\/de\/","name":"Save","description":"Revue suisse sp\u00e9cialis\u00e9e dans la s\u00e9curit\u00e9","publisher":{"@id":"https:\/\/news.save.ch\/de\/#organization"},"potentialAction":[{"@type":"SearchAction","target":{"@type":"EntryPoint","urlTemplate":"https:\/\/news.save.ch\/de\/?s={search_term_string}"},"query-input":{"@type":"PropertyValueSpecification","valueRequired":true,"valueName":"search_term_string"}}],"inLanguage":"fr-FR"},{"@type":"Organization","@id":"https:\/\/news.save.ch\/de\/#organization","name":"Forum sur la s\u00e9curit\u00e9","url":"https:\/\/news.save.ch\/de\/","logo":{"@type":"ImageObject","inLanguage":"fr-FR","@id":"https:\/\/news.save.ch\/de\/#\/schema\/logo\/image\/","url":"https:\/\/news.save.ch\/wp-content\/uploads\/2022\/06\/Logo_SF_2012.png","contentUrl":"https:\/\/news.save.ch\/wp-content\/uploads\/2022\/06\/Logo_SF_2012.png","width":1100,"height":91,"caption":"Sicherheitsforum"},"image":{"@id":"https:\/\/news.save.ch\/de\/#\/schema\/logo\/image\/"}},{"@type":"Person","@id":"https:\/\/news.save.ch\/de\/#\/schema\/person\/d49e199490bad7c70d64b9ab51142f2b","name":"admin","image":{"@type":"ImageObject","inLanguage":"fr-FR","@id":"https:\/\/secure.gravatar.com\/avatar\/ae2f4d718e6c49043e314ce431e7e645d646302a24a5ef5a8bc8e3f5a032e319?s=96&d=mm&r=g","url":"https:\/\/secure.gravatar.com\/avatar\/ae2f4d718e6c49043e314ce431e7e645d646302a24a5ef5a8bc8e3f5a032e319?s=96&d=mm&r=g","contentUrl":"https:\/\/secure.gravatar.com\/avatar\/ae2f4d718e6c49043e314ce431e7e645d646302a24a5ef5a8bc8e3f5a032e319?s=96&d=mm&r=g","caption":"admin"},"sameAs":["https:\/\/develop.organisator.galledia.ch"],"url":"https:\/\/news.save.ch\/fr\/author\/admin\/"}]}},"_links":{"self":[{"href":"https:\/\/news.save.ch\/fr\/wp-json\/wp\/v2\/posts\/1107","targetHints":{"allow":["GET"]}}],"collection":[{"href":"https:\/\/news.save.ch\/fr\/wp-json\/wp\/v2\/posts"}],"about":[{"href":"https:\/\/news.save.ch\/fr\/wp-json\/wp\/v2\/types\/post"}],"author":[{"embeddable":true,"href":"https:\/\/news.save.ch\/fr\/wp-json\/wp\/v2\/users\/1"}],"replies":[{"embeddable":true,"href":"https:\/\/news.save.ch\/fr\/wp-json\/wp\/v2\/comments?post=1107"}],"version-history":[{"count":1,"href":"https:\/\/news.save.ch\/fr\/wp-json\/wp\/v2\/posts\/1107\/revisions"}],"predecessor-version":[{"id":17660,"href":"https:\/\/news.save.ch\/fr\/wp-json\/wp\/v2\/posts\/1107\/revisions\/17660"}],"wp:featuredmedia":[{"embeddable":true,"href":"https:\/\/news.save.ch\/fr\/wp-json\/wp\/v2\/media\/1108"}],"wp:attachment":[{"href":"https:\/\/news.save.ch\/fr\/wp-json\/wp\/v2\/media?parent=1107"}],"wp:term":[{"taxonomy":"category","embeddable":true,"href":"https:\/\/news.save.ch\/fr\/wp-json\/wp\/v2\/categories?post=1107"},{"taxonomy":"post_tag","embeddable":true,"href":"https:\/\/news.save.ch\/fr\/wp-json\/wp\/v2\/tags?post=1107"}],"curies":[{"name":"wp","href":"https:\/\/api.w.org\/{rel}","templated":true}]}}